{"id":403304,"date":"2019-10-08T14:50:13","date_gmt":"2019-10-08T17:50:13","guid":{"rendered":"https:\/\/bahiaeconomica.com.br\/wp\/beta\/?p=403304"},"modified":"2019-10-08T17:27:55","modified_gmt":"2019-10-08T20:27:55","slug":"j-macedo-investe-r-220-milhoes-em-modernizacao-de-fabrica-no-cia","status":"publish","type":"post","link":"https:\/\/bahiaeconomica.com.br\/wp\/2019\/10\/08\/j-macedo-investe-r-220-milhoes-em-modernizacao-de-fabrica-no-cia\/","title":{"rendered":"J.MAC\u00caDO INVESTE R$ 220 MILH\u00d5ES EM MODERNIZA\u00c7\u00c3O DE F\u00c1BRICA NO CIA"},"content":{"rendered":"<p>A J.Mac\u00eado, uma das maiores fabricantes de alimentos do pa\u00eds, inaugurou um complexo industrial com nova f\u00e1brica de massas e moderniza\u00e7\u00e3o da f\u00e1brica de biscoitos e centro de distribui\u00e7\u00e3o, nesta ter\u00e7a-feira (08), em Sim\u00f5es Filho. Foram investidos R$ 220 milh\u00f5es, o que resultar\u00e1 no aumento da capacidade de produ\u00e7\u00e3o que salta para 10,5 mil toneladas\/m\u00eas no parque fabril. <!--more-->A empresa, que gerar cerca de 850 empregos na Bahia, assinou em 2017 um protocolo de inten\u00e7\u00f5es com Governo do Estado, por meio da Secretaria de Desenvolvimento Econ\u00f4mico (SDE), para essa amplia\u00e7\u00e3o do grupo.<\/p>\n<p>&#8220;Precisamos industrializar a Bahia, incentivando o empresariado para que ousem, para fazermos o estado crescer. A J.Mac\u00eado \u00e9 uma motiva\u00e7\u00e3o e inspira\u00e7\u00e3o para todos n\u00f3s, pois geram emprego. Iremos tamb\u00e9m revitalizar o Centro Industrial de Aratu (CIA), trabalhando em conjuntos com os munic\u00edpios de Sim\u00f5es Filho e Candeias, para dinamizar ainda mais a atividade industrial, ocupando todos os terrenos com empresas operando&#8221;, afirma o vice-governador Jo\u00e3o Le\u00e3o, secret\u00e1rio de Desenvolvimento Econ\u00f4mico.<\/p>\n<p>O complexo industrial ganhou modernas linhas italianas de alta produtividade, igualando-se em qualidade, desempenho e efici\u00eancia aos melhores produtores de massas e biscoitos do mundo, com capacidade m\u00e9dia por linha de 4 mil quilos\/hora. A empresa, que est\u00e1 celebrando 80 anos de \u00eaxito empresarial, \u00e9 detentora de marcas como Dona Benta, Sol, Petybon, Brandini e \u00c1guia, entre outras. &#8220;Com esse polo de massa e biscoito, que inauguramos, iremos ampliar nossos neg\u00f3cios. Al\u00e9m disso, a Bahia \u00e9 o estado que recebe um grande volume de investimentos do grupo e, com certeza, a Bahia vai continuar sendo muito relevante para a J.Mac\u00eado&#8221;, diz Amarilio Mac\u00eado, presidente do Conselho Administrativo do Grupo.<\/p>\n<p>Foto: Ascom\/SDE<\/p>\n","protected":false},"excerpt":{"rendered":"<p>A J.Mac\u00eado, uma das maiores fabricantes de alimentos do pa\u00eds, inaugurou um complexo industrial com nova f\u00e1brica de massas e moderniza\u00e7\u00e3o da f\u00e1brica de biscoitos e centro de distribui\u00e7\u00e3o, nesta ter\u00e7a-feira (08), em Sim\u00f5es Filho. Foram investidos R$ 220 milh\u00f5es, o que resultar\u00e1 no aumento da capacidade de produ\u00e7\u00e3o que salta para 10,5 mil toneladas\/m\u00eas [&hellip;]<\/p>\n","protected":false},"author":1,"featured_media":403306,"comment_status":"closed","ping_status":"closed","sticky":false,"template":"","format":"standard","meta":[],"categories":[14,3],"tags":[],"acf":[],"yoast_head":"<!-- This site is optimized with the Yoast SEO plugin v20.8 - https:\/\/yoast.com\/wordpress\/plugins\/seo\/ -->\n<title>J.MAC\u00caDO INVESTE R$ 220 MILH\u00d5ES EM MODERNIZA\u00c7\u00c3O DE F\u00c1BRICA NO CIA - Bahia Economica<\/title>\n<meta name=\"description\" content=\"O maior portal de Economia da Bahia DESTAQUE DO DIA, ECONOMIA \/ POL\u00cdTICA Bahia Economica\" \/>\n<meta name=\"robots\" content=\"index, follow, max-snippet:-1, max-image-preview:large, max-video-preview:-1\" \/>\n<link rel=\"canonical\" href=\"https:\/\/bahiaeconomica.com.br\/wp\/2019\/10\/08\/j-macedo-investe-r-220-milhoes-em-modernizacao-de-fabrica-no-cia\/\" \/>\n<meta property=\"og:locale\" content=\"pt_BR\" \/>\n<meta property=\"og:type\" content=\"article\" \/>\n<meta property=\"og:title\" content=\"J.MAC\u00caDO INVESTE R$ 220 MILH\u00d5ES EM MODERNIZA\u00c7\u00c3O DE F\u00c1BRICA NO CIA - Bahia Economica\" \/>\n<meta property=\"og:description\" content=\"O maior portal de Economia da Bahia DESTAQUE DO DIA, ECONOMIA \/ POL\u00cdTICA Bahia Economica\" \/>\n<meta property=\"og:url\" content=\"https:\/\/bahiaeconomica.com.br\/wp\/2019\/10\/08\/j-macedo-investe-r-220-milhoes-em-modernizacao-de-fabrica-no-cia\/\" \/>\n<meta property=\"og:site_name\" content=\"Bahia Economica\" \/>\n<meta property=\"article:publisher\" content=\"https:\/\/www.facebook.com\/bahiaeconomica\" \/>\n<meta property=\"article:published_time\" content=\"2019-10-08T17:50:13+00:00\" \/>\n<meta property=\"article:modified_time\" content=\"2019-10-08T20:27:55+00:00\" \/>\n<meta property=\"og:image\" content=\"https:\/\/bahiaeconomica.com.br\/wp\/wp-content\/uploads\/2019\/10\/joaoleao500.jpg\" \/>\n\t<meta property=\"og:image:width\" content=\"500\" \/>\n\t<meta property=\"og:image:height\" content=\"300\" \/>\n\t<meta property=\"og:image:type\" content=\"image\/jpeg\" \/>\n<meta name=\"author\" content=\"admin\" \/>\n<meta name=\"twitter:card\" content=\"summary_large_image\" \/>\n<meta name=\"twitter:label1\" content=\"Escrito por\" \/>\n\t<meta name=\"twitter:data1\" content=\"admin\" \/>\n\t<meta name=\"twitter:label2\" content=\"Est. tempo de leitura\" \/>\n\t<meta name=\"twitter:data2\" content=\"2 minutos\" \/>\n<script type=\"application\/ld+json\" class=\"yoast-schema-graph\">{\"@context\":\"https:\/\/schema.org\",\"@graph\":[{\"@type\":\"Article\",\"@id\":\"https:\/\/bahiaeconomica.com.br\/wp\/2019\/10\/08\/j-macedo-investe-r-220-milhoes-em-modernizacao-de-fabrica-no-cia\/#article\",\"isPartOf\":{\"@id\":\"https:\/\/bahiaeconomica.com.br\/wp\/2019\/10\/08\/j-macedo-investe-r-220-milhoes-em-modernizacao-de-fabrica-no-cia\/\"},\"author\":{\"name\":\"admin\",\"@id\":\"https:\/\/bahiaeconomica.com.br\/wp\/#\/schema\/person\/cb1ab5ba96ad3d9390805381c76284ec\"},\"headline\":\"J.MAC\u00caDO INVESTE R$ 220 MILH\u00d5ES EM MODERNIZA\u00c7\u00c3O DE F\u00c1BRICA NO CIA\",\"datePublished\":\"2019-10-08T17:50:13+00:00\",\"dateModified\":\"2019-10-08T20:27:55+00:00\",\"mainEntityOfPage\":{\"@id\":\"https:\/\/bahiaeconomica.com.br\/wp\/2019\/10\/08\/j-macedo-investe-r-220-milhoes-em-modernizacao-de-fabrica-no-cia\/\"},\"wordCount\":316,\"publisher\":{\"@id\":\"https:\/\/bahiaeconomica.com.br\/wp\/#organization\"},\"articleSection\":[\"DESTAQUE DO DIA\",\"ECONOMIA \/ POL\u00cdTICA\"],\"inLanguage\":\"pt-BR\"},{\"@type\":\"WebPage\",\"@id\":\"https:\/\/bahiaeconomica.com.br\/wp\/2019\/10\/08\/j-macedo-investe-r-220-milhoes-em-modernizacao-de-fabrica-no-cia\/\",\"url\":\"https:\/\/bahiaeconomica.com.br\/wp\/2019\/10\/08\/j-macedo-investe-r-220-milhoes-em-modernizacao-de-fabrica-no-cia\/\",\"name\":\"J.MAC\u00caDO INVESTE R$ 220 MILH\u00d5ES EM MODERNIZA\u00c7\u00c3O DE F\u00c1BRICA NO CIA - Bahia Economica\",\"isPartOf\":{\"@id\":\"https:\/\/bahiaeconomica.com.br\/wp\/#website\"},\"datePublished\":\"2019-10-08T17:50:13+00:00\",\"dateModified\":\"2019-10-08T20:27:55+00:00\",\"description\":\"O maior portal de Economia da Bahia DESTAQUE DO DIA, ECONOMIA \/ POL\u00cdTICA Bahia Economica\",\"breadcrumb\":{\"@id\":\"https:\/\/bahiaeconomica.com.br\/wp\/2019\/10\/08\/j-macedo-investe-r-220-milhoes-em-modernizacao-de-fabrica-no-cia\/#breadcrumb\"},\"inLanguage\":\"pt-BR\",\"potentialAction\":[{\"@type\":\"ReadAction\",\"target\":[\"https:\/\/bahiaeconomica.com.br\/wp\/2019\/10\/08\/j-macedo-investe-r-220-milhoes-em-modernizacao-de-fabrica-no-cia\/\"]}]},{\"@type\":\"BreadcrumbList\",\"@id\":\"https:\/\/bahiaeconomica.com.br\/wp\/2019\/10\/08\/j-macedo-investe-r-220-milhoes-em-modernizacao-de-fabrica-no-cia\/#breadcrumb\",\"itemListElement\":[{\"@type\":\"ListItem\",\"position\":1,\"name\":\"In\u00edcio\",\"item\":\"https:\/\/bahiaeconomica.com.br\/wp\/\"},{\"@type\":\"ListItem\",\"position\":2,\"name\":\"J.MAC\u00caDO INVESTE R$ 220 MILH\u00d5ES EM MODERNIZA\u00c7\u00c3O DE F\u00c1BRICA NO CIA\"}]},{\"@type\":\"WebSite\",\"@id\":\"https:\/\/bahiaeconomica.com.br\/wp\/#website\",\"url\":\"https:\/\/bahiaeconomica.com.br\/wp\/\",\"name\":\"Bahia Economica\",\"description\":\"O maior portal de Economia da Bahia\",\"publisher\":{\"@id\":\"https:\/\/bahiaeconomica.com.br\/wp\/#organization\"},\"potentialAction\":[{\"@type\":\"SearchAction\",\"target\":{\"@type\":\"EntryPoint\",\"urlTemplate\":\"https:\/\/bahiaeconomica.com.br\/wp\/?s={search_term_string}\"},\"query-input\":\"required name=search_term_string\"}],\"inLanguage\":\"pt-BR\"},{\"@type\":\"Organization\",\"@id\":\"https:\/\/bahiaeconomica.com.br\/wp\/#organization\",\"name\":\"Bahia Econ\u00f4mica\",\"url\":\"https:\/\/bahiaeconomica.com.br\/wp\/\",\"logo\":{\"@type\":\"ImageObject\",\"inLanguage\":\"pt-BR\",\"@id\":\"https:\/\/bahiaeconomica.com.br\/wp\/#\/schema\/logo\/image\/\",\"url\":\"https:\/\/bahiaeconomica.com.br\/wp\/wp-content\/uploads\/2020\/12\/cropped-BE.png\",\"contentUrl\":\"https:\/\/bahiaeconomica.com.br\/wp\/wp-content\/uploads\/2020\/12\/cropped-BE.png\",\"width\":512,\"height\":512,\"caption\":\"Bahia Econ\u00f4mica\"},\"image\":{\"@id\":\"https:\/\/bahiaeconomica.com.br\/wp\/#\/schema\/logo\/image\/\"},\"sameAs\":[\"https:\/\/www.facebook.com\/bahiaeconomica\"]},{\"@type\":\"Person\",\"@id\":\"https:\/\/bahiaeconomica.com.br\/wp\/#\/schema\/person\/cb1ab5ba96ad3d9390805381c76284ec\",\"name\":\"admin\",\"url\":\"https:\/\/bahiaeconomica.com.br\/wp\/author\/admin\/\"}]}<\/script>\n<!-- \/ Yoast SEO plugin. -->","yoast_head_json":{"title":"J.MAC\u00caDO INVESTE R$ 220 MILH\u00d5ES EM MODERNIZA\u00c7\u00c3O DE F\u00c1BRICA NO CIA - Bahia Economica","description":"O maior portal de Economia da Bahia DESTAQUE DO DIA, ECONOMIA \/ POL\u00cdTICA Bahia Economica","robots":{"index":"index","follow":"follow","max-snippet":"max-snippet:-1","max-image-preview":"max-image-preview:large","max-video-preview":"max-video-preview:-1"},"canonical":"https:\/\/bahiaeconomica.com.br\/wp\/2019\/10\/08\/j-macedo-investe-r-220-milhoes-em-modernizacao-de-fabrica-no-cia\/","og_locale":"pt_BR","og_type":"article","og_title":"J.MAC\u00caDO INVESTE R$ 220 MILH\u00d5ES EM MODERNIZA\u00c7\u00c3O DE F\u00c1BRICA NO CIA - Bahia Economica","og_description":"O maior portal de Economia da Bahia DESTAQUE DO DIA, ECONOMIA \/ POL\u00cdTICA Bahia Economica","og_url":"https:\/\/bahiaeconomica.com.br\/wp\/2019\/10\/08\/j-macedo-investe-r-220-milhoes-em-modernizacao-de-fabrica-no-cia\/","og_site_name":"Bahia Economica","article_publisher":"https:\/\/www.facebook.com\/bahiaeconomica","article_published_time":"2019-10-08T17:50:13+00:00","article_modified_time":"2019-10-08T20:27:55+00:00","og_image":[{"width":500,"height":300,"url":"https:\/\/bahiaeconomica.com.br\/wp\/wp-content\/uploads\/2019\/10\/joaoleao500.jpg","type":"image\/jpeg"}],"author":"admin","twitter_card":"summary_large_image","twitter_misc":{"Escrito por":"admin","Est. tempo de leitura":"2 minutos"},"schema":{"@context":"https:\/\/schema.org","@graph":[{"@type":"Article","@id":"https:\/\/bahiaeconomica.com.br\/wp\/2019\/10\/08\/j-macedo-investe-r-220-milhoes-em-modernizacao-de-fabrica-no-cia\/#article","isPartOf":{"@id":"https:\/\/bahiaeconomica.com.br\/wp\/2019\/10\/08\/j-macedo-investe-r-220-milhoes-em-modernizacao-de-fabrica-no-cia\/"},"author":{"name":"admin","@id":"https:\/\/bahiaeconomica.com.br\/wp\/#\/schema\/person\/cb1ab5ba96ad3d9390805381c76284ec"},"headline":"J.MAC\u00caDO INVESTE R$ 220 MILH\u00d5ES EM MODERNIZA\u00c7\u00c3O DE F\u00c1BRICA NO CIA","datePublished":"2019-10-08T17:50:13+00:00","dateModified":"2019-10-08T20:27:55+00:00","mainEntityOfPage":{"@id":"https:\/\/bahiaeconomica.com.br\/wp\/2019\/10\/08\/j-macedo-investe-r-220-milhoes-em-modernizacao-de-fabrica-no-cia\/"},"wordCount":316,"publisher":{"@id":"https:\/\/bahiaeconomica.com.br\/wp\/#organization"},"articleSection":["DESTAQUE DO DIA","ECONOMIA \/ POL\u00cdTICA"],"inLanguage":"pt-BR"},{"@type":"WebPage","@id":"https:\/\/bahiaeconomica.com.br\/wp\/2019\/10\/08\/j-macedo-investe-r-220-milhoes-em-modernizacao-de-fabrica-no-cia\/","url":"https:\/\/bahiaeconomica.com.br\/wp\/2019\/10\/08\/j-macedo-investe-r-220-milhoes-em-modernizacao-de-fabrica-no-cia\/","name":"J.MAC\u00caDO INVESTE R$ 220 MILH\u00d5ES EM MODERNIZA\u00c7\u00c3O DE F\u00c1BRICA NO CIA - Bahia Economica","isPartOf":{"@id":"https:\/\/bahiaeconomica.com.br\/wp\/#website"},"datePublished":"2019-10-08T17:50:13+00:00","dateModified":"2019-10-08T20:27:55+00:00","description":"O maior portal de Economia da Bahia DESTAQUE DO DIA, ECONOMIA \/ POL\u00cdTICA Bahia Economica","breadcrumb":{"@id":"https:\/\/bahiaeconomica.com.br\/wp\/2019\/10\/08\/j-macedo-investe-r-220-milhoes-em-modernizacao-de-fabrica-no-cia\/#breadcrumb"},"inLanguage":"pt-BR","potentialAction":[{"@type":"ReadAction","target":["https:\/\/bahiaeconomica.com.br\/wp\/2019\/10\/08\/j-macedo-investe-r-220-milhoes-em-modernizacao-de-fabrica-no-cia\/"]}]},{"@type":"BreadcrumbList","@id":"https:\/\/bahiaeconomica.com.br\/wp\/2019\/10\/08\/j-macedo-investe-r-220-milhoes-em-modernizacao-de-fabrica-no-cia\/#breadcrumb","itemListElement":[{"@type":"ListItem","position":1,"name":"In\u00edcio","item":"https:\/\/bahiaeconomica.com.br\/wp\/"},{"@type":"ListItem","position":2,"name":"J.MAC\u00caDO INVESTE R$ 220 MILH\u00d5ES EM MODERNIZA\u00c7\u00c3O DE F\u00c1BRICA NO CIA"}]},{"@type":"WebSite","@id":"https:\/\/bahiaeconomica.com.br\/wp\/#website","url":"https:\/\/bahiaeconomica.com.br\/wp\/","name":"Bahia Economica","description":"O maior portal de Economia da Bahia","publisher":{"@id":"https:\/\/bahiaeconomica.com.br\/wp\/#organization"},"potentialAction":[{"@type":"SearchAction","target":{"@type":"EntryPoint","urlTemplate":"https:\/\/bahiaeconomica.com.br\/wp\/?s={search_term_string}"},"query-input":"required name=search_term_string"}],"inLanguage":"pt-BR"},{"@type":"Organization","@id":"https:\/\/bahiaeconomica.com.br\/wp\/#organization","name":"Bahia Econ\u00f4mica","url":"https:\/\/bahiaeconomica.com.br\/wp\/","logo":{"@type":"ImageObject","inLanguage":"pt-BR","@id":"https:\/\/bahiaeconomica.com.br\/wp\/#\/schema\/logo\/image\/","url":"https:\/\/bahiaeconomica.com.br\/wp\/wp-content\/uploads\/2020\/12\/cropped-BE.png","contentUrl":"https:\/\/bahiaeconomica.com.br\/wp\/wp-content\/uploads\/2020\/12\/cropped-BE.png","width":512,"height":512,"caption":"Bahia Econ\u00f4mica"},"image":{"@id":"https:\/\/bahiaeconomica.com.br\/wp\/#\/schema\/logo\/image\/"},"sameAs":["https:\/\/www.facebook.com\/bahiaeconomica"]},{"@type":"Person","@id":"https:\/\/bahiaeconomica.com.br\/wp\/#\/schema\/person\/cb1ab5ba96ad3d9390805381c76284ec","name":"admin","url":"https:\/\/bahiaeconomica.com.br\/wp\/author\/admin\/"}]}},"views":2,"_links":{"self":[{"href":"https:\/\/bahiaeconomica.com.br\/wp\/wp-json\/wp\/v2\/posts\/403304"}],"collection":[{"href":"https:\/\/bahiaeconomica.com.br\/wp\/wp-json\/wp\/v2\/posts"}],"about":[{"href":"https:\/\/bahiaeconomica.com.br\/wp\/wp-json\/wp\/v2\/types\/post"}],"author":[{"embeddable":true,"href":"https:\/\/bahiaeconomica.com.br\/wp\/wp-json\/wp\/v2\/users\/1"}],"replies":[{"embeddable":true,"href":"https:\/\/bahiaeconomica.com.br\/wp\/wp-json\/wp\/v2\/comments?post=403304"}],"version-history":[{"count":1,"href":"https:\/\/bahiaeconomica.com.br\/wp\/wp-json\/wp\/v2\/posts\/403304\/revisions"}],"predecessor-version":[{"id":403308,"href":"https:\/\/bahiaeconomica.com.br\/wp\/wp-json\/wp\/v2\/posts\/403304\/revisions\/403308"}],"wp:featuredmedia":[{"embeddable":true,"href":"https:\/\/bahiaeconomica.com.br\/wp\/wp-json\/wp\/v2\/media\/403306"}],"wp:attachment":[{"href":"https:\/\/bahiaeconomica.com.br\/wp\/wp-json\/wp\/v2\/media?parent=403304"}],"wp:term":[{"taxonomy":"category","embeddable":true,"href":"https:\/\/bahiaeconomica.com.br\/wp\/wp-json\/wp\/v2\/categories?post=403304"},{"taxonomy":"post_tag","embeddable":true,"href":"https:\/\/bahiaeconomica.com.br\/wp\/wp-json\/wp\/v2\/tags?post=403304"}],"curies":[{"name":"wp","href":"https:\/\/api.w.org\/{rel}","templated":true}]}}