{"id":402358,"date":"2019-10-04T13:00:11","date_gmt":"2019-10-04T16:00:11","guid":{"rendered":"https:\/\/bahiaeconomica.com.br\/wp\/beta\/?p=402358"},"modified":"2019-10-04T11:21:02","modified_gmt":"2019-10-04T14:21:02","slug":"acm-neto-sanciona-lei-que-regulamenta-transporte-por-aplicativo-em-salvador","status":"publish","type":"post","link":"https:\/\/bahiaeconomica.com.br\/wp\/2019\/10\/04\/acm-neto-sanciona-lei-que-regulamenta-transporte-por-aplicativo-em-salvador\/","title":{"rendered":"ACM NETO SANCIONA LEI QUE REGULAMENTA TRANSPORTE POR APLICATIVO EM SALVADOR"},"content":{"rendered":"<p>O prefeito de Salvador, ACM Neto (DEM), sancionou a lei que regulamenta o transporte por aplicativo, como o Uber. O poder p\u00fablico tem agora 150 dias para regulamentar a lei. O secret\u00e1rio de Mobilidade Urbana, F\u00e1bio Mota, disse que a previs\u00e3o \u00e9 que a regulamenta\u00e7\u00e3o ocorra antes do prazo.<\/p>\n<ul>\n<li>Confira abaixo os vetos completos:<\/li>\n<li>&#8211; Defini\u00e7\u00e3o da Companhia de Governan\u00e7a Eletr\u00f4nica (Cogel) como \u00f3rg\u00e3o respons\u00e1vel por analisar a estrutura da plataforma dos apps online e gerenciamento de viagens do Servi\u00e7o de Transporte Individual Privado (Stip);<\/li>\n<li>&#8211; Apresenta\u00e7\u00e3o de plataforma online e gerenciamento de viagens do Stip, dando ci\u00eancia a Cogel;<\/li>\n<li>&#8211; Considera\u00e7\u00e3o de homologa\u00e7\u00e3o t\u00e1cita se ela n\u00e3o for feita no prazo definido;<\/li>\n<li>&#8211; Possibilidade de identifica\u00e7\u00e3o da foto do usu\u00e1rio demandante do servi\u00e7o;<\/li>\n<li>&#8211; Obriga\u00e7\u00e3o de que o aplicativo do Stip se adeque \u00e0s demais defini\u00e7\u00f5es da Cogel, a fim de permitir uma padroniza\u00e7\u00e3o das plataformas;<\/li>\n<li>&#8211; Compensa\u00e7\u00e3o de pagamento de vistoria t\u00e9cnica pelo percentual de outorga previsto;<\/li>\n<li>&#8211; N\u00e3o-obrigatoriedade de vistoria para ve\u00edculo substituto, se a \u00faltima vistoria tiver ocorrido dentro de 12 meses ou o ve\u00edculo tenha quilometragem superior a 10 mil km rodados;<\/li>\n<li>&#8211; Prazo de 150 dias para os ve\u00edculos se adequarem \u00e0 lei;<\/li>\n<li>&#8211; Padroniza\u00e7\u00e3o dos aplicativos online do Stip, de acordo com os par\u00e2metros da Cogel para evitar cadastros falsos, inconsistentes ou de pessoas inid\u00f4neas;<\/li>\n<li>&#8211; A presta\u00e7\u00e3o do STIP \u00e9 vinculada \u00e0 obten\u00e7\u00e3o do Certificado Anual de Autoriza\u00e7\u00e3o \u2013 CAA a partir do envio da documenta\u00e7\u00e3o pela operadora \u00e0 SEMOB e mediante o cumprimento cumulativo dos seguintes requisitos: ser maior de 18 (dezoito) anos e possuir nacionalidade brasileira;<\/li>\n<li>&#8211; Emiss\u00e3o e manuten\u00e7\u00e3o do Certificado de Registro e Licenciamento de Ve\u00edculo (CRLV).<\/li>\n<li>O disposto neste artigo entra em vigor 150 (cento e cinquenta) dias ap\u00f3s a publica\u00e7\u00e3o desta Lei.<\/li>\n<li>&#8211; Fica vedada a aplica\u00e7\u00e3o de penalidades cumuladas que j\u00e1 estejam previstas no C\u00f3digo de Tr\u00e2nsito Brasileiro, para evitar a dupla puni\u00e7\u00e3o &#8211; bis in idem;<\/li>\n<li>&#8211; Concede-se autoriza\u00e7\u00e3o a profissionais de transporte privado que prestam servi\u00e7o de t\u00e1xi para utiliza\u00e7\u00e3o dos corredores de \u00f4nibus nas vias expressas do Munic\u00edpio, quando estiverem transportando passageiros;<\/li>\n<li>&#8211; Essa autoriza\u00e7\u00e3o, mediante an\u00e1lise pr\u00e9via da Secretaria de Mobilidade de Salvador \u2013 SEMOB, para utiliza\u00e7\u00e3o dos corredores de \u00f4nibus nas vias expressas do Munic\u00edpio, quando estiverem transportando passageiros, poder\u00e1 ser extensiva aos profissionais do Servi\u00e7o de Transporte Privado Individual de Passageiros, intermediado por plataformas digitais.<\/li>\n<\/ul>\n","protected":false},"excerpt":{"rendered":"<p>O prefeito de Salvador, ACM Neto (DEM), sancionou a lei que regulamenta o transporte por aplicativo, como o Uber. O poder p\u00fablico tem agora 150 dias para regulamentar a lei. O secret\u00e1rio de Mobilidade Urbana, F\u00e1bio Mota, disse que a previs\u00e3o \u00e9 que a regulamenta\u00e7\u00e3o ocorra antes do prazo. Confira abaixo os vetos completos: &#8211; [&hellip;]<\/p>\n","protected":false},"author":1,"featured_media":397630,"comment_status":"closed","ping_status":"closed","sticky":false,"template":"","format":"standard","meta":[],"categories":[3],"tags":[],"acf":[],"yoast_head":"<!-- This site is optimized with the Yoast SEO plugin v20.8 - https:\/\/yoast.com\/wordpress\/plugins\/seo\/ -->\n<title>ACM NETO SANCIONA LEI QUE REGULAMENTA TRANSPORTE POR APLICATIVO EM SALVADOR - Bahia Economica<\/title>\n<meta name=\"description\" content=\"O maior portal de Economia da Bahia ECONOMIA \/ POL\u00cdTICA Bahia Economica\" \/>\n<meta name=\"robots\" content=\"index, follow, max-snippet:-1, max-image-preview:large, max-video-preview:-1\" \/>\n<link rel=\"canonical\" href=\"https:\/\/bahiaeconomica.com.br\/wp\/2019\/10\/04\/acm-neto-sanciona-lei-que-regulamenta-transporte-por-aplicativo-em-salvador\/\" \/>\n<meta property=\"og:locale\" content=\"pt_BR\" \/>\n<meta property=\"og:type\" content=\"article\" \/>\n<meta property=\"og:title\" content=\"ACM NETO SANCIONA LEI QUE REGULAMENTA TRANSPORTE POR APLICATIVO EM SALVADOR - Bahia Economica\" \/>\n<meta property=\"og:description\" content=\"O maior portal de Economia da Bahia ECONOMIA \/ POL\u00cdTICA Bahia Economica\" \/>\n<meta property=\"og:url\" content=\"https:\/\/bahiaeconomica.com.br\/wp\/2019\/10\/04\/acm-neto-sanciona-lei-que-regulamenta-transporte-por-aplicativo-em-salvador\/\" \/>\n<meta property=\"og:site_name\" content=\"Bahia Economica\" \/>\n<meta property=\"article:publisher\" content=\"https:\/\/www.facebook.com\/bahiaeconomica\" \/>\n<meta property=\"article:published_time\" content=\"2019-10-04T16:00:11+00:00\" \/>\n<meta property=\"article:modified_time\" content=\"2019-10-04T14:21:02+00:00\" \/>\n<meta property=\"og:image\" content=\"https:\/\/bahiaeconomica.com.br\/wp\/wp-content\/uploads\/2019\/09\/acmneto500.jpg\" \/>\n\t<meta property=\"og:image:width\" content=\"500\" \/>\n\t<meta property=\"og:image:height\" content=\"300\" \/>\n\t<meta property=\"og:image:type\" content=\"image\/jpeg\" \/>\n<meta name=\"author\" content=\"admin\" \/>\n<meta name=\"twitter:card\" content=\"summary_large_image\" \/>\n<meta name=\"twitter:label1\" content=\"Escrito por\" \/>\n\t<meta name=\"twitter:data1\" content=\"admin\" \/>\n\t<meta name=\"twitter:label2\" content=\"Est. tempo de leitura\" \/>\n\t<meta name=\"twitter:data2\" content=\"2 minutos\" \/>\n<script type=\"application\/ld+json\" class=\"yoast-schema-graph\">{\"@context\":\"https:\/\/schema.org\",\"@graph\":[{\"@type\":\"Article\",\"@id\":\"https:\/\/bahiaeconomica.com.br\/wp\/2019\/10\/04\/acm-neto-sanciona-lei-que-regulamenta-transporte-por-aplicativo-em-salvador\/#article\",\"isPartOf\":{\"@id\":\"https:\/\/bahiaeconomica.com.br\/wp\/2019\/10\/04\/acm-neto-sanciona-lei-que-regulamenta-transporte-por-aplicativo-em-salvador\/\"},\"author\":{\"name\":\"admin\",\"@id\":\"https:\/\/bahiaeconomica.com.br\/wp\/#\/schema\/person\/cb1ab5ba96ad3d9390805381c76284ec\"},\"headline\":\"ACM NETO SANCIONA LEI QUE REGULAMENTA TRANSPORTE POR APLICATIVO EM SALVADOR\",\"datePublished\":\"2019-10-04T16:00:11+00:00\",\"dateModified\":\"2019-10-04T14:21:02+00:00\",\"mainEntityOfPage\":{\"@id\":\"https:\/\/bahiaeconomica.com.br\/wp\/2019\/10\/04\/acm-neto-sanciona-lei-que-regulamenta-transporte-por-aplicativo-em-salvador\/\"},\"wordCount\":450,\"publisher\":{\"@id\":\"https:\/\/bahiaeconomica.com.br\/wp\/#organization\"},\"articleSection\":[\"ECONOMIA \/ POL\u00cdTICA\"],\"inLanguage\":\"pt-BR\"},{\"@type\":\"WebPage\",\"@id\":\"https:\/\/bahiaeconomica.com.br\/wp\/2019\/10\/04\/acm-neto-sanciona-lei-que-regulamenta-transporte-por-aplicativo-em-salvador\/\",\"url\":\"https:\/\/bahiaeconomica.com.br\/wp\/2019\/10\/04\/acm-neto-sanciona-lei-que-regulamenta-transporte-por-aplicativo-em-salvador\/\",\"name\":\"ACM NETO SANCIONA LEI QUE REGULAMENTA TRANSPORTE POR APLICATIVO EM SALVADOR - Bahia Economica\",\"isPartOf\":{\"@id\":\"https:\/\/bahiaeconomica.com.br\/wp\/#website\"},\"datePublished\":\"2019-10-04T16:00:11+00:00\",\"dateModified\":\"2019-10-04T14:21:02+00:00\",\"description\":\"O maior portal de Economia da Bahia ECONOMIA \/ POL\u00cdTICA Bahia Economica\",\"breadcrumb\":{\"@id\":\"https:\/\/bahiaeconomica.com.br\/wp\/2019\/10\/04\/acm-neto-sanciona-lei-que-regulamenta-transporte-por-aplicativo-em-salvador\/#breadcrumb\"},\"inLanguage\":\"pt-BR\",\"potentialAction\":[{\"@type\":\"ReadAction\",\"target\":[\"https:\/\/bahiaeconomica.com.br\/wp\/2019\/10\/04\/acm-neto-sanciona-lei-que-regulamenta-transporte-por-aplicativo-em-salvador\/\"]}]},{\"@type\":\"BreadcrumbList\",\"@id\":\"https:\/\/bahiaeconomica.com.br\/wp\/2019\/10\/04\/acm-neto-sanciona-lei-que-regulamenta-transporte-por-aplicativo-em-salvador\/#breadcrumb\",\"itemListElement\":[{\"@type\":\"ListItem\",\"position\":1,\"name\":\"In\u00edcio\",\"item\":\"https:\/\/bahiaeconomica.com.br\/wp\/\"},{\"@type\":\"ListItem\",\"position\":2,\"name\":\"ACM NETO SANCIONA LEI QUE REGULAMENTA TRANSPORTE POR APLICATIVO EM SALVADOR\"}]},{\"@type\":\"WebSite\",\"@id\":\"https:\/\/bahiaeconomica.com.br\/wp\/#website\",\"url\":\"https:\/\/bahiaeconomica.com.br\/wp\/\",\"name\":\"Bahia Economica\",\"description\":\"O maior portal de Economia da Bahia\",\"publisher\":{\"@id\":\"https:\/\/bahiaeconomica.com.br\/wp\/#organization\"},\"potentialAction\":[{\"@type\":\"SearchAction\",\"target\":{\"@type\":\"EntryPoint\",\"urlTemplate\":\"https:\/\/bahiaeconomica.com.br\/wp\/?s={search_term_string}\"},\"query-input\":\"required name=search_term_string\"}],\"inLanguage\":\"pt-BR\"},{\"@type\":\"Organization\",\"@id\":\"https:\/\/bahiaeconomica.com.br\/wp\/#organization\",\"name\":\"Bahia Econ\u00f4mica\",\"url\":\"https:\/\/bahiaeconomica.com.br\/wp\/\",\"logo\":{\"@type\":\"ImageObject\",\"inLanguage\":\"pt-BR\",\"@id\":\"https:\/\/bahiaeconomica.com.br\/wp\/#\/schema\/logo\/image\/\",\"url\":\"https:\/\/bahiaeconomica.com.br\/wp\/wp-content\/uploads\/2020\/12\/cropped-BE.png\",\"contentUrl\":\"https:\/\/bahiaeconomica.com.br\/wp\/wp-content\/uploads\/2020\/12\/cropped-BE.png\",\"width\":512,\"height\":512,\"caption\":\"Bahia Econ\u00f4mica\"},\"image\":{\"@id\":\"https:\/\/bahiaeconomica.com.br\/wp\/#\/schema\/logo\/image\/\"},\"sameAs\":[\"https:\/\/www.facebook.com\/bahiaeconomica\"]},{\"@type\":\"Person\",\"@id\":\"https:\/\/bahiaeconomica.com.br\/wp\/#\/schema\/person\/cb1ab5ba96ad3d9390805381c76284ec\",\"name\":\"admin\",\"url\":\"https:\/\/bahiaeconomica.com.br\/wp\/author\/admin\/\"}]}<\/script>\n<!-- \/ Yoast SEO plugin. -->","yoast_head_json":{"title":"ACM NETO SANCIONA LEI QUE REGULAMENTA TRANSPORTE POR APLICATIVO EM SALVADOR - Bahia Economica","description":"O maior portal de Economia da Bahia ECONOMIA \/ POL\u00cdTICA Bahia Economica","robots":{"index":"index","follow":"follow","max-snippet":"max-snippet:-1","max-image-preview":"max-image-preview:large","max-video-preview":"max-video-preview:-1"},"canonical":"https:\/\/bahiaeconomica.com.br\/wp\/2019\/10\/04\/acm-neto-sanciona-lei-que-regulamenta-transporte-por-aplicativo-em-salvador\/","og_locale":"pt_BR","og_type":"article","og_title":"ACM NETO SANCIONA LEI QUE REGULAMENTA TRANSPORTE POR APLICATIVO EM SALVADOR - Bahia Economica","og_description":"O maior portal de Economia da Bahia ECONOMIA \/ POL\u00cdTICA Bahia Economica","og_url":"https:\/\/bahiaeconomica.com.br\/wp\/2019\/10\/04\/acm-neto-sanciona-lei-que-regulamenta-transporte-por-aplicativo-em-salvador\/","og_site_name":"Bahia Economica","article_publisher":"https:\/\/www.facebook.com\/bahiaeconomica","article_published_time":"2019-10-04T16:00:11+00:00","article_modified_time":"2019-10-04T14:21:02+00:00","og_image":[{"width":500,"height":300,"url":"https:\/\/bahiaeconomica.com.br\/wp\/wp-content\/uploads\/2019\/09\/acmneto500.jpg","type":"image\/jpeg"}],"author":"admin","twitter_card":"summary_large_image","twitter_misc":{"Escrito por":"admin","Est. tempo de leitura":"2 minutos"},"schema":{"@context":"https:\/\/schema.org","@graph":[{"@type":"Article","@id":"https:\/\/bahiaeconomica.com.br\/wp\/2019\/10\/04\/acm-neto-sanciona-lei-que-regulamenta-transporte-por-aplicativo-em-salvador\/#article","isPartOf":{"@id":"https:\/\/bahiaeconomica.com.br\/wp\/2019\/10\/04\/acm-neto-sanciona-lei-que-regulamenta-transporte-por-aplicativo-em-salvador\/"},"author":{"name":"admin","@id":"https:\/\/bahiaeconomica.com.br\/wp\/#\/schema\/person\/cb1ab5ba96ad3d9390805381c76284ec"},"headline":"ACM NETO SANCIONA LEI QUE REGULAMENTA TRANSPORTE POR APLICATIVO EM SALVADOR","datePublished":"2019-10-04T16:00:11+00:00","dateModified":"2019-10-04T14:21:02+00:00","mainEntityOfPage":{"@id":"https:\/\/bahiaeconomica.com.br\/wp\/2019\/10\/04\/acm-neto-sanciona-lei-que-regulamenta-transporte-por-aplicativo-em-salvador\/"},"wordCount":450,"publisher":{"@id":"https:\/\/bahiaeconomica.com.br\/wp\/#organization"},"articleSection":["ECONOMIA \/ POL\u00cdTICA"],"inLanguage":"pt-BR"},{"@type":"WebPage","@id":"https:\/\/bahiaeconomica.com.br\/wp\/2019\/10\/04\/acm-neto-sanciona-lei-que-regulamenta-transporte-por-aplicativo-em-salvador\/","url":"https:\/\/bahiaeconomica.com.br\/wp\/2019\/10\/04\/acm-neto-sanciona-lei-que-regulamenta-transporte-por-aplicativo-em-salvador\/","name":"ACM NETO SANCIONA LEI QUE REGULAMENTA TRANSPORTE POR APLICATIVO EM SALVADOR - Bahia Economica","isPartOf":{"@id":"https:\/\/bahiaeconomica.com.br\/wp\/#website"},"datePublished":"2019-10-04T16:00:11+00:00","dateModified":"2019-10-04T14:21:02+00:00","description":"O maior portal de Economia da Bahia ECONOMIA \/ POL\u00cdTICA Bahia Economica","breadcrumb":{"@id":"https:\/\/bahiaeconomica.com.br\/wp\/2019\/10\/04\/acm-neto-sanciona-lei-que-regulamenta-transporte-por-aplicativo-em-salvador\/#breadcrumb"},"inLanguage":"pt-BR","potentialAction":[{"@type":"ReadAction","target":["https:\/\/bahiaeconomica.com.br\/wp\/2019\/10\/04\/acm-neto-sanciona-lei-que-regulamenta-transporte-por-aplicativo-em-salvador\/"]}]},{"@type":"BreadcrumbList","@id":"https:\/\/bahiaeconomica.com.br\/wp\/2019\/10\/04\/acm-neto-sanciona-lei-que-regulamenta-transporte-por-aplicativo-em-salvador\/#breadcrumb","itemListElement":[{"@type":"ListItem","position":1,"name":"In\u00edcio","item":"https:\/\/bahiaeconomica.com.br\/wp\/"},{"@type":"ListItem","position":2,"name":"ACM NETO SANCIONA LEI QUE REGULAMENTA TRANSPORTE POR APLICATIVO EM SALVADOR"}]},{"@type":"WebSite","@id":"https:\/\/bahiaeconomica.com.br\/wp\/#website","url":"https:\/\/bahiaeconomica.com.br\/wp\/","name":"Bahia Economica","description":"O maior portal de Economia da Bahia","publisher":{"@id":"https:\/\/bahiaeconomica.com.br\/wp\/#organization"},"potentialAction":[{"@type":"SearchAction","target":{"@type":"EntryPoint","urlTemplate":"https:\/\/bahiaeconomica.com.br\/wp\/?s={search_term_string}"},"query-input":"required name=search_term_string"}],"inLanguage":"pt-BR"},{"@type":"Organization","@id":"https:\/\/bahiaeconomica.com.br\/wp\/#organization","name":"Bahia Econ\u00f4mica","url":"https:\/\/bahiaeconomica.com.br\/wp\/","logo":{"@type":"ImageObject","inLanguage":"pt-BR","@id":"https:\/\/bahiaeconomica.com.br\/wp\/#\/schema\/logo\/image\/","url":"https:\/\/bahiaeconomica.com.br\/wp\/wp-content\/uploads\/2020\/12\/cropped-BE.png","contentUrl":"https:\/\/bahiaeconomica.com.br\/wp\/wp-content\/uploads\/2020\/12\/cropped-BE.png","width":512,"height":512,"caption":"Bahia Econ\u00f4mica"},"image":{"@id":"https:\/\/bahiaeconomica.com.br\/wp\/#\/schema\/logo\/image\/"},"sameAs":["https:\/\/www.facebook.com\/bahiaeconomica"]},{"@type":"Person","@id":"https:\/\/bahiaeconomica.com.br\/wp\/#\/schema\/person\/cb1ab5ba96ad3d9390805381c76284ec","name":"admin","url":"https:\/\/bahiaeconomica.com.br\/wp\/author\/admin\/"}]}},"views":0,"_links":{"self":[{"href":"https:\/\/bahiaeconomica.com.br\/wp\/wp-json\/wp\/v2\/posts\/402358"}],"collection":[{"href":"https:\/\/bahiaeconomica.com.br\/wp\/wp-json\/wp\/v2\/posts"}],"about":[{"href":"https:\/\/bahiaeconomica.com.br\/wp\/wp-json\/wp\/v2\/types\/post"}],"author":[{"embeddable":true,"href":"https:\/\/bahiaeconomica.com.br\/wp\/wp-json\/wp\/v2\/users\/1"}],"replies":[{"embeddable":true,"href":"https:\/\/bahiaeconomica.com.br\/wp\/wp-json\/wp\/v2\/comments?post=402358"}],"version-history":[{"count":2,"href":"https:\/\/bahiaeconomica.com.br\/wp\/wp-json\/wp\/v2\/posts\/402358\/revisions"}],"predecessor-version":[{"id":402419,"href":"https:\/\/bahiaeconomica.com.br\/wp\/wp-json\/wp\/v2\/posts\/402358\/revisions\/402419"}],"wp:featuredmedia":[{"embeddable":true,"href":"https:\/\/bahiaeconomica.com.br\/wp\/wp-json\/wp\/v2\/media\/397630"}],"wp:attachment":[{"href":"https:\/\/bahiaeconomica.com.br\/wp\/wp-json\/wp\/v2\/media?parent=402358"}],"wp:term":[{"taxonomy":"category","embeddable":true,"href":"https:\/\/bahiaeconomica.com.br\/wp\/wp-json\/wp\/v2\/categories?post=402358"},{"taxonomy":"post_tag","embeddable":true,"href":"https:\/\/bahiaeconomica.com.br\/wp\/wp-json\/wp\/v2\/tags?post=402358"}],"curies":[{"name":"wp","href":"https:\/\/api.w.org\/{rel}","templated":true}]}}