{"id":401864,"date":"2019-10-02T17:05:36","date_gmt":"2019-10-02T20:05:36","guid":{"rendered":"https:\/\/bahiaeconomica.com.br\/wp\/beta\/?p=401864"},"modified":"2019-10-02T17:05:36","modified_gmt":"2019-10-02T20:05:36","slug":"xexeu-aceita-se-internar-em-clinica-de-recuperacao","status":"publish","type":"post","link":"https:\/\/bahiaeconomica.com.br\/wp\/2019\/10\/02\/xexeu-aceita-se-internar-em-clinica-de-recuperacao\/","title":{"rendered":"XEX\u00c9U ACEITA SE INTERNAR EM CL\u00cdNICA DE RECUPERA\u00c7\u00c3O"},"content":{"rendered":"<p>O cantor Xex\u00e9u, que lutou durante muito tempo contra as drogas, aceitou se internar em uma cl\u00ednica de recupera\u00e7\u00e3o, ap\u00f3s receber incentivos dos f\u00e3s e da imprensa. \u2018\u2019\u00c9 muito gratificante poder dar essa resposta para as pessoas. Sem prometer nada, o que eu mais quero \u00e9 voltar a cantar\u2019\u2019.<\/p>\n<p>O artista que ficou \u00e0 frente da Timbalada durante dez anos, voltou \u00e0 m\u00eddia com a viraliza\u00e7\u00e3o de um v\u00eddeo em que estava aparentemente sob efeito de drogas.<\/p>\n<p>Na ter\u00e7a-feira (1\u00ba), o cantor recebeu a equipe do BNews em sua casa no Nordeste de Amaralina e negou que tivesse tido uma reca\u00edda. &#8220;A droga \u00e9 um psicotropico. N\u00e3o \u00e9 droga que mata o homem, \u00e9 a press\u00e3o psicol\u00f3gica. Eu n\u00e3o quero ajuda, eu quero ser verdadeiro no que eu fa\u00e7o. Se eu tivesse usando drogas eu n\u00e3o falaria essas palavras que t\u00f4 falando hoje. N\u00e3o (preciso de tratamento), porque eu n\u00e3o t\u00f4 dependente da droga. Se eu estivesse precisando de tratamento eu j\u00e1 teria feito, porque n\u00e3o sou maluco&#8221;.<\/p>\n<p>Mas, ap\u00f3s apelo da fam\u00edlia, amigos e f\u00e3s, o cantor voltou atr\u00e1s e afirmou que vai aceitar o tratamento.<\/p>\n<p>*Foto: Reprodu\u00e7\u00e3o| Roberto Viana\/BNews<\/p>\n","protected":false},"excerpt":{"rendered":"<p>O cantor Xex\u00e9u, que lutou durante muito tempo contra as drogas, aceitou se internar em uma cl\u00ednica de recupera\u00e7\u00e3o, ap\u00f3s receber incentivos dos f\u00e3s e da imprensa. \u2018\u2019\u00c9 muito gratificante poder dar essa resposta para as pessoas. Sem prometer nada, o que eu mais quero \u00e9 voltar a cantar\u2019\u2019. O artista que ficou \u00e0 frente [&hellip;]<\/p>\n","protected":false},"author":1,"featured_media":401865,"comment_status":"closed","ping_status":"closed","sticky":false,"template":"","format":"standard","meta":[],"categories":[4],"tags":[],"acf":[],"yoast_head":"<!-- This site is optimized with the Yoast SEO plugin v20.8 - https:\/\/yoast.com\/wordpress\/plugins\/seo\/ -->\n<title>XEX\u00c9U ACEITA SE INTERNAR EM CL\u00cdNICA DE RECUPERA\u00c7\u00c3O - Bahia Economica<\/title>\n<meta name=\"description\" content=\"O maior portal de Economia da Bahia ENTRETENIMENTO Bahia Economica\" \/>\n<meta name=\"robots\" content=\"index, follow, max-snippet:-1, max-image-preview:large, max-video-preview:-1\" \/>\n<link rel=\"canonical\" href=\"https:\/\/bahiaeconomica.com.br\/wp\/2019\/10\/02\/xexeu-aceita-se-internar-em-clinica-de-recuperacao\/\" \/>\n<meta property=\"og:locale\" content=\"pt_BR\" \/>\n<meta property=\"og:type\" content=\"article\" \/>\n<meta property=\"og:title\" content=\"XEX\u00c9U ACEITA SE INTERNAR EM CL\u00cdNICA DE RECUPERA\u00c7\u00c3O - Bahia Economica\" \/>\n<meta property=\"og:description\" content=\"O maior portal de Economia da Bahia ENTRETENIMENTO Bahia Economica\" \/>\n<meta property=\"og:url\" content=\"https:\/\/bahiaeconomica.com.br\/wp\/2019\/10\/02\/xexeu-aceita-se-internar-em-clinica-de-recuperacao\/\" \/>\n<meta property=\"og:site_name\" content=\"Bahia Economica\" \/>\n<meta property=\"article:publisher\" content=\"https:\/\/www.facebook.com\/bahiaeconomica\" \/>\n<meta property=\"article:published_time\" content=\"2019-10-02T20:05:36+00:00\" \/>\n<meta property=\"og:image\" content=\"https:\/\/bahiaeconomica.com.br\/wp\/wp-content\/uploads\/2019\/10\/xxe.png\" \/>\n\t<meta property=\"og:image:width\" content=\"726\" \/>\n\t<meta property=\"og:image:height\" content=\"430\" \/>\n\t<meta property=\"og:image:type\" content=\"image\/png\" \/>\n<meta name=\"author\" content=\"admin\" \/>\n<meta name=\"twitter:card\" content=\"summary_large_image\" \/>\n<meta name=\"twitter:label1\" content=\"Escrito por\" \/>\n\t<meta name=\"twitter:data1\" content=\"admin\" \/>\n\t<meta name=\"twitter:label2\" content=\"Est. tempo de leitura\" \/>\n\t<meta name=\"twitter:data2\" content=\"1 minuto\" \/>\n<script type=\"application\/ld+json\" class=\"yoast-schema-graph\">{\"@context\":\"https:\/\/schema.org\",\"@graph\":[{\"@type\":\"Article\",\"@id\":\"https:\/\/bahiaeconomica.com.br\/wp\/2019\/10\/02\/xexeu-aceita-se-internar-em-clinica-de-recuperacao\/#article\",\"isPartOf\":{\"@id\":\"https:\/\/bahiaeconomica.com.br\/wp\/2019\/10\/02\/xexeu-aceita-se-internar-em-clinica-de-recuperacao\/\"},\"author\":{\"name\":\"admin\",\"@id\":\"https:\/\/bahiaeconomica.com.br\/wp\/#\/schema\/person\/cb1ab5ba96ad3d9390805381c76284ec\"},\"headline\":\"XEX\u00c9U ACEITA SE INTERNAR EM CL\u00cdNICA DE RECUPERA\u00c7\u00c3O\",\"datePublished\":\"2019-10-02T20:05:36+00:00\",\"dateModified\":\"2019-10-02T20:05:36+00:00\",\"mainEntityOfPage\":{\"@id\":\"https:\/\/bahiaeconomica.com.br\/wp\/2019\/10\/02\/xexeu-aceita-se-internar-em-clinica-de-recuperacao\/\"},\"wordCount\":219,\"publisher\":{\"@id\":\"https:\/\/bahiaeconomica.com.br\/wp\/#organization\"},\"articleSection\":[\"ENTRETENIMENTO\"],\"inLanguage\":\"pt-BR\"},{\"@type\":\"WebPage\",\"@id\":\"https:\/\/bahiaeconomica.com.br\/wp\/2019\/10\/02\/xexeu-aceita-se-internar-em-clinica-de-recuperacao\/\",\"url\":\"https:\/\/bahiaeconomica.com.br\/wp\/2019\/10\/02\/xexeu-aceita-se-internar-em-clinica-de-recuperacao\/\",\"name\":\"XEX\u00c9U ACEITA SE INTERNAR EM CL\u00cdNICA DE RECUPERA\u00c7\u00c3O - Bahia Economica\",\"isPartOf\":{\"@id\":\"https:\/\/bahiaeconomica.com.br\/wp\/#website\"},\"datePublished\":\"2019-10-02T20:05:36+00:00\",\"dateModified\":\"2019-10-02T20:05:36+00:00\",\"description\":\"O maior portal de Economia da Bahia ENTRETENIMENTO Bahia Economica\",\"breadcrumb\":{\"@id\":\"https:\/\/bahiaeconomica.com.br\/wp\/2019\/10\/02\/xexeu-aceita-se-internar-em-clinica-de-recuperacao\/#breadcrumb\"},\"inLanguage\":\"pt-BR\",\"potentialAction\":[{\"@type\":\"ReadAction\",\"target\":[\"https:\/\/bahiaeconomica.com.br\/wp\/2019\/10\/02\/xexeu-aceita-se-internar-em-clinica-de-recuperacao\/\"]}]},{\"@type\":\"BreadcrumbList\",\"@id\":\"https:\/\/bahiaeconomica.com.br\/wp\/2019\/10\/02\/xexeu-aceita-se-internar-em-clinica-de-recuperacao\/#breadcrumb\",\"itemListElement\":[{\"@type\":\"ListItem\",\"position\":1,\"name\":\"In\u00edcio\",\"item\":\"https:\/\/bahiaeconomica.com.br\/wp\/\"},{\"@type\":\"ListItem\",\"position\":2,\"name\":\"XEX\u00c9U ACEITA SE INTERNAR EM CL\u00cdNICA DE RECUPERA\u00c7\u00c3O\"}]},{\"@type\":\"WebSite\",\"@id\":\"https:\/\/bahiaeconomica.com.br\/wp\/#website\",\"url\":\"https:\/\/bahiaeconomica.com.br\/wp\/\",\"name\":\"Bahia Economica\",\"description\":\"O maior portal de Economia da Bahia\",\"publisher\":{\"@id\":\"https:\/\/bahiaeconomica.com.br\/wp\/#organization\"},\"potentialAction\":[{\"@type\":\"SearchAction\",\"target\":{\"@type\":\"EntryPoint\",\"urlTemplate\":\"https:\/\/bahiaeconomica.com.br\/wp\/?s={search_term_string}\"},\"query-input\":\"required name=search_term_string\"}],\"inLanguage\":\"pt-BR\"},{\"@type\":\"Organization\",\"@id\":\"https:\/\/bahiaeconomica.com.br\/wp\/#organization\",\"name\":\"Bahia Econ\u00f4mica\",\"url\":\"https:\/\/bahiaeconomica.com.br\/wp\/\",\"logo\":{\"@type\":\"ImageObject\",\"inLanguage\":\"pt-BR\",\"@id\":\"https:\/\/bahiaeconomica.com.br\/wp\/#\/schema\/logo\/image\/\",\"url\":\"https:\/\/bahiaeconomica.com.br\/wp\/wp-content\/uploads\/2020\/12\/cropped-BE.png\",\"contentUrl\":\"https:\/\/bahiaeconomica.com.br\/wp\/wp-content\/uploads\/2020\/12\/cropped-BE.png\",\"width\":512,\"height\":512,\"caption\":\"Bahia Econ\u00f4mica\"},\"image\":{\"@id\":\"https:\/\/bahiaeconomica.com.br\/wp\/#\/schema\/logo\/image\/\"},\"sameAs\":[\"https:\/\/www.facebook.com\/bahiaeconomica\"]},{\"@type\":\"Person\",\"@id\":\"https:\/\/bahiaeconomica.com.br\/wp\/#\/schema\/person\/cb1ab5ba96ad3d9390805381c76284ec\",\"name\":\"admin\",\"url\":\"https:\/\/bahiaeconomica.com.br\/wp\/author\/admin\/\"}]}<\/script>\n<!-- \/ Yoast SEO plugin. -->","yoast_head_json":{"title":"XEX\u00c9U ACEITA SE INTERNAR EM CL\u00cdNICA DE RECUPERA\u00c7\u00c3O - Bahia Economica","description":"O maior portal de Economia da Bahia ENTRETENIMENTO Bahia Economica","robots":{"index":"index","follow":"follow","max-snippet":"max-snippet:-1","max-image-preview":"max-image-preview:large","max-video-preview":"max-video-preview:-1"},"canonical":"https:\/\/bahiaeconomica.com.br\/wp\/2019\/10\/02\/xexeu-aceita-se-internar-em-clinica-de-recuperacao\/","og_locale":"pt_BR","og_type":"article","og_title":"XEX\u00c9U ACEITA SE INTERNAR EM CL\u00cdNICA DE RECUPERA\u00c7\u00c3O - Bahia Economica","og_description":"O maior portal de Economia da Bahia ENTRETENIMENTO Bahia Economica","og_url":"https:\/\/bahiaeconomica.com.br\/wp\/2019\/10\/02\/xexeu-aceita-se-internar-em-clinica-de-recuperacao\/","og_site_name":"Bahia Economica","article_publisher":"https:\/\/www.facebook.com\/bahiaeconomica","article_published_time":"2019-10-02T20:05:36+00:00","og_image":[{"width":726,"height":430,"url":"https:\/\/bahiaeconomica.com.br\/wp\/wp-content\/uploads\/2019\/10\/xxe.png","type":"image\/png"}],"author":"admin","twitter_card":"summary_large_image","twitter_misc":{"Escrito por":"admin","Est. tempo de leitura":"1 minuto"},"schema":{"@context":"https:\/\/schema.org","@graph":[{"@type":"Article","@id":"https:\/\/bahiaeconomica.com.br\/wp\/2019\/10\/02\/xexeu-aceita-se-internar-em-clinica-de-recuperacao\/#article","isPartOf":{"@id":"https:\/\/bahiaeconomica.com.br\/wp\/2019\/10\/02\/xexeu-aceita-se-internar-em-clinica-de-recuperacao\/"},"author":{"name":"admin","@id":"https:\/\/bahiaeconomica.com.br\/wp\/#\/schema\/person\/cb1ab5ba96ad3d9390805381c76284ec"},"headline":"XEX\u00c9U ACEITA SE INTERNAR EM CL\u00cdNICA DE RECUPERA\u00c7\u00c3O","datePublished":"2019-10-02T20:05:36+00:00","dateModified":"2019-10-02T20:05:36+00:00","mainEntityOfPage":{"@id":"https:\/\/bahiaeconomica.com.br\/wp\/2019\/10\/02\/xexeu-aceita-se-internar-em-clinica-de-recuperacao\/"},"wordCount":219,"publisher":{"@id":"https:\/\/bahiaeconomica.com.br\/wp\/#organization"},"articleSection":["ENTRETENIMENTO"],"inLanguage":"pt-BR"},{"@type":"WebPage","@id":"https:\/\/bahiaeconomica.com.br\/wp\/2019\/10\/02\/xexeu-aceita-se-internar-em-clinica-de-recuperacao\/","url":"https:\/\/bahiaeconomica.com.br\/wp\/2019\/10\/02\/xexeu-aceita-se-internar-em-clinica-de-recuperacao\/","name":"XEX\u00c9U ACEITA SE INTERNAR EM CL\u00cdNICA DE RECUPERA\u00c7\u00c3O - Bahia Economica","isPartOf":{"@id":"https:\/\/bahiaeconomica.com.br\/wp\/#website"},"datePublished":"2019-10-02T20:05:36+00:00","dateModified":"2019-10-02T20:05:36+00:00","description":"O maior portal de Economia da Bahia ENTRETENIMENTO Bahia Economica","breadcrumb":{"@id":"https:\/\/bahiaeconomica.com.br\/wp\/2019\/10\/02\/xexeu-aceita-se-internar-em-clinica-de-recuperacao\/#breadcrumb"},"inLanguage":"pt-BR","potentialAction":[{"@type":"ReadAction","target":["https:\/\/bahiaeconomica.com.br\/wp\/2019\/10\/02\/xexeu-aceita-se-internar-em-clinica-de-recuperacao\/"]}]},{"@type":"BreadcrumbList","@id":"https:\/\/bahiaeconomica.com.br\/wp\/2019\/10\/02\/xexeu-aceita-se-internar-em-clinica-de-recuperacao\/#breadcrumb","itemListElement":[{"@type":"ListItem","position":1,"name":"In\u00edcio","item":"https:\/\/bahiaeconomica.com.br\/wp\/"},{"@type":"ListItem","position":2,"name":"XEX\u00c9U ACEITA SE INTERNAR EM CL\u00cdNICA DE RECUPERA\u00c7\u00c3O"}]},{"@type":"WebSite","@id":"https:\/\/bahiaeconomica.com.br\/wp\/#website","url":"https:\/\/bahiaeconomica.com.br\/wp\/","name":"Bahia Economica","description":"O maior portal de Economia da Bahia","publisher":{"@id":"https:\/\/bahiaeconomica.com.br\/wp\/#organization"},"potentialAction":[{"@type":"SearchAction","target":{"@type":"EntryPoint","urlTemplate":"https:\/\/bahiaeconomica.com.br\/wp\/?s={search_term_string}"},"query-input":"required name=search_term_string"}],"inLanguage":"pt-BR"},{"@type":"Organization","@id":"https:\/\/bahiaeconomica.com.br\/wp\/#organization","name":"Bahia Econ\u00f4mica","url":"https:\/\/bahiaeconomica.com.br\/wp\/","logo":{"@type":"ImageObject","inLanguage":"pt-BR","@id":"https:\/\/bahiaeconomica.com.br\/wp\/#\/schema\/logo\/image\/","url":"https:\/\/bahiaeconomica.com.br\/wp\/wp-content\/uploads\/2020\/12\/cropped-BE.png","contentUrl":"https:\/\/bahiaeconomica.com.br\/wp\/wp-content\/uploads\/2020\/12\/cropped-BE.png","width":512,"height":512,"caption":"Bahia Econ\u00f4mica"},"image":{"@id":"https:\/\/bahiaeconomica.com.br\/wp\/#\/schema\/logo\/image\/"},"sameAs":["https:\/\/www.facebook.com\/bahiaeconomica"]},{"@type":"Person","@id":"https:\/\/bahiaeconomica.com.br\/wp\/#\/schema\/person\/cb1ab5ba96ad3d9390805381c76284ec","name":"admin","url":"https:\/\/bahiaeconomica.com.br\/wp\/author\/admin\/"}]}},"views":0,"_links":{"self":[{"href":"https:\/\/bahiaeconomica.com.br\/wp\/wp-json\/wp\/v2\/posts\/401864"}],"collection":[{"href":"https:\/\/bahiaeconomica.com.br\/wp\/wp-json\/wp\/v2\/posts"}],"about":[{"href":"https:\/\/bahiaeconomica.com.br\/wp\/wp-json\/wp\/v2\/types\/post"}],"author":[{"embeddable":true,"href":"https:\/\/bahiaeconomica.com.br\/wp\/wp-json\/wp\/v2\/users\/1"}],"replies":[{"embeddable":true,"href":"https:\/\/bahiaeconomica.com.br\/wp\/wp-json\/wp\/v2\/comments?post=401864"}],"version-history":[{"count":1,"href":"https:\/\/bahiaeconomica.com.br\/wp\/wp-json\/wp\/v2\/posts\/401864\/revisions"}],"predecessor-version":[{"id":401866,"href":"https:\/\/bahiaeconomica.com.br\/wp\/wp-json\/wp\/v2\/posts\/401864\/revisions\/401866"}],"wp:featuredmedia":[{"embeddable":true,"href":"https:\/\/bahiaeconomica.com.br\/wp\/wp-json\/wp\/v2\/media\/401865"}],"wp:attachment":[{"href":"https:\/\/bahiaeconomica.com.br\/wp\/wp-json\/wp\/v2\/media?parent=401864"}],"wp:term":[{"taxonomy":"category","embeddable":true,"href":"https:\/\/bahiaeconomica.com.br\/wp\/wp-json\/wp\/v2\/categories?post=401864"},{"taxonomy":"post_tag","embeddable":true,"href":"https:\/\/bahiaeconomica.com.br\/wp\/wp-json\/wp\/v2\/tags?post=401864"}],"curies":[{"name":"wp","href":"https:\/\/api.w.org\/{rel}","templated":true}]}}