{"id":401587,"date":"2019-10-02T07:00:27","date_gmt":"2019-10-02T10:00:27","guid":{"rendered":"https:\/\/bahiaeconomica.com.br\/wp\/beta\/?p=401587"},"modified":"2019-10-02T06:14:13","modified_gmt":"2019-10-02T09:14:13","slug":"senado-aprova-mudanca-que-reduz-em-r-76-bilhoes-economia-com-a-reforma-da-previdencia","status":"publish","type":"post","link":"https:\/\/bahiaeconomica.com.br\/wp\/2019\/10\/02\/senado-aprova-mudanca-que-reduz-em-r-76-bilhoes-economia-com-a-reforma-da-previdencia\/","title":{"rendered":"SENADO APROVA MUDAN\u00c7A QUE REDUZ EM R$ 76 BILH\u00d5ES ECONOMIA COM A REFORMA DA PREVID\u00caNCIA"},"content":{"rendered":"<p>Governistas n\u00e3o conseguiram impedir na noite desta ter\u00e7a-feira (1\u00ba) a aprova\u00e7\u00e3o pelo plen\u00e1rio do Senado de um destaque (proposta de mudan\u00e7a no texto) que reduz em R$ 76,4 bilh\u00f5es a economia em dez anos com a reforma da Previd\u00eancia, segundo c\u00e1lculo da equipe econ\u00f4mica do governo. Apesar de a maioria dos senadores (42) ter votado contra o destaque (30 votaram a favor), o qu\u00f3rum m\u00ednimo para manuten\u00e7\u00e3o do texto era de 49 votos. Mesmo assim, por se tratar de uma supress\u00e3o, n\u00e3o exigir\u00e1 a volta da proposta para ser votada novamente na C\u00e2mara.<\/p>\n<p>Antes da vota\u00e7\u00e3o de tr\u00eas dos dez destaques, os senadores aprovaram por 56 votos a 19 o texto-base da reforma. Ap\u00f3s a derrota com a aprova\u00e7\u00e3o do destaque, proposto pela l\u00edder do Cidadania, Eliziane Gama (MA), o l\u00edder do governo, Fernando Bezerra Coelho (MDB-PE), pediu a suspens\u00e3o da sess\u00e3o, e a maioria aprovou a continuidade nesta quarta-feira (2), em uma sess\u00e3o extraordin\u00e1ria marcada para as 11h. Com a aprova\u00e7\u00e3o do destaque, a economia em dez anos prevista com a reforma passa de R$ 876 bilh\u00f5es para R$ 800 bilh\u00f5es. Esse destaque retirou do texto um trecho aprovado pela C\u00e2mara sobre abono salarial. Assim, permanece a lei vigente. Atualmente, o abono \u00e9 pago uma vez ao ano para quem recebe at\u00e9 dois sal\u00e1rios m\u00ednimos (R$ 1.996,00). Segundo o texto aprovado pelos deputados, o pagamento do abono salarial ficaria restrito aos trabalhadores de baixa renda, que ganham at\u00e9 R$ 1.364,43.<\/p>\n<p>Ap\u00f3s a aprova\u00e7\u00e3o do destaque sobre o abono salarial, o secret\u00e1rio de Previd\u00eancia do Minist\u00e9rio da Economia, Rog\u00e9rio Marinho, disse que a mudan\u00e7a no texto n\u00e3o \u00e9 boa para o pa\u00eds, mas que a decis\u00e3o do Congresso precisa ser respeitada. \u201cO governo hoje tem um d\u00e9ficit de mais de R$ 9 bilh\u00f5es no Fundo de Amparo ao Trabalhador (FAT). S\u00e3o recursos que s\u00e3o retirados do Or\u00e7amento da Uni\u00e3o e, certamente, desfalcam a sa\u00fade, a educa\u00e7\u00e3o, a infraestrutura, a\u00e7\u00f5es sociais. E isso vai continuar. Agora, \u00e9 uma decis\u00e3o soberana do Senado e nos cabe respeitar\u201d, afirmou Marinho. O FAT \u00e9 a fonte de pagamento do abono.<\/p>\n<p>Frustrado com a derrota, o secret\u00e1rio reconheceu que os governistas precisam se reorganizar para analisar os demais destaques. \u201cNa hora que voc\u00ea tem uma derrota como essa, \u00e9 evidente que alguma coisa n\u00e3o est\u00e1 certa\u201d, lamentou. Ap\u00f3s o encerramento da sess\u00e3o, o presidente do Senado, Davi Alcolumbre (DEM-AP), disse que o governo precisava ter acompanhado &#8220;atentamente&#8221; a vota\u00e7\u00e3o do destaque. \u201cAcho que precisava ter um controle mais pr\u00f3ximo do governo com os senadores, pedindo para que os senadores n\u00e3o sa\u00edssem do plen\u00e1rio. O qu\u00f3rum foi esvaziando. Eu tentei alertar, fazendo uma pergunta sobre se a gente continuaria com as vota\u00e7\u00f5es. Mas, infelizmente, os senadores pediram que a gente continuasse com a vota\u00e7\u00e3o. E \u00e9 isso. Ganha quem tem voto. Nesse caso, o destaque foi vitorioso, porque o governo n\u00e3o teve os votos suficientes\u201d, declarou. Mesmo assim, Alcolumbre disse que o cronograma da reforma n\u00e3o vai atrasar. Segundo ele, a reforma estar\u00e1 conclu\u00edda ainda na primeira quinzena de outubro.<\/p>\n<p>Foto: divulga\u00e7\u00e3o senado<\/p>\n","protected":false},"excerpt":{"rendered":"<p>Governistas n\u00e3o conseguiram impedir na noite desta ter\u00e7a-feira (1\u00ba) a aprova\u00e7\u00e3o pelo plen\u00e1rio do Senado de um destaque (proposta de mudan\u00e7a no texto) que reduz em R$ 76,4 bilh\u00f5es a economia em dez anos com a reforma da Previd\u00eancia, segundo c\u00e1lculo da equipe econ\u00f4mica do governo. Apesar de a maioria dos senadores (42) ter votado [&hellip;]<\/p>\n","protected":false},"author":1,"featured_media":398171,"comment_status":"closed","ping_status":"closed","sticky":false,"template":"","format":"standard","meta":[],"categories":[3],"tags":[],"acf":[],"yoast_head":"<!-- This site is optimized with the Yoast SEO plugin v20.8 - https:\/\/yoast.com\/wordpress\/plugins\/seo\/ -->\n<title>SENADO APROVA MUDAN\u00c7A QUE REDUZ EM R$ 76 BILH\u00d5ES ECONOMIA COM A REFORMA DA PREVID\u00caNCIA - Bahia Economica<\/title>\n<meta name=\"description\" content=\"O maior portal de Economia da Bahia ECONOMIA \/ POL\u00cdTICA Bahia Economica\" \/>\n<meta name=\"robots\" content=\"index, follow, max-snippet:-1, max-image-preview:large, max-video-preview:-1\" \/>\n<link rel=\"canonical\" href=\"https:\/\/bahiaeconomica.com.br\/wp\/2019\/10\/02\/senado-aprova-mudanca-que-reduz-em-r-76-bilhoes-economia-com-a-reforma-da-previdencia\/\" \/>\n<meta property=\"og:locale\" content=\"pt_BR\" \/>\n<meta property=\"og:type\" content=\"article\" \/>\n<meta property=\"og:title\" content=\"SENADO APROVA MUDAN\u00c7A QUE REDUZ EM R$ 76 BILH\u00d5ES ECONOMIA COM A REFORMA DA PREVID\u00caNCIA - Bahia Economica\" \/>\n<meta property=\"og:description\" content=\"O maior portal de Economia da Bahia ECONOMIA \/ POL\u00cdTICA Bahia Economica\" \/>\n<meta property=\"og:url\" content=\"https:\/\/bahiaeconomica.com.br\/wp\/2019\/10\/02\/senado-aprova-mudanca-que-reduz-em-r-76-bilhoes-economia-com-a-reforma-da-previdencia\/\" \/>\n<meta property=\"og:site_name\" content=\"Bahia Economica\" \/>\n<meta property=\"article:publisher\" content=\"https:\/\/www.facebook.com\/bahiaeconomica\" \/>\n<meta property=\"article:published_time\" content=\"2019-10-02T10:00:27+00:00\" \/>\n<meta property=\"article:modified_time\" content=\"2019-10-02T09:14:13+00:00\" \/>\n<meta property=\"og:image\" content=\"https:\/\/bahiaeconomica.com.br\/wp\/wp-content\/uploads\/2019\/09\/senado-e1568755203701.jpg\" \/>\n\t<meta property=\"og:image:width\" content=\"500\" \/>\n\t<meta property=\"og:image:height\" content=\"281\" \/>\n\t<meta property=\"og:image:type\" content=\"image\/jpeg\" \/>\n<meta name=\"author\" content=\"admin\" \/>\n<meta name=\"twitter:card\" content=\"summary_large_image\" \/>\n<meta name=\"twitter:label1\" content=\"Escrito por\" \/>\n\t<meta name=\"twitter:data1\" content=\"admin\" \/>\n\t<meta name=\"twitter:label2\" content=\"Est. tempo de leitura\" \/>\n\t<meta name=\"twitter:data2\" content=\"3 minutos\" \/>\n<script type=\"application\/ld+json\" class=\"yoast-schema-graph\">{\"@context\":\"https:\/\/schema.org\",\"@graph\":[{\"@type\":\"Article\",\"@id\":\"https:\/\/bahiaeconomica.com.br\/wp\/2019\/10\/02\/senado-aprova-mudanca-que-reduz-em-r-76-bilhoes-economia-com-a-reforma-da-previdencia\/#article\",\"isPartOf\":{\"@id\":\"https:\/\/bahiaeconomica.com.br\/wp\/2019\/10\/02\/senado-aprova-mudanca-que-reduz-em-r-76-bilhoes-economia-com-a-reforma-da-previdencia\/\"},\"author\":{\"name\":\"admin\",\"@id\":\"https:\/\/bahiaeconomica.com.br\/wp\/#\/schema\/person\/cb1ab5ba96ad3d9390805381c76284ec\"},\"headline\":\"SENADO APROVA MUDAN\u00c7A QUE REDUZ EM R$ 76 BILH\u00d5ES ECONOMIA COM A REFORMA DA PREVID\u00caNCIA\",\"datePublished\":\"2019-10-02T10:00:27+00:00\",\"dateModified\":\"2019-10-02T09:14:13+00:00\",\"mainEntityOfPage\":{\"@id\":\"https:\/\/bahiaeconomica.com.br\/wp\/2019\/10\/02\/senado-aprova-mudanca-que-reduz-em-r-76-bilhoes-economia-com-a-reforma-da-previdencia\/\"},\"wordCount\":572,\"publisher\":{\"@id\":\"https:\/\/bahiaeconomica.com.br\/wp\/#organization\"},\"articleSection\":[\"ECONOMIA \/ POL\u00cdTICA\"],\"inLanguage\":\"pt-BR\"},{\"@type\":\"WebPage\",\"@id\":\"https:\/\/bahiaeconomica.com.br\/wp\/2019\/10\/02\/senado-aprova-mudanca-que-reduz-em-r-76-bilhoes-economia-com-a-reforma-da-previdencia\/\",\"url\":\"https:\/\/bahiaeconomica.com.br\/wp\/2019\/10\/02\/senado-aprova-mudanca-que-reduz-em-r-76-bilhoes-economia-com-a-reforma-da-previdencia\/\",\"name\":\"SENADO APROVA MUDAN\u00c7A QUE REDUZ EM R$ 76 BILH\u00d5ES ECONOMIA COM A REFORMA DA PREVID\u00caNCIA - Bahia Economica\",\"isPartOf\":{\"@id\":\"https:\/\/bahiaeconomica.com.br\/wp\/#website\"},\"datePublished\":\"2019-10-02T10:00:27+00:00\",\"dateModified\":\"2019-10-02T09:14:13+00:00\",\"description\":\"O maior portal de Economia da Bahia ECONOMIA \/ POL\u00cdTICA Bahia Economica\",\"breadcrumb\":{\"@id\":\"https:\/\/bahiaeconomica.com.br\/wp\/2019\/10\/02\/senado-aprova-mudanca-que-reduz-em-r-76-bilhoes-economia-com-a-reforma-da-previdencia\/#breadcrumb\"},\"inLanguage\":\"pt-BR\",\"potentialAction\":[{\"@type\":\"ReadAction\",\"target\":[\"https:\/\/bahiaeconomica.com.br\/wp\/2019\/10\/02\/senado-aprova-mudanca-que-reduz-em-r-76-bilhoes-economia-com-a-reforma-da-previdencia\/\"]}]},{\"@type\":\"BreadcrumbList\",\"@id\":\"https:\/\/bahiaeconomica.com.br\/wp\/2019\/10\/02\/senado-aprova-mudanca-que-reduz-em-r-76-bilhoes-economia-com-a-reforma-da-previdencia\/#breadcrumb\",\"itemListElement\":[{\"@type\":\"ListItem\",\"position\":1,\"name\":\"In\u00edcio\",\"item\":\"https:\/\/bahiaeconomica.com.br\/wp\/\"},{\"@type\":\"ListItem\",\"position\":2,\"name\":\"SENADO APROVA MUDAN\u00c7A QUE REDUZ EM R$ 76 BILH\u00d5ES ECONOMIA COM A REFORMA DA PREVID\u00caNCIA\"}]},{\"@type\":\"WebSite\",\"@id\":\"https:\/\/bahiaeconomica.com.br\/wp\/#website\",\"url\":\"https:\/\/bahiaeconomica.com.br\/wp\/\",\"name\":\"Bahia Economica\",\"description\":\"O maior portal de Economia da Bahia\",\"publisher\":{\"@id\":\"https:\/\/bahiaeconomica.com.br\/wp\/#organization\"},\"potentialAction\":[{\"@type\":\"SearchAction\",\"target\":{\"@type\":\"EntryPoint\",\"urlTemplate\":\"https:\/\/bahiaeconomica.com.br\/wp\/?s={search_term_string}\"},\"query-input\":\"required name=search_term_string\"}],\"inLanguage\":\"pt-BR\"},{\"@type\":\"Organization\",\"@id\":\"https:\/\/bahiaeconomica.com.br\/wp\/#organization\",\"name\":\"Bahia Econ\u00f4mica\",\"url\":\"https:\/\/bahiaeconomica.com.br\/wp\/\",\"logo\":{\"@type\":\"ImageObject\",\"inLanguage\":\"pt-BR\",\"@id\":\"https:\/\/bahiaeconomica.com.br\/wp\/#\/schema\/logo\/image\/\",\"url\":\"https:\/\/bahiaeconomica.com.br\/wp\/wp-content\/uploads\/2020\/12\/cropped-BE.png\",\"contentUrl\":\"https:\/\/bahiaeconomica.com.br\/wp\/wp-content\/uploads\/2020\/12\/cropped-BE.png\",\"width\":512,\"height\":512,\"caption\":\"Bahia Econ\u00f4mica\"},\"image\":{\"@id\":\"https:\/\/bahiaeconomica.com.br\/wp\/#\/schema\/logo\/image\/\"},\"sameAs\":[\"https:\/\/www.facebook.com\/bahiaeconomica\"]},{\"@type\":\"Person\",\"@id\":\"https:\/\/bahiaeconomica.com.br\/wp\/#\/schema\/person\/cb1ab5ba96ad3d9390805381c76284ec\",\"name\":\"admin\",\"url\":\"https:\/\/bahiaeconomica.com.br\/wp\/author\/admin\/\"}]}<\/script>\n<!-- \/ Yoast SEO plugin. -->","yoast_head_json":{"title":"SENADO APROVA MUDAN\u00c7A QUE REDUZ EM R$ 76 BILH\u00d5ES ECONOMIA COM A REFORMA DA PREVID\u00caNCIA - Bahia Economica","description":"O maior portal de Economia da Bahia ECONOMIA \/ POL\u00cdTICA Bahia Economica","robots":{"index":"index","follow":"follow","max-snippet":"max-snippet:-1","max-image-preview":"max-image-preview:large","max-video-preview":"max-video-preview:-1"},"canonical":"https:\/\/bahiaeconomica.com.br\/wp\/2019\/10\/02\/senado-aprova-mudanca-que-reduz-em-r-76-bilhoes-economia-com-a-reforma-da-previdencia\/","og_locale":"pt_BR","og_type":"article","og_title":"SENADO APROVA MUDAN\u00c7A QUE REDUZ EM R$ 76 BILH\u00d5ES ECONOMIA COM A REFORMA DA PREVID\u00caNCIA - Bahia Economica","og_description":"O maior portal de Economia da Bahia ECONOMIA \/ POL\u00cdTICA Bahia Economica","og_url":"https:\/\/bahiaeconomica.com.br\/wp\/2019\/10\/02\/senado-aprova-mudanca-que-reduz-em-r-76-bilhoes-economia-com-a-reforma-da-previdencia\/","og_site_name":"Bahia Economica","article_publisher":"https:\/\/www.facebook.com\/bahiaeconomica","article_published_time":"2019-10-02T10:00:27+00:00","article_modified_time":"2019-10-02T09:14:13+00:00","og_image":[{"width":500,"height":281,"url":"https:\/\/bahiaeconomica.com.br\/wp\/wp-content\/uploads\/2019\/09\/senado-e1568755203701.jpg","type":"image\/jpeg"}],"author":"admin","twitter_card":"summary_large_image","twitter_misc":{"Escrito por":"admin","Est. tempo de leitura":"3 minutos"},"schema":{"@context":"https:\/\/schema.org","@graph":[{"@type":"Article","@id":"https:\/\/bahiaeconomica.com.br\/wp\/2019\/10\/02\/senado-aprova-mudanca-que-reduz-em-r-76-bilhoes-economia-com-a-reforma-da-previdencia\/#article","isPartOf":{"@id":"https:\/\/bahiaeconomica.com.br\/wp\/2019\/10\/02\/senado-aprova-mudanca-que-reduz-em-r-76-bilhoes-economia-com-a-reforma-da-previdencia\/"},"author":{"name":"admin","@id":"https:\/\/bahiaeconomica.com.br\/wp\/#\/schema\/person\/cb1ab5ba96ad3d9390805381c76284ec"},"headline":"SENADO APROVA MUDAN\u00c7A QUE REDUZ EM R$ 76 BILH\u00d5ES ECONOMIA COM A REFORMA DA PREVID\u00caNCIA","datePublished":"2019-10-02T10:00:27+00:00","dateModified":"2019-10-02T09:14:13+00:00","mainEntityOfPage":{"@id":"https:\/\/bahiaeconomica.com.br\/wp\/2019\/10\/02\/senado-aprova-mudanca-que-reduz-em-r-76-bilhoes-economia-com-a-reforma-da-previdencia\/"},"wordCount":572,"publisher":{"@id":"https:\/\/bahiaeconomica.com.br\/wp\/#organization"},"articleSection":["ECONOMIA \/ POL\u00cdTICA"],"inLanguage":"pt-BR"},{"@type":"WebPage","@id":"https:\/\/bahiaeconomica.com.br\/wp\/2019\/10\/02\/senado-aprova-mudanca-que-reduz-em-r-76-bilhoes-economia-com-a-reforma-da-previdencia\/","url":"https:\/\/bahiaeconomica.com.br\/wp\/2019\/10\/02\/senado-aprova-mudanca-que-reduz-em-r-76-bilhoes-economia-com-a-reforma-da-previdencia\/","name":"SENADO APROVA MUDAN\u00c7A QUE REDUZ EM R$ 76 BILH\u00d5ES ECONOMIA COM A REFORMA DA PREVID\u00caNCIA - Bahia Economica","isPartOf":{"@id":"https:\/\/bahiaeconomica.com.br\/wp\/#website"},"datePublished":"2019-10-02T10:00:27+00:00","dateModified":"2019-10-02T09:14:13+00:00","description":"O maior portal de Economia da Bahia ECONOMIA \/ POL\u00cdTICA Bahia Economica","breadcrumb":{"@id":"https:\/\/bahiaeconomica.com.br\/wp\/2019\/10\/02\/senado-aprova-mudanca-que-reduz-em-r-76-bilhoes-economia-com-a-reforma-da-previdencia\/#breadcrumb"},"inLanguage":"pt-BR","potentialAction":[{"@type":"ReadAction","target":["https:\/\/bahiaeconomica.com.br\/wp\/2019\/10\/02\/senado-aprova-mudanca-que-reduz-em-r-76-bilhoes-economia-com-a-reforma-da-previdencia\/"]}]},{"@type":"BreadcrumbList","@id":"https:\/\/bahiaeconomica.com.br\/wp\/2019\/10\/02\/senado-aprova-mudanca-que-reduz-em-r-76-bilhoes-economia-com-a-reforma-da-previdencia\/#breadcrumb","itemListElement":[{"@type":"ListItem","position":1,"name":"In\u00edcio","item":"https:\/\/bahiaeconomica.com.br\/wp\/"},{"@type":"ListItem","position":2,"name":"SENADO APROVA MUDAN\u00c7A QUE REDUZ EM R$ 76 BILH\u00d5ES ECONOMIA COM A REFORMA DA PREVID\u00caNCIA"}]},{"@type":"WebSite","@id":"https:\/\/bahiaeconomica.com.br\/wp\/#website","url":"https:\/\/bahiaeconomica.com.br\/wp\/","name":"Bahia Economica","description":"O maior portal de Economia da Bahia","publisher":{"@id":"https:\/\/bahiaeconomica.com.br\/wp\/#organization"},"potentialAction":[{"@type":"SearchAction","target":{"@type":"EntryPoint","urlTemplate":"https:\/\/bahiaeconomica.com.br\/wp\/?s={search_term_string}"},"query-input":"required name=search_term_string"}],"inLanguage":"pt-BR"},{"@type":"Organization","@id":"https:\/\/bahiaeconomica.com.br\/wp\/#organization","name":"Bahia Econ\u00f4mica","url":"https:\/\/bahiaeconomica.com.br\/wp\/","logo":{"@type":"ImageObject","inLanguage":"pt-BR","@id":"https:\/\/bahiaeconomica.com.br\/wp\/#\/schema\/logo\/image\/","url":"https:\/\/bahiaeconomica.com.br\/wp\/wp-content\/uploads\/2020\/12\/cropped-BE.png","contentUrl":"https:\/\/bahiaeconomica.com.br\/wp\/wp-content\/uploads\/2020\/12\/cropped-BE.png","width":512,"height":512,"caption":"Bahia Econ\u00f4mica"},"image":{"@id":"https:\/\/bahiaeconomica.com.br\/wp\/#\/schema\/logo\/image\/"},"sameAs":["https:\/\/www.facebook.com\/bahiaeconomica"]},{"@type":"Person","@id":"https:\/\/bahiaeconomica.com.br\/wp\/#\/schema\/person\/cb1ab5ba96ad3d9390805381c76284ec","name":"admin","url":"https:\/\/bahiaeconomica.com.br\/wp\/author\/admin\/"}]}},"views":1,"_links":{"self":[{"href":"https:\/\/bahiaeconomica.com.br\/wp\/wp-json\/wp\/v2\/posts\/401587"}],"collection":[{"href":"https:\/\/bahiaeconomica.com.br\/wp\/wp-json\/wp\/v2\/posts"}],"about":[{"href":"https:\/\/bahiaeconomica.com.br\/wp\/wp-json\/wp\/v2\/types\/post"}],"author":[{"embeddable":true,"href":"https:\/\/bahiaeconomica.com.br\/wp\/wp-json\/wp\/v2\/users\/1"}],"replies":[{"embeddable":true,"href":"https:\/\/bahiaeconomica.com.br\/wp\/wp-json\/wp\/v2\/comments?post=401587"}],"version-history":[{"count":1,"href":"https:\/\/bahiaeconomica.com.br\/wp\/wp-json\/wp\/v2\/posts\/401587\/revisions"}],"predecessor-version":[{"id":401590,"href":"https:\/\/bahiaeconomica.com.br\/wp\/wp-json\/wp\/v2\/posts\/401587\/revisions\/401590"}],"wp:featuredmedia":[{"embeddable":true,"href":"https:\/\/bahiaeconomica.com.br\/wp\/wp-json\/wp\/v2\/media\/398171"}],"wp:attachment":[{"href":"https:\/\/bahiaeconomica.com.br\/wp\/wp-json\/wp\/v2\/media?parent=401587"}],"wp:term":[{"taxonomy":"category","embeddable":true,"href":"https:\/\/bahiaeconomica.com.br\/wp\/wp-json\/wp\/v2\/categories?post=401587"},{"taxonomy":"post_tag","embeddable":true,"href":"https:\/\/bahiaeconomica.com.br\/wp\/wp-json\/wp\/v2\/tags?post=401587"}],"curies":[{"name":"wp","href":"https:\/\/api.w.org\/{rel}","templated":true}]}}