{"id":401274,"date":"2019-10-01T07:18:57","date_gmt":"2019-10-01T10:18:57","guid":{"rendered":"https:\/\/bahiaeconomica.com.br\/wp\/beta\/?p=401274"},"modified":"2019-10-01T07:18:57","modified_gmt":"2019-10-01T10:18:57","slug":"partidos-ampliaram-em-48-os-gastos-com-advogados","status":"publish","type":"post","link":"https:\/\/bahiaeconomica.com.br\/wp\/2019\/10\/01\/partidos-ampliaram-em-48-os-gastos-com-advogados\/","title":{"rendered":"PARTIDOS AMPLIARAM EM 48% OS GASTOS COM ADVOGADOS"},"content":{"rendered":"<p>O pagamento de advogados por partidos cresceu 48% em 2018 em rela\u00e7\u00e3o ao ano anterior \u2013 foi de R$ 34,43 milh\u00f5es para R$ 50,92 milh\u00f5es. Este tipo de despesa foi uma das principais pol\u00eamicas do projeto aprovado recentemente pela C\u00e2mara e transformado em lei na sexta-feira pelo presidente Jair Bolsonaro. A medida permite que um pol\u00edtico acusado de caixa 2 em campanha, por exemplo, tenha seu advogado pago com recursos p\u00fablicos.<\/p>\n<p>Na pr\u00e1tica, a lei liberou os partidos a bancar a defesa de seus filiados, desde que o caso esteja vinculado \u00e0s elei\u00e7\u00f5es. Na lista dos contratados no ano passado est\u00e3o escrit\u00f3rios famosos por defender r\u00e9us da Lava Jato, como o do criminalista Alberto Toron, o de Jos\u00e9 Eduardo Alckmin e o de Jos\u00e9 Roberto Figueiredo Santoro, que negam ter recebido das siglas para atuar nos processos relacionados \u00e0 opera\u00e7\u00e3o. O c\u00e1lculo que mostra o crescimento das despesas com pagamento de advogados em 2018 n\u00e3o leva em conta gastos eleitorais.<\/p>\n<p>A mudan\u00e7a na lei foi uma rea\u00e7\u00e3o da classe pol\u00edtica a decis\u00f5es do Tribunal Superior Eleitoral (TSE), que endureceu o entendimento neste ano sobre o uso de recursos do Fundo Partid\u00e1rio para pagar a defesa de filiados, como mostrou o Estado em maio. O fundo \u00e9 uma esp\u00e9cie de \u201cmesada\u201d com dinheiro p\u00fablico que as siglas recebem para custear despesas do dia a dia, como aluguel de im\u00f3veis, passagens a\u00e9reas, eventos e contrata\u00e7\u00e3o de pessoal.<\/p>\n<p>As restri\u00e7\u00f5es \u00e0 contrata\u00e7\u00e3o de advogados foram discutidas pelo TSE no julgamento das presta\u00e7\u00f5es de contas do PSDB e do PP, referentes ao ano de 2014. No caso dos tucanos, as contas foram aprovadas com ressalvas pelo plen\u00e1rio, que determinou ao partido a devolu\u00e7\u00e3o de R$ 1,1 milh\u00e3o aos cofres p\u00fablicos por uma s\u00e9rie de irregularidades. Entre elas, a contrata\u00e7\u00e3o de um escrit\u00f3rio de advocacia por R$ 187,7 mil para defender o ent\u00e3o governador Geraldo Alckmin (PSDB) em uma a\u00e7\u00e3o eleitoral.<\/p>\n<p>No caso do PP, que teve as contas reprovadas, o partido usou dinheiro p\u00fablico na contrata\u00e7\u00e3o de escrit\u00f3rios para defender o ex-deputado Jo\u00e3o Pizzolatti J\u00fanior (SC), em a\u00e7\u00e3o de improbidade administrativa, al\u00e9m de outros integrantes da legenda investigados em inqu\u00e9ritos. \u201cPercebe-se, portanto, o desvio na utiliza\u00e7\u00e3o dos recursos do Fundo Partid\u00e1rio, uma vez que voltados \u00e0 defesa de particulares, por atos estranhos \u00e0 vida partid\u00e1ria\u201d, disse o ministro Lu\u00eds Roberto Barroso, relator do processo \u00e0 \u00e9poca, no TSE.<\/p>\n<p>O cerco da Corte eleitoral sobre a contrata\u00e7\u00e3o de advogados tinha como objetivo impedir que verbas p\u00fablicas fossem direcionadas para a defesa de pol\u00edticos acusados de corrup\u00e7\u00e3o. A primeira vers\u00e3o do projeto com regras mais brandas para partidos liberava a contrata\u00e7\u00e3o de advogados com dinheiro p\u00fablico para qualquer tipo de a\u00e7\u00e3o. Ap\u00f3s este trecho ser rejeitado pelo Senado, deputados retomaram a permiss\u00e3o, mas com a ressalva de que s\u00f3 valeria em caso de a\u00e7\u00e3o relacionada ao processo eleitoral.<\/p>\n<p>Foto: divulga\u00e7\u00e3o<\/p>\n","protected":false},"excerpt":{"rendered":"<p>O pagamento de advogados por partidos cresceu 48% em 2018 em rela\u00e7\u00e3o ao ano anterior \u2013 foi de R$ 34,43 milh\u00f5es para R$ 50,92 milh\u00f5es. Este tipo de despesa foi uma das principais pol\u00eamicas do projeto aprovado recentemente pela C\u00e2mara e transformado em lei na sexta-feira pelo presidente Jair Bolsonaro. A medida permite que um [&hellip;]<\/p>\n","protected":false},"author":1,"featured_media":399085,"comment_status":"closed","ping_status":"closed","sticky":false,"template":"","format":"standard","meta":[],"categories":[14,3],"tags":[],"acf":[],"yoast_head":"<!-- This site is optimized with the Yoast SEO plugin v20.8 - https:\/\/yoast.com\/wordpress\/plugins\/seo\/ -->\n<title>PARTIDOS AMPLIARAM EM 48% OS GASTOS COM ADVOGADOS - Bahia Economica<\/title>\n<meta name=\"description\" content=\"O maior portal de Economia da Bahia DESTAQUE DO DIA, ECONOMIA \/ POL\u00cdTICA Bahia Economica\" \/>\n<meta name=\"robots\" content=\"index, follow, max-snippet:-1, max-image-preview:large, max-video-preview:-1\" \/>\n<link rel=\"canonical\" href=\"https:\/\/bahiaeconomica.com.br\/wp\/2019\/10\/01\/partidos-ampliaram-em-48-os-gastos-com-advogados\/\" \/>\n<meta property=\"og:locale\" content=\"pt_BR\" \/>\n<meta property=\"og:type\" content=\"article\" \/>\n<meta property=\"og:title\" content=\"PARTIDOS AMPLIARAM EM 48% OS GASTOS COM ADVOGADOS - Bahia Economica\" \/>\n<meta property=\"og:description\" content=\"O maior portal de Economia da Bahia DESTAQUE DO DIA, ECONOMIA \/ POL\u00cdTICA Bahia Economica\" \/>\n<meta property=\"og:url\" content=\"https:\/\/bahiaeconomica.com.br\/wp\/2019\/10\/01\/partidos-ampliaram-em-48-os-gastos-com-advogados\/\" \/>\n<meta property=\"og:site_name\" content=\"Bahia Economica\" \/>\n<meta property=\"article:publisher\" content=\"https:\/\/www.facebook.com\/bahiaeconomica\" \/>\n<meta property=\"article:published_time\" content=\"2019-10-01T10:18:57+00:00\" \/>\n<meta property=\"og:image\" content=\"https:\/\/bahiaeconomica.com.br\/wp\/wp-content\/uploads\/2019\/09\/camara-deputados-e1569013111580.jpg\" \/>\n\t<meta property=\"og:image:width\" content=\"500\" \/>\n\t<meta property=\"og:image:height\" content=\"328\" \/>\n\t<meta property=\"og:image:type\" content=\"image\/jpeg\" \/>\n<meta name=\"author\" content=\"admin\" \/>\n<meta name=\"twitter:card\" content=\"summary_large_image\" \/>\n<meta name=\"twitter:label1\" content=\"Escrito por\" \/>\n\t<meta name=\"twitter:data1\" content=\"admin\" \/>\n\t<meta name=\"twitter:label2\" content=\"Est. tempo de leitura\" \/>\n\t<meta name=\"twitter:data2\" content=\"3 minutos\" \/>\n<script type=\"application\/ld+json\" class=\"yoast-schema-graph\">{\"@context\":\"https:\/\/schema.org\",\"@graph\":[{\"@type\":\"Article\",\"@id\":\"https:\/\/bahiaeconomica.com.br\/wp\/2019\/10\/01\/partidos-ampliaram-em-48-os-gastos-com-advogados\/#article\",\"isPartOf\":{\"@id\":\"https:\/\/bahiaeconomica.com.br\/wp\/2019\/10\/01\/partidos-ampliaram-em-48-os-gastos-com-advogados\/\"},\"author\":{\"name\":\"admin\",\"@id\":\"https:\/\/bahiaeconomica.com.br\/wp\/#\/schema\/person\/cb1ab5ba96ad3d9390805381c76284ec\"},\"headline\":\"PARTIDOS AMPLIARAM EM 48% OS GASTOS COM ADVOGADOS\",\"datePublished\":\"2019-10-01T10:18:57+00:00\",\"dateModified\":\"2019-10-01T10:18:57+00:00\",\"mainEntityOfPage\":{\"@id\":\"https:\/\/bahiaeconomica.com.br\/wp\/2019\/10\/01\/partidos-ampliaram-em-48-os-gastos-com-advogados\/\"},\"wordCount\":526,\"publisher\":{\"@id\":\"https:\/\/bahiaeconomica.com.br\/wp\/#organization\"},\"articleSection\":[\"DESTAQUE DO DIA\",\"ECONOMIA \/ POL\u00cdTICA\"],\"inLanguage\":\"pt-BR\"},{\"@type\":\"WebPage\",\"@id\":\"https:\/\/bahiaeconomica.com.br\/wp\/2019\/10\/01\/partidos-ampliaram-em-48-os-gastos-com-advogados\/\",\"url\":\"https:\/\/bahiaeconomica.com.br\/wp\/2019\/10\/01\/partidos-ampliaram-em-48-os-gastos-com-advogados\/\",\"name\":\"PARTIDOS AMPLIARAM EM 48% OS GASTOS COM ADVOGADOS - Bahia Economica\",\"isPartOf\":{\"@id\":\"https:\/\/bahiaeconomica.com.br\/wp\/#website\"},\"datePublished\":\"2019-10-01T10:18:57+00:00\",\"dateModified\":\"2019-10-01T10:18:57+00:00\",\"description\":\"O maior portal de Economia da Bahia DESTAQUE DO DIA, ECONOMIA \/ POL\u00cdTICA Bahia Economica\",\"breadcrumb\":{\"@id\":\"https:\/\/bahiaeconomica.com.br\/wp\/2019\/10\/01\/partidos-ampliaram-em-48-os-gastos-com-advogados\/#breadcrumb\"},\"inLanguage\":\"pt-BR\",\"potentialAction\":[{\"@type\":\"ReadAction\",\"target\":[\"https:\/\/bahiaeconomica.com.br\/wp\/2019\/10\/01\/partidos-ampliaram-em-48-os-gastos-com-advogados\/\"]}]},{\"@type\":\"BreadcrumbList\",\"@id\":\"https:\/\/bahiaeconomica.com.br\/wp\/2019\/10\/01\/partidos-ampliaram-em-48-os-gastos-com-advogados\/#breadcrumb\",\"itemListElement\":[{\"@type\":\"ListItem\",\"position\":1,\"name\":\"In\u00edcio\",\"item\":\"https:\/\/bahiaeconomica.com.br\/wp\/\"},{\"@type\":\"ListItem\",\"position\":2,\"name\":\"PARTIDOS AMPLIARAM EM 48% OS GASTOS COM ADVOGADOS\"}]},{\"@type\":\"WebSite\",\"@id\":\"https:\/\/bahiaeconomica.com.br\/wp\/#website\",\"url\":\"https:\/\/bahiaeconomica.com.br\/wp\/\",\"name\":\"Bahia Economica\",\"description\":\"O maior portal de Economia da Bahia\",\"publisher\":{\"@id\":\"https:\/\/bahiaeconomica.com.br\/wp\/#organization\"},\"potentialAction\":[{\"@type\":\"SearchAction\",\"target\":{\"@type\":\"EntryPoint\",\"urlTemplate\":\"https:\/\/bahiaeconomica.com.br\/wp\/?s={search_term_string}\"},\"query-input\":\"required name=search_term_string\"}],\"inLanguage\":\"pt-BR\"},{\"@type\":\"Organization\",\"@id\":\"https:\/\/bahiaeconomica.com.br\/wp\/#organization\",\"name\":\"Bahia Econ\u00f4mica\",\"url\":\"https:\/\/bahiaeconomica.com.br\/wp\/\",\"logo\":{\"@type\":\"ImageObject\",\"inLanguage\":\"pt-BR\",\"@id\":\"https:\/\/bahiaeconomica.com.br\/wp\/#\/schema\/logo\/image\/\",\"url\":\"https:\/\/bahiaeconomica.com.br\/wp\/wp-content\/uploads\/2020\/12\/cropped-BE.png\",\"contentUrl\":\"https:\/\/bahiaeconomica.com.br\/wp\/wp-content\/uploads\/2020\/12\/cropped-BE.png\",\"width\":512,\"height\":512,\"caption\":\"Bahia Econ\u00f4mica\"},\"image\":{\"@id\":\"https:\/\/bahiaeconomica.com.br\/wp\/#\/schema\/logo\/image\/\"},\"sameAs\":[\"https:\/\/www.facebook.com\/bahiaeconomica\"]},{\"@type\":\"Person\",\"@id\":\"https:\/\/bahiaeconomica.com.br\/wp\/#\/schema\/person\/cb1ab5ba96ad3d9390805381c76284ec\",\"name\":\"admin\",\"url\":\"https:\/\/bahiaeconomica.com.br\/wp\/author\/admin\/\"}]}<\/script>\n<!-- \/ Yoast SEO plugin. -->","yoast_head_json":{"title":"PARTIDOS AMPLIARAM EM 48% OS GASTOS COM ADVOGADOS - Bahia Economica","description":"O maior portal de Economia da Bahia DESTAQUE DO DIA, ECONOMIA \/ POL\u00cdTICA Bahia Economica","robots":{"index":"index","follow":"follow","max-snippet":"max-snippet:-1","max-image-preview":"max-image-preview:large","max-video-preview":"max-video-preview:-1"},"canonical":"https:\/\/bahiaeconomica.com.br\/wp\/2019\/10\/01\/partidos-ampliaram-em-48-os-gastos-com-advogados\/","og_locale":"pt_BR","og_type":"article","og_title":"PARTIDOS AMPLIARAM EM 48% OS GASTOS COM ADVOGADOS - Bahia Economica","og_description":"O maior portal de Economia da Bahia DESTAQUE DO DIA, ECONOMIA \/ POL\u00cdTICA Bahia Economica","og_url":"https:\/\/bahiaeconomica.com.br\/wp\/2019\/10\/01\/partidos-ampliaram-em-48-os-gastos-com-advogados\/","og_site_name":"Bahia Economica","article_publisher":"https:\/\/www.facebook.com\/bahiaeconomica","article_published_time":"2019-10-01T10:18:57+00:00","og_image":[{"width":500,"height":328,"url":"https:\/\/bahiaeconomica.com.br\/wp\/wp-content\/uploads\/2019\/09\/camara-deputados-e1569013111580.jpg","type":"image\/jpeg"}],"author":"admin","twitter_card":"summary_large_image","twitter_misc":{"Escrito por":"admin","Est. tempo de leitura":"3 minutos"},"schema":{"@context":"https:\/\/schema.org","@graph":[{"@type":"Article","@id":"https:\/\/bahiaeconomica.com.br\/wp\/2019\/10\/01\/partidos-ampliaram-em-48-os-gastos-com-advogados\/#article","isPartOf":{"@id":"https:\/\/bahiaeconomica.com.br\/wp\/2019\/10\/01\/partidos-ampliaram-em-48-os-gastos-com-advogados\/"},"author":{"name":"admin","@id":"https:\/\/bahiaeconomica.com.br\/wp\/#\/schema\/person\/cb1ab5ba96ad3d9390805381c76284ec"},"headline":"PARTIDOS AMPLIARAM EM 48% OS GASTOS COM ADVOGADOS","datePublished":"2019-10-01T10:18:57+00:00","dateModified":"2019-10-01T10:18:57+00:00","mainEntityOfPage":{"@id":"https:\/\/bahiaeconomica.com.br\/wp\/2019\/10\/01\/partidos-ampliaram-em-48-os-gastos-com-advogados\/"},"wordCount":526,"publisher":{"@id":"https:\/\/bahiaeconomica.com.br\/wp\/#organization"},"articleSection":["DESTAQUE DO DIA","ECONOMIA \/ POL\u00cdTICA"],"inLanguage":"pt-BR"},{"@type":"WebPage","@id":"https:\/\/bahiaeconomica.com.br\/wp\/2019\/10\/01\/partidos-ampliaram-em-48-os-gastos-com-advogados\/","url":"https:\/\/bahiaeconomica.com.br\/wp\/2019\/10\/01\/partidos-ampliaram-em-48-os-gastos-com-advogados\/","name":"PARTIDOS AMPLIARAM EM 48% OS GASTOS COM ADVOGADOS - Bahia Economica","isPartOf":{"@id":"https:\/\/bahiaeconomica.com.br\/wp\/#website"},"datePublished":"2019-10-01T10:18:57+00:00","dateModified":"2019-10-01T10:18:57+00:00","description":"O maior portal de Economia da Bahia DESTAQUE DO DIA, ECONOMIA \/ POL\u00cdTICA Bahia Economica","breadcrumb":{"@id":"https:\/\/bahiaeconomica.com.br\/wp\/2019\/10\/01\/partidos-ampliaram-em-48-os-gastos-com-advogados\/#breadcrumb"},"inLanguage":"pt-BR","potentialAction":[{"@type":"ReadAction","target":["https:\/\/bahiaeconomica.com.br\/wp\/2019\/10\/01\/partidos-ampliaram-em-48-os-gastos-com-advogados\/"]}]},{"@type":"BreadcrumbList","@id":"https:\/\/bahiaeconomica.com.br\/wp\/2019\/10\/01\/partidos-ampliaram-em-48-os-gastos-com-advogados\/#breadcrumb","itemListElement":[{"@type":"ListItem","position":1,"name":"In\u00edcio","item":"https:\/\/bahiaeconomica.com.br\/wp\/"},{"@type":"ListItem","position":2,"name":"PARTIDOS AMPLIARAM EM 48% OS GASTOS COM ADVOGADOS"}]},{"@type":"WebSite","@id":"https:\/\/bahiaeconomica.com.br\/wp\/#website","url":"https:\/\/bahiaeconomica.com.br\/wp\/","name":"Bahia Economica","description":"O maior portal de Economia da Bahia","publisher":{"@id":"https:\/\/bahiaeconomica.com.br\/wp\/#organization"},"potentialAction":[{"@type":"SearchAction","target":{"@type":"EntryPoint","urlTemplate":"https:\/\/bahiaeconomica.com.br\/wp\/?s={search_term_string}"},"query-input":"required name=search_term_string"}],"inLanguage":"pt-BR"},{"@type":"Organization","@id":"https:\/\/bahiaeconomica.com.br\/wp\/#organization","name":"Bahia Econ\u00f4mica","url":"https:\/\/bahiaeconomica.com.br\/wp\/","logo":{"@type":"ImageObject","inLanguage":"pt-BR","@id":"https:\/\/bahiaeconomica.com.br\/wp\/#\/schema\/logo\/image\/","url":"https:\/\/bahiaeconomica.com.br\/wp\/wp-content\/uploads\/2020\/12\/cropped-BE.png","contentUrl":"https:\/\/bahiaeconomica.com.br\/wp\/wp-content\/uploads\/2020\/12\/cropped-BE.png","width":512,"height":512,"caption":"Bahia Econ\u00f4mica"},"image":{"@id":"https:\/\/bahiaeconomica.com.br\/wp\/#\/schema\/logo\/image\/"},"sameAs":["https:\/\/www.facebook.com\/bahiaeconomica"]},{"@type":"Person","@id":"https:\/\/bahiaeconomica.com.br\/wp\/#\/schema\/person\/cb1ab5ba96ad3d9390805381c76284ec","name":"admin","url":"https:\/\/bahiaeconomica.com.br\/wp\/author\/admin\/"}]}},"views":2,"_links":{"self":[{"href":"https:\/\/bahiaeconomica.com.br\/wp\/wp-json\/wp\/v2\/posts\/401274"}],"collection":[{"href":"https:\/\/bahiaeconomica.com.br\/wp\/wp-json\/wp\/v2\/posts"}],"about":[{"href":"https:\/\/bahiaeconomica.com.br\/wp\/wp-json\/wp\/v2\/types\/post"}],"author":[{"embeddable":true,"href":"https:\/\/bahiaeconomica.com.br\/wp\/wp-json\/wp\/v2\/users\/1"}],"replies":[{"embeddable":true,"href":"https:\/\/bahiaeconomica.com.br\/wp\/wp-json\/wp\/v2\/comments?post=401274"}],"version-history":[{"count":1,"href":"https:\/\/bahiaeconomica.com.br\/wp\/wp-json\/wp\/v2\/posts\/401274\/revisions"}],"predecessor-version":[{"id":401275,"href":"https:\/\/bahiaeconomica.com.br\/wp\/wp-json\/wp\/v2\/posts\/401274\/revisions\/401275"}],"wp:featuredmedia":[{"embeddable":true,"href":"https:\/\/bahiaeconomica.com.br\/wp\/wp-json\/wp\/v2\/media\/399085"}],"wp:attachment":[{"href":"https:\/\/bahiaeconomica.com.br\/wp\/wp-json\/wp\/v2\/media?parent=401274"}],"wp:term":[{"taxonomy":"category","embeddable":true,"href":"https:\/\/bahiaeconomica.com.br\/wp\/wp-json\/wp\/v2\/categories?post=401274"},{"taxonomy":"post_tag","embeddable":true,"href":"https:\/\/bahiaeconomica.com.br\/wp\/wp-json\/wp\/v2\/tags?post=401274"}],"curies":[{"name":"wp","href":"https:\/\/api.w.org\/{rel}","templated":true}]}}