{"id":400734,"date":"2019-09-27T17:30:20","date_gmt":"2019-09-27T20:30:20","guid":{"rendered":"https:\/\/bahiaeconomica.com.br\/wp\/beta\/?p=400734"},"modified":"2019-09-27T17:11:31","modified_gmt":"2019-09-27T20:11:31","slug":"obras-da-prefeitura-contribuem-para-geracao-de-empregos","status":"publish","type":"post","link":"https:\/\/bahiaeconomica.com.br\/wp\/2019\/09\/27\/obras-da-prefeitura-contribuem-para-geracao-de-empregos\/","title":{"rendered":"OBRAS DA PREFEITURA CONTRIBUEM PARA GERA\u00c7\u00c3O DE EMPREGOS"},"content":{"rendered":"<p>O segmento de constru\u00e7\u00e3o civil em Salvador tem se destacado por empregar um volume expressivo de trabalhadores, muito desses residentes de comunidades carentes. A capital baiana registrou a cria\u00e7\u00e3o de 6.436 vagas com carteira assinada no acumulado dos \u00faltimos 12 meses terminados em agosto, sendo que 4.199 vagas foram geradas apenas por este setor. Os n\u00fameros s\u00e3o do Cadastro Geral de Empregados e Desempregados (Caged), do Minist\u00e9rio do Trabalho, divulgados esta semana.<\/p>\n<p>O dado \u00e9 o reflexo de que Salvador se tornou um verdadeiro canteiro de obras, resultado de investimentos p\u00fablicos e privados que proporcionam desenvolvimento social e econ\u00f4mico da cidade. Ali\u00e1s, n\u00e3o s\u00f3 melhorias estruturais como tamb\u00e9m a ocupa\u00e7\u00e3o de postos de trabalho com m\u00e3o de obra local t\u00eam sido a t\u00f4nica de diversos projetos geridos pela Prefeitura.<\/p>\n<p>De um ano para c\u00e1, duas iniciativas municipais t\u00eam ajudado a alavancar a gera\u00e7\u00e3o de emprego e renda no segmento da constru\u00e7\u00e3o civil. Uma delas \u00e9 a obra da primeira etapa do BRT, que est\u00e1 em andamento no trecho entre o Shopping da Bahia e Parque da Cidade. Atualmente, ela emprega 753 pessoas, dando prioridade a moradores dos bairros do entorno por onde o novo modal ir\u00e1 circular. J\u00e1 o Centro de Conven\u00e7\u00f5es de Salvador, previsto para ser inaugurado em dezembro, na orla da Boca do Rio, conta com mais de 450 trabalhadores.<\/p>\n<p>Outro bom exemplo \u00e9 Morar Melhor, programa que j\u00e1 reformou cerca de 25 mil casas que estavam em situa\u00e7\u00e3o prec\u00e1ria, em mais de 100 localidades carentes da cidade. Em muitas ocasi\u00f5es, os servi\u00e7os de melhorias habitacionais que s\u00e3o feitos atrav\u00e9s da iniciativa (como reboco, pintura e troca de esquadrias) s\u00e3o executados pelos pr\u00f3prios pedreiros e ajudantes que residem nas localidades beneficiadas.<\/p>\n<p>Situa\u00e7\u00e3o semelhante aconteceu durante as obras do conjunto habitacional Guerreira Zeferina, a antiga Cidade de Pl\u00e1stico, em Periperi, quando alguns moradores foram contratados pela empresa vencedora da licita\u00e7\u00e3o para a constru\u00e7\u00e3o de im\u00f3veis na \u00e1rea.<\/p>\n<p>Capacita\u00e7\u00e3o &#8211; Recentemente, a Prefeitura tamb\u00e9m lan\u00e7ou o projeto-piloto Marias na Constru\u00e7\u00e3o, uma pol\u00edtica p\u00fablica com intuito de desenvolver a\u00e7\u00f5es de aperfei\u00e7oamento, qualifica\u00e7\u00e3o e coloca\u00e7\u00e3o profissional por meio de cursos livres e gratuitos voltados, exclusivamente, para o p\u00fablico feminino na \u00e1rea da constru\u00e7\u00e3o civil. O principal objetivo \u00e9 formar tecnicamente mulheres capazes de encarar o mercado de trabalho, al\u00e9m de dar autonomia financeira a elas.<\/p>\n<p>&nbsp;<\/p>\n<p>Foto: Bruno Concha\/Secom-Pms<\/p>\n","protected":false},"excerpt":{"rendered":"<p>O segmento de constru\u00e7\u00e3o civil em Salvador tem se destacado por empregar um volume expressivo de trabalhadores, muito desses residentes de comunidades carentes. A capital baiana registrou a cria\u00e7\u00e3o de 6.436 vagas com carteira assinada no acumulado dos \u00faltimos 12 meses terminados em agosto, sendo que 4.199 vagas foram geradas apenas por este setor. Os [&hellip;]<\/p>\n","protected":false},"author":1,"featured_media":400735,"comment_status":"closed","ping_status":"closed","sticky":false,"template":"","format":"standard","meta":[],"categories":[14,3],"tags":[],"acf":[],"yoast_head":"<!-- This site is optimized with the Yoast SEO plugin v20.8 - https:\/\/yoast.com\/wordpress\/plugins\/seo\/ -->\n<title>OBRAS DA PREFEITURA CONTRIBUEM PARA GERA\u00c7\u00c3O DE EMPREGOS - Bahia Economica<\/title>\n<meta name=\"description\" content=\"O maior portal de Economia da Bahia DESTAQUE DO DIA, ECONOMIA \/ POL\u00cdTICA Bahia Economica\" \/>\n<meta name=\"robots\" content=\"index, follow, max-snippet:-1, max-image-preview:large, max-video-preview:-1\" \/>\n<link rel=\"canonical\" href=\"https:\/\/bahiaeconomica.com.br\/wp\/2019\/09\/27\/obras-da-prefeitura-contribuem-para-geracao-de-empregos\/\" \/>\n<meta property=\"og:locale\" content=\"pt_BR\" \/>\n<meta property=\"og:type\" content=\"article\" \/>\n<meta property=\"og:title\" content=\"OBRAS DA PREFEITURA CONTRIBUEM PARA GERA\u00c7\u00c3O DE EMPREGOS - Bahia Economica\" \/>\n<meta property=\"og:description\" content=\"O maior portal de Economia da Bahia DESTAQUE DO DIA, ECONOMIA \/ POL\u00cdTICA Bahia Economica\" \/>\n<meta property=\"og:url\" content=\"https:\/\/bahiaeconomica.com.br\/wp\/2019\/09\/27\/obras-da-prefeitura-contribuem-para-geracao-de-empregos\/\" \/>\n<meta property=\"og:site_name\" content=\"Bahia Economica\" \/>\n<meta property=\"article:publisher\" content=\"https:\/\/www.facebook.com\/bahiaeconomica\" \/>\n<meta property=\"article:published_time\" content=\"2019-09-27T20:30:20+00:00\" \/>\n<meta property=\"article:modified_time\" content=\"2019-09-27T20:11:31+00:00\" \/>\n<meta property=\"og:image\" content=\"https:\/\/bahiaeconomica.com.br\/wp\/wp-content\/uploads\/2019\/09\/constru\u00e7\u00e3o-civil-e1569615066642.jpg\" \/>\n\t<meta property=\"og:image:width\" content=\"500\" \/>\n\t<meta property=\"og:image:height\" content=\"333\" \/>\n\t<meta property=\"og:image:type\" content=\"image\/jpeg\" \/>\n<meta name=\"author\" content=\"admin\" \/>\n<meta name=\"twitter:card\" content=\"summary_large_image\" \/>\n<meta name=\"twitter:label1\" content=\"Escrito por\" \/>\n\t<meta name=\"twitter:data1\" content=\"admin\" \/>\n\t<meta name=\"twitter:label2\" content=\"Est. tempo de leitura\" \/>\n\t<meta name=\"twitter:data2\" content=\"2 minutos\" \/>\n<script type=\"application\/ld+json\" class=\"yoast-schema-graph\">{\"@context\":\"https:\/\/schema.org\",\"@graph\":[{\"@type\":\"Article\",\"@id\":\"https:\/\/bahiaeconomica.com.br\/wp\/2019\/09\/27\/obras-da-prefeitura-contribuem-para-geracao-de-empregos\/#article\",\"isPartOf\":{\"@id\":\"https:\/\/bahiaeconomica.com.br\/wp\/2019\/09\/27\/obras-da-prefeitura-contribuem-para-geracao-de-empregos\/\"},\"author\":{\"name\":\"admin\",\"@id\":\"https:\/\/bahiaeconomica.com.br\/wp\/#\/schema\/person\/cb1ab5ba96ad3d9390805381c76284ec\"},\"headline\":\"OBRAS DA PREFEITURA CONTRIBUEM PARA GERA\u00c7\u00c3O DE EMPREGOS\",\"datePublished\":\"2019-09-27T20:30:20+00:00\",\"dateModified\":\"2019-09-27T20:11:31+00:00\",\"mainEntityOfPage\":{\"@id\":\"https:\/\/bahiaeconomica.com.br\/wp\/2019\/09\/27\/obras-da-prefeitura-contribuem-para-geracao-de-empregos\/\"},\"wordCount\":430,\"publisher\":{\"@id\":\"https:\/\/bahiaeconomica.com.br\/wp\/#organization\"},\"articleSection\":[\"DESTAQUE DO DIA\",\"ECONOMIA \/ POL\u00cdTICA\"],\"inLanguage\":\"pt-BR\"},{\"@type\":\"WebPage\",\"@id\":\"https:\/\/bahiaeconomica.com.br\/wp\/2019\/09\/27\/obras-da-prefeitura-contribuem-para-geracao-de-empregos\/\",\"url\":\"https:\/\/bahiaeconomica.com.br\/wp\/2019\/09\/27\/obras-da-prefeitura-contribuem-para-geracao-de-empregos\/\",\"name\":\"OBRAS DA PREFEITURA CONTRIBUEM PARA GERA\u00c7\u00c3O DE EMPREGOS - Bahia Economica\",\"isPartOf\":{\"@id\":\"https:\/\/bahiaeconomica.com.br\/wp\/#website\"},\"datePublished\":\"2019-09-27T20:30:20+00:00\",\"dateModified\":\"2019-09-27T20:11:31+00:00\",\"description\":\"O maior portal de Economia da Bahia DESTAQUE DO DIA, ECONOMIA \/ POL\u00cdTICA Bahia Economica\",\"breadcrumb\":{\"@id\":\"https:\/\/bahiaeconomica.com.br\/wp\/2019\/09\/27\/obras-da-prefeitura-contribuem-para-geracao-de-empregos\/#breadcrumb\"},\"inLanguage\":\"pt-BR\",\"potentialAction\":[{\"@type\":\"ReadAction\",\"target\":[\"https:\/\/bahiaeconomica.com.br\/wp\/2019\/09\/27\/obras-da-prefeitura-contribuem-para-geracao-de-empregos\/\"]}]},{\"@type\":\"BreadcrumbList\",\"@id\":\"https:\/\/bahiaeconomica.com.br\/wp\/2019\/09\/27\/obras-da-prefeitura-contribuem-para-geracao-de-empregos\/#breadcrumb\",\"itemListElement\":[{\"@type\":\"ListItem\",\"position\":1,\"name\":\"In\u00edcio\",\"item\":\"https:\/\/bahiaeconomica.com.br\/wp\/\"},{\"@type\":\"ListItem\",\"position\":2,\"name\":\"OBRAS DA PREFEITURA CONTRIBUEM PARA GERA\u00c7\u00c3O DE EMPREGOS\"}]},{\"@type\":\"WebSite\",\"@id\":\"https:\/\/bahiaeconomica.com.br\/wp\/#website\",\"url\":\"https:\/\/bahiaeconomica.com.br\/wp\/\",\"name\":\"Bahia Economica\",\"description\":\"O maior portal de Economia da Bahia\",\"publisher\":{\"@id\":\"https:\/\/bahiaeconomica.com.br\/wp\/#organization\"},\"potentialAction\":[{\"@type\":\"SearchAction\",\"target\":{\"@type\":\"EntryPoint\",\"urlTemplate\":\"https:\/\/bahiaeconomica.com.br\/wp\/?s={search_term_string}\"},\"query-input\":\"required name=search_term_string\"}],\"inLanguage\":\"pt-BR\"},{\"@type\":\"Organization\",\"@id\":\"https:\/\/bahiaeconomica.com.br\/wp\/#organization\",\"name\":\"Bahia Econ\u00f4mica\",\"url\":\"https:\/\/bahiaeconomica.com.br\/wp\/\",\"logo\":{\"@type\":\"ImageObject\",\"inLanguage\":\"pt-BR\",\"@id\":\"https:\/\/bahiaeconomica.com.br\/wp\/#\/schema\/logo\/image\/\",\"url\":\"https:\/\/bahiaeconomica.com.br\/wp\/wp-content\/uploads\/2020\/12\/cropped-BE.png\",\"contentUrl\":\"https:\/\/bahiaeconomica.com.br\/wp\/wp-content\/uploads\/2020\/12\/cropped-BE.png\",\"width\":512,\"height\":512,\"caption\":\"Bahia Econ\u00f4mica\"},\"image\":{\"@id\":\"https:\/\/bahiaeconomica.com.br\/wp\/#\/schema\/logo\/image\/\"},\"sameAs\":[\"https:\/\/www.facebook.com\/bahiaeconomica\"]},{\"@type\":\"Person\",\"@id\":\"https:\/\/bahiaeconomica.com.br\/wp\/#\/schema\/person\/cb1ab5ba96ad3d9390805381c76284ec\",\"name\":\"admin\",\"url\":\"https:\/\/bahiaeconomica.com.br\/wp\/author\/admin\/\"}]}<\/script>\n<!-- \/ Yoast SEO plugin. -->","yoast_head_json":{"title":"OBRAS DA PREFEITURA CONTRIBUEM PARA GERA\u00c7\u00c3O DE EMPREGOS - Bahia Economica","description":"O maior portal de Economia da Bahia DESTAQUE DO DIA, ECONOMIA \/ POL\u00cdTICA Bahia Economica","robots":{"index":"index","follow":"follow","max-snippet":"max-snippet:-1","max-image-preview":"max-image-preview:large","max-video-preview":"max-video-preview:-1"},"canonical":"https:\/\/bahiaeconomica.com.br\/wp\/2019\/09\/27\/obras-da-prefeitura-contribuem-para-geracao-de-empregos\/","og_locale":"pt_BR","og_type":"article","og_title":"OBRAS DA PREFEITURA CONTRIBUEM PARA GERA\u00c7\u00c3O DE EMPREGOS - Bahia Economica","og_description":"O maior portal de Economia da Bahia DESTAQUE DO DIA, ECONOMIA \/ POL\u00cdTICA Bahia Economica","og_url":"https:\/\/bahiaeconomica.com.br\/wp\/2019\/09\/27\/obras-da-prefeitura-contribuem-para-geracao-de-empregos\/","og_site_name":"Bahia Economica","article_publisher":"https:\/\/www.facebook.com\/bahiaeconomica","article_published_time":"2019-09-27T20:30:20+00:00","article_modified_time":"2019-09-27T20:11:31+00:00","og_image":[{"width":500,"height":333,"url":"https:\/\/bahiaeconomica.com.br\/wp\/wp-content\/uploads\/2019\/09\/constru\u00e7\u00e3o-civil-e1569615066642.jpg","type":"image\/jpeg"}],"author":"admin","twitter_card":"summary_large_image","twitter_misc":{"Escrito por":"admin","Est. tempo de leitura":"2 minutos"},"schema":{"@context":"https:\/\/schema.org","@graph":[{"@type":"Article","@id":"https:\/\/bahiaeconomica.com.br\/wp\/2019\/09\/27\/obras-da-prefeitura-contribuem-para-geracao-de-empregos\/#article","isPartOf":{"@id":"https:\/\/bahiaeconomica.com.br\/wp\/2019\/09\/27\/obras-da-prefeitura-contribuem-para-geracao-de-empregos\/"},"author":{"name":"admin","@id":"https:\/\/bahiaeconomica.com.br\/wp\/#\/schema\/person\/cb1ab5ba96ad3d9390805381c76284ec"},"headline":"OBRAS DA PREFEITURA CONTRIBUEM PARA GERA\u00c7\u00c3O DE EMPREGOS","datePublished":"2019-09-27T20:30:20+00:00","dateModified":"2019-09-27T20:11:31+00:00","mainEntityOfPage":{"@id":"https:\/\/bahiaeconomica.com.br\/wp\/2019\/09\/27\/obras-da-prefeitura-contribuem-para-geracao-de-empregos\/"},"wordCount":430,"publisher":{"@id":"https:\/\/bahiaeconomica.com.br\/wp\/#organization"},"articleSection":["DESTAQUE DO DIA","ECONOMIA \/ POL\u00cdTICA"],"inLanguage":"pt-BR"},{"@type":"WebPage","@id":"https:\/\/bahiaeconomica.com.br\/wp\/2019\/09\/27\/obras-da-prefeitura-contribuem-para-geracao-de-empregos\/","url":"https:\/\/bahiaeconomica.com.br\/wp\/2019\/09\/27\/obras-da-prefeitura-contribuem-para-geracao-de-empregos\/","name":"OBRAS DA PREFEITURA CONTRIBUEM PARA GERA\u00c7\u00c3O DE EMPREGOS - Bahia Economica","isPartOf":{"@id":"https:\/\/bahiaeconomica.com.br\/wp\/#website"},"datePublished":"2019-09-27T20:30:20+00:00","dateModified":"2019-09-27T20:11:31+00:00","description":"O maior portal de Economia da Bahia DESTAQUE DO DIA, ECONOMIA \/ POL\u00cdTICA Bahia Economica","breadcrumb":{"@id":"https:\/\/bahiaeconomica.com.br\/wp\/2019\/09\/27\/obras-da-prefeitura-contribuem-para-geracao-de-empregos\/#breadcrumb"},"inLanguage":"pt-BR","potentialAction":[{"@type":"ReadAction","target":["https:\/\/bahiaeconomica.com.br\/wp\/2019\/09\/27\/obras-da-prefeitura-contribuem-para-geracao-de-empregos\/"]}]},{"@type":"BreadcrumbList","@id":"https:\/\/bahiaeconomica.com.br\/wp\/2019\/09\/27\/obras-da-prefeitura-contribuem-para-geracao-de-empregos\/#breadcrumb","itemListElement":[{"@type":"ListItem","position":1,"name":"In\u00edcio","item":"https:\/\/bahiaeconomica.com.br\/wp\/"},{"@type":"ListItem","position":2,"name":"OBRAS DA PREFEITURA CONTRIBUEM PARA GERA\u00c7\u00c3O DE EMPREGOS"}]},{"@type":"WebSite","@id":"https:\/\/bahiaeconomica.com.br\/wp\/#website","url":"https:\/\/bahiaeconomica.com.br\/wp\/","name":"Bahia Economica","description":"O maior portal de Economia da Bahia","publisher":{"@id":"https:\/\/bahiaeconomica.com.br\/wp\/#organization"},"potentialAction":[{"@type":"SearchAction","target":{"@type":"EntryPoint","urlTemplate":"https:\/\/bahiaeconomica.com.br\/wp\/?s={search_term_string}"},"query-input":"required name=search_term_string"}],"inLanguage":"pt-BR"},{"@type":"Organization","@id":"https:\/\/bahiaeconomica.com.br\/wp\/#organization","name":"Bahia Econ\u00f4mica","url":"https:\/\/bahiaeconomica.com.br\/wp\/","logo":{"@type":"ImageObject","inLanguage":"pt-BR","@id":"https:\/\/bahiaeconomica.com.br\/wp\/#\/schema\/logo\/image\/","url":"https:\/\/bahiaeconomica.com.br\/wp\/wp-content\/uploads\/2020\/12\/cropped-BE.png","contentUrl":"https:\/\/bahiaeconomica.com.br\/wp\/wp-content\/uploads\/2020\/12\/cropped-BE.png","width":512,"height":512,"caption":"Bahia Econ\u00f4mica"},"image":{"@id":"https:\/\/bahiaeconomica.com.br\/wp\/#\/schema\/logo\/image\/"},"sameAs":["https:\/\/www.facebook.com\/bahiaeconomica"]},{"@type":"Person","@id":"https:\/\/bahiaeconomica.com.br\/wp\/#\/schema\/person\/cb1ab5ba96ad3d9390805381c76284ec","name":"admin","url":"https:\/\/bahiaeconomica.com.br\/wp\/author\/admin\/"}]}},"views":0,"_links":{"self":[{"href":"https:\/\/bahiaeconomica.com.br\/wp\/wp-json\/wp\/v2\/posts\/400734"}],"collection":[{"href":"https:\/\/bahiaeconomica.com.br\/wp\/wp-json\/wp\/v2\/posts"}],"about":[{"href":"https:\/\/bahiaeconomica.com.br\/wp\/wp-json\/wp\/v2\/types\/post"}],"author":[{"embeddable":true,"href":"https:\/\/bahiaeconomica.com.br\/wp\/wp-json\/wp\/v2\/users\/1"}],"replies":[{"embeddable":true,"href":"https:\/\/bahiaeconomica.com.br\/wp\/wp-json\/wp\/v2\/comments?post=400734"}],"version-history":[{"count":1,"href":"https:\/\/bahiaeconomica.com.br\/wp\/wp-json\/wp\/v2\/posts\/400734\/revisions"}],"predecessor-version":[{"id":400736,"href":"https:\/\/bahiaeconomica.com.br\/wp\/wp-json\/wp\/v2\/posts\/400734\/revisions\/400736"}],"wp:featuredmedia":[{"embeddable":true,"href":"https:\/\/bahiaeconomica.com.br\/wp\/wp-json\/wp\/v2\/media\/400735"}],"wp:attachment":[{"href":"https:\/\/bahiaeconomica.com.br\/wp\/wp-json\/wp\/v2\/media?parent=400734"}],"wp:term":[{"taxonomy":"category","embeddable":true,"href":"https:\/\/bahiaeconomica.com.br\/wp\/wp-json\/wp\/v2\/categories?post=400734"},{"taxonomy":"post_tag","embeddable":true,"href":"https:\/\/bahiaeconomica.com.br\/wp\/wp-json\/wp\/v2\/tags?post=400734"}],"curies":[{"name":"wp","href":"https:\/\/api.w.org\/{rel}","templated":true}]}}