{"id":399330,"date":"2019-09-23T08:52:20","date_gmt":"2019-09-23T11:52:20","guid":{"rendered":"https:\/\/bahiaeconomica.com.br\/wp\/beta\/?p=399330"},"modified":"2019-09-23T08:53:41","modified_gmt":"2019-09-23T11:53:41","slug":"confianca-do-consumidor-sobe-e-pode-ter-relacao-com-saques-do-fgts","status":"publish","type":"post","link":"https:\/\/bahiaeconomica.com.br\/wp\/2019\/09\/23\/confianca-do-consumidor-sobe-e-pode-ter-relacao-com-saques-do-fgts\/","title":{"rendered":"CONFIAN\u00c7A DO CONSUMIDOR SOBE AP\u00d3S SAQUES DO FGTS"},"content":{"rendered":"<p>A confian\u00e7a do consumidor, pedida pela Funda\u00e7\u00e3o Getulio Vargas (FGV), subiu 0,5 ponto em setembro, para 89,7 pontos, registrando o maior n\u00edvel desde mar\u00e7o (91 pontos). O resultado do m\u00eas \u00e9 t\u00edmido e sucede a alta de 1,1 ponto no m\u00eas anterior, o que gera discreta tend\u00eancia ascendente no terceiro trimestre, aponta a FGV.<\/p>\n<p>Segundo Viviane Seda Bittencourt, coordenadora das sondagens da FGV, a alta da confian\u00e7a foi influenciada pelo maior \u00edmpeto em rela\u00e7\u00e3o \u00e0s compras nos pr\u00f3ximos meses, tend\u00eancia que parece estar diretamente relacionada ao in\u00edcio da libera\u00e7\u00e3o dos saques do FGTS.<\/p>\n<p>&#8220;Apesar da melhora, o resultado mostra certa fragilidade com rela\u00e7\u00e3o \u00e0 continuidade dessa recupera\u00e7\u00e3o, considerando a queda nos demais indicadores integrantes e a volatilidade que vem apresentando o pr\u00f3prio indicador de compras nos \u00faltimos meses\u201d, afirma.<\/p>\n<p>A satisfa\u00e7\u00e3o em rela\u00e7\u00e3o ao momento atual piorou, enquanto as expectativas em rela\u00e7\u00e3o aos pr\u00f3ximos meses melhoraram, ao contr\u00e1rio do que aconteceu nos dois meses anteriores. O \u00cdndice de Situa\u00e7\u00e3o Atual recuou 1,3 ponto, para 77,4 pontos, enquanto o \u00cdndice de Expectativas avan\u00e7ou 1,5 ponto, para 98,7 pontos, se mantendo em patamar abaixo do n\u00edvel neutro de 100 pontos pelo sexto m\u00eas consecutivo.<\/p>\n<p>A expectativa de infla\u00e7\u00e3o dos consumidores brasileiros para os pr\u00f3ximos 12 meses ficou est\u00e1vel em setembro, em 5,1%, o menor n\u00edvel desde agosto de 2007 (5,0%). (G1)<\/p>\n<p>&nbsp;<\/p>\n<p>Foto: Di\u00e1rio do Nordeste<\/p>\n","protected":false},"excerpt":{"rendered":"<p>A confian\u00e7a do consumidor, pedida pela Funda\u00e7\u00e3o Getulio Vargas (FGV), subiu 0,5 ponto em setembro, para 89,7 pontos, registrando o maior n\u00edvel desde mar\u00e7o (91 pontos). O resultado do m\u00eas \u00e9 t\u00edmido e sucede a alta de 1,1 ponto no m\u00eas anterior, o que gera discreta tend\u00eancia ascendente no terceiro trimestre, aponta a FGV. Segundo [&hellip;]<\/p>\n","protected":false},"author":1,"featured_media":399334,"comment_status":"closed","ping_status":"closed","sticky":false,"template":"","format":"standard","meta":[],"categories":[14,3],"tags":[],"acf":[],"yoast_head":"<!-- This site is optimized with the Yoast SEO plugin v20.8 - https:\/\/yoast.com\/wordpress\/plugins\/seo\/ -->\n<title>CONFIAN\u00c7A DO CONSUMIDOR SOBE AP\u00d3S SAQUES DO FGTS - Bahia Economica<\/title>\n<meta name=\"description\" content=\"O maior portal de Economia da Bahia DESTAQUE DO DIA, ECONOMIA \/ POL\u00cdTICA Bahia Economica\" \/>\n<meta name=\"robots\" content=\"index, follow, max-snippet:-1, max-image-preview:large, max-video-preview:-1\" \/>\n<link rel=\"canonical\" href=\"https:\/\/bahiaeconomica.com.br\/wp\/2019\/09\/23\/confianca-do-consumidor-sobe-e-pode-ter-relacao-com-saques-do-fgts\/\" \/>\n<meta property=\"og:locale\" content=\"pt_BR\" \/>\n<meta property=\"og:type\" content=\"article\" \/>\n<meta property=\"og:title\" content=\"CONFIAN\u00c7A DO CONSUMIDOR SOBE AP\u00d3S SAQUES DO FGTS - Bahia Economica\" \/>\n<meta property=\"og:description\" content=\"O maior portal de Economia da Bahia DESTAQUE DO DIA, ECONOMIA \/ POL\u00cdTICA Bahia Economica\" \/>\n<meta property=\"og:url\" content=\"https:\/\/bahiaeconomica.com.br\/wp\/2019\/09\/23\/confianca-do-consumidor-sobe-e-pode-ter-relacao-com-saques-do-fgts\/\" \/>\n<meta property=\"og:site_name\" content=\"Bahia Economica\" \/>\n<meta property=\"article:publisher\" content=\"https:\/\/www.facebook.com\/bahiaeconomica\" \/>\n<meta property=\"article:published_time\" content=\"2019-09-23T11:52:20+00:00\" \/>\n<meta property=\"article:modified_time\" content=\"2019-09-23T11:53:41+00:00\" \/>\n<meta property=\"og:image\" content=\"https:\/\/bahiaeconomica.com.br\/wp\/wp-content\/uploads\/2019\/09\/loja-foto-diario-do-nordeste.jpg\" \/>\n\t<meta property=\"og:image:width\" content=\"500\" \/>\n\t<meta property=\"og:image:height\" content=\"327\" \/>\n\t<meta property=\"og:image:type\" content=\"image\/jpeg\" \/>\n<meta name=\"author\" content=\"admin\" \/>\n<meta name=\"twitter:card\" content=\"summary_large_image\" \/>\n<meta name=\"twitter:label1\" content=\"Escrito por\" \/>\n\t<meta name=\"twitter:data1\" content=\"admin\" \/>\n\t<meta name=\"twitter:label2\" content=\"Est. tempo de leitura\" \/>\n\t<meta name=\"twitter:data2\" content=\"1 minuto\" \/>\n<script type=\"application\/ld+json\" class=\"yoast-schema-graph\">{\"@context\":\"https:\/\/schema.org\",\"@graph\":[{\"@type\":\"Article\",\"@id\":\"https:\/\/bahiaeconomica.com.br\/wp\/2019\/09\/23\/confianca-do-consumidor-sobe-e-pode-ter-relacao-com-saques-do-fgts\/#article\",\"isPartOf\":{\"@id\":\"https:\/\/bahiaeconomica.com.br\/wp\/2019\/09\/23\/confianca-do-consumidor-sobe-e-pode-ter-relacao-com-saques-do-fgts\/\"},\"author\":{\"name\":\"admin\",\"@id\":\"https:\/\/bahiaeconomica.com.br\/wp\/#\/schema\/person\/cb1ab5ba96ad3d9390805381c76284ec\"},\"headline\":\"CONFIAN\u00c7A DO CONSUMIDOR SOBE AP\u00d3S SAQUES DO FGTS\",\"datePublished\":\"2019-09-23T11:52:20+00:00\",\"dateModified\":\"2019-09-23T11:53:41+00:00\",\"mainEntityOfPage\":{\"@id\":\"https:\/\/bahiaeconomica.com.br\/wp\/2019\/09\/23\/confianca-do-consumidor-sobe-e-pode-ter-relacao-com-saques-do-fgts\/\"},\"wordCount\":250,\"publisher\":{\"@id\":\"https:\/\/bahiaeconomica.com.br\/wp\/#organization\"},\"articleSection\":[\"DESTAQUE DO DIA\",\"ECONOMIA \/ POL\u00cdTICA\"],\"inLanguage\":\"pt-BR\"},{\"@type\":\"WebPage\",\"@id\":\"https:\/\/bahiaeconomica.com.br\/wp\/2019\/09\/23\/confianca-do-consumidor-sobe-e-pode-ter-relacao-com-saques-do-fgts\/\",\"url\":\"https:\/\/bahiaeconomica.com.br\/wp\/2019\/09\/23\/confianca-do-consumidor-sobe-e-pode-ter-relacao-com-saques-do-fgts\/\",\"name\":\"CONFIAN\u00c7A DO CONSUMIDOR SOBE AP\u00d3S SAQUES DO FGTS - Bahia Economica\",\"isPartOf\":{\"@id\":\"https:\/\/bahiaeconomica.com.br\/wp\/#website\"},\"datePublished\":\"2019-09-23T11:52:20+00:00\",\"dateModified\":\"2019-09-23T11:53:41+00:00\",\"description\":\"O maior portal de Economia da Bahia DESTAQUE DO DIA, ECONOMIA \/ POL\u00cdTICA Bahia Economica\",\"breadcrumb\":{\"@id\":\"https:\/\/bahiaeconomica.com.br\/wp\/2019\/09\/23\/confianca-do-consumidor-sobe-e-pode-ter-relacao-com-saques-do-fgts\/#breadcrumb\"},\"inLanguage\":\"pt-BR\",\"potentialAction\":[{\"@type\":\"ReadAction\",\"target\":[\"https:\/\/bahiaeconomica.com.br\/wp\/2019\/09\/23\/confianca-do-consumidor-sobe-e-pode-ter-relacao-com-saques-do-fgts\/\"]}]},{\"@type\":\"BreadcrumbList\",\"@id\":\"https:\/\/bahiaeconomica.com.br\/wp\/2019\/09\/23\/confianca-do-consumidor-sobe-e-pode-ter-relacao-com-saques-do-fgts\/#breadcrumb\",\"itemListElement\":[{\"@type\":\"ListItem\",\"position\":1,\"name\":\"In\u00edcio\",\"item\":\"https:\/\/bahiaeconomica.com.br\/wp\/\"},{\"@type\":\"ListItem\",\"position\":2,\"name\":\"CONFIAN\u00c7A DO CONSUMIDOR SOBE AP\u00d3S SAQUES DO FGTS\"}]},{\"@type\":\"WebSite\",\"@id\":\"https:\/\/bahiaeconomica.com.br\/wp\/#website\",\"url\":\"https:\/\/bahiaeconomica.com.br\/wp\/\",\"name\":\"Bahia Economica\",\"description\":\"O maior portal de Economia da Bahia\",\"publisher\":{\"@id\":\"https:\/\/bahiaeconomica.com.br\/wp\/#organization\"},\"potentialAction\":[{\"@type\":\"SearchAction\",\"target\":{\"@type\":\"EntryPoint\",\"urlTemplate\":\"https:\/\/bahiaeconomica.com.br\/wp\/?s={search_term_string}\"},\"query-input\":\"required name=search_term_string\"}],\"inLanguage\":\"pt-BR\"},{\"@type\":\"Organization\",\"@id\":\"https:\/\/bahiaeconomica.com.br\/wp\/#organization\",\"name\":\"Bahia Econ\u00f4mica\",\"url\":\"https:\/\/bahiaeconomica.com.br\/wp\/\",\"logo\":{\"@type\":\"ImageObject\",\"inLanguage\":\"pt-BR\",\"@id\":\"https:\/\/bahiaeconomica.com.br\/wp\/#\/schema\/logo\/image\/\",\"url\":\"https:\/\/bahiaeconomica.com.br\/wp\/wp-content\/uploads\/2020\/12\/cropped-BE.png\",\"contentUrl\":\"https:\/\/bahiaeconomica.com.br\/wp\/wp-content\/uploads\/2020\/12\/cropped-BE.png\",\"width\":512,\"height\":512,\"caption\":\"Bahia Econ\u00f4mica\"},\"image\":{\"@id\":\"https:\/\/bahiaeconomica.com.br\/wp\/#\/schema\/logo\/image\/\"},\"sameAs\":[\"https:\/\/www.facebook.com\/bahiaeconomica\"]},{\"@type\":\"Person\",\"@id\":\"https:\/\/bahiaeconomica.com.br\/wp\/#\/schema\/person\/cb1ab5ba96ad3d9390805381c76284ec\",\"name\":\"admin\",\"url\":\"https:\/\/bahiaeconomica.com.br\/wp\/author\/admin\/\"}]}<\/script>\n<!-- \/ Yoast SEO plugin. -->","yoast_head_json":{"title":"CONFIAN\u00c7A DO CONSUMIDOR SOBE AP\u00d3S SAQUES DO FGTS - Bahia Economica","description":"O maior portal de Economia da Bahia DESTAQUE DO DIA, ECONOMIA \/ POL\u00cdTICA Bahia Economica","robots":{"index":"index","follow":"follow","max-snippet":"max-snippet:-1","max-image-preview":"max-image-preview:large","max-video-preview":"max-video-preview:-1"},"canonical":"https:\/\/bahiaeconomica.com.br\/wp\/2019\/09\/23\/confianca-do-consumidor-sobe-e-pode-ter-relacao-com-saques-do-fgts\/","og_locale":"pt_BR","og_type":"article","og_title":"CONFIAN\u00c7A DO CONSUMIDOR SOBE AP\u00d3S SAQUES DO FGTS - Bahia Economica","og_description":"O maior portal de Economia da Bahia DESTAQUE DO DIA, ECONOMIA \/ POL\u00cdTICA Bahia Economica","og_url":"https:\/\/bahiaeconomica.com.br\/wp\/2019\/09\/23\/confianca-do-consumidor-sobe-e-pode-ter-relacao-com-saques-do-fgts\/","og_site_name":"Bahia Economica","article_publisher":"https:\/\/www.facebook.com\/bahiaeconomica","article_published_time":"2019-09-23T11:52:20+00:00","article_modified_time":"2019-09-23T11:53:41+00:00","og_image":[{"width":500,"height":327,"url":"https:\/\/bahiaeconomica.com.br\/wp\/wp-content\/uploads\/2019\/09\/loja-foto-diario-do-nordeste.jpg","type":"image\/jpeg"}],"author":"admin","twitter_card":"summary_large_image","twitter_misc":{"Escrito por":"admin","Est. tempo de leitura":"1 minuto"},"schema":{"@context":"https:\/\/schema.org","@graph":[{"@type":"Article","@id":"https:\/\/bahiaeconomica.com.br\/wp\/2019\/09\/23\/confianca-do-consumidor-sobe-e-pode-ter-relacao-com-saques-do-fgts\/#article","isPartOf":{"@id":"https:\/\/bahiaeconomica.com.br\/wp\/2019\/09\/23\/confianca-do-consumidor-sobe-e-pode-ter-relacao-com-saques-do-fgts\/"},"author":{"name":"admin","@id":"https:\/\/bahiaeconomica.com.br\/wp\/#\/schema\/person\/cb1ab5ba96ad3d9390805381c76284ec"},"headline":"CONFIAN\u00c7A DO CONSUMIDOR SOBE AP\u00d3S SAQUES DO FGTS","datePublished":"2019-09-23T11:52:20+00:00","dateModified":"2019-09-23T11:53:41+00:00","mainEntityOfPage":{"@id":"https:\/\/bahiaeconomica.com.br\/wp\/2019\/09\/23\/confianca-do-consumidor-sobe-e-pode-ter-relacao-com-saques-do-fgts\/"},"wordCount":250,"publisher":{"@id":"https:\/\/bahiaeconomica.com.br\/wp\/#organization"},"articleSection":["DESTAQUE DO DIA","ECONOMIA \/ POL\u00cdTICA"],"inLanguage":"pt-BR"},{"@type":"WebPage","@id":"https:\/\/bahiaeconomica.com.br\/wp\/2019\/09\/23\/confianca-do-consumidor-sobe-e-pode-ter-relacao-com-saques-do-fgts\/","url":"https:\/\/bahiaeconomica.com.br\/wp\/2019\/09\/23\/confianca-do-consumidor-sobe-e-pode-ter-relacao-com-saques-do-fgts\/","name":"CONFIAN\u00c7A DO CONSUMIDOR SOBE AP\u00d3S SAQUES DO FGTS - Bahia Economica","isPartOf":{"@id":"https:\/\/bahiaeconomica.com.br\/wp\/#website"},"datePublished":"2019-09-23T11:52:20+00:00","dateModified":"2019-09-23T11:53:41+00:00","description":"O maior portal de Economia da Bahia DESTAQUE DO DIA, ECONOMIA \/ POL\u00cdTICA Bahia Economica","breadcrumb":{"@id":"https:\/\/bahiaeconomica.com.br\/wp\/2019\/09\/23\/confianca-do-consumidor-sobe-e-pode-ter-relacao-com-saques-do-fgts\/#breadcrumb"},"inLanguage":"pt-BR","potentialAction":[{"@type":"ReadAction","target":["https:\/\/bahiaeconomica.com.br\/wp\/2019\/09\/23\/confianca-do-consumidor-sobe-e-pode-ter-relacao-com-saques-do-fgts\/"]}]},{"@type":"BreadcrumbList","@id":"https:\/\/bahiaeconomica.com.br\/wp\/2019\/09\/23\/confianca-do-consumidor-sobe-e-pode-ter-relacao-com-saques-do-fgts\/#breadcrumb","itemListElement":[{"@type":"ListItem","position":1,"name":"In\u00edcio","item":"https:\/\/bahiaeconomica.com.br\/wp\/"},{"@type":"ListItem","position":2,"name":"CONFIAN\u00c7A DO CONSUMIDOR SOBE AP\u00d3S SAQUES DO FGTS"}]},{"@type":"WebSite","@id":"https:\/\/bahiaeconomica.com.br\/wp\/#website","url":"https:\/\/bahiaeconomica.com.br\/wp\/","name":"Bahia Economica","description":"O maior portal de Economia da Bahia","publisher":{"@id":"https:\/\/bahiaeconomica.com.br\/wp\/#organization"},"potentialAction":[{"@type":"SearchAction","target":{"@type":"EntryPoint","urlTemplate":"https:\/\/bahiaeconomica.com.br\/wp\/?s={search_term_string}"},"query-input":"required name=search_term_string"}],"inLanguage":"pt-BR"},{"@type":"Organization","@id":"https:\/\/bahiaeconomica.com.br\/wp\/#organization","name":"Bahia Econ\u00f4mica","url":"https:\/\/bahiaeconomica.com.br\/wp\/","logo":{"@type":"ImageObject","inLanguage":"pt-BR","@id":"https:\/\/bahiaeconomica.com.br\/wp\/#\/schema\/logo\/image\/","url":"https:\/\/bahiaeconomica.com.br\/wp\/wp-content\/uploads\/2020\/12\/cropped-BE.png","contentUrl":"https:\/\/bahiaeconomica.com.br\/wp\/wp-content\/uploads\/2020\/12\/cropped-BE.png","width":512,"height":512,"caption":"Bahia Econ\u00f4mica"},"image":{"@id":"https:\/\/bahiaeconomica.com.br\/wp\/#\/schema\/logo\/image\/"},"sameAs":["https:\/\/www.facebook.com\/bahiaeconomica"]},{"@type":"Person","@id":"https:\/\/bahiaeconomica.com.br\/wp\/#\/schema\/person\/cb1ab5ba96ad3d9390805381c76284ec","name":"admin","url":"https:\/\/bahiaeconomica.com.br\/wp\/author\/admin\/"}]}},"views":0,"_links":{"self":[{"href":"https:\/\/bahiaeconomica.com.br\/wp\/wp-json\/wp\/v2\/posts\/399330"}],"collection":[{"href":"https:\/\/bahiaeconomica.com.br\/wp\/wp-json\/wp\/v2\/posts"}],"about":[{"href":"https:\/\/bahiaeconomica.com.br\/wp\/wp-json\/wp\/v2\/types\/post"}],"author":[{"embeddable":true,"href":"https:\/\/bahiaeconomica.com.br\/wp\/wp-json\/wp\/v2\/users\/1"}],"replies":[{"embeddable":true,"href":"https:\/\/bahiaeconomica.com.br\/wp\/wp-json\/wp\/v2\/comments?post=399330"}],"version-history":[{"count":2,"href":"https:\/\/bahiaeconomica.com.br\/wp\/wp-json\/wp\/v2\/posts\/399330\/revisions"}],"predecessor-version":[{"id":399336,"href":"https:\/\/bahiaeconomica.com.br\/wp\/wp-json\/wp\/v2\/posts\/399330\/revisions\/399336"}],"wp:featuredmedia":[{"embeddable":true,"href":"https:\/\/bahiaeconomica.com.br\/wp\/wp-json\/wp\/v2\/media\/399334"}],"wp:attachment":[{"href":"https:\/\/bahiaeconomica.com.br\/wp\/wp-json\/wp\/v2\/media?parent=399330"}],"wp:term":[{"taxonomy":"category","embeddable":true,"href":"https:\/\/bahiaeconomica.com.br\/wp\/wp-json\/wp\/v2\/categories?post=399330"},{"taxonomy":"post_tag","embeddable":true,"href":"https:\/\/bahiaeconomica.com.br\/wp\/wp-json\/wp\/v2\/tags?post=399330"}],"curies":[{"name":"wp","href":"https:\/\/api.w.org\/{rel}","templated":true}]}}