{"id":399218,"date":"2019-09-23T05:00:16","date_gmt":"2019-09-23T08:00:16","guid":{"rendered":"https:\/\/bahiaeconomica.com.br\/wp\/beta\/?p=399218"},"modified":"2019-09-23T13:45:23","modified_gmt":"2019-09-23T16:45:23","slug":"diversidades-por-samuelita-santana-onde-foi-parar-a-felicidade-do-brasil","status":"publish","type":"post","link":"https:\/\/bahiaeconomica.com.br\/wp\/2019\/09\/23\/diversidades-por-samuelita-santana-onde-foi-parar-a-felicidade-do-brasil\/","title":{"rendered":"&#8220;VISUALIDADES&#8221; POR SAMUELITA SANTANA : ONDE FOI PARAR A FELICIDADE DO BRASIL"},"content":{"rendered":"<div>\n<p>Dados do IBGE que apontam um inesperado crescimento de <b>0,4%<\/b> do PIB no segundo trimestre de <b>2019<\/b>, em rela\u00e7\u00e3o ao trimestre anterior, surpreendeu at\u00e9 mesmo os naipes mais otimistas do mercado. Porque foi no susto. Na verdade, pelo andar da carruagem &#8211; de fogo &#8211;&nbsp; esperava-se uma queda ou at\u00e9 mesmo um novo &#8220;<i>caldo<\/i>&#8221; da economia na onda da recess\u00e3o, a considerar esse in\u00edcio tumultuado de gest\u00e3o, um tanto confuso e com excesso de falas desconexas. Mas eis que surge um alegre <b>0,4%<\/b> de crescimento quando a expectativa n\u00e3o passava de um t\u00edmido <b>0,1%<\/b> ou no m\u00e1ximo <b>0,2%.<\/b><\/p>\n<p>A pergunta que insiste em se manter em evid\u00eancia &#8211; por mais que n\u00e3o se queira -, passa pelas expectativas da Reforma da Previd\u00eancia. Seria o caminhar da reforma o vetor respons\u00e1vel pelo resgate da confian\u00e7a e da recupera\u00e7\u00e3o, ainda que lenta, lent\u00edssima, dos investimentos? Barbas de molho porque ainda \u00e9 cedo para qualquer progn\u00f3stico e nunca tarde para a forma\u00e7\u00e3o de bolhas que podem explodir bem ali adiante. A economia brasileira est\u00e1 em maus len\u00e7\u00f3is e \u00e9 unanimidade entre os especialistas que ser\u00e1 necess\u00e1rio bem mais que a Reforma da Previd\u00eancia para que o pa\u00eds ganhe for\u00e7a, f\u00f4lego e retome a escalada rumo ao topo de onde come\u00e7ou a despencar com uma velocidade bem louca. Entre <b>2015 e 2016<\/b> o <b>PIB<\/b> brasileiro encolheu nada menos que 6,9% e nos anos <b>2017 e 2018<\/b> registrou um m\u00edsero crescimento de <b>1,1%.<\/b><\/p>\n<p>Alguns pa\u00edses na lista dos mais pobres do mundo, com baixos \u00edndices de desenvolvimento humano e economias pouco complexas, v\u00eam registrando crescimento vigoroso bem maior que o do Brasil e, por tabela, maior que o de outros &#8220;diferent\u00f5es&#8221; da economia global. Isso nos leva a concluir que os males que nos assolam n\u00e3o tem nada a ver com ser pequeno, pobre ou desprestigiado. Tem a ver com gest\u00e3o! Pa\u00edses da \u00c1sia e da \u00c1frica como Eti\u00f3pia, Uzbequist\u00e3o, Nepal, Laos, Camboja, Tanz\u00e2nia, Filipinas, Myanmar, Djibut (pouco se ouve falar de alguns), entre outros, registraram nos \u00faltimos anos impressionantes taxas de crescimento em torno de <b>6,9% a 8,3%,<\/b> conforme dados levantados pelo Banco Mundial &#8211; <b>Bird.<\/b> O que esses pequenos pa\u00edses t\u00eam em comum com a China e com a \u00cdndia &#8211; na\u00e7\u00f5es que tornaram-se economias monumentais nos \u00faltimos anos -,&nbsp; e que o Brasil n\u00e3o consegue ter? Estrat\u00e9gias inteligentes que incluem controle das contas p\u00fablicas, reformas econ\u00f4micas e pol\u00edtica, investimento pesado em infraestrutura, em moderniza\u00e7\u00e3o, em educa\u00e7\u00e3o, pesquisa e tecnologia, al\u00e9m de liberaliza\u00e7\u00e3o comercial. Ponto.<\/p>\n<p>A \u00cdndia, uma das maiores estrelas de crescimento das \u00faltimas d\u00e9cadas, anunciou recentemente novas reformas para impulsionar seus mercados e, mesmo com a desacelera\u00e7\u00e3o e instabilidade na economia global, apresentou crescimento de <b>5%<\/b> nos \u00faltimos <b>12 meses,<\/b> embora seja esta a menor marca dos \u00faltimos seis anos de uma na\u00e7\u00e3o cheia de autoestima e que n\u00e3o cansa de alimentar uma imagem positiva de si mesma, apesar das gritantes contradi\u00e7\u00f5es e das enormes dificuldades estruturais que ainda enfrenta. J\u00e1&nbsp; a China, a despeito da guerra comercial que trava com os EUA registrou no segundo semestre de <b>2019<\/b> um crescimento de <b>6,2%,<\/b> menor que o <b>PIB<\/b> do primeiro trimestre <b>(6,4%) <\/b>mas ainda dentro da margem estabelecida pelo governo de Pequim. China conquistou o t\u00edtulo de segundo maior economia mundial de forma espetacular nas \u00faltimas quatro d\u00e9cadas, justamente&nbsp; quando o pa\u00eds comunista decidiu implantar uma pol\u00edtica de reformas, abertura e integra\u00e7\u00e3o gradual \u00e0 economia mundial, al\u00e9m de aumento vigoroso dos investimentos em moderniza\u00e7\u00e3o da ind\u00fastria, tecnologia, defesa nacional e agricultura. E a China segue cheia de autoconfian\u00e7a com ares de quem quer bem rapidinho sentar no trono como a maior pot\u00eancia mundial.<\/p>\n<p><b><u>LOUCA AUTOFAGIA <\/u><\/b><\/p>\n<p>Enquanto isso, o Brasil vai perdendo a sua felicidade. Economia estagnada, taxas alarmantes de desemprego, \u00edndices alt\u00edssimos de viol\u00eancia, infraestrutura em decad\u00eancia, atraso tecnol\u00f3gico, descaso com a vida humana resultando em trag\u00e9dias como a de Brumadinho, al\u00e9m de clima in\u00fatil de polariza\u00e7\u00e3o pol\u00edtica nas redes sociais. Essas s\u00e3o algumas raz\u00f5es, segundo o instituto de pesquisa IPSOS, que est\u00e3o afetando o humor do Brasil e deixando a sua gente infeliz. O estudo aponta que em <b>2018, 73%<\/b> dos brasileiros se declararam felizes. Em <b>2019<\/b>houve uma queda de <b>12 pontos<\/b> percentuais para <b>61%<\/b>. Entretanto, mesmo diante desse quadro <i>de infelicidade nativa geral<\/i> e com os exemplos cl\u00e1ssicos de pa\u00edses que promoveram mudan\u00e7as cruciais, sa\u00edram dos destro\u00e7os e se reconstru\u00edram com sustentabilidade, os brasileiros ainda patinam em rotos debates, usando argumentos ideol\u00f3gicos para combater reformas fundamentais que podem tirar o pa\u00eds do atraso e conect\u00e1-lo com o futuro moderno que estar por vir.<\/p>\n<p>Uma inscri\u00e7\u00e3o precisa ser cravada em letras garrafais no quadro din\u00e2mico da mente brasileira. Sem uma agenda de reformas, muito al\u00e9m da reforma previdenci\u00e1ria, n\u00e3o haver\u00e1 miseric\u00f3rdia para o Brasil. <i>No tapa?<\/i> Sem reforma tribut\u00e1ria, trabalhista e pol\u00edtica &#8211; porque essa, fora o arremedo que se viu, nem de longe aconteceu &#8211; n\u00e3o haver\u00e1 no pa\u00eds o desenvolvimento sustent\u00e1vel que se espera, nem moderniza\u00e7\u00e3o, nem crescimento, nem qualquer alargamento positivo nos indicadores de desenvolvimento humano. Para al\u00e9m das narrativas ideol\u00f3gicas &#8211; direita, esquerda, volver &#8211; o brasileiro precisa pensar saud\u00e1vel e egoisticamente em si, em seu bem estar, em sua prosperidade, no leg\u00edtimo direito que tem de ampliar a qualidade de vida e cobrar, a\u00ed sim, que o Estado lhe garanta, lhe assegure isso.<\/p>\n<p>O pa\u00eds precisa abandonar urgentemente essa louca autofagia e resgatar o clima positivo, o mesmo que faz com que a \u00cdndia, por exemplo, pa\u00eds repleto de mazelas e contradi\u00e7\u00f5es at\u00e9 mais que o Brasil, avance em suas conquistas e equil\u00edbrio econ\u00f4mico. &nbsp;A percep\u00e7\u00e3o global positiva da \u00cdndia vem da autoestima dos&nbsp; indianos. N\u00e3o alimentam qualquer previs\u00e3o catastr\u00f3fica sobre o pa\u00eds. Ao contr\u00e1rio, como bons marqueteiros projetam o melhor que t\u00eam. Porque ambicionam o sonho da felicidade.<\/p>\n<p>Por aqui, parecer haver um triunfo quando as m\u00e1s not\u00edcias sobre o Brasil emolduram as capas das grandes m\u00eddias internacionais. A depender da veia ideol\u00f3gica, h\u00e1 festa, h\u00e1 aplausos. Assim vem sendo com as reformas que precisam ser efetivadas para o pa\u00eds andar. Haver\u00e1 sempre resist\u00eancias e protestos a depender do naipe pol\u00edtico que esteja no poder. Se tomarmos como li\u00e7\u00e3o o que foi feito nos pa\u00edses que hoje d\u00e3o show de crescimento e ampliam cada vez mais a renda e a qualidade de vida de seu povo, vamos aprender que n\u00e3o existe reforma festiva a todos. Haver\u00e1 sempre os descontentes e, via de regra, os menos vision\u00e1rios que se acomodam a um estado de coisas e situa\u00e7\u00f5es, apegando-se a benef\u00edcios que tornaram-se pequenos, curtos e que podem, inclusive, desaparecer ao longo do tempo. Sem medo de ser feliz, o Brasil precisa enxergar que o futuro pode ser ampliado, melhorado, modernizado e que os benef\u00edcios de hoje podem avan\u00e7ar em perspectivas maiores, dando espa\u00e7o a uma realidade empreendedora que circula na veia do pa\u00eds e pode resultar em pessoas que se aperfei\u00e7oam, ascendem, crescem e quebram o maldito pires da mendic\u00e2ncia estatal.<\/p>\n<p><b>Fonte: IBGE | Ibre\/FGV | Dow Jones Newswires<\/b><\/p>\n<\/div>\n","protected":false},"excerpt":{"rendered":"<p>Dados do IBGE que apontam um inesperado crescimento de 0,4% do PIB no segundo trimestre de 2019, em rela\u00e7\u00e3o ao trimestre anterior, surpreendeu at\u00e9 mesmo os naipes mais otimistas do mercado. Porque foi no susto. Na verdade, pelo andar da carruagem &#8211; de fogo &#8211;&nbsp; esperava-se uma queda ou at\u00e9 mesmo um novo &#8220;caldo&#8221; da [&hellip;]<\/p>\n","protected":false},"author":1,"featured_media":399222,"comment_status":"closed","ping_status":"closed","sticky":false,"template":"","format":"standard","meta":[],"categories":[22],"tags":[],"acf":[],"yoast_head":"<!-- This site is optimized with the Yoast SEO plugin v20.8 - https:\/\/yoast.com\/wordpress\/plugins\/seo\/ -->\n<title>&quot;VISUALIDADES&quot; POR SAMUELITA SANTANA : ONDE FOI PARAR A FELICIDADE DO BRASIL - Bahia Economica<\/title>\n<meta name=\"description\" content=\"O maior portal de Economia da Bahia COLUNISTAS Bahia Economica\" \/>\n<meta name=\"robots\" content=\"index, follow, max-snippet:-1, max-image-preview:large, max-video-preview:-1\" \/>\n<link rel=\"canonical\" href=\"https:\/\/bahiaeconomica.com.br\/wp\/2019\/09\/23\/diversidades-por-samuelita-santana-onde-foi-parar-a-felicidade-do-brasil\/\" \/>\n<meta property=\"og:locale\" content=\"pt_BR\" \/>\n<meta property=\"og:type\" content=\"article\" \/>\n<meta property=\"og:title\" content=\"&quot;VISUALIDADES&quot; POR SAMUELITA SANTANA : ONDE FOI PARAR A FELICIDADE DO BRASIL - Bahia Economica\" \/>\n<meta property=\"og:description\" content=\"O maior portal de Economia da Bahia COLUNISTAS Bahia Economica\" \/>\n<meta property=\"og:url\" content=\"https:\/\/bahiaeconomica.com.br\/wp\/2019\/09\/23\/diversidades-por-samuelita-santana-onde-foi-parar-a-felicidade-do-brasil\/\" \/>\n<meta property=\"og:site_name\" content=\"Bahia Economica\" \/>\n<meta property=\"article:publisher\" content=\"https:\/\/www.facebook.com\/bahiaeconomica\" \/>\n<meta property=\"article:published_time\" content=\"2019-09-23T08:00:16+00:00\" \/>\n<meta property=\"article:modified_time\" content=\"2019-09-23T16:45:23+00:00\" \/>\n<meta property=\"og:image\" content=\"https:\/\/bahiaeconomica.com.br\/wp\/wp-content\/uploads\/2019\/09\/samuelitasantana.jpg\" \/>\n\t<meta property=\"og:image:width\" content=\"390\" \/>\n\t<meta property=\"og:image:height\" content=\"390\" \/>\n\t<meta property=\"og:image:type\" content=\"image\/jpeg\" \/>\n<meta name=\"author\" content=\"admin\" \/>\n<meta name=\"twitter:card\" content=\"summary_large_image\" \/>\n<meta name=\"twitter:label1\" content=\"Escrito por\" \/>\n\t<meta name=\"twitter:data1\" content=\"admin\" \/>\n\t<meta name=\"twitter:label2\" content=\"Est. tempo de leitura\" \/>\n\t<meta name=\"twitter:data2\" content=\"6 minutos\" \/>\n<script type=\"application\/ld+json\" class=\"yoast-schema-graph\">{\"@context\":\"https:\/\/schema.org\",\"@graph\":[{\"@type\":\"Article\",\"@id\":\"https:\/\/bahiaeconomica.com.br\/wp\/2019\/09\/23\/diversidades-por-samuelita-santana-onde-foi-parar-a-felicidade-do-brasil\/#article\",\"isPartOf\":{\"@id\":\"https:\/\/bahiaeconomica.com.br\/wp\/2019\/09\/23\/diversidades-por-samuelita-santana-onde-foi-parar-a-felicidade-do-brasil\/\"},\"author\":{\"name\":\"admin\",\"@id\":\"https:\/\/bahiaeconomica.com.br\/wp\/#\/schema\/person\/cb1ab5ba96ad3d9390805381c76284ec\"},\"headline\":\"&#8220;VISUALIDADES&#8221; POR SAMUELITA SANTANA : ONDE FOI PARAR A FELICIDADE DO BRASIL\",\"datePublished\":\"2019-09-23T08:00:16+00:00\",\"dateModified\":\"2019-09-23T16:45:23+00:00\",\"mainEntityOfPage\":{\"@id\":\"https:\/\/bahiaeconomica.com.br\/wp\/2019\/09\/23\/diversidades-por-samuelita-santana-onde-foi-parar-a-felicidade-do-brasil\/\"},\"wordCount\":1273,\"publisher\":{\"@id\":\"https:\/\/bahiaeconomica.com.br\/wp\/#organization\"},\"articleSection\":[\"COLUNISTAS\"],\"inLanguage\":\"pt-BR\"},{\"@type\":\"WebPage\",\"@id\":\"https:\/\/bahiaeconomica.com.br\/wp\/2019\/09\/23\/diversidades-por-samuelita-santana-onde-foi-parar-a-felicidade-do-brasil\/\",\"url\":\"https:\/\/bahiaeconomica.com.br\/wp\/2019\/09\/23\/diversidades-por-samuelita-santana-onde-foi-parar-a-felicidade-do-brasil\/\",\"name\":\"\\\"VISUALIDADES\\\" POR SAMUELITA SANTANA : ONDE FOI PARAR A FELICIDADE DO BRASIL - Bahia Economica\",\"isPartOf\":{\"@id\":\"https:\/\/bahiaeconomica.com.br\/wp\/#website\"},\"datePublished\":\"2019-09-23T08:00:16+00:00\",\"dateModified\":\"2019-09-23T16:45:23+00:00\",\"description\":\"O maior portal de Economia da Bahia COLUNISTAS Bahia Economica\",\"breadcrumb\":{\"@id\":\"https:\/\/bahiaeconomica.com.br\/wp\/2019\/09\/23\/diversidades-por-samuelita-santana-onde-foi-parar-a-felicidade-do-brasil\/#breadcrumb\"},\"inLanguage\":\"pt-BR\",\"potentialAction\":[{\"@type\":\"ReadAction\",\"target\":[\"https:\/\/bahiaeconomica.com.br\/wp\/2019\/09\/23\/diversidades-por-samuelita-santana-onde-foi-parar-a-felicidade-do-brasil\/\"]}]},{\"@type\":\"BreadcrumbList\",\"@id\":\"https:\/\/bahiaeconomica.com.br\/wp\/2019\/09\/23\/diversidades-por-samuelita-santana-onde-foi-parar-a-felicidade-do-brasil\/#breadcrumb\",\"itemListElement\":[{\"@type\":\"ListItem\",\"position\":1,\"name\":\"In\u00edcio\",\"item\":\"https:\/\/bahiaeconomica.com.br\/wp\/\"},{\"@type\":\"ListItem\",\"position\":2,\"name\":\"&#8220;VISUALIDADES&#8221; POR SAMUELITA SANTANA : ONDE FOI PARAR A FELICIDADE DO BRASIL\"}]},{\"@type\":\"WebSite\",\"@id\":\"https:\/\/bahiaeconomica.com.br\/wp\/#website\",\"url\":\"https:\/\/bahiaeconomica.com.br\/wp\/\",\"name\":\"Bahia Economica\",\"description\":\"O maior portal de Economia da Bahia\",\"publisher\":{\"@id\":\"https:\/\/bahiaeconomica.com.br\/wp\/#organization\"},\"potentialAction\":[{\"@type\":\"SearchAction\",\"target\":{\"@type\":\"EntryPoint\",\"urlTemplate\":\"https:\/\/bahiaeconomica.com.br\/wp\/?s={search_term_string}\"},\"query-input\":\"required name=search_term_string\"}],\"inLanguage\":\"pt-BR\"},{\"@type\":\"Organization\",\"@id\":\"https:\/\/bahiaeconomica.com.br\/wp\/#organization\",\"name\":\"Bahia Econ\u00f4mica\",\"url\":\"https:\/\/bahiaeconomica.com.br\/wp\/\",\"logo\":{\"@type\":\"ImageObject\",\"inLanguage\":\"pt-BR\",\"@id\":\"https:\/\/bahiaeconomica.com.br\/wp\/#\/schema\/logo\/image\/\",\"url\":\"https:\/\/bahiaeconomica.com.br\/wp\/wp-content\/uploads\/2020\/12\/cropped-BE.png\",\"contentUrl\":\"https:\/\/bahiaeconomica.com.br\/wp\/wp-content\/uploads\/2020\/12\/cropped-BE.png\",\"width\":512,\"height\":512,\"caption\":\"Bahia Econ\u00f4mica\"},\"image\":{\"@id\":\"https:\/\/bahiaeconomica.com.br\/wp\/#\/schema\/logo\/image\/\"},\"sameAs\":[\"https:\/\/www.facebook.com\/bahiaeconomica\"]},{\"@type\":\"Person\",\"@id\":\"https:\/\/bahiaeconomica.com.br\/wp\/#\/schema\/person\/cb1ab5ba96ad3d9390805381c76284ec\",\"name\":\"admin\",\"url\":\"https:\/\/bahiaeconomica.com.br\/wp\/author\/admin\/\"}]}<\/script>\n<!-- \/ Yoast SEO plugin. -->","yoast_head_json":{"title":"\"VISUALIDADES\" POR SAMUELITA SANTANA : ONDE FOI PARAR A FELICIDADE DO BRASIL - Bahia Economica","description":"O maior portal de Economia da Bahia COLUNISTAS Bahia Economica","robots":{"index":"index","follow":"follow","max-snippet":"max-snippet:-1","max-image-preview":"max-image-preview:large","max-video-preview":"max-video-preview:-1"},"canonical":"https:\/\/bahiaeconomica.com.br\/wp\/2019\/09\/23\/diversidades-por-samuelita-santana-onde-foi-parar-a-felicidade-do-brasil\/","og_locale":"pt_BR","og_type":"article","og_title":"\"VISUALIDADES\" POR SAMUELITA SANTANA : ONDE FOI PARAR A FELICIDADE DO BRASIL - Bahia Economica","og_description":"O maior portal de Economia da Bahia COLUNISTAS Bahia Economica","og_url":"https:\/\/bahiaeconomica.com.br\/wp\/2019\/09\/23\/diversidades-por-samuelita-santana-onde-foi-parar-a-felicidade-do-brasil\/","og_site_name":"Bahia Economica","article_publisher":"https:\/\/www.facebook.com\/bahiaeconomica","article_published_time":"2019-09-23T08:00:16+00:00","article_modified_time":"2019-09-23T16:45:23+00:00","og_image":[{"width":390,"height":390,"url":"https:\/\/bahiaeconomica.com.br\/wp\/wp-content\/uploads\/2019\/09\/samuelitasantana.jpg","type":"image\/jpeg"}],"author":"admin","twitter_card":"summary_large_image","twitter_misc":{"Escrito por":"admin","Est. tempo de leitura":"6 minutos"},"schema":{"@context":"https:\/\/schema.org","@graph":[{"@type":"Article","@id":"https:\/\/bahiaeconomica.com.br\/wp\/2019\/09\/23\/diversidades-por-samuelita-santana-onde-foi-parar-a-felicidade-do-brasil\/#article","isPartOf":{"@id":"https:\/\/bahiaeconomica.com.br\/wp\/2019\/09\/23\/diversidades-por-samuelita-santana-onde-foi-parar-a-felicidade-do-brasil\/"},"author":{"name":"admin","@id":"https:\/\/bahiaeconomica.com.br\/wp\/#\/schema\/person\/cb1ab5ba96ad3d9390805381c76284ec"},"headline":"&#8220;VISUALIDADES&#8221; POR SAMUELITA SANTANA : ONDE FOI PARAR A FELICIDADE DO BRASIL","datePublished":"2019-09-23T08:00:16+00:00","dateModified":"2019-09-23T16:45:23+00:00","mainEntityOfPage":{"@id":"https:\/\/bahiaeconomica.com.br\/wp\/2019\/09\/23\/diversidades-por-samuelita-santana-onde-foi-parar-a-felicidade-do-brasil\/"},"wordCount":1273,"publisher":{"@id":"https:\/\/bahiaeconomica.com.br\/wp\/#organization"},"articleSection":["COLUNISTAS"],"inLanguage":"pt-BR"},{"@type":"WebPage","@id":"https:\/\/bahiaeconomica.com.br\/wp\/2019\/09\/23\/diversidades-por-samuelita-santana-onde-foi-parar-a-felicidade-do-brasil\/","url":"https:\/\/bahiaeconomica.com.br\/wp\/2019\/09\/23\/diversidades-por-samuelita-santana-onde-foi-parar-a-felicidade-do-brasil\/","name":"\"VISUALIDADES\" POR SAMUELITA SANTANA : ONDE FOI PARAR A FELICIDADE DO BRASIL - Bahia Economica","isPartOf":{"@id":"https:\/\/bahiaeconomica.com.br\/wp\/#website"},"datePublished":"2019-09-23T08:00:16+00:00","dateModified":"2019-09-23T16:45:23+00:00","description":"O maior portal de Economia da Bahia COLUNISTAS Bahia Economica","breadcrumb":{"@id":"https:\/\/bahiaeconomica.com.br\/wp\/2019\/09\/23\/diversidades-por-samuelita-santana-onde-foi-parar-a-felicidade-do-brasil\/#breadcrumb"},"inLanguage":"pt-BR","potentialAction":[{"@type":"ReadAction","target":["https:\/\/bahiaeconomica.com.br\/wp\/2019\/09\/23\/diversidades-por-samuelita-santana-onde-foi-parar-a-felicidade-do-brasil\/"]}]},{"@type":"BreadcrumbList","@id":"https:\/\/bahiaeconomica.com.br\/wp\/2019\/09\/23\/diversidades-por-samuelita-santana-onde-foi-parar-a-felicidade-do-brasil\/#breadcrumb","itemListElement":[{"@type":"ListItem","position":1,"name":"In\u00edcio","item":"https:\/\/bahiaeconomica.com.br\/wp\/"},{"@type":"ListItem","position":2,"name":"&#8220;VISUALIDADES&#8221; POR SAMUELITA SANTANA : ONDE FOI PARAR A FELICIDADE DO BRASIL"}]},{"@type":"WebSite","@id":"https:\/\/bahiaeconomica.com.br\/wp\/#website","url":"https:\/\/bahiaeconomica.com.br\/wp\/","name":"Bahia Economica","description":"O maior portal de Economia da Bahia","publisher":{"@id":"https:\/\/bahiaeconomica.com.br\/wp\/#organization"},"potentialAction":[{"@type":"SearchAction","target":{"@type":"EntryPoint","urlTemplate":"https:\/\/bahiaeconomica.com.br\/wp\/?s={search_term_string}"},"query-input":"required name=search_term_string"}],"inLanguage":"pt-BR"},{"@type":"Organization","@id":"https:\/\/bahiaeconomica.com.br\/wp\/#organization","name":"Bahia Econ\u00f4mica","url":"https:\/\/bahiaeconomica.com.br\/wp\/","logo":{"@type":"ImageObject","inLanguage":"pt-BR","@id":"https:\/\/bahiaeconomica.com.br\/wp\/#\/schema\/logo\/image\/","url":"https:\/\/bahiaeconomica.com.br\/wp\/wp-content\/uploads\/2020\/12\/cropped-BE.png","contentUrl":"https:\/\/bahiaeconomica.com.br\/wp\/wp-content\/uploads\/2020\/12\/cropped-BE.png","width":512,"height":512,"caption":"Bahia Econ\u00f4mica"},"image":{"@id":"https:\/\/bahiaeconomica.com.br\/wp\/#\/schema\/logo\/image\/"},"sameAs":["https:\/\/www.facebook.com\/bahiaeconomica"]},{"@type":"Person","@id":"https:\/\/bahiaeconomica.com.br\/wp\/#\/schema\/person\/cb1ab5ba96ad3d9390805381c76284ec","name":"admin","url":"https:\/\/bahiaeconomica.com.br\/wp\/author\/admin\/"}]}},"views":9,"_links":{"self":[{"href":"https:\/\/bahiaeconomica.com.br\/wp\/wp-json\/wp\/v2\/posts\/399218"}],"collection":[{"href":"https:\/\/bahiaeconomica.com.br\/wp\/wp-json\/wp\/v2\/posts"}],"about":[{"href":"https:\/\/bahiaeconomica.com.br\/wp\/wp-json\/wp\/v2\/types\/post"}],"author":[{"embeddable":true,"href":"https:\/\/bahiaeconomica.com.br\/wp\/wp-json\/wp\/v2\/users\/1"}],"replies":[{"embeddable":true,"href":"https:\/\/bahiaeconomica.com.br\/wp\/wp-json\/wp\/v2\/comments?post=399218"}],"version-history":[{"count":4,"href":"https:\/\/bahiaeconomica.com.br\/wp\/wp-json\/wp\/v2\/posts\/399218\/revisions"}],"predecessor-version":[{"id":399456,"href":"https:\/\/bahiaeconomica.com.br\/wp\/wp-json\/wp\/v2\/posts\/399218\/revisions\/399456"}],"wp:featuredmedia":[{"embeddable":true,"href":"https:\/\/bahiaeconomica.com.br\/wp\/wp-json\/wp\/v2\/media\/399222"}],"wp:attachment":[{"href":"https:\/\/bahiaeconomica.com.br\/wp\/wp-json\/wp\/v2\/media?parent=399218"}],"wp:term":[{"taxonomy":"category","embeddable":true,"href":"https:\/\/bahiaeconomica.com.br\/wp\/wp-json\/wp\/v2\/categories?post=399218"},{"taxonomy":"post_tag","embeddable":true,"href":"https:\/\/bahiaeconomica.com.br\/wp\/wp-json\/wp\/v2\/tags?post=399218"}],"curies":[{"name":"wp","href":"https:\/\/api.w.org\/{rel}","templated":true}]}}