{"id":398010,"date":"2019-09-17T14:35:13","date_gmt":"2019-09-17T17:35:13","guid":{"rendered":"https:\/\/bahiaeconomica.com.br\/wp\/beta\/?p=398010"},"modified":"2019-09-17T13:00:50","modified_gmt":"2019-09-17T16:00:50","slug":"deputado-denuncia-abandono-da-lagoa-do-derba-em-jequie","status":"publish","type":"post","link":"https:\/\/bahiaeconomica.com.br\/wp\/2019\/09\/17\/deputado-denuncia-abandono-da-lagoa-do-derba-em-jequie\/","title":{"rendered":"DEPUTADO DENUNCIA ABANDONO DA LAGOA DO DERBA, EM JEQUI\u00c9\u00a0"},"content":{"rendered":"<p>\u201c\u00c9 muito triste ver o estado de abandono em que se encontra a Lagoa do Derba, no bairro do Jequiezinho, num cen\u00e1rio de total degrada\u00e7\u00e3o\u201d, denuncia o deputado estadual Z\u00e9 Coc\u00e1 (PP), buscando provid\u00eancias para mudar a situa\u00e7\u00e3o. Nesse sentido o parlamentar encaminhou a indica\u00e7\u00e3o de n\u00famero 23.101\/2019 ao governador Rui Costa, reivindicando a revitaliza\u00e7\u00e3o da lagoa, localizada em \u00e1rea de prote\u00e7\u00e3o ambiental, obra que dever\u00e1 ser realizada em conjunto pelas secretarias estaduais de Infraestrutura H\u00eddrica e Saneamento e do Meio Ambiente.<\/p>\n<p>Destacando que o local tem grande potencial tur\u00edstico, Z\u00e9 Coc\u00e1 prop\u00f5e que no projeto de revitaliza\u00e7\u00e3o seja inclu\u00edda a constru\u00e7\u00e3o de pista para caminhadas, instala\u00e7\u00e3o de quiosques, parque infantil, al\u00e9m de um p\u00eder para que caiaques e barcos possam ser utilizados na lagoa, criando a op\u00e7\u00e3o de lazer e esportes n\u00e1uticos. Ao justificar sua indica\u00e7\u00e3o, o deputado disse ao governador Rui Costa, que a revitaliza\u00e7\u00e3o da Lagoa do Derba \u201c\u00e9 medida estrat\u00e9gica para o desenvolvimento do bairro do Jequiezinho, e do munic\u00edpio de Jequi\u00e9, e importante para a melhoria da qualidade de vida da popula\u00e7\u00e3o\u201d.<\/p>\n<p>Foto: Divulga\u00e7\u00e3o PP<\/p>\n","protected":false},"excerpt":{"rendered":"<p>\u201c\u00c9 muito triste ver o estado de abandono em que se encontra a Lagoa do Derba, no bairro do Jequiezinho, num cen\u00e1rio de total degrada\u00e7\u00e3o\u201d, denuncia o deputado estadual Z\u00e9 Coc\u00e1 (PP), buscando provid\u00eancias para mudar a situa\u00e7\u00e3o. Nesse sentido o parlamentar encaminhou a indica\u00e7\u00e3o de n\u00famero 23.101\/2019 ao governador Rui Costa, reivindicando a revitaliza\u00e7\u00e3o [&hellip;]<\/p>\n","protected":false},"author":1,"featured_media":398011,"comment_status":"closed","ping_status":"closed","sticky":false,"template":"","format":"standard","meta":[],"categories":[14,3],"tags":[],"acf":[],"yoast_head":"<!-- This site is optimized with the Yoast SEO plugin v20.8 - https:\/\/yoast.com\/wordpress\/plugins\/seo\/ -->\n<title>DEPUTADO DENUNCIA ABANDONO DA LAGOA DO DERBA, EM JEQUI\u00c9\u00a0 - Bahia Economica<\/title>\n<meta name=\"description\" content=\"O maior portal de Economia da Bahia DESTAQUE DO DIA, ECONOMIA \/ POL\u00cdTICA Bahia Economica\" \/>\n<meta name=\"robots\" content=\"index, follow, max-snippet:-1, max-image-preview:large, max-video-preview:-1\" \/>\n<link rel=\"canonical\" href=\"https:\/\/bahiaeconomica.com.br\/wp\/2019\/09\/17\/deputado-denuncia-abandono-da-lagoa-do-derba-em-jequie\/\" \/>\n<meta property=\"og:locale\" content=\"pt_BR\" \/>\n<meta property=\"og:type\" content=\"article\" \/>\n<meta property=\"og:title\" content=\"DEPUTADO DENUNCIA ABANDONO DA LAGOA DO DERBA, EM JEQUI\u00c9\u00a0 - Bahia Economica\" \/>\n<meta property=\"og:description\" content=\"O maior portal de Economia da Bahia DESTAQUE DO DIA, ECONOMIA \/ POL\u00cdTICA Bahia Economica\" \/>\n<meta property=\"og:url\" content=\"https:\/\/bahiaeconomica.com.br\/wp\/2019\/09\/17\/deputado-denuncia-abandono-da-lagoa-do-derba-em-jequie\/\" \/>\n<meta property=\"og:site_name\" content=\"Bahia Economica\" \/>\n<meta property=\"article:publisher\" content=\"https:\/\/www.facebook.com\/bahiaeconomica\" \/>\n<meta property=\"article:published_time\" content=\"2019-09-17T17:35:13+00:00\" \/>\n<meta property=\"article:modified_time\" content=\"2019-09-17T16:00:50+00:00\" \/>\n<meta property=\"og:image\" content=\"https:\/\/bahiaeconomica.com.br\/wp\/wp-content\/uploads\/2019\/09\/DEPZ\u00c9COC\u00c1500.jpg\" \/>\n\t<meta property=\"og:image:width\" content=\"500\" \/>\n\t<meta property=\"og:image:height\" content=\"300\" \/>\n\t<meta property=\"og:image:type\" content=\"image\/jpeg\" \/>\n<meta name=\"author\" content=\"admin\" \/>\n<meta name=\"twitter:card\" content=\"summary_large_image\" \/>\n<meta name=\"twitter:label1\" content=\"Escrito por\" \/>\n\t<meta name=\"twitter:data1\" content=\"admin\" \/>\n\t<meta name=\"twitter:label2\" content=\"Est. tempo de leitura\" \/>\n\t<meta name=\"twitter:data2\" content=\"1 minuto\" \/>\n<script type=\"application\/ld+json\" class=\"yoast-schema-graph\">{\"@context\":\"https:\/\/schema.org\",\"@graph\":[{\"@type\":\"Article\",\"@id\":\"https:\/\/bahiaeconomica.com.br\/wp\/2019\/09\/17\/deputado-denuncia-abandono-da-lagoa-do-derba-em-jequie\/#article\",\"isPartOf\":{\"@id\":\"https:\/\/bahiaeconomica.com.br\/wp\/2019\/09\/17\/deputado-denuncia-abandono-da-lagoa-do-derba-em-jequie\/\"},\"author\":{\"name\":\"admin\",\"@id\":\"https:\/\/bahiaeconomica.com.br\/wp\/#\/schema\/person\/cb1ab5ba96ad3d9390805381c76284ec\"},\"headline\":\"DEPUTADO DENUNCIA ABANDONO DA LAGOA DO DERBA, EM JEQUI\u00c9\u00a0\",\"datePublished\":\"2019-09-17T17:35:13+00:00\",\"dateModified\":\"2019-09-17T16:00:50+00:00\",\"mainEntityOfPage\":{\"@id\":\"https:\/\/bahiaeconomica.com.br\/wp\/2019\/09\/17\/deputado-denuncia-abandono-da-lagoa-do-derba-em-jequie\/\"},\"wordCount\":211,\"publisher\":{\"@id\":\"https:\/\/bahiaeconomica.com.br\/wp\/#organization\"},\"articleSection\":[\"DESTAQUE DO DIA\",\"ECONOMIA \/ POL\u00cdTICA\"],\"inLanguage\":\"pt-BR\"},{\"@type\":\"WebPage\",\"@id\":\"https:\/\/bahiaeconomica.com.br\/wp\/2019\/09\/17\/deputado-denuncia-abandono-da-lagoa-do-derba-em-jequie\/\",\"url\":\"https:\/\/bahiaeconomica.com.br\/wp\/2019\/09\/17\/deputado-denuncia-abandono-da-lagoa-do-derba-em-jequie\/\",\"name\":\"DEPUTADO DENUNCIA ABANDONO DA LAGOA DO DERBA, EM JEQUI\u00c9\u00a0 - Bahia Economica\",\"isPartOf\":{\"@id\":\"https:\/\/bahiaeconomica.com.br\/wp\/#website\"},\"datePublished\":\"2019-09-17T17:35:13+00:00\",\"dateModified\":\"2019-09-17T16:00:50+00:00\",\"description\":\"O maior portal de Economia da Bahia DESTAQUE DO DIA, ECONOMIA \/ POL\u00cdTICA Bahia Economica\",\"breadcrumb\":{\"@id\":\"https:\/\/bahiaeconomica.com.br\/wp\/2019\/09\/17\/deputado-denuncia-abandono-da-lagoa-do-derba-em-jequie\/#breadcrumb\"},\"inLanguage\":\"pt-BR\",\"potentialAction\":[{\"@type\":\"ReadAction\",\"target\":[\"https:\/\/bahiaeconomica.com.br\/wp\/2019\/09\/17\/deputado-denuncia-abandono-da-lagoa-do-derba-em-jequie\/\"]}]},{\"@type\":\"BreadcrumbList\",\"@id\":\"https:\/\/bahiaeconomica.com.br\/wp\/2019\/09\/17\/deputado-denuncia-abandono-da-lagoa-do-derba-em-jequie\/#breadcrumb\",\"itemListElement\":[{\"@type\":\"ListItem\",\"position\":1,\"name\":\"In\u00edcio\",\"item\":\"https:\/\/bahiaeconomica.com.br\/wp\/\"},{\"@type\":\"ListItem\",\"position\":2,\"name\":\"DEPUTADO DENUNCIA ABANDONO DA LAGOA DO DERBA, EM JEQUI\u00c9\u00a0\"}]},{\"@type\":\"WebSite\",\"@id\":\"https:\/\/bahiaeconomica.com.br\/wp\/#website\",\"url\":\"https:\/\/bahiaeconomica.com.br\/wp\/\",\"name\":\"Bahia Economica\",\"description\":\"O maior portal de Economia da Bahia\",\"publisher\":{\"@id\":\"https:\/\/bahiaeconomica.com.br\/wp\/#organization\"},\"potentialAction\":[{\"@type\":\"SearchAction\",\"target\":{\"@type\":\"EntryPoint\",\"urlTemplate\":\"https:\/\/bahiaeconomica.com.br\/wp\/?s={search_term_string}\"},\"query-input\":\"required name=search_term_string\"}],\"inLanguage\":\"pt-BR\"},{\"@type\":\"Organization\",\"@id\":\"https:\/\/bahiaeconomica.com.br\/wp\/#organization\",\"name\":\"Bahia Econ\u00f4mica\",\"url\":\"https:\/\/bahiaeconomica.com.br\/wp\/\",\"logo\":{\"@type\":\"ImageObject\",\"inLanguage\":\"pt-BR\",\"@id\":\"https:\/\/bahiaeconomica.com.br\/wp\/#\/schema\/logo\/image\/\",\"url\":\"https:\/\/bahiaeconomica.com.br\/wp\/wp-content\/uploads\/2020\/12\/cropped-BE.png\",\"contentUrl\":\"https:\/\/bahiaeconomica.com.br\/wp\/wp-content\/uploads\/2020\/12\/cropped-BE.png\",\"width\":512,\"height\":512,\"caption\":\"Bahia Econ\u00f4mica\"},\"image\":{\"@id\":\"https:\/\/bahiaeconomica.com.br\/wp\/#\/schema\/logo\/image\/\"},\"sameAs\":[\"https:\/\/www.facebook.com\/bahiaeconomica\"]},{\"@type\":\"Person\",\"@id\":\"https:\/\/bahiaeconomica.com.br\/wp\/#\/schema\/person\/cb1ab5ba96ad3d9390805381c76284ec\",\"name\":\"admin\",\"url\":\"https:\/\/bahiaeconomica.com.br\/wp\/author\/admin\/\"}]}<\/script>\n<!-- \/ Yoast SEO plugin. -->","yoast_head_json":{"title":"DEPUTADO DENUNCIA ABANDONO DA LAGOA DO DERBA, EM JEQUI\u00c9\u00a0 - Bahia Economica","description":"O maior portal de Economia da Bahia DESTAQUE DO DIA, ECONOMIA \/ POL\u00cdTICA Bahia Economica","robots":{"index":"index","follow":"follow","max-snippet":"max-snippet:-1","max-image-preview":"max-image-preview:large","max-video-preview":"max-video-preview:-1"},"canonical":"https:\/\/bahiaeconomica.com.br\/wp\/2019\/09\/17\/deputado-denuncia-abandono-da-lagoa-do-derba-em-jequie\/","og_locale":"pt_BR","og_type":"article","og_title":"DEPUTADO DENUNCIA ABANDONO DA LAGOA DO DERBA, EM JEQUI\u00c9\u00a0 - Bahia Economica","og_description":"O maior portal de Economia da Bahia DESTAQUE DO DIA, ECONOMIA \/ POL\u00cdTICA Bahia Economica","og_url":"https:\/\/bahiaeconomica.com.br\/wp\/2019\/09\/17\/deputado-denuncia-abandono-da-lagoa-do-derba-em-jequie\/","og_site_name":"Bahia Economica","article_publisher":"https:\/\/www.facebook.com\/bahiaeconomica","article_published_time":"2019-09-17T17:35:13+00:00","article_modified_time":"2019-09-17T16:00:50+00:00","og_image":[{"width":500,"height":300,"url":"https:\/\/bahiaeconomica.com.br\/wp\/wp-content\/uploads\/2019\/09\/DEPZ\u00c9COC\u00c1500.jpg","type":"image\/jpeg"}],"author":"admin","twitter_card":"summary_large_image","twitter_misc":{"Escrito por":"admin","Est. tempo de leitura":"1 minuto"},"schema":{"@context":"https:\/\/schema.org","@graph":[{"@type":"Article","@id":"https:\/\/bahiaeconomica.com.br\/wp\/2019\/09\/17\/deputado-denuncia-abandono-da-lagoa-do-derba-em-jequie\/#article","isPartOf":{"@id":"https:\/\/bahiaeconomica.com.br\/wp\/2019\/09\/17\/deputado-denuncia-abandono-da-lagoa-do-derba-em-jequie\/"},"author":{"name":"admin","@id":"https:\/\/bahiaeconomica.com.br\/wp\/#\/schema\/person\/cb1ab5ba96ad3d9390805381c76284ec"},"headline":"DEPUTADO DENUNCIA ABANDONO DA LAGOA DO DERBA, EM JEQUI\u00c9\u00a0","datePublished":"2019-09-17T17:35:13+00:00","dateModified":"2019-09-17T16:00:50+00:00","mainEntityOfPage":{"@id":"https:\/\/bahiaeconomica.com.br\/wp\/2019\/09\/17\/deputado-denuncia-abandono-da-lagoa-do-derba-em-jequie\/"},"wordCount":211,"publisher":{"@id":"https:\/\/bahiaeconomica.com.br\/wp\/#organization"},"articleSection":["DESTAQUE DO DIA","ECONOMIA \/ POL\u00cdTICA"],"inLanguage":"pt-BR"},{"@type":"WebPage","@id":"https:\/\/bahiaeconomica.com.br\/wp\/2019\/09\/17\/deputado-denuncia-abandono-da-lagoa-do-derba-em-jequie\/","url":"https:\/\/bahiaeconomica.com.br\/wp\/2019\/09\/17\/deputado-denuncia-abandono-da-lagoa-do-derba-em-jequie\/","name":"DEPUTADO DENUNCIA ABANDONO DA LAGOA DO DERBA, EM JEQUI\u00c9\u00a0 - Bahia Economica","isPartOf":{"@id":"https:\/\/bahiaeconomica.com.br\/wp\/#website"},"datePublished":"2019-09-17T17:35:13+00:00","dateModified":"2019-09-17T16:00:50+00:00","description":"O maior portal de Economia da Bahia DESTAQUE DO DIA, ECONOMIA \/ POL\u00cdTICA Bahia Economica","breadcrumb":{"@id":"https:\/\/bahiaeconomica.com.br\/wp\/2019\/09\/17\/deputado-denuncia-abandono-da-lagoa-do-derba-em-jequie\/#breadcrumb"},"inLanguage":"pt-BR","potentialAction":[{"@type":"ReadAction","target":["https:\/\/bahiaeconomica.com.br\/wp\/2019\/09\/17\/deputado-denuncia-abandono-da-lagoa-do-derba-em-jequie\/"]}]},{"@type":"BreadcrumbList","@id":"https:\/\/bahiaeconomica.com.br\/wp\/2019\/09\/17\/deputado-denuncia-abandono-da-lagoa-do-derba-em-jequie\/#breadcrumb","itemListElement":[{"@type":"ListItem","position":1,"name":"In\u00edcio","item":"https:\/\/bahiaeconomica.com.br\/wp\/"},{"@type":"ListItem","position":2,"name":"DEPUTADO DENUNCIA ABANDONO DA LAGOA DO DERBA, EM JEQUI\u00c9\u00a0"}]},{"@type":"WebSite","@id":"https:\/\/bahiaeconomica.com.br\/wp\/#website","url":"https:\/\/bahiaeconomica.com.br\/wp\/","name":"Bahia Economica","description":"O maior portal de Economia da Bahia","publisher":{"@id":"https:\/\/bahiaeconomica.com.br\/wp\/#organization"},"potentialAction":[{"@type":"SearchAction","target":{"@type":"EntryPoint","urlTemplate":"https:\/\/bahiaeconomica.com.br\/wp\/?s={search_term_string}"},"query-input":"required name=search_term_string"}],"inLanguage":"pt-BR"},{"@type":"Organization","@id":"https:\/\/bahiaeconomica.com.br\/wp\/#organization","name":"Bahia Econ\u00f4mica","url":"https:\/\/bahiaeconomica.com.br\/wp\/","logo":{"@type":"ImageObject","inLanguage":"pt-BR","@id":"https:\/\/bahiaeconomica.com.br\/wp\/#\/schema\/logo\/image\/","url":"https:\/\/bahiaeconomica.com.br\/wp\/wp-content\/uploads\/2020\/12\/cropped-BE.png","contentUrl":"https:\/\/bahiaeconomica.com.br\/wp\/wp-content\/uploads\/2020\/12\/cropped-BE.png","width":512,"height":512,"caption":"Bahia Econ\u00f4mica"},"image":{"@id":"https:\/\/bahiaeconomica.com.br\/wp\/#\/schema\/logo\/image\/"},"sameAs":["https:\/\/www.facebook.com\/bahiaeconomica"]},{"@type":"Person","@id":"https:\/\/bahiaeconomica.com.br\/wp\/#\/schema\/person\/cb1ab5ba96ad3d9390805381c76284ec","name":"admin","url":"https:\/\/bahiaeconomica.com.br\/wp\/author\/admin\/"}]}},"views":5,"_links":{"self":[{"href":"https:\/\/bahiaeconomica.com.br\/wp\/wp-json\/wp\/v2\/posts\/398010"}],"collection":[{"href":"https:\/\/bahiaeconomica.com.br\/wp\/wp-json\/wp\/v2\/posts"}],"about":[{"href":"https:\/\/bahiaeconomica.com.br\/wp\/wp-json\/wp\/v2\/types\/post"}],"author":[{"embeddable":true,"href":"https:\/\/bahiaeconomica.com.br\/wp\/wp-json\/wp\/v2\/users\/1"}],"replies":[{"embeddable":true,"href":"https:\/\/bahiaeconomica.com.br\/wp\/wp-json\/wp\/v2\/comments?post=398010"}],"version-history":[{"count":1,"href":"https:\/\/bahiaeconomica.com.br\/wp\/wp-json\/wp\/v2\/posts\/398010\/revisions"}],"predecessor-version":[{"id":398012,"href":"https:\/\/bahiaeconomica.com.br\/wp\/wp-json\/wp\/v2\/posts\/398010\/revisions\/398012"}],"wp:featuredmedia":[{"embeddable":true,"href":"https:\/\/bahiaeconomica.com.br\/wp\/wp-json\/wp\/v2\/media\/398011"}],"wp:attachment":[{"href":"https:\/\/bahiaeconomica.com.br\/wp\/wp-json\/wp\/v2\/media?parent=398010"}],"wp:term":[{"taxonomy":"category","embeddable":true,"href":"https:\/\/bahiaeconomica.com.br\/wp\/wp-json\/wp\/v2\/categories?post=398010"},{"taxonomy":"post_tag","embeddable":true,"href":"https:\/\/bahiaeconomica.com.br\/wp\/wp-json\/wp\/v2\/tags?post=398010"}],"curies":[{"name":"wp","href":"https:\/\/api.w.org\/{rel}","templated":true}]}}