{"id":393482,"date":"2019-09-02T05:00:41","date_gmt":"2019-09-02T08:00:41","guid":{"rendered":"https:\/\/bahiaeconomica.com.br\/wp\/beta\/?p=393482"},"modified":"2019-09-15T21:05:46","modified_gmt":"2019-09-16T00:05:46","slug":"feira-de-santana-analise-da-pesquisa-mostra-que-dois-nomes-novos-vao-dar-o-tom-da-disputa","status":"publish","type":"post","link":"https:\/\/bahiaeconomica.com.br\/wp\/2019\/09\/02\/feira-de-santana-analise-da-pesquisa-mostra-que-dois-nomes-novos-vao-dar-o-tom-da-disputa\/","title":{"rendered":"FEIRA DE SANTANA: AN\u00c1LISE DA PESQUISA MOSTRA QUE DOIS NOMES NOVOS V\u00c3O DAR O TOM DA DISPUTA"},"content":{"rendered":"<p style=\"text-align: justify;\">A elei\u00e7\u00e3o para a Prefeitura de Feira de Santana ser\u00e1 uma das mais disputadas da hist\u00f3ria da cidade. Ap\u00f3s 17 anos de dom\u00ednio do DEM, sendo 4 vezes governada pelo ex-prefeito Jos\u00e9 Ronaldo, que saiu para candidatar-se a governador deixando em seu lugar Colbert Martins do MDB, Feira de Santana ser\u00e1 palco de uma disputa com muitos candidatos. O levantamento &nbsp;realizado pelo Instituto Paran\u00e1 de Pesquisas sobre a corrida eleitoral , divulgado na semana passada, mostra o quadro atual e onde cada pr\u00e9-candidato esta posicionado.<\/p>\n<p style=\"text-align: justify;\">Em primeiro lugar na pesquisa aparece o deputado Z\u00e9 Neto (PT), com 26,5% das inten\u00e7\u00f5es de voto, seguido de tr\u00eas candidatos tecnicamente empatados, j\u00e1 que a margem de erro da pesquisa \u00e9 de 4%. S\u00e3o eles: &nbsp;o atual prefeito Colbert Martins do MDB, com 14,1%; Targino Machado do DEM, com 10,6%; e a Professora Dayane Pimentel do PSL, com 10,4%.&nbsp;A posi\u00e7\u00e3o de lideran\u00e7a do deputado Z\u00e9 Neto \u00e9 confort\u00e1vel, com quase o dobro de inten\u00e7\u00f5es de votos do segundo colocado, o que acenaria com a possibilidade do PT governar pela primeira vez a segunda maior cidade do Estado. No entanto, pode-se creditar parte expressiva desse desempenho ao recall da elei\u00e7\u00e3o passada, quando o deputado petista polarizou a disputa com o candidato do DEM, Z\u00e9 Ronaldo. Ali\u00e1s, Z\u00e9 Neto por v\u00e1rias vezes j\u00e1 disputou o executivo municipal e \u00e9 um nome conhecido da popula\u00e7\u00e3o, mas tem rejei\u00e7\u00e3o&nbsp; de 45,1%.&nbsp;Por outro lado, esperava-se mais em rela\u00e7\u00e3o ao desempenho do atual prefeito Colbert Martins que, detendo a m\u00e1quina p\u00fablica, sequer polariza com o primeiro colocado e, al\u00e9m disso, registra uma&nbsp;rejei\u00e7\u00e3o de 51,4%.<\/p>\n<p style=\"text-align: justify;\">Embora ainda seja cedo para maiores infer\u00eancias, quem melhor pontua na pesquisa s\u00e3o o l\u00edder da oposi\u00e7\u00e3o na Assembleia Legislativa, Targino Machado do DEM, e a deputada federal Dayane Pimentel do PSL.&nbsp;S\u00e3o dois nomes novos no que se refere a candidatura majorit\u00e1ria, e por isso mesmo v\u00e3o dar o tom da disputa, sendo que Targino \u00e9 aliado do Prefeito ACM Neto e a Professora Dayane seria a representante do Presidente Bolsonaro na regi\u00e3o. &nbsp;Dayane pode crescer de forma significativa j\u00e1 que 25,3% dos pesquisados disseram que n\u00e3o a conhecem, o que amplia suas chances de crescimento.<\/p>\n<p style=\"text-align: justify;\">Vale lembrar que Dayane, &nbsp;cujo marido ocupa uma secretaria na Prefeitura de Salvador, coloca-se como aliada do Prefeito ACM Neto. Nesse contexto, h\u00e1 v\u00e1rios n\u00f3s a serem desamarrados. &nbsp;Especula-se, por exemplo, &nbsp;que Z\u00e9 Ronaldo e Colbert andariam estremecidos com Targino e, embora todos orbitem em torno de ACM Neto, o prefeito ter\u00e1 de se desdobrar para buscar o consenso em uma disputa com tantos candidatos aliados. O PT, por outro lado, parece carente de nomes novos e deve mais uma vez apostar no deputado Z\u00e9 Neto.&nbsp;De todo modo, o quadro \u00e9 esse e, vale notar, tamb\u00e9m&nbsp;&nbsp; pontuaram na pesquisa Carlos Geilson (sem partido), com 7,8%; Jhonatas Monteiro (PSOL), com 5,5%; e \u00c2ngelo Almeida (PSB), com 2,8%. &nbsp;Mas a disputa vai embolar mesmo quando o governador Rui Costa e o Prefeito ACM Neto declararem qual candidato v\u00e3o apoiar.<\/p>\n<p>Veja Tamb\u00e9m: <strong><a href=\"https:\/\/bahiaeconomica.com.br\/wp\/beta\/2019\/08\/26\/pesquisa-quem-tem-cacife-para-disputar-a-prefeitura-de-salvador\/\">Quem tem cacife para disputar a Prefeitura de Salvador<\/a><\/strong><\/p>\n","protected":false},"excerpt":{"rendered":"<p>A elei\u00e7\u00e3o para a Prefeitura de Feira de Santana ser\u00e1 uma das mais disputadas da hist\u00f3ria da cidade. Ap\u00f3s 17 anos de dom\u00ednio do DEM, sendo 4 vezes governada pelo ex-prefeito Jos\u00e9 Ronaldo, que saiu para candidatar-se a governador deixando em seu lugar Colbert Martins do MDB, Feira de Santana ser\u00e1 palco de uma disputa [&hellip;]<\/p>\n","protected":false},"author":1,"featured_media":397200,"comment_status":"closed","ping_status":"closed","sticky":false,"template":"","format":"standard","meta":[],"categories":[15],"tags":[],"acf":[],"yoast_head":"<!-- This site is optimized with the Yoast SEO plugin v20.8 - https:\/\/yoast.com\/wordpress\/plugins\/seo\/ -->\n<title>FEIRA DE SANTANA: AN\u00c1LISE DA PESQUISA MOSTRA QUE DOIS NOMES NOVOS V\u00c3O DAR O TOM DA DISPUTA - Bahia Economica<\/title>\n<meta name=\"description\" content=\"O maior portal de Economia da Bahia SEU INVESTIMENTO Bahia Economica\" \/>\n<meta name=\"robots\" content=\"index, follow, max-snippet:-1, max-image-preview:large, max-video-preview:-1\" \/>\n<link rel=\"canonical\" href=\"https:\/\/bahiaeconomica.com.br\/wp\/2019\/09\/02\/feira-de-santana-analise-da-pesquisa-mostra-que-dois-nomes-novos-vao-dar-o-tom-da-disputa\/\" \/>\n<meta property=\"og:locale\" content=\"pt_BR\" \/>\n<meta property=\"og:type\" content=\"article\" \/>\n<meta property=\"og:title\" content=\"FEIRA DE SANTANA: AN\u00c1LISE DA PESQUISA MOSTRA QUE DOIS NOMES NOVOS V\u00c3O DAR O TOM DA DISPUTA - Bahia Economica\" \/>\n<meta property=\"og:description\" content=\"O maior portal de Economia da Bahia SEU INVESTIMENTO Bahia Economica\" \/>\n<meta property=\"og:url\" content=\"https:\/\/bahiaeconomica.com.br\/wp\/2019\/09\/02\/feira-de-santana-analise-da-pesquisa-mostra-que-dois-nomes-novos-vao-dar-o-tom-da-disputa\/\" \/>\n<meta property=\"og:site_name\" content=\"Bahia Economica\" \/>\n<meta property=\"article:publisher\" content=\"https:\/\/www.facebook.com\/bahiaeconomica\" \/>\n<meta property=\"article:published_time\" content=\"2019-09-02T08:00:41+00:00\" \/>\n<meta property=\"article:modified_time\" content=\"2019-09-16T00:05:46+00:00\" \/>\n<meta property=\"og:image\" content=\"https:\/\/bahiaeconomica.com.br\/wp\/wp-content\/uploads\/2019\/09\/feira-prefeitos.jpeg\" \/>\n\t<meta property=\"og:image:width\" content=\"288\" \/>\n\t<meta property=\"og:image:height\" content=\"175\" \/>\n\t<meta property=\"og:image:type\" content=\"image\/jpeg\" \/>\n<meta name=\"author\" content=\"admin\" \/>\n<meta name=\"twitter:card\" content=\"summary_large_image\" \/>\n<meta name=\"twitter:label1\" content=\"Escrito por\" \/>\n\t<meta name=\"twitter:data1\" content=\"admin\" \/>\n\t<meta name=\"twitter:label2\" content=\"Est. tempo de leitura\" \/>\n\t<meta name=\"twitter:data2\" content=\"3 minutos\" \/>\n<script type=\"application\/ld+json\" class=\"yoast-schema-graph\">{\"@context\":\"https:\/\/schema.org\",\"@graph\":[{\"@type\":\"Article\",\"@id\":\"https:\/\/bahiaeconomica.com.br\/wp\/2019\/09\/02\/feira-de-santana-analise-da-pesquisa-mostra-que-dois-nomes-novos-vao-dar-o-tom-da-disputa\/#article\",\"isPartOf\":{\"@id\":\"https:\/\/bahiaeconomica.com.br\/wp\/2019\/09\/02\/feira-de-santana-analise-da-pesquisa-mostra-que-dois-nomes-novos-vao-dar-o-tom-da-disputa\/\"},\"author\":{\"name\":\"admin\",\"@id\":\"https:\/\/bahiaeconomica.com.br\/wp\/#\/schema\/person\/cb1ab5ba96ad3d9390805381c76284ec\"},\"headline\":\"FEIRA DE SANTANA: AN\u00c1LISE DA PESQUISA MOSTRA QUE DOIS NOMES NOVOS V\u00c3O DAR O TOM DA DISPUTA\",\"datePublished\":\"2019-09-02T08:00:41+00:00\",\"dateModified\":\"2019-09-16T00:05:46+00:00\",\"mainEntityOfPage\":{\"@id\":\"https:\/\/bahiaeconomica.com.br\/wp\/2019\/09\/02\/feira-de-santana-analise-da-pesquisa-mostra-que-dois-nomes-novos-vao-dar-o-tom-da-disputa\/\"},\"wordCount\":564,\"publisher\":{\"@id\":\"https:\/\/bahiaeconomica.com.br\/wp\/#organization\"},\"articleSection\":[\"SEU INVESTIMENTO\"],\"inLanguage\":\"pt-BR\"},{\"@type\":\"WebPage\",\"@id\":\"https:\/\/bahiaeconomica.com.br\/wp\/2019\/09\/02\/feira-de-santana-analise-da-pesquisa-mostra-que-dois-nomes-novos-vao-dar-o-tom-da-disputa\/\",\"url\":\"https:\/\/bahiaeconomica.com.br\/wp\/2019\/09\/02\/feira-de-santana-analise-da-pesquisa-mostra-que-dois-nomes-novos-vao-dar-o-tom-da-disputa\/\",\"name\":\"FEIRA DE SANTANA: AN\u00c1LISE DA PESQUISA MOSTRA QUE DOIS NOMES NOVOS V\u00c3O DAR O TOM DA DISPUTA - Bahia Economica\",\"isPartOf\":{\"@id\":\"https:\/\/bahiaeconomica.com.br\/wp\/#website\"},\"datePublished\":\"2019-09-02T08:00:41+00:00\",\"dateModified\":\"2019-09-16T00:05:46+00:00\",\"description\":\"O maior portal de Economia da Bahia SEU INVESTIMENTO Bahia Economica\",\"breadcrumb\":{\"@id\":\"https:\/\/bahiaeconomica.com.br\/wp\/2019\/09\/02\/feira-de-santana-analise-da-pesquisa-mostra-que-dois-nomes-novos-vao-dar-o-tom-da-disputa\/#breadcrumb\"},\"inLanguage\":\"pt-BR\",\"potentialAction\":[{\"@type\":\"ReadAction\",\"target\":[\"https:\/\/bahiaeconomica.com.br\/wp\/2019\/09\/02\/feira-de-santana-analise-da-pesquisa-mostra-que-dois-nomes-novos-vao-dar-o-tom-da-disputa\/\"]}]},{\"@type\":\"BreadcrumbList\",\"@id\":\"https:\/\/bahiaeconomica.com.br\/wp\/2019\/09\/02\/feira-de-santana-analise-da-pesquisa-mostra-que-dois-nomes-novos-vao-dar-o-tom-da-disputa\/#breadcrumb\",\"itemListElement\":[{\"@type\":\"ListItem\",\"position\":1,\"name\":\"In\u00edcio\",\"item\":\"https:\/\/bahiaeconomica.com.br\/wp\/\"},{\"@type\":\"ListItem\",\"position\":2,\"name\":\"FEIRA DE SANTANA: AN\u00c1LISE DA PESQUISA MOSTRA QUE DOIS NOMES NOVOS V\u00c3O DAR O TOM DA DISPUTA\"}]},{\"@type\":\"WebSite\",\"@id\":\"https:\/\/bahiaeconomica.com.br\/wp\/#website\",\"url\":\"https:\/\/bahiaeconomica.com.br\/wp\/\",\"name\":\"Bahia Economica\",\"description\":\"O maior portal de Economia da Bahia\",\"publisher\":{\"@id\":\"https:\/\/bahiaeconomica.com.br\/wp\/#organization\"},\"potentialAction\":[{\"@type\":\"SearchAction\",\"target\":{\"@type\":\"EntryPoint\",\"urlTemplate\":\"https:\/\/bahiaeconomica.com.br\/wp\/?s={search_term_string}\"},\"query-input\":\"required name=search_term_string\"}],\"inLanguage\":\"pt-BR\"},{\"@type\":\"Organization\",\"@id\":\"https:\/\/bahiaeconomica.com.br\/wp\/#organization\",\"name\":\"Bahia Econ\u00f4mica\",\"url\":\"https:\/\/bahiaeconomica.com.br\/wp\/\",\"logo\":{\"@type\":\"ImageObject\",\"inLanguage\":\"pt-BR\",\"@id\":\"https:\/\/bahiaeconomica.com.br\/wp\/#\/schema\/logo\/image\/\",\"url\":\"https:\/\/bahiaeconomica.com.br\/wp\/wp-content\/uploads\/2020\/12\/cropped-BE.png\",\"contentUrl\":\"https:\/\/bahiaeconomica.com.br\/wp\/wp-content\/uploads\/2020\/12\/cropped-BE.png\",\"width\":512,\"height\":512,\"caption\":\"Bahia Econ\u00f4mica\"},\"image\":{\"@id\":\"https:\/\/bahiaeconomica.com.br\/wp\/#\/schema\/logo\/image\/\"},\"sameAs\":[\"https:\/\/www.facebook.com\/bahiaeconomica\"]},{\"@type\":\"Person\",\"@id\":\"https:\/\/bahiaeconomica.com.br\/wp\/#\/schema\/person\/cb1ab5ba96ad3d9390805381c76284ec\",\"name\":\"admin\",\"url\":\"https:\/\/bahiaeconomica.com.br\/wp\/author\/admin\/\"}]}<\/script>\n<!-- \/ Yoast SEO plugin. -->","yoast_head_json":{"title":"FEIRA DE SANTANA: AN\u00c1LISE DA PESQUISA MOSTRA QUE DOIS NOMES NOVOS V\u00c3O DAR O TOM DA DISPUTA - Bahia Economica","description":"O maior portal de Economia da Bahia SEU INVESTIMENTO Bahia Economica","robots":{"index":"index","follow":"follow","max-snippet":"max-snippet:-1","max-image-preview":"max-image-preview:large","max-video-preview":"max-video-preview:-1"},"canonical":"https:\/\/bahiaeconomica.com.br\/wp\/2019\/09\/02\/feira-de-santana-analise-da-pesquisa-mostra-que-dois-nomes-novos-vao-dar-o-tom-da-disputa\/","og_locale":"pt_BR","og_type":"article","og_title":"FEIRA DE SANTANA: AN\u00c1LISE DA PESQUISA MOSTRA QUE DOIS NOMES NOVOS V\u00c3O DAR O TOM DA DISPUTA - Bahia Economica","og_description":"O maior portal de Economia da Bahia SEU INVESTIMENTO Bahia Economica","og_url":"https:\/\/bahiaeconomica.com.br\/wp\/2019\/09\/02\/feira-de-santana-analise-da-pesquisa-mostra-que-dois-nomes-novos-vao-dar-o-tom-da-disputa\/","og_site_name":"Bahia Economica","article_publisher":"https:\/\/www.facebook.com\/bahiaeconomica","article_published_time":"2019-09-02T08:00:41+00:00","article_modified_time":"2019-09-16T00:05:46+00:00","og_image":[{"width":288,"height":175,"url":"https:\/\/bahiaeconomica.com.br\/wp\/wp-content\/uploads\/2019\/09\/feira-prefeitos.jpeg","type":"image\/jpeg"}],"author":"admin","twitter_card":"summary_large_image","twitter_misc":{"Escrito por":"admin","Est. tempo de leitura":"3 minutos"},"schema":{"@context":"https:\/\/schema.org","@graph":[{"@type":"Article","@id":"https:\/\/bahiaeconomica.com.br\/wp\/2019\/09\/02\/feira-de-santana-analise-da-pesquisa-mostra-que-dois-nomes-novos-vao-dar-o-tom-da-disputa\/#article","isPartOf":{"@id":"https:\/\/bahiaeconomica.com.br\/wp\/2019\/09\/02\/feira-de-santana-analise-da-pesquisa-mostra-que-dois-nomes-novos-vao-dar-o-tom-da-disputa\/"},"author":{"name":"admin","@id":"https:\/\/bahiaeconomica.com.br\/wp\/#\/schema\/person\/cb1ab5ba96ad3d9390805381c76284ec"},"headline":"FEIRA DE SANTANA: AN\u00c1LISE DA PESQUISA MOSTRA QUE DOIS NOMES NOVOS V\u00c3O DAR O TOM DA DISPUTA","datePublished":"2019-09-02T08:00:41+00:00","dateModified":"2019-09-16T00:05:46+00:00","mainEntityOfPage":{"@id":"https:\/\/bahiaeconomica.com.br\/wp\/2019\/09\/02\/feira-de-santana-analise-da-pesquisa-mostra-que-dois-nomes-novos-vao-dar-o-tom-da-disputa\/"},"wordCount":564,"publisher":{"@id":"https:\/\/bahiaeconomica.com.br\/wp\/#organization"},"articleSection":["SEU INVESTIMENTO"],"inLanguage":"pt-BR"},{"@type":"WebPage","@id":"https:\/\/bahiaeconomica.com.br\/wp\/2019\/09\/02\/feira-de-santana-analise-da-pesquisa-mostra-que-dois-nomes-novos-vao-dar-o-tom-da-disputa\/","url":"https:\/\/bahiaeconomica.com.br\/wp\/2019\/09\/02\/feira-de-santana-analise-da-pesquisa-mostra-que-dois-nomes-novos-vao-dar-o-tom-da-disputa\/","name":"FEIRA DE SANTANA: AN\u00c1LISE DA PESQUISA MOSTRA QUE DOIS NOMES NOVOS V\u00c3O DAR O TOM DA DISPUTA - Bahia Economica","isPartOf":{"@id":"https:\/\/bahiaeconomica.com.br\/wp\/#website"},"datePublished":"2019-09-02T08:00:41+00:00","dateModified":"2019-09-16T00:05:46+00:00","description":"O maior portal de Economia da Bahia SEU INVESTIMENTO Bahia Economica","breadcrumb":{"@id":"https:\/\/bahiaeconomica.com.br\/wp\/2019\/09\/02\/feira-de-santana-analise-da-pesquisa-mostra-que-dois-nomes-novos-vao-dar-o-tom-da-disputa\/#breadcrumb"},"inLanguage":"pt-BR","potentialAction":[{"@type":"ReadAction","target":["https:\/\/bahiaeconomica.com.br\/wp\/2019\/09\/02\/feira-de-santana-analise-da-pesquisa-mostra-que-dois-nomes-novos-vao-dar-o-tom-da-disputa\/"]}]},{"@type":"BreadcrumbList","@id":"https:\/\/bahiaeconomica.com.br\/wp\/2019\/09\/02\/feira-de-santana-analise-da-pesquisa-mostra-que-dois-nomes-novos-vao-dar-o-tom-da-disputa\/#breadcrumb","itemListElement":[{"@type":"ListItem","position":1,"name":"In\u00edcio","item":"https:\/\/bahiaeconomica.com.br\/wp\/"},{"@type":"ListItem","position":2,"name":"FEIRA DE SANTANA: AN\u00c1LISE DA PESQUISA MOSTRA QUE DOIS NOMES NOVOS V\u00c3O DAR O TOM DA DISPUTA"}]},{"@type":"WebSite","@id":"https:\/\/bahiaeconomica.com.br\/wp\/#website","url":"https:\/\/bahiaeconomica.com.br\/wp\/","name":"Bahia Economica","description":"O maior portal de Economia da Bahia","publisher":{"@id":"https:\/\/bahiaeconomica.com.br\/wp\/#organization"},"potentialAction":[{"@type":"SearchAction","target":{"@type":"EntryPoint","urlTemplate":"https:\/\/bahiaeconomica.com.br\/wp\/?s={search_term_string}"},"query-input":"required name=search_term_string"}],"inLanguage":"pt-BR"},{"@type":"Organization","@id":"https:\/\/bahiaeconomica.com.br\/wp\/#organization","name":"Bahia Econ\u00f4mica","url":"https:\/\/bahiaeconomica.com.br\/wp\/","logo":{"@type":"ImageObject","inLanguage":"pt-BR","@id":"https:\/\/bahiaeconomica.com.br\/wp\/#\/schema\/logo\/image\/","url":"https:\/\/bahiaeconomica.com.br\/wp\/wp-content\/uploads\/2020\/12\/cropped-BE.png","contentUrl":"https:\/\/bahiaeconomica.com.br\/wp\/wp-content\/uploads\/2020\/12\/cropped-BE.png","width":512,"height":512,"caption":"Bahia Econ\u00f4mica"},"image":{"@id":"https:\/\/bahiaeconomica.com.br\/wp\/#\/schema\/logo\/image\/"},"sameAs":["https:\/\/www.facebook.com\/bahiaeconomica"]},{"@type":"Person","@id":"https:\/\/bahiaeconomica.com.br\/wp\/#\/schema\/person\/cb1ab5ba96ad3d9390805381c76284ec","name":"admin","url":"https:\/\/bahiaeconomica.com.br\/wp\/author\/admin\/"}]}},"views":3,"_links":{"self":[{"href":"https:\/\/bahiaeconomica.com.br\/wp\/wp-json\/wp\/v2\/posts\/393482"}],"collection":[{"href":"https:\/\/bahiaeconomica.com.br\/wp\/wp-json\/wp\/v2\/posts"}],"about":[{"href":"https:\/\/bahiaeconomica.com.br\/wp\/wp-json\/wp\/v2\/types\/post"}],"author":[{"embeddable":true,"href":"https:\/\/bahiaeconomica.com.br\/wp\/wp-json\/wp\/v2\/users\/1"}],"replies":[{"embeddable":true,"href":"https:\/\/bahiaeconomica.com.br\/wp\/wp-json\/wp\/v2\/comments?post=393482"}],"version-history":[{"count":3,"href":"https:\/\/bahiaeconomica.com.br\/wp\/wp-json\/wp\/v2\/posts\/393482\/revisions"}],"predecessor-version":[{"id":397202,"href":"https:\/\/bahiaeconomica.com.br\/wp\/wp-json\/wp\/v2\/posts\/393482\/revisions\/397202"}],"wp:featuredmedia":[{"embeddable":true,"href":"https:\/\/bahiaeconomica.com.br\/wp\/wp-json\/wp\/v2\/media\/397200"}],"wp:attachment":[{"href":"https:\/\/bahiaeconomica.com.br\/wp\/wp-json\/wp\/v2\/media?parent=393482"}],"wp:term":[{"taxonomy":"category","embeddable":true,"href":"https:\/\/bahiaeconomica.com.br\/wp\/wp-json\/wp\/v2\/categories?post=393482"},{"taxonomy":"post_tag","embeddable":true,"href":"https:\/\/bahiaeconomica.com.br\/wp\/wp-json\/wp\/v2\/tags?post=393482"}],"curies":[{"name":"wp","href":"https:\/\/api.w.org\/{rel}","templated":true}]}}