{"id":389155,"date":"2019-08-26T05:00:33","date_gmt":"2019-08-26T08:00:33","guid":{"rendered":"https:\/\/bahiaeconomica.com.br\/wp\/beta\/?p=389155"},"modified":"2019-08-26T07:38:23","modified_gmt":"2019-08-26T10:38:23","slug":"pesquisa-quem-tem-cacife-para-disputar-a-prefeitura-de-salvador","status":"publish","type":"post","link":"https:\/\/bahiaeconomica.com.br\/wp\/2019\/08\/26\/pesquisa-quem-tem-cacife-para-disputar-a-prefeitura-de-salvador\/","title":{"rendered":"PESQUISA: QUEM TEM CACIFE PARA DISPUTAR A PREFEITURA DE SALVADOR?"},"content":{"rendered":"<p style=\"text-align: justify;\">A pesquisa do Instituto Paran\u00e1 Pesquisas sobre o cen\u00e1rio eleitoral de Salvador, encomendadda pelo site Bahia Not\u00edcias e divulgada na semana passada, \u00e9 um excelente term\u00f4metro para avaliar quem tem cacife para entrar na disputa pela Prefeitura de Salvador. Pesquisa, todos j\u00e1 sabem, \u00e9 um retrato do momento, mas s\u00e3o muito \u00fateis na montagem de estrat\u00e9gias para partidos e candidatos.\u00a0 A grande novidade dessa pesquisa foi o desempenho surpreendente do deputado federal Pastor Sargento Isid\u00f3rio, do Avante, que liderou em todos os cen\u00e1rios apresentados, atingindo o patamar de 25,5% das inten\u00e7\u00f5es de voto quando s\u00e3o apresentados apenas 5 candidatos, cen\u00e1rio em que se distancia 6 pontos percentuais do segundo colocado, o vice-prefeito Bruno Reis.<\/p>\n<p style=\"text-align: justify;\">Diferente do que argumenta analistas e pol\u00edticos, que creditam esse desempenho apenas ao recall das \u00faltimas elei\u00e7\u00f5es, o que parece mais prov\u00e1vel \u00e9 que o Pastor Isid\u00f3rio tenha preenchido, pelo menos momentaneamente, \u00a0um v\u00e1cuo pol\u00edtico que havia na cidade, especialmente entre as camadas mais pobres e que era assumido tradicionalmente por \u201cfamosos\u201d, como Igor Kan\u00e1rio, radialistas com proje\u00e7\u00e3o nesse segmento populacional \u00a0e figuras pr\u00f3ximas a esse eleitorado.\u00a0 Isid\u00f3rio tomou posse dos chamados \u201c\u00f3rf\u00e3os eleitorais\u201d, aqueles que n\u00e3o se sentem representados pelas lideran\u00e7as formais \u00a0e\u00a0apostam em um nome mais pr\u00f3ximo deles e de seus interesses. Naturalmente, um candidato com esse perfil, tende a cair nas pesquisas e ser desconstru\u00eddo na campanha, mas essa desconstru\u00e7\u00e3o tem de ser cuidadosa para n\u00e3o repetir o fen\u00f4meno Bolsonaro, que crescia a medida que apanhava. Isid\u00f3rio tem um teto eleitoral, como alertaram muitos pol\u00edticos,\u00a0 e ser\u00e1 fortemente combatido na classe m\u00e9dia, mas, a depender da escolha do seu vice e do apoio que consiga angariar junto ao governador Rui Costa, ser\u00e1 um candidato que poder\u00e1 surpreender.<\/p>\n<p style=\"text-align: justify;\">Bruno Reis, vice prefeito de Salvador e candidato do Prefeito ACM Neto, aparece em segundo lugar no cen\u00e1rio com apenas 5 candidatos, \u00a0com 19,2% das inten\u00e7\u00f5es de votos, mas nos demais cen\u00e1rios, \u00a0aqueles que podem ser comparados com a pesquisa anterior, realizada em fevereiro de 2019, o crescimento das suas inten\u00e7\u00f5es de voto foi de apenas 1,2 ponto percentual e ele ficou em terceiro lugar sendo superado por L\u00eddice da Matta. \u00a0Reis deve, no entanto, melhorar significativamente seu desempenho a partir do momento em que o prefeito ACM Neto oficialize seu apoio. No mais, vale registrar o excelente desempenho de L\u00eddice da Matta, que assegura o segundo lugar nos dois cen\u00e1rios em que \u00e9 inclu\u00edda, e cresce em rela\u00e7\u00e3o a pesquisa anterior, mas a candidata do PSB tem no seu desempenho, ela sim, forte influencia do recall de elei\u00e7\u00f5es majorit\u00e1rias anteriores. Fen\u00f4meno semelhante pode ser verificado no desempenho de \u00a0Alice Portugal, do PC do B, Nelson Pellegrino, do PT, \u00a0e do Irm\u00e3o L\u00e1zaro que registram quedas expressivas na pontua\u00e7\u00e3o em rela\u00e7\u00e3o \u00e0 pesquisa anterior e tamb\u00e9m tem seu desenpenho vinculado ao recall de elei\u00e7\u00f5es majorit\u00e1rias.<\/p>\n<p style=\"text-align: justify;\">Dois outros candidatos aparecem muito bem na pesquisas, demonstrando capacidade de crescimento. Um deles \u00e9\u00a0 o atual Secret\u00e1rio de Sa\u00fade, Leo Prates, cujo nome, inclu\u00eddo pela primeira vez como postulante \u00e0 Prefeitura , j\u00e1 atinge 7,3% das inten\u00e7\u00f5es de votos; o outro \u00e9 Guilherme Bellintani, que nunca disputou cargo eleitoral, mas mesmo assim atinge a 6,3% das inten\u00e7\u00f5es de votos em um dos cen\u00e1rios. Bellintani atua como um pol\u00edtico experimentado, negando ser candidato e fazendo quest\u00e3o de desvincular-se do Prefeito ACM Neto, ao divulgar que n\u00e3o votou nele e que entre eles n\u00e3o existe d\u00e9bito ou cr\u00e9dito.<\/p>\n<p style=\"text-align: justify;\">Essa \u00e9 a fotografia do momento, serve para nortear o presente, mas n\u00e3o \u00e9 adequada para prever o futuro. \u00a0Muita \u00e1gua ainda vai rolar, mas no momento s\u00e3o esses os candidatos que tem cacife para disputar a Prefeitura de Salvador em 2020. (EP &#8211; 26\/08\/2019)<\/p>\n<p>Veja Tamb\u00e9m: <strong><a href=\"https:\/\/bahiaeconomica.com.br\/wp\/beta\/2019\/08\/22\/rui-costa-e-acm-neto-vao-fazer-um-mma-na-modalidade-gestao-e-o-ringue-sera-a-a-cidade-de-salvador\/\">Rui Costa e ACM Neto v\u00e3o fazer uma luta de MMA e o ringue ser\u00e1 a cidade de Salvador<\/a><\/strong><\/p>\n","protected":false},"excerpt":{"rendered":"<p>A pesquisa do Instituto Paran\u00e1 Pesquisas sobre o cen\u00e1rio eleitoral de Salvador, encomendadda pelo site Bahia Not\u00edcias e divulgada na semana passada, \u00e9 um excelente term\u00f4metro para avaliar quem tem cacife para entrar na disputa pela Prefeitura de Salvador. Pesquisa, todos j\u00e1 sabem, \u00e9 um retrato do momento, mas s\u00e3o muito \u00fateis na montagem de [&hellip;]<\/p>\n","protected":false},"author":1,"featured_media":389166,"comment_status":"closed","ping_status":"closed","sticky":false,"template":"","format":"standard","meta":[],"categories":[15],"tags":[],"acf":[],"yoast_head":"<!-- This site is optimized with the Yoast SEO plugin v20.8 - https:\/\/yoast.com\/wordpress\/plugins\/seo\/ -->\n<title>PESQUISA: QUEM TEM CACIFE PARA DISPUTAR A PREFEITURA DE SALVADOR? - Bahia Economica<\/title>\n<meta name=\"description\" content=\"O maior portal de Economia da Bahia SEU INVESTIMENTO Bahia Economica\" \/>\n<meta name=\"robots\" content=\"index, follow, max-snippet:-1, max-image-preview:large, max-video-preview:-1\" \/>\n<link rel=\"canonical\" href=\"https:\/\/bahiaeconomica.com.br\/wp\/2019\/08\/26\/pesquisa-quem-tem-cacife-para-disputar-a-prefeitura-de-salvador\/\" \/>\n<meta property=\"og:locale\" content=\"pt_BR\" \/>\n<meta property=\"og:type\" content=\"article\" \/>\n<meta property=\"og:title\" content=\"PESQUISA: QUEM TEM CACIFE PARA DISPUTAR A PREFEITURA DE SALVADOR? - Bahia Economica\" \/>\n<meta property=\"og:description\" content=\"O maior portal de Economia da Bahia SEU INVESTIMENTO Bahia Economica\" \/>\n<meta property=\"og:url\" content=\"https:\/\/bahiaeconomica.com.br\/wp\/2019\/08\/26\/pesquisa-quem-tem-cacife-para-disputar-a-prefeitura-de-salvador\/\" \/>\n<meta property=\"og:site_name\" content=\"Bahia Economica\" \/>\n<meta property=\"article:publisher\" content=\"https:\/\/www.facebook.com\/bahiaeconomica\" \/>\n<meta property=\"article:published_time\" content=\"2019-08-26T08:00:33+00:00\" \/>\n<meta property=\"article:modified_time\" content=\"2019-08-26T10:38:23+00:00\" \/>\n<meta property=\"og:image\" content=\"https:\/\/bahiaeconomica.com.br\/wp\/wp-content\/uploads\/2019\/08\/Candidatos-Prefeitura-de-salvador.png\" \/>\n\t<meta property=\"og:image:width\" content=\"285\" \/>\n\t<meta property=\"og:image:height\" content=\"153\" \/>\n\t<meta property=\"og:image:type\" content=\"image\/png\" \/>\n<meta name=\"author\" content=\"admin\" \/>\n<meta name=\"twitter:card\" content=\"summary_large_image\" \/>\n<meta name=\"twitter:label1\" content=\"Escrito por\" \/>\n\t<meta name=\"twitter:data1\" content=\"admin\" \/>\n\t<meta name=\"twitter:label2\" content=\"Est. tempo de leitura\" \/>\n\t<meta name=\"twitter:data2\" content=\"3 minutos\" \/>\n<script type=\"application\/ld+json\" class=\"yoast-schema-graph\">{\"@context\":\"https:\/\/schema.org\",\"@graph\":[{\"@type\":\"Article\",\"@id\":\"https:\/\/bahiaeconomica.com.br\/wp\/2019\/08\/26\/pesquisa-quem-tem-cacife-para-disputar-a-prefeitura-de-salvador\/#article\",\"isPartOf\":{\"@id\":\"https:\/\/bahiaeconomica.com.br\/wp\/2019\/08\/26\/pesquisa-quem-tem-cacife-para-disputar-a-prefeitura-de-salvador\/\"},\"author\":{\"name\":\"admin\",\"@id\":\"https:\/\/bahiaeconomica.com.br\/wp\/#\/schema\/person\/cb1ab5ba96ad3d9390805381c76284ec\"},\"headline\":\"PESQUISA: QUEM TEM CACIFE PARA DISPUTAR A PREFEITURA DE SALVADOR?\",\"datePublished\":\"2019-08-26T08:00:33+00:00\",\"dateModified\":\"2019-08-26T10:38:23+00:00\",\"mainEntityOfPage\":{\"@id\":\"https:\/\/bahiaeconomica.com.br\/wp\/2019\/08\/26\/pesquisa-quem-tem-cacife-para-disputar-a-prefeitura-de-salvador\/\"},\"wordCount\":687,\"publisher\":{\"@id\":\"https:\/\/bahiaeconomica.com.br\/wp\/#organization\"},\"articleSection\":[\"SEU INVESTIMENTO\"],\"inLanguage\":\"pt-BR\"},{\"@type\":\"WebPage\",\"@id\":\"https:\/\/bahiaeconomica.com.br\/wp\/2019\/08\/26\/pesquisa-quem-tem-cacife-para-disputar-a-prefeitura-de-salvador\/\",\"url\":\"https:\/\/bahiaeconomica.com.br\/wp\/2019\/08\/26\/pesquisa-quem-tem-cacife-para-disputar-a-prefeitura-de-salvador\/\",\"name\":\"PESQUISA: QUEM TEM CACIFE PARA DISPUTAR A PREFEITURA DE SALVADOR? - Bahia Economica\",\"isPartOf\":{\"@id\":\"https:\/\/bahiaeconomica.com.br\/wp\/#website\"},\"datePublished\":\"2019-08-26T08:00:33+00:00\",\"dateModified\":\"2019-08-26T10:38:23+00:00\",\"description\":\"O maior portal de Economia da Bahia SEU INVESTIMENTO Bahia Economica\",\"breadcrumb\":{\"@id\":\"https:\/\/bahiaeconomica.com.br\/wp\/2019\/08\/26\/pesquisa-quem-tem-cacife-para-disputar-a-prefeitura-de-salvador\/#breadcrumb\"},\"inLanguage\":\"pt-BR\",\"potentialAction\":[{\"@type\":\"ReadAction\",\"target\":[\"https:\/\/bahiaeconomica.com.br\/wp\/2019\/08\/26\/pesquisa-quem-tem-cacife-para-disputar-a-prefeitura-de-salvador\/\"]}]},{\"@type\":\"BreadcrumbList\",\"@id\":\"https:\/\/bahiaeconomica.com.br\/wp\/2019\/08\/26\/pesquisa-quem-tem-cacife-para-disputar-a-prefeitura-de-salvador\/#breadcrumb\",\"itemListElement\":[{\"@type\":\"ListItem\",\"position\":1,\"name\":\"In\u00edcio\",\"item\":\"https:\/\/bahiaeconomica.com.br\/wp\/\"},{\"@type\":\"ListItem\",\"position\":2,\"name\":\"PESQUISA: QUEM TEM CACIFE PARA DISPUTAR A PREFEITURA DE SALVADOR?\"}]},{\"@type\":\"WebSite\",\"@id\":\"https:\/\/bahiaeconomica.com.br\/wp\/#website\",\"url\":\"https:\/\/bahiaeconomica.com.br\/wp\/\",\"name\":\"Bahia Economica\",\"description\":\"O maior portal de Economia da Bahia\",\"publisher\":{\"@id\":\"https:\/\/bahiaeconomica.com.br\/wp\/#organization\"},\"potentialAction\":[{\"@type\":\"SearchAction\",\"target\":{\"@type\":\"EntryPoint\",\"urlTemplate\":\"https:\/\/bahiaeconomica.com.br\/wp\/?s={search_term_string}\"},\"query-input\":\"required name=search_term_string\"}],\"inLanguage\":\"pt-BR\"},{\"@type\":\"Organization\",\"@id\":\"https:\/\/bahiaeconomica.com.br\/wp\/#organization\",\"name\":\"Bahia Econ\u00f4mica\",\"url\":\"https:\/\/bahiaeconomica.com.br\/wp\/\",\"logo\":{\"@type\":\"ImageObject\",\"inLanguage\":\"pt-BR\",\"@id\":\"https:\/\/bahiaeconomica.com.br\/wp\/#\/schema\/logo\/image\/\",\"url\":\"https:\/\/bahiaeconomica.com.br\/wp\/wp-content\/uploads\/2020\/12\/cropped-BE.png\",\"contentUrl\":\"https:\/\/bahiaeconomica.com.br\/wp\/wp-content\/uploads\/2020\/12\/cropped-BE.png\",\"width\":512,\"height\":512,\"caption\":\"Bahia Econ\u00f4mica\"},\"image\":{\"@id\":\"https:\/\/bahiaeconomica.com.br\/wp\/#\/schema\/logo\/image\/\"},\"sameAs\":[\"https:\/\/www.facebook.com\/bahiaeconomica\"]},{\"@type\":\"Person\",\"@id\":\"https:\/\/bahiaeconomica.com.br\/wp\/#\/schema\/person\/cb1ab5ba96ad3d9390805381c76284ec\",\"name\":\"admin\",\"url\":\"https:\/\/bahiaeconomica.com.br\/wp\/author\/admin\/\"}]}<\/script>\n<!-- \/ Yoast SEO plugin. -->","yoast_head_json":{"title":"PESQUISA: QUEM TEM CACIFE PARA DISPUTAR A PREFEITURA DE SALVADOR? - Bahia Economica","description":"O maior portal de Economia da Bahia SEU INVESTIMENTO Bahia Economica","robots":{"index":"index","follow":"follow","max-snippet":"max-snippet:-1","max-image-preview":"max-image-preview:large","max-video-preview":"max-video-preview:-1"},"canonical":"https:\/\/bahiaeconomica.com.br\/wp\/2019\/08\/26\/pesquisa-quem-tem-cacife-para-disputar-a-prefeitura-de-salvador\/","og_locale":"pt_BR","og_type":"article","og_title":"PESQUISA: QUEM TEM CACIFE PARA DISPUTAR A PREFEITURA DE SALVADOR? - Bahia Economica","og_description":"O maior portal de Economia da Bahia SEU INVESTIMENTO Bahia Economica","og_url":"https:\/\/bahiaeconomica.com.br\/wp\/2019\/08\/26\/pesquisa-quem-tem-cacife-para-disputar-a-prefeitura-de-salvador\/","og_site_name":"Bahia Economica","article_publisher":"https:\/\/www.facebook.com\/bahiaeconomica","article_published_time":"2019-08-26T08:00:33+00:00","article_modified_time":"2019-08-26T10:38:23+00:00","og_image":[{"width":285,"height":153,"url":"https:\/\/bahiaeconomica.com.br\/wp\/wp-content\/uploads\/2019\/08\/Candidatos-Prefeitura-de-salvador.png","type":"image\/png"}],"author":"admin","twitter_card":"summary_large_image","twitter_misc":{"Escrito por":"admin","Est. tempo de leitura":"3 minutos"},"schema":{"@context":"https:\/\/schema.org","@graph":[{"@type":"Article","@id":"https:\/\/bahiaeconomica.com.br\/wp\/2019\/08\/26\/pesquisa-quem-tem-cacife-para-disputar-a-prefeitura-de-salvador\/#article","isPartOf":{"@id":"https:\/\/bahiaeconomica.com.br\/wp\/2019\/08\/26\/pesquisa-quem-tem-cacife-para-disputar-a-prefeitura-de-salvador\/"},"author":{"name":"admin","@id":"https:\/\/bahiaeconomica.com.br\/wp\/#\/schema\/person\/cb1ab5ba96ad3d9390805381c76284ec"},"headline":"PESQUISA: QUEM TEM CACIFE PARA DISPUTAR A PREFEITURA DE SALVADOR?","datePublished":"2019-08-26T08:00:33+00:00","dateModified":"2019-08-26T10:38:23+00:00","mainEntityOfPage":{"@id":"https:\/\/bahiaeconomica.com.br\/wp\/2019\/08\/26\/pesquisa-quem-tem-cacife-para-disputar-a-prefeitura-de-salvador\/"},"wordCount":687,"publisher":{"@id":"https:\/\/bahiaeconomica.com.br\/wp\/#organization"},"articleSection":["SEU INVESTIMENTO"],"inLanguage":"pt-BR"},{"@type":"WebPage","@id":"https:\/\/bahiaeconomica.com.br\/wp\/2019\/08\/26\/pesquisa-quem-tem-cacife-para-disputar-a-prefeitura-de-salvador\/","url":"https:\/\/bahiaeconomica.com.br\/wp\/2019\/08\/26\/pesquisa-quem-tem-cacife-para-disputar-a-prefeitura-de-salvador\/","name":"PESQUISA: QUEM TEM CACIFE PARA DISPUTAR A PREFEITURA DE SALVADOR? - Bahia Economica","isPartOf":{"@id":"https:\/\/bahiaeconomica.com.br\/wp\/#website"},"datePublished":"2019-08-26T08:00:33+00:00","dateModified":"2019-08-26T10:38:23+00:00","description":"O maior portal de Economia da Bahia SEU INVESTIMENTO Bahia Economica","breadcrumb":{"@id":"https:\/\/bahiaeconomica.com.br\/wp\/2019\/08\/26\/pesquisa-quem-tem-cacife-para-disputar-a-prefeitura-de-salvador\/#breadcrumb"},"inLanguage":"pt-BR","potentialAction":[{"@type":"ReadAction","target":["https:\/\/bahiaeconomica.com.br\/wp\/2019\/08\/26\/pesquisa-quem-tem-cacife-para-disputar-a-prefeitura-de-salvador\/"]}]},{"@type":"BreadcrumbList","@id":"https:\/\/bahiaeconomica.com.br\/wp\/2019\/08\/26\/pesquisa-quem-tem-cacife-para-disputar-a-prefeitura-de-salvador\/#breadcrumb","itemListElement":[{"@type":"ListItem","position":1,"name":"In\u00edcio","item":"https:\/\/bahiaeconomica.com.br\/wp\/"},{"@type":"ListItem","position":2,"name":"PESQUISA: QUEM TEM CACIFE PARA DISPUTAR A PREFEITURA DE SALVADOR?"}]},{"@type":"WebSite","@id":"https:\/\/bahiaeconomica.com.br\/wp\/#website","url":"https:\/\/bahiaeconomica.com.br\/wp\/","name":"Bahia Economica","description":"O maior portal de Economia da Bahia","publisher":{"@id":"https:\/\/bahiaeconomica.com.br\/wp\/#organization"},"potentialAction":[{"@type":"SearchAction","target":{"@type":"EntryPoint","urlTemplate":"https:\/\/bahiaeconomica.com.br\/wp\/?s={search_term_string}"},"query-input":"required name=search_term_string"}],"inLanguage":"pt-BR"},{"@type":"Organization","@id":"https:\/\/bahiaeconomica.com.br\/wp\/#organization","name":"Bahia Econ\u00f4mica","url":"https:\/\/bahiaeconomica.com.br\/wp\/","logo":{"@type":"ImageObject","inLanguage":"pt-BR","@id":"https:\/\/bahiaeconomica.com.br\/wp\/#\/schema\/logo\/image\/","url":"https:\/\/bahiaeconomica.com.br\/wp\/wp-content\/uploads\/2020\/12\/cropped-BE.png","contentUrl":"https:\/\/bahiaeconomica.com.br\/wp\/wp-content\/uploads\/2020\/12\/cropped-BE.png","width":512,"height":512,"caption":"Bahia Econ\u00f4mica"},"image":{"@id":"https:\/\/bahiaeconomica.com.br\/wp\/#\/schema\/logo\/image\/"},"sameAs":["https:\/\/www.facebook.com\/bahiaeconomica"]},{"@type":"Person","@id":"https:\/\/bahiaeconomica.com.br\/wp\/#\/schema\/person\/cb1ab5ba96ad3d9390805381c76284ec","name":"admin","url":"https:\/\/bahiaeconomica.com.br\/wp\/author\/admin\/"}]}},"views":1,"_links":{"self":[{"href":"https:\/\/bahiaeconomica.com.br\/wp\/wp-json\/wp\/v2\/posts\/389155"}],"collection":[{"href":"https:\/\/bahiaeconomica.com.br\/wp\/wp-json\/wp\/v2\/posts"}],"about":[{"href":"https:\/\/bahiaeconomica.com.br\/wp\/wp-json\/wp\/v2\/types\/post"}],"author":[{"embeddable":true,"href":"https:\/\/bahiaeconomica.com.br\/wp\/wp-json\/wp\/v2\/users\/1"}],"replies":[{"embeddable":true,"href":"https:\/\/bahiaeconomica.com.br\/wp\/wp-json\/wp\/v2\/comments?post=389155"}],"version-history":[{"count":5,"href":"https:\/\/bahiaeconomica.com.br\/wp\/wp-json\/wp\/v2\/posts\/389155\/revisions"}],"predecessor-version":[{"id":389232,"href":"https:\/\/bahiaeconomica.com.br\/wp\/wp-json\/wp\/v2\/posts\/389155\/revisions\/389232"}],"wp:featuredmedia":[{"embeddable":true,"href":"https:\/\/bahiaeconomica.com.br\/wp\/wp-json\/wp\/v2\/media\/389166"}],"wp:attachment":[{"href":"https:\/\/bahiaeconomica.com.br\/wp\/wp-json\/wp\/v2\/media?parent=389155"}],"wp:term":[{"taxonomy":"category","embeddable":true,"href":"https:\/\/bahiaeconomica.com.br\/wp\/wp-json\/wp\/v2\/categories?post=389155"},{"taxonomy":"post_tag","embeddable":true,"href":"https:\/\/bahiaeconomica.com.br\/wp\/wp-json\/wp\/v2\/tags?post=389155"}],"curies":[{"name":"wp","href":"https:\/\/api.w.org\/{rel}","templated":true}]}}