{"id":388744,"date":"2019-08-23T17:30:31","date_gmt":"2019-08-23T20:30:31","guid":{"rendered":"https:\/\/bahiaeconomica.com.br\/wp\/beta\/?p=388744"},"modified":"2019-08-23T17:21:07","modified_gmt":"2019-08-23T20:21:07","slug":"salvador-encerra-semana-do-clima-reafirmando-compromisso-com-o-meio-ambiente","status":"publish","type":"post","link":"https:\/\/bahiaeconomica.com.br\/wp\/2019\/08\/23\/salvador-encerra-semana-do-clima-reafirmando-compromisso-com-o-meio-ambiente\/","title":{"rendered":"SALVADOR ENCERRA SEMANA DO CLIMA REAFIRMANDO COMPROMISSO COM O MEIO AMBIENTE"},"content":{"rendered":"<p>Depois de cinco dias de discuss\u00f5es e debates da Semana do Clima para a Am\u00e9rica Latina e Caribenha, ocorrida em Salvador, a capital baiana se consolida como palco para reafirma\u00e7\u00e3o dos compromissos de governos e sociedade civil para o combate \u00e0s mudan\u00e7as clim\u00e1ticas e preserva\u00e7\u00e3o do meio ambiente. Para o prefeito ACM Neto, que participou do encerramento do evento nesta sexta-feira (25), a inten\u00e7\u00e3o \u00e9 de que o Brasil, atrav\u00e9s das cidades, chegue com uma mensagem forte sobre o cumprimento desses compromissos na 25\u00aa Confer\u00eancia do Clima (COP-25), a ser realizado pela ONU em dezembro, no Chile.<\/p>\n<p>&#8220;N\u00e3o poder\u00edamos ter encerrado de maneira mais grandiosa essa Semana do Clima, que n\u00e3o fosse reunindo prefeitos de cidades importantes de todas as regi\u00f5es do pa\u00eds para trazer um sinal claro do compromisso das cidades brasileiras com a agenda clim\u00e1tica. A gente fica muito preocupado com certos sinais dados pelo pa\u00eds internacionalmente, e acho que caber\u00e1 aos prefeitos assumir a lideran\u00e7a do movimento de mostrar que o Brasil est\u00e1 comprometido com a agenda ambiental. Al\u00e9m disso, Salvador brilhou na realiza\u00e7\u00e3o desse evento e em um momento importante para o Brasil&#8221;, afirmou ACM Neto.<\/p>\n<p>Dentre as a\u00e7\u00f5es concretas promovidas pela capital baiana nos \u00faltimos anos pela preserva\u00e7\u00e3o do meio ambiente est\u00e3o a renova\u00e7\u00e3o da frota de \u00f4nibus por modelos menos poluentes. No caso do BRT, a ideia \u00e9 utilizar \u00f4nibus el\u00e9tricos e, para isso, a Prefeitura j\u00e1 est\u00e1 discutindo linhas de financiamento. Al\u00e9m disso, est\u00e1 sendo promovida a renova\u00e7\u00e3o do parque de ilumina\u00e7\u00e3o p\u00fablica para o sistema em LED, dentre outras iniciativas.<\/p>\n<p>Pacto pelos oceanos \u2013 Tamb\u00e9m no encerramento, autoridades incluindo o prefeito ACM Neto assinaram o Termo de Compromisso para o Futuro dos Oceanos, promovido pela Future Ocean Alliance e que ser\u00e1 levada para a COP-25, com o objetivo de combater a polu\u00e7\u00e3o nos oceanos e mares. No caso de Salvador, j\u00e1 foram dados passos concretos como a implanta\u00e7\u00e3o do Parque Marinho da Barra, que protege uma parte importante do litoral da cidade, al\u00e9m da primeira praia com Bandeira Azul do Nordeste, localizada na Ilha dos Frades, e o projeto de lei a ser encaminhado para a C\u00e2mara de Vereadores referente \u00e0 proibi\u00e7\u00e3o da venda de sacolas e canudos pl\u00e1sticos nos principais estabelecimentos comerciais.<\/p>\n","protected":false},"excerpt":{"rendered":"<p>Depois de cinco dias de discuss\u00f5es e debates da Semana do Clima para a Am\u00e9rica Latina e Caribenha, ocorrida em Salvador, a capital baiana se consolida como palco para reafirma\u00e7\u00e3o dos compromissos de governos e sociedade civil para o combate \u00e0s mudan\u00e7as clim\u00e1ticas e preserva\u00e7\u00e3o do meio ambiente. Para o prefeito ACM Neto, que participou [&hellip;]<\/p>\n","protected":false},"author":1,"featured_media":388745,"comment_status":"closed","ping_status":"closed","sticky":false,"template":"","format":"standard","meta":[],"categories":[3],"tags":[],"acf":[],"yoast_head":"<!-- This site is optimized with the Yoast SEO plugin v20.8 - https:\/\/yoast.com\/wordpress\/plugins\/seo\/ -->\n<title>SALVADOR ENCERRA SEMANA DO CLIMA REAFIRMANDO COMPROMISSO COM O MEIO AMBIENTE - Bahia Economica<\/title>\n<meta name=\"description\" content=\"O maior portal de Economia da Bahia ECONOMIA \/ POL\u00cdTICA Bahia Economica\" \/>\n<meta name=\"robots\" content=\"index, follow, max-snippet:-1, max-image-preview:large, max-video-preview:-1\" \/>\n<link rel=\"canonical\" href=\"https:\/\/bahiaeconomica.com.br\/wp\/2019\/08\/23\/salvador-encerra-semana-do-clima-reafirmando-compromisso-com-o-meio-ambiente\/\" \/>\n<meta property=\"og:locale\" content=\"pt_BR\" \/>\n<meta property=\"og:type\" content=\"article\" \/>\n<meta property=\"og:title\" content=\"SALVADOR ENCERRA SEMANA DO CLIMA REAFIRMANDO COMPROMISSO COM O MEIO AMBIENTE - Bahia Economica\" \/>\n<meta property=\"og:description\" content=\"O maior portal de Economia da Bahia ECONOMIA \/ POL\u00cdTICA Bahia Economica\" \/>\n<meta property=\"og:url\" content=\"https:\/\/bahiaeconomica.com.br\/wp\/2019\/08\/23\/salvador-encerra-semana-do-clima-reafirmando-compromisso-com-o-meio-ambiente\/\" \/>\n<meta property=\"og:site_name\" content=\"Bahia Economica\" \/>\n<meta property=\"article:publisher\" content=\"https:\/\/www.facebook.com\/bahiaeconomica\" \/>\n<meta property=\"article:published_time\" content=\"2019-08-23T20:30:31+00:00\" \/>\n<meta property=\"article:modified_time\" content=\"2019-08-23T20:21:07+00:00\" \/>\n<meta property=\"og:image\" content=\"https:\/\/bahiaeconomica.com.br\/wp\/wp-content\/uploads\/2019\/08\/750_meio-ambiente-semana-do-clima-ministro-salvador_2019821112027875-e1566591638652.jpg\" \/>\n\t<meta property=\"og:image:width\" content=\"500\" \/>\n\t<meta property=\"og:image:height\" content=\"333\" \/>\n\t<meta property=\"og:image:type\" content=\"image\/jpeg\" \/>\n<meta name=\"author\" content=\"admin\" \/>\n<meta name=\"twitter:card\" content=\"summary_large_image\" \/>\n<meta name=\"twitter:label1\" content=\"Escrito por\" \/>\n\t<meta name=\"twitter:data1\" content=\"admin\" \/>\n\t<meta name=\"twitter:label2\" content=\"Est. tempo de leitura\" \/>\n\t<meta name=\"twitter:data2\" content=\"2 minutos\" \/>\n<script type=\"application\/ld+json\" class=\"yoast-schema-graph\">{\"@context\":\"https:\/\/schema.org\",\"@graph\":[{\"@type\":\"Article\",\"@id\":\"https:\/\/bahiaeconomica.com.br\/wp\/2019\/08\/23\/salvador-encerra-semana-do-clima-reafirmando-compromisso-com-o-meio-ambiente\/#article\",\"isPartOf\":{\"@id\":\"https:\/\/bahiaeconomica.com.br\/wp\/2019\/08\/23\/salvador-encerra-semana-do-clima-reafirmando-compromisso-com-o-meio-ambiente\/\"},\"author\":{\"name\":\"admin\",\"@id\":\"https:\/\/bahiaeconomica.com.br\/wp\/#\/schema\/person\/cb1ab5ba96ad3d9390805381c76284ec\"},\"headline\":\"SALVADOR ENCERRA SEMANA DO CLIMA REAFIRMANDO COMPROMISSO COM O MEIO AMBIENTE\",\"datePublished\":\"2019-08-23T20:30:31+00:00\",\"dateModified\":\"2019-08-23T20:21:07+00:00\",\"mainEntityOfPage\":{\"@id\":\"https:\/\/bahiaeconomica.com.br\/wp\/2019\/08\/23\/salvador-encerra-semana-do-clima-reafirmando-compromisso-com-o-meio-ambiente\/\"},\"wordCount\":411,\"publisher\":{\"@id\":\"https:\/\/bahiaeconomica.com.br\/wp\/#organization\"},\"articleSection\":[\"ECONOMIA \/ POL\u00cdTICA\"],\"inLanguage\":\"pt-BR\"},{\"@type\":\"WebPage\",\"@id\":\"https:\/\/bahiaeconomica.com.br\/wp\/2019\/08\/23\/salvador-encerra-semana-do-clima-reafirmando-compromisso-com-o-meio-ambiente\/\",\"url\":\"https:\/\/bahiaeconomica.com.br\/wp\/2019\/08\/23\/salvador-encerra-semana-do-clima-reafirmando-compromisso-com-o-meio-ambiente\/\",\"name\":\"SALVADOR ENCERRA SEMANA DO CLIMA REAFIRMANDO COMPROMISSO COM O MEIO AMBIENTE - Bahia Economica\",\"isPartOf\":{\"@id\":\"https:\/\/bahiaeconomica.com.br\/wp\/#website\"},\"datePublished\":\"2019-08-23T20:30:31+00:00\",\"dateModified\":\"2019-08-23T20:21:07+00:00\",\"description\":\"O maior portal de Economia da Bahia ECONOMIA \/ POL\u00cdTICA Bahia Economica\",\"breadcrumb\":{\"@id\":\"https:\/\/bahiaeconomica.com.br\/wp\/2019\/08\/23\/salvador-encerra-semana-do-clima-reafirmando-compromisso-com-o-meio-ambiente\/#breadcrumb\"},\"inLanguage\":\"pt-BR\",\"potentialAction\":[{\"@type\":\"ReadAction\",\"target\":[\"https:\/\/bahiaeconomica.com.br\/wp\/2019\/08\/23\/salvador-encerra-semana-do-clima-reafirmando-compromisso-com-o-meio-ambiente\/\"]}]},{\"@type\":\"BreadcrumbList\",\"@id\":\"https:\/\/bahiaeconomica.com.br\/wp\/2019\/08\/23\/salvador-encerra-semana-do-clima-reafirmando-compromisso-com-o-meio-ambiente\/#breadcrumb\",\"itemListElement\":[{\"@type\":\"ListItem\",\"position\":1,\"name\":\"In\u00edcio\",\"item\":\"https:\/\/bahiaeconomica.com.br\/wp\/\"},{\"@type\":\"ListItem\",\"position\":2,\"name\":\"SALVADOR ENCERRA SEMANA DO CLIMA REAFIRMANDO COMPROMISSO COM O MEIO AMBIENTE\"}]},{\"@type\":\"WebSite\",\"@id\":\"https:\/\/bahiaeconomica.com.br\/wp\/#website\",\"url\":\"https:\/\/bahiaeconomica.com.br\/wp\/\",\"name\":\"Bahia Economica\",\"description\":\"O maior portal de Economia da Bahia\",\"publisher\":{\"@id\":\"https:\/\/bahiaeconomica.com.br\/wp\/#organization\"},\"potentialAction\":[{\"@type\":\"SearchAction\",\"target\":{\"@type\":\"EntryPoint\",\"urlTemplate\":\"https:\/\/bahiaeconomica.com.br\/wp\/?s={search_term_string}\"},\"query-input\":\"required name=search_term_string\"}],\"inLanguage\":\"pt-BR\"},{\"@type\":\"Organization\",\"@id\":\"https:\/\/bahiaeconomica.com.br\/wp\/#organization\",\"name\":\"Bahia Econ\u00f4mica\",\"url\":\"https:\/\/bahiaeconomica.com.br\/wp\/\",\"logo\":{\"@type\":\"ImageObject\",\"inLanguage\":\"pt-BR\",\"@id\":\"https:\/\/bahiaeconomica.com.br\/wp\/#\/schema\/logo\/image\/\",\"url\":\"https:\/\/bahiaeconomica.com.br\/wp\/wp-content\/uploads\/2020\/12\/cropped-BE.png\",\"contentUrl\":\"https:\/\/bahiaeconomica.com.br\/wp\/wp-content\/uploads\/2020\/12\/cropped-BE.png\",\"width\":512,\"height\":512,\"caption\":\"Bahia Econ\u00f4mica\"},\"image\":{\"@id\":\"https:\/\/bahiaeconomica.com.br\/wp\/#\/schema\/logo\/image\/\"},\"sameAs\":[\"https:\/\/www.facebook.com\/bahiaeconomica\"]},{\"@type\":\"Person\",\"@id\":\"https:\/\/bahiaeconomica.com.br\/wp\/#\/schema\/person\/cb1ab5ba96ad3d9390805381c76284ec\",\"name\":\"admin\",\"url\":\"https:\/\/bahiaeconomica.com.br\/wp\/author\/admin\/\"}]}<\/script>\n<!-- \/ Yoast SEO plugin. -->","yoast_head_json":{"title":"SALVADOR ENCERRA SEMANA DO CLIMA REAFIRMANDO COMPROMISSO COM O MEIO AMBIENTE - Bahia Economica","description":"O maior portal de Economia da Bahia ECONOMIA \/ POL\u00cdTICA Bahia Economica","robots":{"index":"index","follow":"follow","max-snippet":"max-snippet:-1","max-image-preview":"max-image-preview:large","max-video-preview":"max-video-preview:-1"},"canonical":"https:\/\/bahiaeconomica.com.br\/wp\/2019\/08\/23\/salvador-encerra-semana-do-clima-reafirmando-compromisso-com-o-meio-ambiente\/","og_locale":"pt_BR","og_type":"article","og_title":"SALVADOR ENCERRA SEMANA DO CLIMA REAFIRMANDO COMPROMISSO COM O MEIO AMBIENTE - Bahia Economica","og_description":"O maior portal de Economia da Bahia ECONOMIA \/ POL\u00cdTICA Bahia Economica","og_url":"https:\/\/bahiaeconomica.com.br\/wp\/2019\/08\/23\/salvador-encerra-semana-do-clima-reafirmando-compromisso-com-o-meio-ambiente\/","og_site_name":"Bahia Economica","article_publisher":"https:\/\/www.facebook.com\/bahiaeconomica","article_published_time":"2019-08-23T20:30:31+00:00","article_modified_time":"2019-08-23T20:21:07+00:00","og_image":[{"width":500,"height":333,"url":"https:\/\/bahiaeconomica.com.br\/wp\/wp-content\/uploads\/2019\/08\/750_meio-ambiente-semana-do-clima-ministro-salvador_2019821112027875-e1566591638652.jpg","type":"image\/jpeg"}],"author":"admin","twitter_card":"summary_large_image","twitter_misc":{"Escrito por":"admin","Est. tempo de leitura":"2 minutos"},"schema":{"@context":"https:\/\/schema.org","@graph":[{"@type":"Article","@id":"https:\/\/bahiaeconomica.com.br\/wp\/2019\/08\/23\/salvador-encerra-semana-do-clima-reafirmando-compromisso-com-o-meio-ambiente\/#article","isPartOf":{"@id":"https:\/\/bahiaeconomica.com.br\/wp\/2019\/08\/23\/salvador-encerra-semana-do-clima-reafirmando-compromisso-com-o-meio-ambiente\/"},"author":{"name":"admin","@id":"https:\/\/bahiaeconomica.com.br\/wp\/#\/schema\/person\/cb1ab5ba96ad3d9390805381c76284ec"},"headline":"SALVADOR ENCERRA SEMANA DO CLIMA REAFIRMANDO COMPROMISSO COM O MEIO AMBIENTE","datePublished":"2019-08-23T20:30:31+00:00","dateModified":"2019-08-23T20:21:07+00:00","mainEntityOfPage":{"@id":"https:\/\/bahiaeconomica.com.br\/wp\/2019\/08\/23\/salvador-encerra-semana-do-clima-reafirmando-compromisso-com-o-meio-ambiente\/"},"wordCount":411,"publisher":{"@id":"https:\/\/bahiaeconomica.com.br\/wp\/#organization"},"articleSection":["ECONOMIA \/ POL\u00cdTICA"],"inLanguage":"pt-BR"},{"@type":"WebPage","@id":"https:\/\/bahiaeconomica.com.br\/wp\/2019\/08\/23\/salvador-encerra-semana-do-clima-reafirmando-compromisso-com-o-meio-ambiente\/","url":"https:\/\/bahiaeconomica.com.br\/wp\/2019\/08\/23\/salvador-encerra-semana-do-clima-reafirmando-compromisso-com-o-meio-ambiente\/","name":"SALVADOR ENCERRA SEMANA DO CLIMA REAFIRMANDO COMPROMISSO COM O MEIO AMBIENTE - Bahia Economica","isPartOf":{"@id":"https:\/\/bahiaeconomica.com.br\/wp\/#website"},"datePublished":"2019-08-23T20:30:31+00:00","dateModified":"2019-08-23T20:21:07+00:00","description":"O maior portal de Economia da Bahia ECONOMIA \/ POL\u00cdTICA Bahia Economica","breadcrumb":{"@id":"https:\/\/bahiaeconomica.com.br\/wp\/2019\/08\/23\/salvador-encerra-semana-do-clima-reafirmando-compromisso-com-o-meio-ambiente\/#breadcrumb"},"inLanguage":"pt-BR","potentialAction":[{"@type":"ReadAction","target":["https:\/\/bahiaeconomica.com.br\/wp\/2019\/08\/23\/salvador-encerra-semana-do-clima-reafirmando-compromisso-com-o-meio-ambiente\/"]}]},{"@type":"BreadcrumbList","@id":"https:\/\/bahiaeconomica.com.br\/wp\/2019\/08\/23\/salvador-encerra-semana-do-clima-reafirmando-compromisso-com-o-meio-ambiente\/#breadcrumb","itemListElement":[{"@type":"ListItem","position":1,"name":"In\u00edcio","item":"https:\/\/bahiaeconomica.com.br\/wp\/"},{"@type":"ListItem","position":2,"name":"SALVADOR ENCERRA SEMANA DO CLIMA REAFIRMANDO COMPROMISSO COM O MEIO AMBIENTE"}]},{"@type":"WebSite","@id":"https:\/\/bahiaeconomica.com.br\/wp\/#website","url":"https:\/\/bahiaeconomica.com.br\/wp\/","name":"Bahia Economica","description":"O maior portal de Economia da Bahia","publisher":{"@id":"https:\/\/bahiaeconomica.com.br\/wp\/#organization"},"potentialAction":[{"@type":"SearchAction","target":{"@type":"EntryPoint","urlTemplate":"https:\/\/bahiaeconomica.com.br\/wp\/?s={search_term_string}"},"query-input":"required name=search_term_string"}],"inLanguage":"pt-BR"},{"@type":"Organization","@id":"https:\/\/bahiaeconomica.com.br\/wp\/#organization","name":"Bahia Econ\u00f4mica","url":"https:\/\/bahiaeconomica.com.br\/wp\/","logo":{"@type":"ImageObject","inLanguage":"pt-BR","@id":"https:\/\/bahiaeconomica.com.br\/wp\/#\/schema\/logo\/image\/","url":"https:\/\/bahiaeconomica.com.br\/wp\/wp-content\/uploads\/2020\/12\/cropped-BE.png","contentUrl":"https:\/\/bahiaeconomica.com.br\/wp\/wp-content\/uploads\/2020\/12\/cropped-BE.png","width":512,"height":512,"caption":"Bahia Econ\u00f4mica"},"image":{"@id":"https:\/\/bahiaeconomica.com.br\/wp\/#\/schema\/logo\/image\/"},"sameAs":["https:\/\/www.facebook.com\/bahiaeconomica"]},{"@type":"Person","@id":"https:\/\/bahiaeconomica.com.br\/wp\/#\/schema\/person\/cb1ab5ba96ad3d9390805381c76284ec","name":"admin","url":"https:\/\/bahiaeconomica.com.br\/wp\/author\/admin\/"}]}},"views":1,"_links":{"self":[{"href":"https:\/\/bahiaeconomica.com.br\/wp\/wp-json\/wp\/v2\/posts\/388744"}],"collection":[{"href":"https:\/\/bahiaeconomica.com.br\/wp\/wp-json\/wp\/v2\/posts"}],"about":[{"href":"https:\/\/bahiaeconomica.com.br\/wp\/wp-json\/wp\/v2\/types\/post"}],"author":[{"embeddable":true,"href":"https:\/\/bahiaeconomica.com.br\/wp\/wp-json\/wp\/v2\/users\/1"}],"replies":[{"embeddable":true,"href":"https:\/\/bahiaeconomica.com.br\/wp\/wp-json\/wp\/v2\/comments?post=388744"}],"version-history":[{"count":1,"href":"https:\/\/bahiaeconomica.com.br\/wp\/wp-json\/wp\/v2\/posts\/388744\/revisions"}],"predecessor-version":[{"id":388746,"href":"https:\/\/bahiaeconomica.com.br\/wp\/wp-json\/wp\/v2\/posts\/388744\/revisions\/388746"}],"wp:featuredmedia":[{"embeddable":true,"href":"https:\/\/bahiaeconomica.com.br\/wp\/wp-json\/wp\/v2\/media\/388745"}],"wp:attachment":[{"href":"https:\/\/bahiaeconomica.com.br\/wp\/wp-json\/wp\/v2\/media?parent=388744"}],"wp:term":[{"taxonomy":"category","embeddable":true,"href":"https:\/\/bahiaeconomica.com.br\/wp\/wp-json\/wp\/v2\/categories?post=388744"},{"taxonomy":"post_tag","embeddable":true,"href":"https:\/\/bahiaeconomica.com.br\/wp\/wp-json\/wp\/v2\/tags?post=388744"}],"curies":[{"name":"wp","href":"https:\/\/api.w.org\/{rel}","templated":true}]}}