{"id":382847,"date":"2019-08-15T09:55:16","date_gmt":"2019-08-15T12:55:16","guid":{"rendered":"https:\/\/bahiaeconomica.com.br\/wp\/beta\/?p=382847"},"modified":"2019-08-15T09:56:59","modified_gmt":"2019-08-15T12:56:59","slug":"secretaria-da-educacao-e-mec-dialogam-sobre-educacao-na-bahia","status":"publish","type":"post","link":"https:\/\/bahiaeconomica.com.br\/wp\/2019\/08\/15\/secretaria-da-educacao-e-mec-dialogam-sobre-educacao-na-bahia\/","title":{"rendered":"SECRETARIA DA EDUCA\u00c7\u00c3O E MEC DIALOGAM SOBRE EDUCA\u00c7\u00c3O NA BAHIA"},"content":{"rendered":"<p style=\"text-align: justify;\">A Secretaria da Educa\u00e7\u00e3o do Estado da Bahia (SEC) realizou um encontro, nesta quarta-feira (14), com o secret\u00e1rio de Educa\u00e7\u00e3o B\u00e1sica do Minist\u00e9rio da Educa\u00e7\u00e3o (MEC), J\u00e2nio Carlos Macedo, para discutir a\u00e7\u00f5es em conjunto e voltadas ao fortalecimento da Educa\u00e7\u00e3o B\u00e1sica na Bahia. A atividade aconteceu na sede da SEC, no Centro Administrativo (CAB), em Salvador, mas o convite foi feito pelo secret\u00e1rio da Educa\u00e7\u00e3o do Estado, Jer\u00f4nimo Rodrigues, a partir da agenda do 17\u00ba F\u00f3rum Nacional dos Dirigentes Municipais de Educa\u00e7\u00e3o (UNDIME), que est\u00e1 sendo realizado, at\u00e9 sexta-feira (16), na Costa do Sau\u00edpe, na Bahia.<\/p>\n<p style=\"text-align: justify;\">O encontro contou com a participa\u00e7\u00e3o de gestores e t\u00e9cnicos da SEC, do Instituto An\u00edsio Teixeira (IAT), de representantes dos N\u00facleos Territoriais de Educa\u00e7\u00e3o (NTE) e de gestores escolares. Na oportunidade, dirigentes da SEC fizeram uma apresenta\u00e7\u00e3o sobre o Sistema Estadual de Educa\u00e7\u00e3o, com foco nas pol\u00edticas, no financiamento e na gest\u00e3o. Tamb\u00e9m destacaram a\u00e7\u00f5es estrat\u00e9gicas que est\u00e3o em curso para melhorar o processo de ensino e aprendizagem dos estudantes, que envolvem desde o Curr\u00edculo Referencial da Bahia, a avalia\u00e7\u00e3o, o monitoramento e a forma\u00e7\u00e3o de professores, at\u00e9 os insumos e a infraestrutura escolar. Ainda foram feitos relatos de experi\u00eancias bem-sucedidas na rede estadual de ensino da Bahia, como por exemplo, o regime de colabora\u00e7\u00e3o que vem sendo constru\u00eddo na Bahia, o fomento ao protagonismo estudantil, a partir da integra\u00e7\u00e3o de diferentes projetos de arte, cultura, ci\u00eancia, inova\u00e7\u00e3o e empreendedorismo, al\u00e9m do envolvimento das fam\u00edlias na vida escolar dos filhos.<\/p>\n<p style=\"text-align: justify;\">O secret\u00e1rio da Educa\u00e7\u00e3o do Estado da Bahia, Jer\u00f4nimo Rodrigues, falou sobre a import\u00e2ncia deste di\u00e1logo. &#8220;A gente apresentou para o secret\u00e1rio do MEC os nossos eixos estruturantes da aprendizagem da Bahia e confrontamos o que a gente j\u00e1 est\u00e1 fazendo, que por ventura\u00a0 o MEC vai fortalecer ou ainda n\u00e3o botou a lupa, e ele pediu para que a gente pudesse levar as boas pr\u00e1ticas da Bahia no campo da aprendizagem, mas, tamb\u00e9m, ele trouxe informa\u00e7\u00f5es que s\u00e3o passiveis de aperfei\u00e7oarmos ou ampliarmos as nossas possibilidades de rela\u00e7\u00e3o com a Secret\u00e1ria Nacional de Educa\u00e7\u00e3o B\u00e1sica&#8221;, afirmou.<\/p>\n<p style=\"text-align: justify;\">Jer\u00f4nimo ressaltou os desdobramentos da agenda. &#8220;Sa\u00edmos com uma agenda de trabalho. Nossas equipes t\u00e9cnicas far\u00e3o os desdobramentos sobre o que combinamos aqui, a exemplo de um programa de forma\u00e7\u00e3o continuada de professores, de uma agenda da Universidade Aberta (UAB) que ele vai intermediar e nos ajudar num di\u00e1logo com a Coordena\u00e7\u00e3o de Aperfei\u00e7oamento de Pessoal de N\u00edvel Superior (Capes); e tratamos da vincula\u00e7\u00e3o mais forte do Ensino M\u00e9dio, puxando cada vez mais o itiner\u00e1rio formativo da Educa\u00e7\u00e3o Profissional. Portanto, acho que \u00e9 uma agenda gratificante e, naturalmente, que a Bahia fica muito honrada em estar recebendo nos nossos gabinetes o secret\u00e1rio nacional que est\u00e1 se dedicando com foco no alinhamento conosco da Educa\u00e7\u00e3o B\u00e1sica no Estado da Bahia&#8221;, afirmou.<\/p>\n","protected":false},"excerpt":{"rendered":"<p>A Secretaria da Educa\u00e7\u00e3o do Estado da Bahia (SEC) realizou um encontro, nesta quarta-feira (14), com o secret\u00e1rio de Educa\u00e7\u00e3o B\u00e1sica do Minist\u00e9rio da Educa\u00e7\u00e3o (MEC), J\u00e2nio Carlos Macedo, para discutir a\u00e7\u00f5es em conjunto e voltadas ao fortalecimento da Educa\u00e7\u00e3o B\u00e1sica na Bahia. A atividade aconteceu na sede da SEC, no Centro Administrativo (CAB), em [&hellip;]<\/p>\n","protected":false},"author":1,"featured_media":382848,"comment_status":"closed","ping_status":"closed","sticky":false,"template":"","format":"standard","meta":[],"categories":[14,3],"tags":[],"acf":[],"yoast_head":"<!-- This site is optimized with the Yoast SEO plugin v20.8 - https:\/\/yoast.com\/wordpress\/plugins\/seo\/ -->\n<title>SECRETARIA DA EDUCA\u00c7\u00c3O E MEC DIALOGAM SOBRE EDUCA\u00c7\u00c3O NA BAHIA - Bahia Economica<\/title>\n<meta name=\"description\" content=\"O maior portal de Economia da Bahia DESTAQUE DO DIA, ECONOMIA \/ POL\u00cdTICA Bahia Economica\" \/>\n<meta name=\"robots\" content=\"index, follow, max-snippet:-1, max-image-preview:large, max-video-preview:-1\" \/>\n<link rel=\"canonical\" href=\"https:\/\/bahiaeconomica.com.br\/wp\/2019\/08\/15\/secretaria-da-educacao-e-mec-dialogam-sobre-educacao-na-bahia\/\" \/>\n<meta property=\"og:locale\" content=\"pt_BR\" \/>\n<meta property=\"og:type\" content=\"article\" \/>\n<meta property=\"og:title\" content=\"SECRETARIA DA EDUCA\u00c7\u00c3O E MEC DIALOGAM SOBRE EDUCA\u00c7\u00c3O NA BAHIA - Bahia Economica\" \/>\n<meta property=\"og:description\" content=\"O maior portal de Economia da Bahia DESTAQUE DO DIA, ECONOMIA \/ POL\u00cdTICA Bahia Economica\" \/>\n<meta property=\"og:url\" content=\"https:\/\/bahiaeconomica.com.br\/wp\/2019\/08\/15\/secretaria-da-educacao-e-mec-dialogam-sobre-educacao-na-bahia\/\" \/>\n<meta property=\"og:site_name\" content=\"Bahia Economica\" \/>\n<meta property=\"article:publisher\" content=\"https:\/\/www.facebook.com\/bahiaeconomica\" \/>\n<meta property=\"article:published_time\" content=\"2019-08-15T12:55:16+00:00\" \/>\n<meta property=\"article:modified_time\" content=\"2019-08-15T12:56:59+00:00\" \/>\n<meta property=\"og:image\" content=\"https:\/\/bahiaeconomica.com.br\/wp\/wp-content\/uploads\/2019\/08\/WWWWWWWWW.jpg\" \/>\n\t<meta property=\"og:image:width\" content=\"500\" \/>\n\t<meta property=\"og:image:height\" content=\"300\" \/>\n\t<meta property=\"og:image:type\" content=\"image\/jpeg\" \/>\n<meta name=\"author\" content=\"admin\" \/>\n<meta name=\"twitter:card\" content=\"summary_large_image\" \/>\n<meta name=\"twitter:label1\" content=\"Escrito por\" \/>\n\t<meta name=\"twitter:data1\" content=\"admin\" \/>\n\t<meta name=\"twitter:label2\" content=\"Est. tempo de leitura\" \/>\n\t<meta name=\"twitter:data2\" content=\"3 minutos\" \/>\n<script type=\"application\/ld+json\" class=\"yoast-schema-graph\">{\"@context\":\"https:\/\/schema.org\",\"@graph\":[{\"@type\":\"Article\",\"@id\":\"https:\/\/bahiaeconomica.com.br\/wp\/2019\/08\/15\/secretaria-da-educacao-e-mec-dialogam-sobre-educacao-na-bahia\/#article\",\"isPartOf\":{\"@id\":\"https:\/\/bahiaeconomica.com.br\/wp\/2019\/08\/15\/secretaria-da-educacao-e-mec-dialogam-sobre-educacao-na-bahia\/\"},\"author\":{\"name\":\"admin\",\"@id\":\"https:\/\/bahiaeconomica.com.br\/wp\/#\/schema\/person\/cb1ab5ba96ad3d9390805381c76284ec\"},\"headline\":\"SECRETARIA DA EDUCA\u00c7\u00c3O E MEC DIALOGAM SOBRE EDUCA\u00c7\u00c3O NA BAHIA\",\"datePublished\":\"2019-08-15T12:55:16+00:00\",\"dateModified\":\"2019-08-15T12:56:59+00:00\",\"mainEntityOfPage\":{\"@id\":\"https:\/\/bahiaeconomica.com.br\/wp\/2019\/08\/15\/secretaria-da-educacao-e-mec-dialogam-sobre-educacao-na-bahia\/\"},\"wordCount\":543,\"publisher\":{\"@id\":\"https:\/\/bahiaeconomica.com.br\/wp\/#organization\"},\"articleSection\":[\"DESTAQUE DO DIA\",\"ECONOMIA \/ POL\u00cdTICA\"],\"inLanguage\":\"pt-BR\"},{\"@type\":\"WebPage\",\"@id\":\"https:\/\/bahiaeconomica.com.br\/wp\/2019\/08\/15\/secretaria-da-educacao-e-mec-dialogam-sobre-educacao-na-bahia\/\",\"url\":\"https:\/\/bahiaeconomica.com.br\/wp\/2019\/08\/15\/secretaria-da-educacao-e-mec-dialogam-sobre-educacao-na-bahia\/\",\"name\":\"SECRETARIA DA EDUCA\u00c7\u00c3O E MEC DIALOGAM SOBRE EDUCA\u00c7\u00c3O NA BAHIA - Bahia Economica\",\"isPartOf\":{\"@id\":\"https:\/\/bahiaeconomica.com.br\/wp\/#website\"},\"datePublished\":\"2019-08-15T12:55:16+00:00\",\"dateModified\":\"2019-08-15T12:56:59+00:00\",\"description\":\"O maior portal de Economia da Bahia DESTAQUE DO DIA, ECONOMIA \/ POL\u00cdTICA Bahia Economica\",\"breadcrumb\":{\"@id\":\"https:\/\/bahiaeconomica.com.br\/wp\/2019\/08\/15\/secretaria-da-educacao-e-mec-dialogam-sobre-educacao-na-bahia\/#breadcrumb\"},\"inLanguage\":\"pt-BR\",\"potentialAction\":[{\"@type\":\"ReadAction\",\"target\":[\"https:\/\/bahiaeconomica.com.br\/wp\/2019\/08\/15\/secretaria-da-educacao-e-mec-dialogam-sobre-educacao-na-bahia\/\"]}]},{\"@type\":\"BreadcrumbList\",\"@id\":\"https:\/\/bahiaeconomica.com.br\/wp\/2019\/08\/15\/secretaria-da-educacao-e-mec-dialogam-sobre-educacao-na-bahia\/#breadcrumb\",\"itemListElement\":[{\"@type\":\"ListItem\",\"position\":1,\"name\":\"In\u00edcio\",\"item\":\"https:\/\/bahiaeconomica.com.br\/wp\/\"},{\"@type\":\"ListItem\",\"position\":2,\"name\":\"SECRETARIA DA EDUCA\u00c7\u00c3O E MEC DIALOGAM SOBRE EDUCA\u00c7\u00c3O NA BAHIA\"}]},{\"@type\":\"WebSite\",\"@id\":\"https:\/\/bahiaeconomica.com.br\/wp\/#website\",\"url\":\"https:\/\/bahiaeconomica.com.br\/wp\/\",\"name\":\"Bahia Economica\",\"description\":\"O maior portal de Economia da Bahia\",\"publisher\":{\"@id\":\"https:\/\/bahiaeconomica.com.br\/wp\/#organization\"},\"potentialAction\":[{\"@type\":\"SearchAction\",\"target\":{\"@type\":\"EntryPoint\",\"urlTemplate\":\"https:\/\/bahiaeconomica.com.br\/wp\/?s={search_term_string}\"},\"query-input\":\"required name=search_term_string\"}],\"inLanguage\":\"pt-BR\"},{\"@type\":\"Organization\",\"@id\":\"https:\/\/bahiaeconomica.com.br\/wp\/#organization\",\"name\":\"Bahia Econ\u00f4mica\",\"url\":\"https:\/\/bahiaeconomica.com.br\/wp\/\",\"logo\":{\"@type\":\"ImageObject\",\"inLanguage\":\"pt-BR\",\"@id\":\"https:\/\/bahiaeconomica.com.br\/wp\/#\/schema\/logo\/image\/\",\"url\":\"https:\/\/bahiaeconomica.com.br\/wp\/wp-content\/uploads\/2020\/12\/cropped-BE.png\",\"contentUrl\":\"https:\/\/bahiaeconomica.com.br\/wp\/wp-content\/uploads\/2020\/12\/cropped-BE.png\",\"width\":512,\"height\":512,\"caption\":\"Bahia Econ\u00f4mica\"},\"image\":{\"@id\":\"https:\/\/bahiaeconomica.com.br\/wp\/#\/schema\/logo\/image\/\"},\"sameAs\":[\"https:\/\/www.facebook.com\/bahiaeconomica\"]},{\"@type\":\"Person\",\"@id\":\"https:\/\/bahiaeconomica.com.br\/wp\/#\/schema\/person\/cb1ab5ba96ad3d9390805381c76284ec\",\"name\":\"admin\",\"url\":\"https:\/\/bahiaeconomica.com.br\/wp\/author\/admin\/\"}]}<\/script>\n<!-- \/ Yoast SEO plugin. -->","yoast_head_json":{"title":"SECRETARIA DA EDUCA\u00c7\u00c3O E MEC DIALOGAM SOBRE EDUCA\u00c7\u00c3O NA BAHIA - Bahia Economica","description":"O maior portal de Economia da Bahia DESTAQUE DO DIA, ECONOMIA \/ POL\u00cdTICA Bahia Economica","robots":{"index":"index","follow":"follow","max-snippet":"max-snippet:-1","max-image-preview":"max-image-preview:large","max-video-preview":"max-video-preview:-1"},"canonical":"https:\/\/bahiaeconomica.com.br\/wp\/2019\/08\/15\/secretaria-da-educacao-e-mec-dialogam-sobre-educacao-na-bahia\/","og_locale":"pt_BR","og_type":"article","og_title":"SECRETARIA DA EDUCA\u00c7\u00c3O E MEC DIALOGAM SOBRE EDUCA\u00c7\u00c3O NA BAHIA - Bahia Economica","og_description":"O maior portal de Economia da Bahia DESTAQUE DO DIA, ECONOMIA \/ POL\u00cdTICA Bahia Economica","og_url":"https:\/\/bahiaeconomica.com.br\/wp\/2019\/08\/15\/secretaria-da-educacao-e-mec-dialogam-sobre-educacao-na-bahia\/","og_site_name":"Bahia Economica","article_publisher":"https:\/\/www.facebook.com\/bahiaeconomica","article_published_time":"2019-08-15T12:55:16+00:00","article_modified_time":"2019-08-15T12:56:59+00:00","og_image":[{"width":500,"height":300,"url":"https:\/\/bahiaeconomica.com.br\/wp\/wp-content\/uploads\/2019\/08\/WWWWWWWWW.jpg","type":"image\/jpeg"}],"author":"admin","twitter_card":"summary_large_image","twitter_misc":{"Escrito por":"admin","Est. tempo de leitura":"3 minutos"},"schema":{"@context":"https:\/\/schema.org","@graph":[{"@type":"Article","@id":"https:\/\/bahiaeconomica.com.br\/wp\/2019\/08\/15\/secretaria-da-educacao-e-mec-dialogam-sobre-educacao-na-bahia\/#article","isPartOf":{"@id":"https:\/\/bahiaeconomica.com.br\/wp\/2019\/08\/15\/secretaria-da-educacao-e-mec-dialogam-sobre-educacao-na-bahia\/"},"author":{"name":"admin","@id":"https:\/\/bahiaeconomica.com.br\/wp\/#\/schema\/person\/cb1ab5ba96ad3d9390805381c76284ec"},"headline":"SECRETARIA DA EDUCA\u00c7\u00c3O E MEC DIALOGAM SOBRE EDUCA\u00c7\u00c3O NA BAHIA","datePublished":"2019-08-15T12:55:16+00:00","dateModified":"2019-08-15T12:56:59+00:00","mainEntityOfPage":{"@id":"https:\/\/bahiaeconomica.com.br\/wp\/2019\/08\/15\/secretaria-da-educacao-e-mec-dialogam-sobre-educacao-na-bahia\/"},"wordCount":543,"publisher":{"@id":"https:\/\/bahiaeconomica.com.br\/wp\/#organization"},"articleSection":["DESTAQUE DO DIA","ECONOMIA \/ POL\u00cdTICA"],"inLanguage":"pt-BR"},{"@type":"WebPage","@id":"https:\/\/bahiaeconomica.com.br\/wp\/2019\/08\/15\/secretaria-da-educacao-e-mec-dialogam-sobre-educacao-na-bahia\/","url":"https:\/\/bahiaeconomica.com.br\/wp\/2019\/08\/15\/secretaria-da-educacao-e-mec-dialogam-sobre-educacao-na-bahia\/","name":"SECRETARIA DA EDUCA\u00c7\u00c3O E MEC DIALOGAM SOBRE EDUCA\u00c7\u00c3O NA BAHIA - Bahia Economica","isPartOf":{"@id":"https:\/\/bahiaeconomica.com.br\/wp\/#website"},"datePublished":"2019-08-15T12:55:16+00:00","dateModified":"2019-08-15T12:56:59+00:00","description":"O maior portal de Economia da Bahia DESTAQUE DO DIA, ECONOMIA \/ POL\u00cdTICA Bahia Economica","breadcrumb":{"@id":"https:\/\/bahiaeconomica.com.br\/wp\/2019\/08\/15\/secretaria-da-educacao-e-mec-dialogam-sobre-educacao-na-bahia\/#breadcrumb"},"inLanguage":"pt-BR","potentialAction":[{"@type":"ReadAction","target":["https:\/\/bahiaeconomica.com.br\/wp\/2019\/08\/15\/secretaria-da-educacao-e-mec-dialogam-sobre-educacao-na-bahia\/"]}]},{"@type":"BreadcrumbList","@id":"https:\/\/bahiaeconomica.com.br\/wp\/2019\/08\/15\/secretaria-da-educacao-e-mec-dialogam-sobre-educacao-na-bahia\/#breadcrumb","itemListElement":[{"@type":"ListItem","position":1,"name":"In\u00edcio","item":"https:\/\/bahiaeconomica.com.br\/wp\/"},{"@type":"ListItem","position":2,"name":"SECRETARIA DA EDUCA\u00c7\u00c3O E MEC DIALOGAM SOBRE EDUCA\u00c7\u00c3O NA BAHIA"}]},{"@type":"WebSite","@id":"https:\/\/bahiaeconomica.com.br\/wp\/#website","url":"https:\/\/bahiaeconomica.com.br\/wp\/","name":"Bahia Economica","description":"O maior portal de Economia da Bahia","publisher":{"@id":"https:\/\/bahiaeconomica.com.br\/wp\/#organization"},"potentialAction":[{"@type":"SearchAction","target":{"@type":"EntryPoint","urlTemplate":"https:\/\/bahiaeconomica.com.br\/wp\/?s={search_term_string}"},"query-input":"required name=search_term_string"}],"inLanguage":"pt-BR"},{"@type":"Organization","@id":"https:\/\/bahiaeconomica.com.br\/wp\/#organization","name":"Bahia Econ\u00f4mica","url":"https:\/\/bahiaeconomica.com.br\/wp\/","logo":{"@type":"ImageObject","inLanguage":"pt-BR","@id":"https:\/\/bahiaeconomica.com.br\/wp\/#\/schema\/logo\/image\/","url":"https:\/\/bahiaeconomica.com.br\/wp\/wp-content\/uploads\/2020\/12\/cropped-BE.png","contentUrl":"https:\/\/bahiaeconomica.com.br\/wp\/wp-content\/uploads\/2020\/12\/cropped-BE.png","width":512,"height":512,"caption":"Bahia Econ\u00f4mica"},"image":{"@id":"https:\/\/bahiaeconomica.com.br\/wp\/#\/schema\/logo\/image\/"},"sameAs":["https:\/\/www.facebook.com\/bahiaeconomica"]},{"@type":"Person","@id":"https:\/\/bahiaeconomica.com.br\/wp\/#\/schema\/person\/cb1ab5ba96ad3d9390805381c76284ec","name":"admin","url":"https:\/\/bahiaeconomica.com.br\/wp\/author\/admin\/"}]}},"views":0,"_links":{"self":[{"href":"https:\/\/bahiaeconomica.com.br\/wp\/wp-json\/wp\/v2\/posts\/382847"}],"collection":[{"href":"https:\/\/bahiaeconomica.com.br\/wp\/wp-json\/wp\/v2\/posts"}],"about":[{"href":"https:\/\/bahiaeconomica.com.br\/wp\/wp-json\/wp\/v2\/types\/post"}],"author":[{"embeddable":true,"href":"https:\/\/bahiaeconomica.com.br\/wp\/wp-json\/wp\/v2\/users\/1"}],"replies":[{"embeddable":true,"href":"https:\/\/bahiaeconomica.com.br\/wp\/wp-json\/wp\/v2\/comments?post=382847"}],"version-history":[{"count":1,"href":"https:\/\/bahiaeconomica.com.br\/wp\/wp-json\/wp\/v2\/posts\/382847\/revisions"}],"predecessor-version":[{"id":382855,"href":"https:\/\/bahiaeconomica.com.br\/wp\/wp-json\/wp\/v2\/posts\/382847\/revisions\/382855"}],"wp:featuredmedia":[{"embeddable":true,"href":"https:\/\/bahiaeconomica.com.br\/wp\/wp-json\/wp\/v2\/media\/382848"}],"wp:attachment":[{"href":"https:\/\/bahiaeconomica.com.br\/wp\/wp-json\/wp\/v2\/media?parent=382847"}],"wp:term":[{"taxonomy":"category","embeddable":true,"href":"https:\/\/bahiaeconomica.com.br\/wp\/wp-json\/wp\/v2\/categories?post=382847"},{"taxonomy":"post_tag","embeddable":true,"href":"https:\/\/bahiaeconomica.com.br\/wp\/wp-json\/wp\/v2\/tags?post=382847"}],"curies":[{"name":"wp","href":"https:\/\/api.w.org\/{rel}","templated":true}]}}