{"id":382491,"date":"2019-08-14T17:27:38","date_gmt":"2019-08-14T20:27:38","guid":{"rendered":"https:\/\/bahiaeconomica.com.br\/wp\/beta\/?p=382491"},"modified":"2019-08-14T17:27:38","modified_gmt":"2019-08-14T20:27:38","slug":"lidice-pede-audiencia-publica-para-debater-intervencoes-na-ancine","status":"publish","type":"post","link":"https:\/\/bahiaeconomica.com.br\/wp\/2019\/08\/14\/lidice-pede-audiencia-publica-para-debater-intervencoes-na-ancine\/","title":{"rendered":"L\u00cdDICE PEDE AUDI\u00caNCIA P\u00daBLICA PARA DEBATER INTERVEN\u00c7\u00d5ES NA ANCINE"},"content":{"rendered":"<p>A deputada L\u00eddice da Mata (PSB) pediu uma audi\u00eancia p\u00fablica para debater o impacto das interven\u00e7\u00f5es do governo federal na Ag\u00eancia Nacional do Cinema (Ancine) e no setor audiovisual. O requerimento foi aprovado nesta quarta (14), pela Comiss\u00e3o de Cultura da C\u00e2mara dos Deputados.<\/p>\n<p>Al\u00e9m da necessidade de ouvir os representantes de produtoras nacionais e da Ancine, L\u00eddice tamb\u00e9m apresentou os n\u00fameros do setor audiovisual brasileiro, destacando que ele \u201cinjeta mais de R$ 25 bilh\u00f5es diretos por ano na economia, \u00e9 formado por mais de 13 mil empresas. S\u00f3 de bilheteria, os filmes nacionais movimentaram cerca de R$ 300 milh\u00f5es em 2018&#8243;, diz o texto do requerimento.<\/p>\n<p>&nbsp;<\/p>\n<p>&nbsp;<\/p>\n","protected":false},"excerpt":{"rendered":"<p>A deputada L\u00eddice da Mata (PSB) pediu uma audi\u00eancia p\u00fablica para debater o impacto das interven\u00e7\u00f5es do governo federal na Ag\u00eancia Nacional do Cinema (Ancine) e no setor audiovisual. O requerimento foi aprovado nesta quarta (14), pela Comiss\u00e3o de Cultura da C\u00e2mara dos Deputados. Al\u00e9m da necessidade de ouvir os representantes de produtoras nacionais e [&hellip;]<\/p>\n","protected":false},"author":1,"featured_media":382492,"comment_status":"closed","ping_status":"closed","sticky":false,"template":"","format":"standard","meta":[],"categories":[14,3],"tags":[],"acf":[],"yoast_head":"<!-- This site is optimized with the Yoast SEO plugin v20.8 - https:\/\/yoast.com\/wordpress\/plugins\/seo\/ -->\n<title>L\u00cdDICE PEDE AUDI\u00caNCIA P\u00daBLICA PARA DEBATER INTERVEN\u00c7\u00d5ES NA ANCINE - Bahia Economica<\/title>\n<meta name=\"description\" content=\"O maior portal de Economia da Bahia DESTAQUE DO DIA, ECONOMIA \/ POL\u00cdTICA Bahia Economica\" \/>\n<meta name=\"robots\" content=\"index, follow, max-snippet:-1, max-image-preview:large, max-video-preview:-1\" \/>\n<link rel=\"canonical\" href=\"https:\/\/bahiaeconomica.com.br\/wp\/2019\/08\/14\/lidice-pede-audiencia-publica-para-debater-intervencoes-na-ancine\/\" \/>\n<meta property=\"og:locale\" content=\"pt_BR\" \/>\n<meta property=\"og:type\" content=\"article\" \/>\n<meta property=\"og:title\" content=\"L\u00cdDICE PEDE AUDI\u00caNCIA P\u00daBLICA PARA DEBATER INTERVEN\u00c7\u00d5ES NA ANCINE - Bahia Economica\" \/>\n<meta property=\"og:description\" content=\"O maior portal de Economia da Bahia DESTAQUE DO DIA, ECONOMIA \/ POL\u00cdTICA Bahia Economica\" \/>\n<meta property=\"og:url\" content=\"https:\/\/bahiaeconomica.com.br\/wp\/2019\/08\/14\/lidice-pede-audiencia-publica-para-debater-intervencoes-na-ancine\/\" \/>\n<meta property=\"og:site_name\" content=\"Bahia Economica\" \/>\n<meta property=\"article:publisher\" content=\"https:\/\/www.facebook.com\/bahiaeconomica\" \/>\n<meta property=\"article:published_time\" content=\"2019-08-14T20:27:38+00:00\" \/>\n<meta property=\"og:image\" content=\"https:\/\/bahiaeconomica.com.br\/wp\/wp-content\/uploads\/2019\/08\/lidice-e1565814441856.jpeg\" \/>\n\t<meta property=\"og:image:width\" content=\"500\" \/>\n\t<meta property=\"og:image:height\" content=\"332\" \/>\n\t<meta property=\"og:image:type\" content=\"image\/jpeg\" \/>\n<meta name=\"author\" content=\"admin\" \/>\n<meta name=\"twitter:card\" content=\"summary_large_image\" \/>\n<meta name=\"twitter:label1\" content=\"Escrito por\" \/>\n\t<meta name=\"twitter:data1\" content=\"admin\" \/>\n\t<meta name=\"twitter:label2\" content=\"Est. tempo de leitura\" \/>\n\t<meta name=\"twitter:data2\" content=\"1 minuto\" \/>\n<script type=\"application\/ld+json\" class=\"yoast-schema-graph\">{\"@context\":\"https:\/\/schema.org\",\"@graph\":[{\"@type\":\"Article\",\"@id\":\"https:\/\/bahiaeconomica.com.br\/wp\/2019\/08\/14\/lidice-pede-audiencia-publica-para-debater-intervencoes-na-ancine\/#article\",\"isPartOf\":{\"@id\":\"https:\/\/bahiaeconomica.com.br\/wp\/2019\/08\/14\/lidice-pede-audiencia-publica-para-debater-intervencoes-na-ancine\/\"},\"author\":{\"name\":\"admin\",\"@id\":\"https:\/\/bahiaeconomica.com.br\/wp\/#\/schema\/person\/cb1ab5ba96ad3d9390805381c76284ec\"},\"headline\":\"L\u00cdDICE PEDE AUDI\u00caNCIA P\u00daBLICA PARA DEBATER INTERVEN\u00c7\u00d5ES NA ANCINE\",\"datePublished\":\"2019-08-14T20:27:38+00:00\",\"dateModified\":\"2019-08-14T20:27:38+00:00\",\"mainEntityOfPage\":{\"@id\":\"https:\/\/bahiaeconomica.com.br\/wp\/2019\/08\/14\/lidice-pede-audiencia-publica-para-debater-intervencoes-na-ancine\/\"},\"wordCount\":129,\"publisher\":{\"@id\":\"https:\/\/bahiaeconomica.com.br\/wp\/#organization\"},\"articleSection\":[\"DESTAQUE DO DIA\",\"ECONOMIA \/ POL\u00cdTICA\"],\"inLanguage\":\"pt-BR\"},{\"@type\":\"WebPage\",\"@id\":\"https:\/\/bahiaeconomica.com.br\/wp\/2019\/08\/14\/lidice-pede-audiencia-publica-para-debater-intervencoes-na-ancine\/\",\"url\":\"https:\/\/bahiaeconomica.com.br\/wp\/2019\/08\/14\/lidice-pede-audiencia-publica-para-debater-intervencoes-na-ancine\/\",\"name\":\"L\u00cdDICE PEDE AUDI\u00caNCIA P\u00daBLICA PARA DEBATER INTERVEN\u00c7\u00d5ES NA ANCINE - Bahia Economica\",\"isPartOf\":{\"@id\":\"https:\/\/bahiaeconomica.com.br\/wp\/#website\"},\"datePublished\":\"2019-08-14T20:27:38+00:00\",\"dateModified\":\"2019-08-14T20:27:38+00:00\",\"description\":\"O maior portal de Economia da Bahia DESTAQUE DO DIA, ECONOMIA \/ POL\u00cdTICA Bahia Economica\",\"breadcrumb\":{\"@id\":\"https:\/\/bahiaeconomica.com.br\/wp\/2019\/08\/14\/lidice-pede-audiencia-publica-para-debater-intervencoes-na-ancine\/#breadcrumb\"},\"inLanguage\":\"pt-BR\",\"potentialAction\":[{\"@type\":\"ReadAction\",\"target\":[\"https:\/\/bahiaeconomica.com.br\/wp\/2019\/08\/14\/lidice-pede-audiencia-publica-para-debater-intervencoes-na-ancine\/\"]}]},{\"@type\":\"BreadcrumbList\",\"@id\":\"https:\/\/bahiaeconomica.com.br\/wp\/2019\/08\/14\/lidice-pede-audiencia-publica-para-debater-intervencoes-na-ancine\/#breadcrumb\",\"itemListElement\":[{\"@type\":\"ListItem\",\"position\":1,\"name\":\"In\u00edcio\",\"item\":\"https:\/\/bahiaeconomica.com.br\/wp\/\"},{\"@type\":\"ListItem\",\"position\":2,\"name\":\"L\u00cdDICE PEDE AUDI\u00caNCIA P\u00daBLICA PARA DEBATER INTERVEN\u00c7\u00d5ES NA ANCINE\"}]},{\"@type\":\"WebSite\",\"@id\":\"https:\/\/bahiaeconomica.com.br\/wp\/#website\",\"url\":\"https:\/\/bahiaeconomica.com.br\/wp\/\",\"name\":\"Bahia Economica\",\"description\":\"O maior portal de Economia da Bahia\",\"publisher\":{\"@id\":\"https:\/\/bahiaeconomica.com.br\/wp\/#organization\"},\"potentialAction\":[{\"@type\":\"SearchAction\",\"target\":{\"@type\":\"EntryPoint\",\"urlTemplate\":\"https:\/\/bahiaeconomica.com.br\/wp\/?s={search_term_string}\"},\"query-input\":\"required name=search_term_string\"}],\"inLanguage\":\"pt-BR\"},{\"@type\":\"Organization\",\"@id\":\"https:\/\/bahiaeconomica.com.br\/wp\/#organization\",\"name\":\"Bahia Econ\u00f4mica\",\"url\":\"https:\/\/bahiaeconomica.com.br\/wp\/\",\"logo\":{\"@type\":\"ImageObject\",\"inLanguage\":\"pt-BR\",\"@id\":\"https:\/\/bahiaeconomica.com.br\/wp\/#\/schema\/logo\/image\/\",\"url\":\"https:\/\/bahiaeconomica.com.br\/wp\/wp-content\/uploads\/2020\/12\/cropped-BE.png\",\"contentUrl\":\"https:\/\/bahiaeconomica.com.br\/wp\/wp-content\/uploads\/2020\/12\/cropped-BE.png\",\"width\":512,\"height\":512,\"caption\":\"Bahia Econ\u00f4mica\"},\"image\":{\"@id\":\"https:\/\/bahiaeconomica.com.br\/wp\/#\/schema\/logo\/image\/\"},\"sameAs\":[\"https:\/\/www.facebook.com\/bahiaeconomica\"]},{\"@type\":\"Person\",\"@id\":\"https:\/\/bahiaeconomica.com.br\/wp\/#\/schema\/person\/cb1ab5ba96ad3d9390805381c76284ec\",\"name\":\"admin\",\"url\":\"https:\/\/bahiaeconomica.com.br\/wp\/author\/admin\/\"}]}<\/script>\n<!-- \/ Yoast SEO plugin. -->","yoast_head_json":{"title":"L\u00cdDICE PEDE AUDI\u00caNCIA P\u00daBLICA PARA DEBATER INTERVEN\u00c7\u00d5ES NA ANCINE - Bahia Economica","description":"O maior portal de Economia da Bahia DESTAQUE DO DIA, ECONOMIA \/ POL\u00cdTICA Bahia Economica","robots":{"index":"index","follow":"follow","max-snippet":"max-snippet:-1","max-image-preview":"max-image-preview:large","max-video-preview":"max-video-preview:-1"},"canonical":"https:\/\/bahiaeconomica.com.br\/wp\/2019\/08\/14\/lidice-pede-audiencia-publica-para-debater-intervencoes-na-ancine\/","og_locale":"pt_BR","og_type":"article","og_title":"L\u00cdDICE PEDE AUDI\u00caNCIA P\u00daBLICA PARA DEBATER INTERVEN\u00c7\u00d5ES NA ANCINE - Bahia Economica","og_description":"O maior portal de Economia da Bahia DESTAQUE DO DIA, ECONOMIA \/ POL\u00cdTICA Bahia Economica","og_url":"https:\/\/bahiaeconomica.com.br\/wp\/2019\/08\/14\/lidice-pede-audiencia-publica-para-debater-intervencoes-na-ancine\/","og_site_name":"Bahia Economica","article_publisher":"https:\/\/www.facebook.com\/bahiaeconomica","article_published_time":"2019-08-14T20:27:38+00:00","og_image":[{"width":500,"height":332,"url":"https:\/\/bahiaeconomica.com.br\/wp\/wp-content\/uploads\/2019\/08\/lidice-e1565814441856.jpeg","type":"image\/jpeg"}],"author":"admin","twitter_card":"summary_large_image","twitter_misc":{"Escrito por":"admin","Est. tempo de leitura":"1 minuto"},"schema":{"@context":"https:\/\/schema.org","@graph":[{"@type":"Article","@id":"https:\/\/bahiaeconomica.com.br\/wp\/2019\/08\/14\/lidice-pede-audiencia-publica-para-debater-intervencoes-na-ancine\/#article","isPartOf":{"@id":"https:\/\/bahiaeconomica.com.br\/wp\/2019\/08\/14\/lidice-pede-audiencia-publica-para-debater-intervencoes-na-ancine\/"},"author":{"name":"admin","@id":"https:\/\/bahiaeconomica.com.br\/wp\/#\/schema\/person\/cb1ab5ba96ad3d9390805381c76284ec"},"headline":"L\u00cdDICE PEDE AUDI\u00caNCIA P\u00daBLICA PARA DEBATER INTERVEN\u00c7\u00d5ES NA ANCINE","datePublished":"2019-08-14T20:27:38+00:00","dateModified":"2019-08-14T20:27:38+00:00","mainEntityOfPage":{"@id":"https:\/\/bahiaeconomica.com.br\/wp\/2019\/08\/14\/lidice-pede-audiencia-publica-para-debater-intervencoes-na-ancine\/"},"wordCount":129,"publisher":{"@id":"https:\/\/bahiaeconomica.com.br\/wp\/#organization"},"articleSection":["DESTAQUE DO DIA","ECONOMIA \/ POL\u00cdTICA"],"inLanguage":"pt-BR"},{"@type":"WebPage","@id":"https:\/\/bahiaeconomica.com.br\/wp\/2019\/08\/14\/lidice-pede-audiencia-publica-para-debater-intervencoes-na-ancine\/","url":"https:\/\/bahiaeconomica.com.br\/wp\/2019\/08\/14\/lidice-pede-audiencia-publica-para-debater-intervencoes-na-ancine\/","name":"L\u00cdDICE PEDE AUDI\u00caNCIA P\u00daBLICA PARA DEBATER INTERVEN\u00c7\u00d5ES NA ANCINE - Bahia Economica","isPartOf":{"@id":"https:\/\/bahiaeconomica.com.br\/wp\/#website"},"datePublished":"2019-08-14T20:27:38+00:00","dateModified":"2019-08-14T20:27:38+00:00","description":"O maior portal de Economia da Bahia DESTAQUE DO DIA, ECONOMIA \/ POL\u00cdTICA Bahia Economica","breadcrumb":{"@id":"https:\/\/bahiaeconomica.com.br\/wp\/2019\/08\/14\/lidice-pede-audiencia-publica-para-debater-intervencoes-na-ancine\/#breadcrumb"},"inLanguage":"pt-BR","potentialAction":[{"@type":"ReadAction","target":["https:\/\/bahiaeconomica.com.br\/wp\/2019\/08\/14\/lidice-pede-audiencia-publica-para-debater-intervencoes-na-ancine\/"]}]},{"@type":"BreadcrumbList","@id":"https:\/\/bahiaeconomica.com.br\/wp\/2019\/08\/14\/lidice-pede-audiencia-publica-para-debater-intervencoes-na-ancine\/#breadcrumb","itemListElement":[{"@type":"ListItem","position":1,"name":"In\u00edcio","item":"https:\/\/bahiaeconomica.com.br\/wp\/"},{"@type":"ListItem","position":2,"name":"L\u00cdDICE PEDE AUDI\u00caNCIA P\u00daBLICA PARA DEBATER INTERVEN\u00c7\u00d5ES NA ANCINE"}]},{"@type":"WebSite","@id":"https:\/\/bahiaeconomica.com.br\/wp\/#website","url":"https:\/\/bahiaeconomica.com.br\/wp\/","name":"Bahia Economica","description":"O maior portal de Economia da Bahia","publisher":{"@id":"https:\/\/bahiaeconomica.com.br\/wp\/#organization"},"potentialAction":[{"@type":"SearchAction","target":{"@type":"EntryPoint","urlTemplate":"https:\/\/bahiaeconomica.com.br\/wp\/?s={search_term_string}"},"query-input":"required name=search_term_string"}],"inLanguage":"pt-BR"},{"@type":"Organization","@id":"https:\/\/bahiaeconomica.com.br\/wp\/#organization","name":"Bahia Econ\u00f4mica","url":"https:\/\/bahiaeconomica.com.br\/wp\/","logo":{"@type":"ImageObject","inLanguage":"pt-BR","@id":"https:\/\/bahiaeconomica.com.br\/wp\/#\/schema\/logo\/image\/","url":"https:\/\/bahiaeconomica.com.br\/wp\/wp-content\/uploads\/2020\/12\/cropped-BE.png","contentUrl":"https:\/\/bahiaeconomica.com.br\/wp\/wp-content\/uploads\/2020\/12\/cropped-BE.png","width":512,"height":512,"caption":"Bahia Econ\u00f4mica"},"image":{"@id":"https:\/\/bahiaeconomica.com.br\/wp\/#\/schema\/logo\/image\/"},"sameAs":["https:\/\/www.facebook.com\/bahiaeconomica"]},{"@type":"Person","@id":"https:\/\/bahiaeconomica.com.br\/wp\/#\/schema\/person\/cb1ab5ba96ad3d9390805381c76284ec","name":"admin","url":"https:\/\/bahiaeconomica.com.br\/wp\/author\/admin\/"}]}},"views":1,"_links":{"self":[{"href":"https:\/\/bahiaeconomica.com.br\/wp\/wp-json\/wp\/v2\/posts\/382491"}],"collection":[{"href":"https:\/\/bahiaeconomica.com.br\/wp\/wp-json\/wp\/v2\/posts"}],"about":[{"href":"https:\/\/bahiaeconomica.com.br\/wp\/wp-json\/wp\/v2\/types\/post"}],"author":[{"embeddable":true,"href":"https:\/\/bahiaeconomica.com.br\/wp\/wp-json\/wp\/v2\/users\/1"}],"replies":[{"embeddable":true,"href":"https:\/\/bahiaeconomica.com.br\/wp\/wp-json\/wp\/v2\/comments?post=382491"}],"version-history":[{"count":1,"href":"https:\/\/bahiaeconomica.com.br\/wp\/wp-json\/wp\/v2\/posts\/382491\/revisions"}],"predecessor-version":[{"id":382499,"href":"https:\/\/bahiaeconomica.com.br\/wp\/wp-json\/wp\/v2\/posts\/382491\/revisions\/382499"}],"wp:featuredmedia":[{"embeddable":true,"href":"https:\/\/bahiaeconomica.com.br\/wp\/wp-json\/wp\/v2\/media\/382492"}],"wp:attachment":[{"href":"https:\/\/bahiaeconomica.com.br\/wp\/wp-json\/wp\/v2\/media?parent=382491"}],"wp:term":[{"taxonomy":"category","embeddable":true,"href":"https:\/\/bahiaeconomica.com.br\/wp\/wp-json\/wp\/v2\/categories?post=382491"},{"taxonomy":"post_tag","embeddable":true,"href":"https:\/\/bahiaeconomica.com.br\/wp\/wp-json\/wp\/v2\/tags?post=382491"}],"curies":[{"name":"wp","href":"https:\/\/api.w.org\/{rel}","templated":true}]}}