{"id":381248,"date":"2019-08-13T10:00:28","date_gmt":"2019-08-13T13:00:28","guid":{"rendered":"https:\/\/bahiaeconomica.com.br\/wp\/beta\/?p=381248"},"modified":"2019-08-13T10:00:28","modified_gmt":"2019-08-13T13:00:28","slug":"prefeitura-realiza-cursos-profissionalizantes-no-suburbio-360","status":"publish","type":"post","link":"https:\/\/bahiaeconomica.com.br\/wp\/2019\/08\/13\/prefeitura-realiza-cursos-profissionalizantes-no-suburbio-360\/","title":{"rendered":"PREFEITURA REALIZA CURSOS PROFISSIONALIZANTES NO SUB\u00daRBIO 360"},"content":{"rendered":"<p>Queijos, molhos, massas e or\u00e9gano. Alunos atentos aos ingredientes e o cheiro de pizza exalando nos corredores. Toda essa atmosfera integra o Curso de Fabrica\u00e7\u00e3o de Pizza, que teve mais uma aula realizada nesta segunda-feira (12), no Sub\u00farbio 360, em Coutos. A iniciativa \u00e9 da Secretaria Municipal de Politicas para Mulheres, Inf\u00e2ncia e Juventude (SPMJ) e integra o programa de qualifica\u00e7\u00e3o profissional &#8220;SPMJ Gourmet&#8221;, realizado em parceria com o Servi\u00e7o Nacional de Aprendizagem Industrial da Bahia (Senai Bahia) e o Sub\u00farbio 360, oferecendo capacita\u00e7\u00f5es gratuitas em diversas \u00e1reas, incluindo gastronomia.<\/p>\n<p>O projeto \u00e9 voltado para todas as pessoas que est\u00e3o em busca de uma qualifica\u00e7\u00e3o profissional, principalmente mulheres moradoras do Sub\u00farbio Ferrovi\u00e1rio. Dentre os cursos oferecidos est\u00e3o Confeitaria Avan\u00e7ada, P\u00e3es Especiais, Massas Doces, Panifica\u00e7\u00e3o Avan\u00e7ada e Sequilhos. Al\u00e9m de Petit Fours, P\u00e3es Especiais e Massas Salgadas. Os cursos t\u00eam dura\u00e7\u00e3o de quinze dias e carga hor\u00e1ria total de 60 horas, nos turnos matutino, vespertino e noturno.<\/p>\n<p>&#8220;Essa \u00e9 uma oportunidade \u00fanica de ser qualificado pelo Senai de forma gratuita e com o apoio da Prefeitura de Salvador, que tem mudado a vida dos moradores do Sub\u00farbio, gerando renda pr\u00f3pria e autonomia financeira para constru\u00edrem um futuro melhor para suas fam\u00edlias. Muitas mulheres que receberam certificado j\u00e1 iniciaram o pr\u00f3prio neg\u00f3cio&#8221;, pontua a secret\u00e1ria da SPMJ, Rog\u00e9ria Santos.<\/p>\n<p>&nbsp;<\/p>\n<p>Foto: Jefferson Peixoto\/Secom<\/p>\n","protected":false},"excerpt":{"rendered":"<p>Queijos, molhos, massas e or\u00e9gano. Alunos atentos aos ingredientes e o cheiro de pizza exalando nos corredores. Toda essa atmosfera integra o Curso de Fabrica\u00e7\u00e3o de Pizza, que teve mais uma aula realizada nesta segunda-feira (12), no Sub\u00farbio 360, em Coutos. A iniciativa \u00e9 da Secretaria Municipal de Politicas para Mulheres, Inf\u00e2ncia e Juventude (SPMJ) [&hellip;]<\/p>\n","protected":false},"author":1,"featured_media":381256,"comment_status":"closed","ping_status":"closed","sticky":false,"template":"","format":"standard","meta":[],"categories":[7,3],"tags":[],"acf":[],"yoast_head":"<!-- This site is optimized with the Yoast SEO plugin v20.8 - https:\/\/yoast.com\/wordpress\/plugins\/seo\/ -->\n<title>PREFEITURA REALIZA CURSOS PROFISSIONALIZANTES NO SUB\u00daRBIO 360 - Bahia Economica<\/title>\n<meta name=\"description\" content=\"O maior portal de Economia da Bahia BAHIA INVEST, ECONOMIA \/ POL\u00cdTICA Bahia Economica\" \/>\n<meta name=\"robots\" content=\"index, follow, max-snippet:-1, max-image-preview:large, max-video-preview:-1\" \/>\n<link rel=\"canonical\" href=\"https:\/\/bahiaeconomica.com.br\/wp\/2019\/08\/13\/prefeitura-realiza-cursos-profissionalizantes-no-suburbio-360\/\" \/>\n<meta property=\"og:locale\" content=\"pt_BR\" \/>\n<meta property=\"og:type\" content=\"article\" \/>\n<meta property=\"og:title\" content=\"PREFEITURA REALIZA CURSOS PROFISSIONALIZANTES NO SUB\u00daRBIO 360 - Bahia Economica\" \/>\n<meta property=\"og:description\" content=\"O maior portal de Economia da Bahia BAHIA INVEST, ECONOMIA \/ POL\u00cdTICA Bahia Economica\" \/>\n<meta property=\"og:url\" content=\"https:\/\/bahiaeconomica.com.br\/wp\/2019\/08\/13\/prefeitura-realiza-cursos-profissionalizantes-no-suburbio-360\/\" \/>\n<meta property=\"og:site_name\" content=\"Bahia Economica\" \/>\n<meta property=\"article:publisher\" content=\"https:\/\/www.facebook.com\/bahiaeconomica\" \/>\n<meta property=\"article:published_time\" content=\"2019-08-13T13:00:28+00:00\" \/>\n<meta property=\"og:image\" content=\"https:\/\/bahiaeconomica.com.br\/wp\/wp-content\/uploads\/2019\/08\/12_08_2019_Curso-de-Fabrica\u00e7\u00e3o-de-Pizza_Foto_Jefferson-Peixoto_Secom_Pms-22.jpg\" \/>\n\t<meta property=\"og:image:width\" content=\"500\" \/>\n\t<meta property=\"og:image:height\" content=\"333\" \/>\n\t<meta property=\"og:image:type\" content=\"image\/jpeg\" \/>\n<meta name=\"author\" content=\"admin\" \/>\n<meta name=\"twitter:card\" content=\"summary_large_image\" \/>\n<meta name=\"twitter:label1\" content=\"Escrito por\" \/>\n\t<meta name=\"twitter:data1\" content=\"admin\" \/>\n\t<meta name=\"twitter:label2\" content=\"Est. tempo de leitura\" \/>\n\t<meta name=\"twitter:data2\" content=\"1 minuto\" \/>\n<script type=\"application\/ld+json\" class=\"yoast-schema-graph\">{\"@context\":\"https:\/\/schema.org\",\"@graph\":[{\"@type\":\"Article\",\"@id\":\"https:\/\/bahiaeconomica.com.br\/wp\/2019\/08\/13\/prefeitura-realiza-cursos-profissionalizantes-no-suburbio-360\/#article\",\"isPartOf\":{\"@id\":\"https:\/\/bahiaeconomica.com.br\/wp\/2019\/08\/13\/prefeitura-realiza-cursos-profissionalizantes-no-suburbio-360\/\"},\"author\":{\"name\":\"admin\",\"@id\":\"https:\/\/bahiaeconomica.com.br\/wp\/#\/schema\/person\/cb1ab5ba96ad3d9390805381c76284ec\"},\"headline\":\"PREFEITURA REALIZA CURSOS PROFISSIONALIZANTES NO SUB\u00daRBIO 360\",\"datePublished\":\"2019-08-13T13:00:28+00:00\",\"dateModified\":\"2019-08-13T13:00:28+00:00\",\"mainEntityOfPage\":{\"@id\":\"https:\/\/bahiaeconomica.com.br\/wp\/2019\/08\/13\/prefeitura-realiza-cursos-profissionalizantes-no-suburbio-360\/\"},\"wordCount\":252,\"publisher\":{\"@id\":\"https:\/\/bahiaeconomica.com.br\/wp\/#organization\"},\"articleSection\":[\"BAHIA INVEST\",\"ECONOMIA \/ POL\u00cdTICA\"],\"inLanguage\":\"pt-BR\"},{\"@type\":\"WebPage\",\"@id\":\"https:\/\/bahiaeconomica.com.br\/wp\/2019\/08\/13\/prefeitura-realiza-cursos-profissionalizantes-no-suburbio-360\/\",\"url\":\"https:\/\/bahiaeconomica.com.br\/wp\/2019\/08\/13\/prefeitura-realiza-cursos-profissionalizantes-no-suburbio-360\/\",\"name\":\"PREFEITURA REALIZA CURSOS PROFISSIONALIZANTES NO SUB\u00daRBIO 360 - Bahia Economica\",\"isPartOf\":{\"@id\":\"https:\/\/bahiaeconomica.com.br\/wp\/#website\"},\"datePublished\":\"2019-08-13T13:00:28+00:00\",\"dateModified\":\"2019-08-13T13:00:28+00:00\",\"description\":\"O maior portal de Economia da Bahia BAHIA INVEST, ECONOMIA \/ POL\u00cdTICA Bahia Economica\",\"breadcrumb\":{\"@id\":\"https:\/\/bahiaeconomica.com.br\/wp\/2019\/08\/13\/prefeitura-realiza-cursos-profissionalizantes-no-suburbio-360\/#breadcrumb\"},\"inLanguage\":\"pt-BR\",\"potentialAction\":[{\"@type\":\"ReadAction\",\"target\":[\"https:\/\/bahiaeconomica.com.br\/wp\/2019\/08\/13\/prefeitura-realiza-cursos-profissionalizantes-no-suburbio-360\/\"]}]},{\"@type\":\"BreadcrumbList\",\"@id\":\"https:\/\/bahiaeconomica.com.br\/wp\/2019\/08\/13\/prefeitura-realiza-cursos-profissionalizantes-no-suburbio-360\/#breadcrumb\",\"itemListElement\":[{\"@type\":\"ListItem\",\"position\":1,\"name\":\"In\u00edcio\",\"item\":\"https:\/\/bahiaeconomica.com.br\/wp\/\"},{\"@type\":\"ListItem\",\"position\":2,\"name\":\"PREFEITURA REALIZA CURSOS PROFISSIONALIZANTES NO SUB\u00daRBIO 360\"}]},{\"@type\":\"WebSite\",\"@id\":\"https:\/\/bahiaeconomica.com.br\/wp\/#website\",\"url\":\"https:\/\/bahiaeconomica.com.br\/wp\/\",\"name\":\"Bahia Economica\",\"description\":\"O maior portal de Economia da Bahia\",\"publisher\":{\"@id\":\"https:\/\/bahiaeconomica.com.br\/wp\/#organization\"},\"potentialAction\":[{\"@type\":\"SearchAction\",\"target\":{\"@type\":\"EntryPoint\",\"urlTemplate\":\"https:\/\/bahiaeconomica.com.br\/wp\/?s={search_term_string}\"},\"query-input\":\"required name=search_term_string\"}],\"inLanguage\":\"pt-BR\"},{\"@type\":\"Organization\",\"@id\":\"https:\/\/bahiaeconomica.com.br\/wp\/#organization\",\"name\":\"Bahia Econ\u00f4mica\",\"url\":\"https:\/\/bahiaeconomica.com.br\/wp\/\",\"logo\":{\"@type\":\"ImageObject\",\"inLanguage\":\"pt-BR\",\"@id\":\"https:\/\/bahiaeconomica.com.br\/wp\/#\/schema\/logo\/image\/\",\"url\":\"https:\/\/bahiaeconomica.com.br\/wp\/wp-content\/uploads\/2020\/12\/cropped-BE.png\",\"contentUrl\":\"https:\/\/bahiaeconomica.com.br\/wp\/wp-content\/uploads\/2020\/12\/cropped-BE.png\",\"width\":512,\"height\":512,\"caption\":\"Bahia Econ\u00f4mica\"},\"image\":{\"@id\":\"https:\/\/bahiaeconomica.com.br\/wp\/#\/schema\/logo\/image\/\"},\"sameAs\":[\"https:\/\/www.facebook.com\/bahiaeconomica\"]},{\"@type\":\"Person\",\"@id\":\"https:\/\/bahiaeconomica.com.br\/wp\/#\/schema\/person\/cb1ab5ba96ad3d9390805381c76284ec\",\"name\":\"admin\",\"url\":\"https:\/\/bahiaeconomica.com.br\/wp\/author\/admin\/\"}]}<\/script>\n<!-- \/ Yoast SEO plugin. -->","yoast_head_json":{"title":"PREFEITURA REALIZA CURSOS PROFISSIONALIZANTES NO SUB\u00daRBIO 360 - Bahia Economica","description":"O maior portal de Economia da Bahia BAHIA INVEST, ECONOMIA \/ POL\u00cdTICA Bahia Economica","robots":{"index":"index","follow":"follow","max-snippet":"max-snippet:-1","max-image-preview":"max-image-preview:large","max-video-preview":"max-video-preview:-1"},"canonical":"https:\/\/bahiaeconomica.com.br\/wp\/2019\/08\/13\/prefeitura-realiza-cursos-profissionalizantes-no-suburbio-360\/","og_locale":"pt_BR","og_type":"article","og_title":"PREFEITURA REALIZA CURSOS PROFISSIONALIZANTES NO SUB\u00daRBIO 360 - Bahia Economica","og_description":"O maior portal de Economia da Bahia BAHIA INVEST, ECONOMIA \/ POL\u00cdTICA Bahia Economica","og_url":"https:\/\/bahiaeconomica.com.br\/wp\/2019\/08\/13\/prefeitura-realiza-cursos-profissionalizantes-no-suburbio-360\/","og_site_name":"Bahia Economica","article_publisher":"https:\/\/www.facebook.com\/bahiaeconomica","article_published_time":"2019-08-13T13:00:28+00:00","og_image":[{"width":500,"height":333,"url":"https:\/\/bahiaeconomica.com.br\/wp\/wp-content\/uploads\/2019\/08\/12_08_2019_Curso-de-Fabrica\u00e7\u00e3o-de-Pizza_Foto_Jefferson-Peixoto_Secom_Pms-22.jpg","type":"image\/jpeg"}],"author":"admin","twitter_card":"summary_large_image","twitter_misc":{"Escrito por":"admin","Est. tempo de leitura":"1 minuto"},"schema":{"@context":"https:\/\/schema.org","@graph":[{"@type":"Article","@id":"https:\/\/bahiaeconomica.com.br\/wp\/2019\/08\/13\/prefeitura-realiza-cursos-profissionalizantes-no-suburbio-360\/#article","isPartOf":{"@id":"https:\/\/bahiaeconomica.com.br\/wp\/2019\/08\/13\/prefeitura-realiza-cursos-profissionalizantes-no-suburbio-360\/"},"author":{"name":"admin","@id":"https:\/\/bahiaeconomica.com.br\/wp\/#\/schema\/person\/cb1ab5ba96ad3d9390805381c76284ec"},"headline":"PREFEITURA REALIZA CURSOS PROFISSIONALIZANTES NO SUB\u00daRBIO 360","datePublished":"2019-08-13T13:00:28+00:00","dateModified":"2019-08-13T13:00:28+00:00","mainEntityOfPage":{"@id":"https:\/\/bahiaeconomica.com.br\/wp\/2019\/08\/13\/prefeitura-realiza-cursos-profissionalizantes-no-suburbio-360\/"},"wordCount":252,"publisher":{"@id":"https:\/\/bahiaeconomica.com.br\/wp\/#organization"},"articleSection":["BAHIA INVEST","ECONOMIA \/ POL\u00cdTICA"],"inLanguage":"pt-BR"},{"@type":"WebPage","@id":"https:\/\/bahiaeconomica.com.br\/wp\/2019\/08\/13\/prefeitura-realiza-cursos-profissionalizantes-no-suburbio-360\/","url":"https:\/\/bahiaeconomica.com.br\/wp\/2019\/08\/13\/prefeitura-realiza-cursos-profissionalizantes-no-suburbio-360\/","name":"PREFEITURA REALIZA CURSOS PROFISSIONALIZANTES NO SUB\u00daRBIO 360 - Bahia Economica","isPartOf":{"@id":"https:\/\/bahiaeconomica.com.br\/wp\/#website"},"datePublished":"2019-08-13T13:00:28+00:00","dateModified":"2019-08-13T13:00:28+00:00","description":"O maior portal de Economia da Bahia BAHIA INVEST, ECONOMIA \/ POL\u00cdTICA Bahia Economica","breadcrumb":{"@id":"https:\/\/bahiaeconomica.com.br\/wp\/2019\/08\/13\/prefeitura-realiza-cursos-profissionalizantes-no-suburbio-360\/#breadcrumb"},"inLanguage":"pt-BR","potentialAction":[{"@type":"ReadAction","target":["https:\/\/bahiaeconomica.com.br\/wp\/2019\/08\/13\/prefeitura-realiza-cursos-profissionalizantes-no-suburbio-360\/"]}]},{"@type":"BreadcrumbList","@id":"https:\/\/bahiaeconomica.com.br\/wp\/2019\/08\/13\/prefeitura-realiza-cursos-profissionalizantes-no-suburbio-360\/#breadcrumb","itemListElement":[{"@type":"ListItem","position":1,"name":"In\u00edcio","item":"https:\/\/bahiaeconomica.com.br\/wp\/"},{"@type":"ListItem","position":2,"name":"PREFEITURA REALIZA CURSOS PROFISSIONALIZANTES NO SUB\u00daRBIO 360"}]},{"@type":"WebSite","@id":"https:\/\/bahiaeconomica.com.br\/wp\/#website","url":"https:\/\/bahiaeconomica.com.br\/wp\/","name":"Bahia Economica","description":"O maior portal de Economia da Bahia","publisher":{"@id":"https:\/\/bahiaeconomica.com.br\/wp\/#organization"},"potentialAction":[{"@type":"SearchAction","target":{"@type":"EntryPoint","urlTemplate":"https:\/\/bahiaeconomica.com.br\/wp\/?s={search_term_string}"},"query-input":"required name=search_term_string"}],"inLanguage":"pt-BR"},{"@type":"Organization","@id":"https:\/\/bahiaeconomica.com.br\/wp\/#organization","name":"Bahia Econ\u00f4mica","url":"https:\/\/bahiaeconomica.com.br\/wp\/","logo":{"@type":"ImageObject","inLanguage":"pt-BR","@id":"https:\/\/bahiaeconomica.com.br\/wp\/#\/schema\/logo\/image\/","url":"https:\/\/bahiaeconomica.com.br\/wp\/wp-content\/uploads\/2020\/12\/cropped-BE.png","contentUrl":"https:\/\/bahiaeconomica.com.br\/wp\/wp-content\/uploads\/2020\/12\/cropped-BE.png","width":512,"height":512,"caption":"Bahia Econ\u00f4mica"},"image":{"@id":"https:\/\/bahiaeconomica.com.br\/wp\/#\/schema\/logo\/image\/"},"sameAs":["https:\/\/www.facebook.com\/bahiaeconomica"]},{"@type":"Person","@id":"https:\/\/bahiaeconomica.com.br\/wp\/#\/schema\/person\/cb1ab5ba96ad3d9390805381c76284ec","name":"admin","url":"https:\/\/bahiaeconomica.com.br\/wp\/author\/admin\/"}]}},"views":8,"_links":{"self":[{"href":"https:\/\/bahiaeconomica.com.br\/wp\/wp-json\/wp\/v2\/posts\/381248"}],"collection":[{"href":"https:\/\/bahiaeconomica.com.br\/wp\/wp-json\/wp\/v2\/posts"}],"about":[{"href":"https:\/\/bahiaeconomica.com.br\/wp\/wp-json\/wp\/v2\/types\/post"}],"author":[{"embeddable":true,"href":"https:\/\/bahiaeconomica.com.br\/wp\/wp-json\/wp\/v2\/users\/1"}],"replies":[{"embeddable":true,"href":"https:\/\/bahiaeconomica.com.br\/wp\/wp-json\/wp\/v2\/comments?post=381248"}],"version-history":[{"count":1,"href":"https:\/\/bahiaeconomica.com.br\/wp\/wp-json\/wp\/v2\/posts\/381248\/revisions"}],"predecessor-version":[{"id":381264,"href":"https:\/\/bahiaeconomica.com.br\/wp\/wp-json\/wp\/v2\/posts\/381248\/revisions\/381264"}],"wp:featuredmedia":[{"embeddable":true,"href":"https:\/\/bahiaeconomica.com.br\/wp\/wp-json\/wp\/v2\/media\/381256"}],"wp:attachment":[{"href":"https:\/\/bahiaeconomica.com.br\/wp\/wp-json\/wp\/v2\/media?parent=381248"}],"wp:term":[{"taxonomy":"category","embeddable":true,"href":"https:\/\/bahiaeconomica.com.br\/wp\/wp-json\/wp\/v2\/categories?post=381248"},{"taxonomy":"post_tag","embeddable":true,"href":"https:\/\/bahiaeconomica.com.br\/wp\/wp-json\/wp\/v2\/tags?post=381248"}],"curies":[{"name":"wp","href":"https:\/\/api.w.org\/{rel}","templated":true}]}}