{"id":380428,"date":"2019-08-12T11:20:41","date_gmt":"2019-08-12T14:20:41","guid":{"rendered":"https:\/\/bahiaeconomica.com.br\/wp\/beta\/?p=380428"},"modified":"2019-08-12T11:41:52","modified_gmt":"2019-08-12T14:41:52","slug":"salvador-e-a-quinta-cidade-mais-procurada-do-brasil-para-se-viajar-no-primeiro-semestre","status":"publish","type":"post","link":"https:\/\/bahiaeconomica.com.br\/wp\/2019\/08\/12\/salvador-e-a-quinta-cidade-mais-procurada-do-brasil-para-se-viajar-no-primeiro-semestre\/","title":{"rendered":"SALVADOR \u00c9 A QUINTA CIDADE MAIS PROCURADA DO BRASIL PARA SE VIAJAR NO PRIMEIRO SEMESTRE"},"content":{"rendered":"<p style=\"text-align: justify;\">A demanda por viagens a cidades brasileiras nas plataformas do Expedia Group aumentou quase 30% no primeiro semestre de 2019, em rela\u00e7\u00e3o aos mesmos meses de 2018. Todos os principais destinos do pa\u00eds tiveram crescimento substancial no per\u00edodo. Segundo nota do grupo enviada ao portal Bahia Econ\u00f4mica, Salvador ocupa a quinta coloca\u00e7\u00e3o com um crescimento de 20% e um tempo de dura\u00e7\u00e3o de 2 dias. O tempo m\u00e9dio de antecipa\u00e7\u00e3o de compra \u00e9 de 26 dias<\/p>\n<p style=\"text-align: justify;\">De janeiro a junho de 2019, 77% da demanda por viagens a destinos brasileiros veio do mercado dom\u00e9stico, cuja procura aumentou quase 35% no per\u00edodo. J\u00e1 os 23% restantes foram de viajantes internacionais, com os principais mercados de origem sendo, na ordem: Estados Unidos, Argentina, Chile, Reino Unido e M\u00e9xico. O m\u00eas com maior demanda do exterior foi fevereiro, quando os viajantes internacionais representaram 28% do total.<\/p>\n<p style=\"text-align: justify;\">Embora todo o pa\u00eds tenha tido n\u00fameros positivos na demanda por viagens, alguns destinos se destacam ainda mais na compara\u00e7\u00e3o com os demais. As 10 cidades com a maior demanda entre janeiro e junho, e as respectivas taxas de crescimento, foram: S\u00e3o Paulo (quase 25%), Rio de Janeiro (quase 20%), Bras\u00edlia (30%), Curitiba (mais de 15%), Fortaleza (mais de 40%), Belo Horizonte (mais de 20%), Foz do Igua\u00e7u (mais de 15%), Florian\u00f3polis (mais de 30%) e Porto Alegre (15%).<\/p>\n<p style=\"text-align: justify;\">A dura\u00e7\u00e3o m\u00e9dia da hospedagem no primeiro semestre foi de 2 dias, enquanto a anteced\u00eancia m\u00e9dia da procura foi de 20 dias. Entre as cidades mais procuradas, Fortaleza teve a maior dura\u00e7\u00e3o m\u00e9dia, de 3 dias, enquanto Foz do Igua\u00e7u teve a maior anteced\u00eancia na demanda, superior a 30 dias. Outros destaques envolvem o tipo de demanda e a plataforma usada: a procura por pacotes tur\u00edsticos (hotel + voo) cresceu quase 20% no primeiro semestre de 2019, com uma anteced\u00eancia m\u00e9dia de 43 dias e hospedagem m\u00e9dia de 4 dias. J\u00e1 a demanda via mobile teve crescimento de quase 65% no per\u00edodo, representando pouco mais de 35% do total.<\/p>\n<p style=\"text-align: justify;\">Para Freddy Dominguez, Vice-Presidente e Gerente de Mercado do Expedia Group na Am\u00e9rica Latina, os n\u00fameros do primeiro semestre mostram que h\u00e1 um interesse crescente em viajar pelo Brasil. \u201cO Brasil tem uma cole\u00e7\u00e3o de destinos incr\u00edveis turisticamente, e as pessoas usam cada vez mais recursos para poder conhec\u00ea-los. A for\u00e7a que plataformas como o Expedia Group mostram na demanda por viagens e o crescente uso da tecnologia mobile s\u00e3o sinais importantes de que hoteleiros e demais parceiros de viagem precisam estar atentos e dispostos a integrar de forma permanente a inova\u00e7\u00e3o tecnol\u00f3gica ao seu neg\u00f3cio\u201d, comenta.<\/p>\n","protected":false},"excerpt":{"rendered":"<p>A demanda por viagens a cidades brasileiras nas plataformas do Expedia Group aumentou quase 30% no primeiro semestre de 2019, em rela\u00e7\u00e3o aos mesmos meses de 2018. Todos os principais destinos do pa\u00eds tiveram crescimento substancial no per\u00edodo. Segundo nota do grupo enviada ao portal Bahia Econ\u00f4mica, Salvador ocupa a quinta coloca\u00e7\u00e3o com um crescimento [&hellip;]<\/p>\n","protected":false},"author":1,"featured_media":343049,"comment_status":"closed","ping_status":"closed","sticky":false,"template":"","format":"standard","meta":[],"categories":[3],"tags":[],"acf":[],"yoast_head":"<!-- This site is optimized with the Yoast SEO plugin v20.8 - https:\/\/yoast.com\/wordpress\/plugins\/seo\/ -->\n<title>SALVADOR \u00c9 A QUINTA CIDADE MAIS PROCURADA DO BRASIL PARA SE VIAJAR NO PRIMEIRO SEMESTRE - Bahia Economica<\/title>\n<meta name=\"description\" content=\"O maior portal de Economia da Bahia ECONOMIA \/ POL\u00cdTICA Bahia Economica\" \/>\n<meta name=\"robots\" content=\"index, follow, max-snippet:-1, max-image-preview:large, max-video-preview:-1\" \/>\n<link rel=\"canonical\" href=\"https:\/\/bahiaeconomica.com.br\/wp\/2019\/08\/12\/salvador-e-a-quinta-cidade-mais-procurada-do-brasil-para-se-viajar-no-primeiro-semestre\/\" \/>\n<meta property=\"og:locale\" content=\"pt_BR\" \/>\n<meta property=\"og:type\" content=\"article\" \/>\n<meta property=\"og:title\" content=\"SALVADOR \u00c9 A QUINTA CIDADE MAIS PROCURADA DO BRASIL PARA SE VIAJAR NO PRIMEIRO SEMESTRE - Bahia Economica\" \/>\n<meta property=\"og:description\" content=\"O maior portal de Economia da Bahia ECONOMIA \/ POL\u00cdTICA Bahia Economica\" \/>\n<meta property=\"og:url\" content=\"https:\/\/bahiaeconomica.com.br\/wp\/2019\/08\/12\/salvador-e-a-quinta-cidade-mais-procurada-do-brasil-para-se-viajar-no-primeiro-semestre\/\" \/>\n<meta property=\"og:site_name\" content=\"Bahia Economica\" \/>\n<meta property=\"article:publisher\" content=\"https:\/\/www.facebook.com\/bahiaeconomica\" \/>\n<meta property=\"article:published_time\" content=\"2019-08-12T14:20:41+00:00\" \/>\n<meta property=\"article:modified_time\" content=\"2019-08-12T14:41:52+00:00\" \/>\n<meta property=\"og:image\" content=\"https:\/\/bahiaeconomica.com.br\/wp\/wp-content\/uploads\/2019\/06\/salvador-e1559941975882.jpg\" \/>\n\t<meta property=\"og:image:width\" content=\"500\" \/>\n\t<meta property=\"og:image:height\" content=\"299\" \/>\n\t<meta property=\"og:image:type\" content=\"image\/jpeg\" \/>\n<meta name=\"author\" content=\"admin\" \/>\n<meta name=\"twitter:card\" content=\"summary_large_image\" \/>\n<meta name=\"twitter:label1\" content=\"Escrito por\" \/>\n\t<meta name=\"twitter:data1\" content=\"admin\" \/>\n\t<meta name=\"twitter:label2\" content=\"Est. tempo de leitura\" \/>\n\t<meta name=\"twitter:data2\" content=\"2 minutos\" \/>\n<script type=\"application\/ld+json\" class=\"yoast-schema-graph\">{\"@context\":\"https:\/\/schema.org\",\"@graph\":[{\"@type\":\"Article\",\"@id\":\"https:\/\/bahiaeconomica.com.br\/wp\/2019\/08\/12\/salvador-e-a-quinta-cidade-mais-procurada-do-brasil-para-se-viajar-no-primeiro-semestre\/#article\",\"isPartOf\":{\"@id\":\"https:\/\/bahiaeconomica.com.br\/wp\/2019\/08\/12\/salvador-e-a-quinta-cidade-mais-procurada-do-brasil-para-se-viajar-no-primeiro-semestre\/\"},\"author\":{\"name\":\"admin\",\"@id\":\"https:\/\/bahiaeconomica.com.br\/wp\/#\/schema\/person\/cb1ab5ba96ad3d9390805381c76284ec\"},\"headline\":\"SALVADOR \u00c9 A QUINTA CIDADE MAIS PROCURADA DO BRASIL PARA SE VIAJAR NO PRIMEIRO SEMESTRE\",\"datePublished\":\"2019-08-12T14:20:41+00:00\",\"dateModified\":\"2019-08-12T14:41:52+00:00\",\"mainEntityOfPage\":{\"@id\":\"https:\/\/bahiaeconomica.com.br\/wp\/2019\/08\/12\/salvador-e-a-quinta-cidade-mais-procurada-do-brasil-para-se-viajar-no-primeiro-semestre\/\"},\"wordCount\":451,\"publisher\":{\"@id\":\"https:\/\/bahiaeconomica.com.br\/wp\/#organization\"},\"articleSection\":[\"ECONOMIA \/ POL\u00cdTICA\"],\"inLanguage\":\"pt-BR\"},{\"@type\":\"WebPage\",\"@id\":\"https:\/\/bahiaeconomica.com.br\/wp\/2019\/08\/12\/salvador-e-a-quinta-cidade-mais-procurada-do-brasil-para-se-viajar-no-primeiro-semestre\/\",\"url\":\"https:\/\/bahiaeconomica.com.br\/wp\/2019\/08\/12\/salvador-e-a-quinta-cidade-mais-procurada-do-brasil-para-se-viajar-no-primeiro-semestre\/\",\"name\":\"SALVADOR \u00c9 A QUINTA CIDADE MAIS PROCURADA DO BRASIL PARA SE VIAJAR NO PRIMEIRO SEMESTRE - Bahia Economica\",\"isPartOf\":{\"@id\":\"https:\/\/bahiaeconomica.com.br\/wp\/#website\"},\"datePublished\":\"2019-08-12T14:20:41+00:00\",\"dateModified\":\"2019-08-12T14:41:52+00:00\",\"description\":\"O maior portal de Economia da Bahia ECONOMIA \/ POL\u00cdTICA Bahia Economica\",\"breadcrumb\":{\"@id\":\"https:\/\/bahiaeconomica.com.br\/wp\/2019\/08\/12\/salvador-e-a-quinta-cidade-mais-procurada-do-brasil-para-se-viajar-no-primeiro-semestre\/#breadcrumb\"},\"inLanguage\":\"pt-BR\",\"potentialAction\":[{\"@type\":\"ReadAction\",\"target\":[\"https:\/\/bahiaeconomica.com.br\/wp\/2019\/08\/12\/salvador-e-a-quinta-cidade-mais-procurada-do-brasil-para-se-viajar-no-primeiro-semestre\/\"]}]},{\"@type\":\"BreadcrumbList\",\"@id\":\"https:\/\/bahiaeconomica.com.br\/wp\/2019\/08\/12\/salvador-e-a-quinta-cidade-mais-procurada-do-brasil-para-se-viajar-no-primeiro-semestre\/#breadcrumb\",\"itemListElement\":[{\"@type\":\"ListItem\",\"position\":1,\"name\":\"In\u00edcio\",\"item\":\"https:\/\/bahiaeconomica.com.br\/wp\/\"},{\"@type\":\"ListItem\",\"position\":2,\"name\":\"SALVADOR \u00c9 A QUINTA CIDADE MAIS PROCURADA DO BRASIL PARA SE VIAJAR NO PRIMEIRO SEMESTRE\"}]},{\"@type\":\"WebSite\",\"@id\":\"https:\/\/bahiaeconomica.com.br\/wp\/#website\",\"url\":\"https:\/\/bahiaeconomica.com.br\/wp\/\",\"name\":\"Bahia Economica\",\"description\":\"O maior portal de Economia da Bahia\",\"publisher\":{\"@id\":\"https:\/\/bahiaeconomica.com.br\/wp\/#organization\"},\"potentialAction\":[{\"@type\":\"SearchAction\",\"target\":{\"@type\":\"EntryPoint\",\"urlTemplate\":\"https:\/\/bahiaeconomica.com.br\/wp\/?s={search_term_string}\"},\"query-input\":\"required name=search_term_string\"}],\"inLanguage\":\"pt-BR\"},{\"@type\":\"Organization\",\"@id\":\"https:\/\/bahiaeconomica.com.br\/wp\/#organization\",\"name\":\"Bahia Econ\u00f4mica\",\"url\":\"https:\/\/bahiaeconomica.com.br\/wp\/\",\"logo\":{\"@type\":\"ImageObject\",\"inLanguage\":\"pt-BR\",\"@id\":\"https:\/\/bahiaeconomica.com.br\/wp\/#\/schema\/logo\/image\/\",\"url\":\"https:\/\/bahiaeconomica.com.br\/wp\/wp-content\/uploads\/2020\/12\/cropped-BE.png\",\"contentUrl\":\"https:\/\/bahiaeconomica.com.br\/wp\/wp-content\/uploads\/2020\/12\/cropped-BE.png\",\"width\":512,\"height\":512,\"caption\":\"Bahia Econ\u00f4mica\"},\"image\":{\"@id\":\"https:\/\/bahiaeconomica.com.br\/wp\/#\/schema\/logo\/image\/\"},\"sameAs\":[\"https:\/\/www.facebook.com\/bahiaeconomica\"]},{\"@type\":\"Person\",\"@id\":\"https:\/\/bahiaeconomica.com.br\/wp\/#\/schema\/person\/cb1ab5ba96ad3d9390805381c76284ec\",\"name\":\"admin\",\"url\":\"https:\/\/bahiaeconomica.com.br\/wp\/author\/admin\/\"}]}<\/script>\n<!-- \/ Yoast SEO plugin. -->","yoast_head_json":{"title":"SALVADOR \u00c9 A QUINTA CIDADE MAIS PROCURADA DO BRASIL PARA SE VIAJAR NO PRIMEIRO SEMESTRE - Bahia Economica","description":"O maior portal de Economia da Bahia ECONOMIA \/ POL\u00cdTICA Bahia Economica","robots":{"index":"index","follow":"follow","max-snippet":"max-snippet:-1","max-image-preview":"max-image-preview:large","max-video-preview":"max-video-preview:-1"},"canonical":"https:\/\/bahiaeconomica.com.br\/wp\/2019\/08\/12\/salvador-e-a-quinta-cidade-mais-procurada-do-brasil-para-se-viajar-no-primeiro-semestre\/","og_locale":"pt_BR","og_type":"article","og_title":"SALVADOR \u00c9 A QUINTA CIDADE MAIS PROCURADA DO BRASIL PARA SE VIAJAR NO PRIMEIRO SEMESTRE - Bahia Economica","og_description":"O maior portal de Economia da Bahia ECONOMIA \/ POL\u00cdTICA Bahia Economica","og_url":"https:\/\/bahiaeconomica.com.br\/wp\/2019\/08\/12\/salvador-e-a-quinta-cidade-mais-procurada-do-brasil-para-se-viajar-no-primeiro-semestre\/","og_site_name":"Bahia Economica","article_publisher":"https:\/\/www.facebook.com\/bahiaeconomica","article_published_time":"2019-08-12T14:20:41+00:00","article_modified_time":"2019-08-12T14:41:52+00:00","og_image":[{"width":500,"height":299,"url":"https:\/\/bahiaeconomica.com.br\/wp\/wp-content\/uploads\/2019\/06\/salvador-e1559941975882.jpg","type":"image\/jpeg"}],"author":"admin","twitter_card":"summary_large_image","twitter_misc":{"Escrito por":"admin","Est. tempo de leitura":"2 minutos"},"schema":{"@context":"https:\/\/schema.org","@graph":[{"@type":"Article","@id":"https:\/\/bahiaeconomica.com.br\/wp\/2019\/08\/12\/salvador-e-a-quinta-cidade-mais-procurada-do-brasil-para-se-viajar-no-primeiro-semestre\/#article","isPartOf":{"@id":"https:\/\/bahiaeconomica.com.br\/wp\/2019\/08\/12\/salvador-e-a-quinta-cidade-mais-procurada-do-brasil-para-se-viajar-no-primeiro-semestre\/"},"author":{"name":"admin","@id":"https:\/\/bahiaeconomica.com.br\/wp\/#\/schema\/person\/cb1ab5ba96ad3d9390805381c76284ec"},"headline":"SALVADOR \u00c9 A QUINTA CIDADE MAIS PROCURADA DO BRASIL PARA SE VIAJAR NO PRIMEIRO SEMESTRE","datePublished":"2019-08-12T14:20:41+00:00","dateModified":"2019-08-12T14:41:52+00:00","mainEntityOfPage":{"@id":"https:\/\/bahiaeconomica.com.br\/wp\/2019\/08\/12\/salvador-e-a-quinta-cidade-mais-procurada-do-brasil-para-se-viajar-no-primeiro-semestre\/"},"wordCount":451,"publisher":{"@id":"https:\/\/bahiaeconomica.com.br\/wp\/#organization"},"articleSection":["ECONOMIA \/ POL\u00cdTICA"],"inLanguage":"pt-BR"},{"@type":"WebPage","@id":"https:\/\/bahiaeconomica.com.br\/wp\/2019\/08\/12\/salvador-e-a-quinta-cidade-mais-procurada-do-brasil-para-se-viajar-no-primeiro-semestre\/","url":"https:\/\/bahiaeconomica.com.br\/wp\/2019\/08\/12\/salvador-e-a-quinta-cidade-mais-procurada-do-brasil-para-se-viajar-no-primeiro-semestre\/","name":"SALVADOR \u00c9 A QUINTA CIDADE MAIS PROCURADA DO BRASIL PARA SE VIAJAR NO PRIMEIRO SEMESTRE - Bahia Economica","isPartOf":{"@id":"https:\/\/bahiaeconomica.com.br\/wp\/#website"},"datePublished":"2019-08-12T14:20:41+00:00","dateModified":"2019-08-12T14:41:52+00:00","description":"O maior portal de Economia da Bahia ECONOMIA \/ POL\u00cdTICA Bahia Economica","breadcrumb":{"@id":"https:\/\/bahiaeconomica.com.br\/wp\/2019\/08\/12\/salvador-e-a-quinta-cidade-mais-procurada-do-brasil-para-se-viajar-no-primeiro-semestre\/#breadcrumb"},"inLanguage":"pt-BR","potentialAction":[{"@type":"ReadAction","target":["https:\/\/bahiaeconomica.com.br\/wp\/2019\/08\/12\/salvador-e-a-quinta-cidade-mais-procurada-do-brasil-para-se-viajar-no-primeiro-semestre\/"]}]},{"@type":"BreadcrumbList","@id":"https:\/\/bahiaeconomica.com.br\/wp\/2019\/08\/12\/salvador-e-a-quinta-cidade-mais-procurada-do-brasil-para-se-viajar-no-primeiro-semestre\/#breadcrumb","itemListElement":[{"@type":"ListItem","position":1,"name":"In\u00edcio","item":"https:\/\/bahiaeconomica.com.br\/wp\/"},{"@type":"ListItem","position":2,"name":"SALVADOR \u00c9 A QUINTA CIDADE MAIS PROCURADA DO BRASIL PARA SE VIAJAR NO PRIMEIRO SEMESTRE"}]},{"@type":"WebSite","@id":"https:\/\/bahiaeconomica.com.br\/wp\/#website","url":"https:\/\/bahiaeconomica.com.br\/wp\/","name":"Bahia Economica","description":"O maior portal de Economia da Bahia","publisher":{"@id":"https:\/\/bahiaeconomica.com.br\/wp\/#organization"},"potentialAction":[{"@type":"SearchAction","target":{"@type":"EntryPoint","urlTemplate":"https:\/\/bahiaeconomica.com.br\/wp\/?s={search_term_string}"},"query-input":"required name=search_term_string"}],"inLanguage":"pt-BR"},{"@type":"Organization","@id":"https:\/\/bahiaeconomica.com.br\/wp\/#organization","name":"Bahia Econ\u00f4mica","url":"https:\/\/bahiaeconomica.com.br\/wp\/","logo":{"@type":"ImageObject","inLanguage":"pt-BR","@id":"https:\/\/bahiaeconomica.com.br\/wp\/#\/schema\/logo\/image\/","url":"https:\/\/bahiaeconomica.com.br\/wp\/wp-content\/uploads\/2020\/12\/cropped-BE.png","contentUrl":"https:\/\/bahiaeconomica.com.br\/wp\/wp-content\/uploads\/2020\/12\/cropped-BE.png","width":512,"height":512,"caption":"Bahia Econ\u00f4mica"},"image":{"@id":"https:\/\/bahiaeconomica.com.br\/wp\/#\/schema\/logo\/image\/"},"sameAs":["https:\/\/www.facebook.com\/bahiaeconomica"]},{"@type":"Person","@id":"https:\/\/bahiaeconomica.com.br\/wp\/#\/schema\/person\/cb1ab5ba96ad3d9390805381c76284ec","name":"admin","url":"https:\/\/bahiaeconomica.com.br\/wp\/author\/admin\/"}]}},"views":3,"_links":{"self":[{"href":"https:\/\/bahiaeconomica.com.br\/wp\/wp-json\/wp\/v2\/posts\/380428"}],"collection":[{"href":"https:\/\/bahiaeconomica.com.br\/wp\/wp-json\/wp\/v2\/posts"}],"about":[{"href":"https:\/\/bahiaeconomica.com.br\/wp\/wp-json\/wp\/v2\/types\/post"}],"author":[{"embeddable":true,"href":"https:\/\/bahiaeconomica.com.br\/wp\/wp-json\/wp\/v2\/users\/1"}],"replies":[{"embeddable":true,"href":"https:\/\/bahiaeconomica.com.br\/wp\/wp-json\/wp\/v2\/comments?post=380428"}],"version-history":[{"count":1,"href":"https:\/\/bahiaeconomica.com.br\/wp\/wp-json\/wp\/v2\/posts\/380428\/revisions"}],"predecessor-version":[{"id":380435,"href":"https:\/\/bahiaeconomica.com.br\/wp\/wp-json\/wp\/v2\/posts\/380428\/revisions\/380435"}],"wp:featuredmedia":[{"embeddable":true,"href":"https:\/\/bahiaeconomica.com.br\/wp\/wp-json\/wp\/v2\/media\/343049"}],"wp:attachment":[{"href":"https:\/\/bahiaeconomica.com.br\/wp\/wp-json\/wp\/v2\/media?parent=380428"}],"wp:term":[{"taxonomy":"category","embeddable":true,"href":"https:\/\/bahiaeconomica.com.br\/wp\/wp-json\/wp\/v2\/categories?post=380428"},{"taxonomy":"post_tag","embeddable":true,"href":"https:\/\/bahiaeconomica.com.br\/wp\/wp-json\/wp\/v2\/tags?post=380428"}],"curies":[{"name":"wp","href":"https:\/\/api.w.org\/{rel}","templated":true}]}}