{"id":376929,"date":"2019-08-06T14:50:53","date_gmt":"2019-08-06T17:50:53","guid":{"rendered":"https:\/\/bahiaeconomica.com.br\/wp\/beta\/?p=376929"},"modified":"2019-08-06T15:47:50","modified_gmt":"2019-08-06T18:47:50","slug":"oposicao-nao-garante-voto-a-favor-da-isencao-de-iss-para-empresas-de-onibus","status":"publish","type":"post","link":"https:\/\/bahiaeconomica.com.br\/wp\/2019\/08\/06\/oposicao-nao-garante-voto-a-favor-da-isencao-de-iss-para-empresas-de-onibus\/","title":{"rendered":"OPOSI\u00c7\u00c3O N\u00c3O GARANTE VOTO A FAVOR DA ISEN\u00c7\u00c3O DE ISS"},"content":{"rendered":"<p><strong>Por Jo\u00e3o Paulo Almeida\u00a0<\/strong><\/p>\n<p style=\"text-align: justify;\">O Projeto de Lei n\u00ba 133\/19, que concede isen\u00e7\u00e3o do Imposto Sobre Servi\u00e7os de Qualquer Natureza (ISS) \u00e0s empresas de \u00f4nibus, ainda n\u00e3o tem total apoio da oposi\u00e7\u00e3o para ser votado na c\u00e2mara municipal. <strong>Em contato com o portal Bahia Econ\u00f4mica<\/strong>, a vereadora Aladilce Souza do PC do B, uma das lideres da oposi\u00e7\u00e3o na casa afirmou que o projeto ainda n\u00e3o tem condi\u00e7\u00f5es de ser votado.<\/p>\n<p style=\"text-align: justify;\">\u201cN\u00f3s temos muitas interroga\u00e7\u00f5es para serem esclarecidas antes da vota\u00e7\u00e3o desse projeto. Em 2015 foi firmado um contrato coma prefeitura e as empresas de \u00f4nibus n\u00e3o pagaram e o que a prefeitura quer \u00e9 perdoar uma d\u00edvida das empresas e isentar elas de pagarem o imposto sem uma contrapartida para popula\u00e7\u00e3o. A prefeitura n\u00e3o pode abrir m\u00e3o de uma receita de R$ 24 milh\u00f5es sem uma contrapartida para popula\u00e7\u00e3o\u201d, explicou a vereadora que confirmou a inten\u00e7\u00e3o de aumentar o debate em torno do projeto.<\/p>\n<p style=\"text-align: justify;\">A l\u00edder do PC do B do na casa afirmou que uma alternativa pedida pela oposi\u00e7\u00e3o para o projeto \u00e9 a isen\u00e7\u00e3o de tarifas para estudantes. \u201c Hoje quase 40% dos usu\u00e1rios do transporte p\u00fablico s\u00e3o estudantes, ent\u00e3o as empresas deixariam de cobrar passagem para estudantes e essa seria uma boa contrapartida para essa receita que a prefeitura est\u00e1 querendo abrir m\u00e3o\u201d, disse.<\/p>\n","protected":false},"excerpt":{"rendered":"<p>Por Jo\u00e3o Paulo Almeida\u00a0 O Projeto de Lei n\u00ba 133\/19, que concede isen\u00e7\u00e3o do Imposto Sobre Servi\u00e7os de Qualquer Natureza (ISS) \u00e0s empresas de \u00f4nibus, ainda n\u00e3o tem total apoio da oposi\u00e7\u00e3o para ser votado na c\u00e2mara municipal. Em contato com o portal Bahia Econ\u00f4mica, a vereadora Aladilce Souza do PC do B, uma das [&hellip;]<\/p>\n","protected":false},"author":1,"featured_media":232248,"comment_status":"closed","ping_status":"closed","sticky":false,"template":"","format":"standard","meta":[],"categories":[14,3],"tags":[],"acf":[],"yoast_head":"<!-- This site is optimized with the Yoast SEO plugin v20.8 - https:\/\/yoast.com\/wordpress\/plugins\/seo\/ -->\n<title>OPOSI\u00c7\u00c3O N\u00c3O GARANTE VOTO A FAVOR DA ISEN\u00c7\u00c3O DE ISS - Bahia Economica<\/title>\n<meta name=\"description\" content=\"O maior portal de Economia da Bahia DESTAQUE DO DIA, ECONOMIA \/ POL\u00cdTICA Bahia Economica\" \/>\n<meta name=\"robots\" content=\"index, follow, max-snippet:-1, max-image-preview:large, max-video-preview:-1\" \/>\n<link rel=\"canonical\" href=\"https:\/\/bahiaeconomica.com.br\/wp\/2019\/08\/06\/oposicao-nao-garante-voto-a-favor-da-isencao-de-iss-para-empresas-de-onibus\/\" \/>\n<meta property=\"og:locale\" content=\"pt_BR\" \/>\n<meta property=\"og:type\" content=\"article\" \/>\n<meta property=\"og:title\" content=\"OPOSI\u00c7\u00c3O N\u00c3O GARANTE VOTO A FAVOR DA ISEN\u00c7\u00c3O DE ISS - Bahia Economica\" \/>\n<meta property=\"og:description\" content=\"O maior portal de Economia da Bahia DESTAQUE DO DIA, ECONOMIA \/ POL\u00cdTICA Bahia Economica\" \/>\n<meta property=\"og:url\" content=\"https:\/\/bahiaeconomica.com.br\/wp\/2019\/08\/06\/oposicao-nao-garante-voto-a-favor-da-isencao-de-iss-para-empresas-de-onibus\/\" \/>\n<meta property=\"og:site_name\" content=\"Bahia Economica\" \/>\n<meta property=\"article:publisher\" content=\"https:\/\/www.facebook.com\/bahiaeconomica\" \/>\n<meta property=\"article:published_time\" content=\"2019-08-06T17:50:53+00:00\" \/>\n<meta property=\"article:modified_time\" content=\"2019-08-06T18:47:50+00:00\" \/>\n<meta property=\"og:image\" content=\"https:\/\/bahiaeconomica.com.br\/wp\/wp-content\/uploads\/2018\/12\/vereadora-aladilce.jpg\" \/>\n\t<meta property=\"og:image:width\" content=\"500\" \/>\n\t<meta property=\"og:image:height\" content=\"300\" \/>\n\t<meta property=\"og:image:type\" content=\"image\/jpeg\" \/>\n<meta name=\"author\" content=\"admin\" \/>\n<meta name=\"twitter:card\" content=\"summary_large_image\" \/>\n<meta name=\"twitter:label1\" content=\"Escrito por\" \/>\n\t<meta name=\"twitter:data1\" content=\"admin\" \/>\n\t<meta name=\"twitter:label2\" content=\"Est. tempo de leitura\" \/>\n\t<meta name=\"twitter:data2\" content=\"1 minuto\" \/>\n<script type=\"application\/ld+json\" class=\"yoast-schema-graph\">{\"@context\":\"https:\/\/schema.org\",\"@graph\":[{\"@type\":\"Article\",\"@id\":\"https:\/\/bahiaeconomica.com.br\/wp\/2019\/08\/06\/oposicao-nao-garante-voto-a-favor-da-isencao-de-iss-para-empresas-de-onibus\/#article\",\"isPartOf\":{\"@id\":\"https:\/\/bahiaeconomica.com.br\/wp\/2019\/08\/06\/oposicao-nao-garante-voto-a-favor-da-isencao-de-iss-para-empresas-de-onibus\/\"},\"author\":{\"name\":\"admin\",\"@id\":\"https:\/\/bahiaeconomica.com.br\/wp\/#\/schema\/person\/cb1ab5ba96ad3d9390805381c76284ec\"},\"headline\":\"OPOSI\u00c7\u00c3O N\u00c3O GARANTE VOTO A FAVOR DA ISEN\u00c7\u00c3O DE ISS\",\"datePublished\":\"2019-08-06T17:50:53+00:00\",\"dateModified\":\"2019-08-06T18:47:50+00:00\",\"mainEntityOfPage\":{\"@id\":\"https:\/\/bahiaeconomica.com.br\/wp\/2019\/08\/06\/oposicao-nao-garante-voto-a-favor-da-isencao-de-iss-para-empresas-de-onibus\/\"},\"wordCount\":253,\"publisher\":{\"@id\":\"https:\/\/bahiaeconomica.com.br\/wp\/#organization\"},\"articleSection\":[\"DESTAQUE DO DIA\",\"ECONOMIA \/ POL\u00cdTICA\"],\"inLanguage\":\"pt-BR\"},{\"@type\":\"WebPage\",\"@id\":\"https:\/\/bahiaeconomica.com.br\/wp\/2019\/08\/06\/oposicao-nao-garante-voto-a-favor-da-isencao-de-iss-para-empresas-de-onibus\/\",\"url\":\"https:\/\/bahiaeconomica.com.br\/wp\/2019\/08\/06\/oposicao-nao-garante-voto-a-favor-da-isencao-de-iss-para-empresas-de-onibus\/\",\"name\":\"OPOSI\u00c7\u00c3O N\u00c3O GARANTE VOTO A FAVOR DA ISEN\u00c7\u00c3O DE ISS - Bahia Economica\",\"isPartOf\":{\"@id\":\"https:\/\/bahiaeconomica.com.br\/wp\/#website\"},\"datePublished\":\"2019-08-06T17:50:53+00:00\",\"dateModified\":\"2019-08-06T18:47:50+00:00\",\"description\":\"O maior portal de Economia da Bahia DESTAQUE DO DIA, ECONOMIA \/ POL\u00cdTICA Bahia Economica\",\"breadcrumb\":{\"@id\":\"https:\/\/bahiaeconomica.com.br\/wp\/2019\/08\/06\/oposicao-nao-garante-voto-a-favor-da-isencao-de-iss-para-empresas-de-onibus\/#breadcrumb\"},\"inLanguage\":\"pt-BR\",\"potentialAction\":[{\"@type\":\"ReadAction\",\"target\":[\"https:\/\/bahiaeconomica.com.br\/wp\/2019\/08\/06\/oposicao-nao-garante-voto-a-favor-da-isencao-de-iss-para-empresas-de-onibus\/\"]}]},{\"@type\":\"BreadcrumbList\",\"@id\":\"https:\/\/bahiaeconomica.com.br\/wp\/2019\/08\/06\/oposicao-nao-garante-voto-a-favor-da-isencao-de-iss-para-empresas-de-onibus\/#breadcrumb\",\"itemListElement\":[{\"@type\":\"ListItem\",\"position\":1,\"name\":\"In\u00edcio\",\"item\":\"https:\/\/bahiaeconomica.com.br\/wp\/\"},{\"@type\":\"ListItem\",\"position\":2,\"name\":\"OPOSI\u00c7\u00c3O N\u00c3O GARANTE VOTO A FAVOR DA ISEN\u00c7\u00c3O DE ISS\"}]},{\"@type\":\"WebSite\",\"@id\":\"https:\/\/bahiaeconomica.com.br\/wp\/#website\",\"url\":\"https:\/\/bahiaeconomica.com.br\/wp\/\",\"name\":\"Bahia Economica\",\"description\":\"O maior portal de Economia da Bahia\",\"publisher\":{\"@id\":\"https:\/\/bahiaeconomica.com.br\/wp\/#organization\"},\"potentialAction\":[{\"@type\":\"SearchAction\",\"target\":{\"@type\":\"EntryPoint\",\"urlTemplate\":\"https:\/\/bahiaeconomica.com.br\/wp\/?s={search_term_string}\"},\"query-input\":\"required name=search_term_string\"}],\"inLanguage\":\"pt-BR\"},{\"@type\":\"Organization\",\"@id\":\"https:\/\/bahiaeconomica.com.br\/wp\/#organization\",\"name\":\"Bahia Econ\u00f4mica\",\"url\":\"https:\/\/bahiaeconomica.com.br\/wp\/\",\"logo\":{\"@type\":\"ImageObject\",\"inLanguage\":\"pt-BR\",\"@id\":\"https:\/\/bahiaeconomica.com.br\/wp\/#\/schema\/logo\/image\/\",\"url\":\"https:\/\/bahiaeconomica.com.br\/wp\/wp-content\/uploads\/2020\/12\/cropped-BE.png\",\"contentUrl\":\"https:\/\/bahiaeconomica.com.br\/wp\/wp-content\/uploads\/2020\/12\/cropped-BE.png\",\"width\":512,\"height\":512,\"caption\":\"Bahia Econ\u00f4mica\"},\"image\":{\"@id\":\"https:\/\/bahiaeconomica.com.br\/wp\/#\/schema\/logo\/image\/\"},\"sameAs\":[\"https:\/\/www.facebook.com\/bahiaeconomica\"]},{\"@type\":\"Person\",\"@id\":\"https:\/\/bahiaeconomica.com.br\/wp\/#\/schema\/person\/cb1ab5ba96ad3d9390805381c76284ec\",\"name\":\"admin\",\"url\":\"https:\/\/bahiaeconomica.com.br\/wp\/author\/admin\/\"}]}<\/script>\n<!-- \/ Yoast SEO plugin. -->","yoast_head_json":{"title":"OPOSI\u00c7\u00c3O N\u00c3O GARANTE VOTO A FAVOR DA ISEN\u00c7\u00c3O DE ISS - Bahia Economica","description":"O maior portal de Economia da Bahia DESTAQUE DO DIA, ECONOMIA \/ POL\u00cdTICA Bahia Economica","robots":{"index":"index","follow":"follow","max-snippet":"max-snippet:-1","max-image-preview":"max-image-preview:large","max-video-preview":"max-video-preview:-1"},"canonical":"https:\/\/bahiaeconomica.com.br\/wp\/2019\/08\/06\/oposicao-nao-garante-voto-a-favor-da-isencao-de-iss-para-empresas-de-onibus\/","og_locale":"pt_BR","og_type":"article","og_title":"OPOSI\u00c7\u00c3O N\u00c3O GARANTE VOTO A FAVOR DA ISEN\u00c7\u00c3O DE ISS - Bahia Economica","og_description":"O maior portal de Economia da Bahia DESTAQUE DO DIA, ECONOMIA \/ POL\u00cdTICA Bahia Economica","og_url":"https:\/\/bahiaeconomica.com.br\/wp\/2019\/08\/06\/oposicao-nao-garante-voto-a-favor-da-isencao-de-iss-para-empresas-de-onibus\/","og_site_name":"Bahia Economica","article_publisher":"https:\/\/www.facebook.com\/bahiaeconomica","article_published_time":"2019-08-06T17:50:53+00:00","article_modified_time":"2019-08-06T18:47:50+00:00","og_image":[{"width":500,"height":300,"url":"https:\/\/bahiaeconomica.com.br\/wp\/wp-content\/uploads\/2018\/12\/vereadora-aladilce.jpg","type":"image\/jpeg"}],"author":"admin","twitter_card":"summary_large_image","twitter_misc":{"Escrito por":"admin","Est. tempo de leitura":"1 minuto"},"schema":{"@context":"https:\/\/schema.org","@graph":[{"@type":"Article","@id":"https:\/\/bahiaeconomica.com.br\/wp\/2019\/08\/06\/oposicao-nao-garante-voto-a-favor-da-isencao-de-iss-para-empresas-de-onibus\/#article","isPartOf":{"@id":"https:\/\/bahiaeconomica.com.br\/wp\/2019\/08\/06\/oposicao-nao-garante-voto-a-favor-da-isencao-de-iss-para-empresas-de-onibus\/"},"author":{"name":"admin","@id":"https:\/\/bahiaeconomica.com.br\/wp\/#\/schema\/person\/cb1ab5ba96ad3d9390805381c76284ec"},"headline":"OPOSI\u00c7\u00c3O N\u00c3O GARANTE VOTO A FAVOR DA ISEN\u00c7\u00c3O DE ISS","datePublished":"2019-08-06T17:50:53+00:00","dateModified":"2019-08-06T18:47:50+00:00","mainEntityOfPage":{"@id":"https:\/\/bahiaeconomica.com.br\/wp\/2019\/08\/06\/oposicao-nao-garante-voto-a-favor-da-isencao-de-iss-para-empresas-de-onibus\/"},"wordCount":253,"publisher":{"@id":"https:\/\/bahiaeconomica.com.br\/wp\/#organization"},"articleSection":["DESTAQUE DO DIA","ECONOMIA \/ POL\u00cdTICA"],"inLanguage":"pt-BR"},{"@type":"WebPage","@id":"https:\/\/bahiaeconomica.com.br\/wp\/2019\/08\/06\/oposicao-nao-garante-voto-a-favor-da-isencao-de-iss-para-empresas-de-onibus\/","url":"https:\/\/bahiaeconomica.com.br\/wp\/2019\/08\/06\/oposicao-nao-garante-voto-a-favor-da-isencao-de-iss-para-empresas-de-onibus\/","name":"OPOSI\u00c7\u00c3O N\u00c3O GARANTE VOTO A FAVOR DA ISEN\u00c7\u00c3O DE ISS - Bahia Economica","isPartOf":{"@id":"https:\/\/bahiaeconomica.com.br\/wp\/#website"},"datePublished":"2019-08-06T17:50:53+00:00","dateModified":"2019-08-06T18:47:50+00:00","description":"O maior portal de Economia da Bahia DESTAQUE DO DIA, ECONOMIA \/ POL\u00cdTICA Bahia Economica","breadcrumb":{"@id":"https:\/\/bahiaeconomica.com.br\/wp\/2019\/08\/06\/oposicao-nao-garante-voto-a-favor-da-isencao-de-iss-para-empresas-de-onibus\/#breadcrumb"},"inLanguage":"pt-BR","potentialAction":[{"@type":"ReadAction","target":["https:\/\/bahiaeconomica.com.br\/wp\/2019\/08\/06\/oposicao-nao-garante-voto-a-favor-da-isencao-de-iss-para-empresas-de-onibus\/"]}]},{"@type":"BreadcrumbList","@id":"https:\/\/bahiaeconomica.com.br\/wp\/2019\/08\/06\/oposicao-nao-garante-voto-a-favor-da-isencao-de-iss-para-empresas-de-onibus\/#breadcrumb","itemListElement":[{"@type":"ListItem","position":1,"name":"In\u00edcio","item":"https:\/\/bahiaeconomica.com.br\/wp\/"},{"@type":"ListItem","position":2,"name":"OPOSI\u00c7\u00c3O N\u00c3O GARANTE VOTO A FAVOR DA ISEN\u00c7\u00c3O DE ISS"}]},{"@type":"WebSite","@id":"https:\/\/bahiaeconomica.com.br\/wp\/#website","url":"https:\/\/bahiaeconomica.com.br\/wp\/","name":"Bahia Economica","description":"O maior portal de Economia da Bahia","publisher":{"@id":"https:\/\/bahiaeconomica.com.br\/wp\/#organization"},"potentialAction":[{"@type":"SearchAction","target":{"@type":"EntryPoint","urlTemplate":"https:\/\/bahiaeconomica.com.br\/wp\/?s={search_term_string}"},"query-input":"required name=search_term_string"}],"inLanguage":"pt-BR"},{"@type":"Organization","@id":"https:\/\/bahiaeconomica.com.br\/wp\/#organization","name":"Bahia Econ\u00f4mica","url":"https:\/\/bahiaeconomica.com.br\/wp\/","logo":{"@type":"ImageObject","inLanguage":"pt-BR","@id":"https:\/\/bahiaeconomica.com.br\/wp\/#\/schema\/logo\/image\/","url":"https:\/\/bahiaeconomica.com.br\/wp\/wp-content\/uploads\/2020\/12\/cropped-BE.png","contentUrl":"https:\/\/bahiaeconomica.com.br\/wp\/wp-content\/uploads\/2020\/12\/cropped-BE.png","width":512,"height":512,"caption":"Bahia Econ\u00f4mica"},"image":{"@id":"https:\/\/bahiaeconomica.com.br\/wp\/#\/schema\/logo\/image\/"},"sameAs":["https:\/\/www.facebook.com\/bahiaeconomica"]},{"@type":"Person","@id":"https:\/\/bahiaeconomica.com.br\/wp\/#\/schema\/person\/cb1ab5ba96ad3d9390805381c76284ec","name":"admin","url":"https:\/\/bahiaeconomica.com.br\/wp\/author\/admin\/"}]}},"views":3,"_links":{"self":[{"href":"https:\/\/bahiaeconomica.com.br\/wp\/wp-json\/wp\/v2\/posts\/376929"}],"collection":[{"href":"https:\/\/bahiaeconomica.com.br\/wp\/wp-json\/wp\/v2\/posts"}],"about":[{"href":"https:\/\/bahiaeconomica.com.br\/wp\/wp-json\/wp\/v2\/types\/post"}],"author":[{"embeddable":true,"href":"https:\/\/bahiaeconomica.com.br\/wp\/wp-json\/wp\/v2\/users\/1"}],"replies":[{"embeddable":true,"href":"https:\/\/bahiaeconomica.com.br\/wp\/wp-json\/wp\/v2\/comments?post=376929"}],"version-history":[{"count":2,"href":"https:\/\/bahiaeconomica.com.br\/wp\/wp-json\/wp\/v2\/posts\/376929\/revisions"}],"predecessor-version":[{"id":377120,"href":"https:\/\/bahiaeconomica.com.br\/wp\/wp-json\/wp\/v2\/posts\/376929\/revisions\/377120"}],"wp:featuredmedia":[{"embeddable":true,"href":"https:\/\/bahiaeconomica.com.br\/wp\/wp-json\/wp\/v2\/media\/232248"}],"wp:attachment":[{"href":"https:\/\/bahiaeconomica.com.br\/wp\/wp-json\/wp\/v2\/media?parent=376929"}],"wp:term":[{"taxonomy":"category","embeddable":true,"href":"https:\/\/bahiaeconomica.com.br\/wp\/wp-json\/wp\/v2\/categories?post=376929"},{"taxonomy":"post_tag","embeddable":true,"href":"https:\/\/bahiaeconomica.com.br\/wp\/wp-json\/wp\/v2\/tags?post=376929"}],"curies":[{"name":"wp","href":"https:\/\/api.w.org\/{rel}","templated":true}]}}