{"id":373140,"date":"2019-07-31T14:36:07","date_gmt":"2019-07-31T17:36:07","guid":{"rendered":"https:\/\/bahiaeconomica.com.br\/wp\/beta\/?p=373140"},"modified":"2019-07-31T13:06:40","modified_gmt":"2019-07-31T16:06:40","slug":"plano-de-saude-e-3-maior-desejo-do-brasileiro-aponta-ibope","status":"publish","type":"post","link":"https:\/\/bahiaeconomica.com.br\/wp\/2019\/07\/31\/plano-de-saude-e-3-maior-desejo-do-brasileiro-aponta-ibope\/","title":{"rendered":"PLANO DE SA\u00daDE \u00c9 3\u00b0 MAIOR DESEJO DO BRASILEIRO, APONTA IBOPE"},"content":{"rendered":"<p style=\"text-align: justify;\">Contar com um plano de sa\u00fade \u00e9 o 3\u00b0 maior desejo de consumo do brasileiro. Segundo pesquisa realizada pelo Ibope Intelig\u00eancia a pedido do Instituto de Estudos de Sa\u00fade Suplementar (IESS), os quatro itens mais desejados pelos brasileiros (tanto os que j\u00e1 contam com plano quanto os que n\u00e3o) s\u00e3o educa\u00e7\u00e3o (1\u00b0), casa pr\u00f3pria (2\u00b0), plano de sa\u00fade (3\u00b0) e seguro de vida (4\u00b0). Jos\u00e9 Cechin, superintendente executivo do IESS, destaca que o plano de sa\u00fade permanece como o terceiro maior desejo do brasileiro desde 2015, apesar de o Pa\u00eds ter passado por momentos econ\u00f4micos distintos em cada uma das pesquisas. &#8220;Independentemente do momento econ\u00f4mico, se as fam\u00edlias est\u00e3o com mais ou menos renda, mais ou menos endividadas ou mesmo do n\u00edvel de emprego no Pa\u00eds, o desejo por planos de sa\u00fade se manteve elevado nas 3 edi\u00e7\u00f5es da pesquisa, 2015, 2017 e 2019&#8221;, comenta. &#8220;E os n\u00fameros da pesquisa indicam que esse desejo est\u00e1 mais diretamente relacionado com a percep\u00e7\u00e3o de qualidade dos planos de sa\u00fade do que uma eventual percep\u00e7\u00e3o negativa da capacidade de atendimento do sistema p\u00fablico&#8221;, avalia.<\/p>\n<p style=\"text-align: justify;\">A percep\u00e7\u00e3o do especialista \u00e9 refor\u00e7ada pela avalia\u00e7\u00e3o dos entrevistados. Especialmente entre os n\u00e3o benefici\u00e1rios. De acordo com a pesquisa, 54% dos brasileiros que n\u00e3o t\u00eam plano de sa\u00fade j\u00e1 contaram com o benef\u00edcio em algum momento e 73% desejam ter\/voltar a ter plano m\u00e9dico-hospitalar. E o principal motivo para desejar contar com um plano deste tipo, apontado por 82% dos entrevistados, \u00e9 a qualidade do atendimento, entendida como maior facilidade de acesso e disponibilidade de tecnologia m\u00e9dica mais recente. &#8220;\u00c9 importante notar que muitas das pessoas que n\u00e3o contam com o benef\u00edcio hoje, j\u00e1 o tiveram em algum momento e, portanto, fazem uma avalia\u00e7\u00e3o com base em experi\u00eancia pr\u00f3pria e n\u00e3o percep\u00e7\u00e3o a partir de coment\u00e1rios de conhecidos, pesquisas e not\u00edcias&#8221;, destaca Cechin.<\/p>\n<p style=\"text-align: justify;\">O executivo ainda pondera que entre aqueles que n\u00e3o desejam o plano, o principal motivo \u00e9 o pre\u00e7o, apontado por 59% deste p\u00fablico. &#8220;As pessoas valorizam o plano, desejam contar com ele, mas a dificuldade est\u00e1 em fazer com que seu custo caiba nas possibilidades econ\u00f4mico-financeiras da fam\u00edlia&#8221;, aponta. Olhando as tr\u00eas edi\u00e7\u00f5es da pesquisa nota-se que houve uma mudan\u00e7a na primeira coloca\u00e7\u00e3o entre os benefici\u00e1rios de planos de sa\u00fade. Em 2015, educa\u00e7\u00e3o era o item mais desejado, seguido por casa pr\u00f3pria. Em 2017, a ordem foi alterada, com moradia pr\u00f3pria se tornando o maior desejo dos benefici\u00e1rios. J\u00e1 este ano, educa\u00e7\u00e3o voltou ao topo da lista. &#8220;Acreditamos que a mudan\u00e7a se deu por conta do momento econ\u00f4mico. Em 2017, o desemprego tinha atingido propor\u00e7\u00f5es muito elevadas e muitas fam\u00edlias estavam passando por dificuldades para se manterem em dia com as presta\u00e7\u00f5es da casa pr\u00f3pria ou mesmo pagar o aluguel&#8221;, relembra Cechin. &#8220;Ver que o plano de sa\u00fade permanece como o terceiro bem mais desejado, independente do momento, demonstra qu\u00e3o positiva \u00e9 a avalia\u00e7\u00e3o deste servi\u00e7o pela popula\u00e7\u00e3o&#8221;, conclui.<\/p>\n","protected":false},"excerpt":{"rendered":"<p>Contar com um plano de sa\u00fade \u00e9 o 3\u00b0 maior desejo de consumo do brasileiro. Segundo pesquisa realizada pelo Ibope Intelig\u00eancia a pedido do Instituto de Estudos de Sa\u00fade Suplementar (IESS), os quatro itens mais desejados pelos brasileiros (tanto os que j\u00e1 contam com plano quanto os que n\u00e3o) s\u00e3o educa\u00e7\u00e3o (1\u00b0), casa pr\u00f3pria (2\u00b0), [&hellip;]<\/p>\n","protected":false},"author":1,"featured_media":103891,"comment_status":"closed","ping_status":"closed","sticky":false,"template":"","format":"standard","meta":[],"categories":[14,3],"tags":[],"acf":[],"yoast_head":"<!-- This site is optimized with the Yoast SEO plugin v20.8 - https:\/\/yoast.com\/wordpress\/plugins\/seo\/ -->\n<title>PLANO DE SA\u00daDE \u00c9 3\u00b0 MAIOR DESEJO DO BRASILEIRO, APONTA IBOPE - Bahia Economica<\/title>\n<meta name=\"description\" content=\"O maior portal de Economia da Bahia DESTAQUE DO DIA, ECONOMIA \/ POL\u00cdTICA Bahia Economica\" \/>\n<meta name=\"robots\" content=\"index, follow, max-snippet:-1, max-image-preview:large, max-video-preview:-1\" \/>\n<link rel=\"canonical\" href=\"https:\/\/bahiaeconomica.com.br\/wp\/2019\/07\/31\/plano-de-saude-e-3-maior-desejo-do-brasileiro-aponta-ibope\/\" \/>\n<meta property=\"og:locale\" content=\"pt_BR\" \/>\n<meta property=\"og:type\" content=\"article\" \/>\n<meta property=\"og:title\" content=\"PLANO DE SA\u00daDE \u00c9 3\u00b0 MAIOR DESEJO DO BRASILEIRO, APONTA IBOPE - Bahia Economica\" \/>\n<meta property=\"og:description\" content=\"O maior portal de Economia da Bahia DESTAQUE DO DIA, ECONOMIA \/ POL\u00cdTICA Bahia Economica\" \/>\n<meta property=\"og:url\" content=\"https:\/\/bahiaeconomica.com.br\/wp\/2019\/07\/31\/plano-de-saude-e-3-maior-desejo-do-brasileiro-aponta-ibope\/\" \/>\n<meta property=\"og:site_name\" content=\"Bahia Economica\" \/>\n<meta property=\"article:publisher\" content=\"https:\/\/www.facebook.com\/bahiaeconomica\" \/>\n<meta property=\"article:published_time\" content=\"2019-07-31T17:36:07+00:00\" \/>\n<meta property=\"article:modified_time\" content=\"2019-07-31T16:06:40+00:00\" \/>\n<meta property=\"og:image\" content=\"https:\/\/bahiaeconomica.com.br\/wp\/wp-content\/uploads\/2018\/07\/planos-de-saude-e1532081948433.png\" \/>\n\t<meta property=\"og:image:width\" content=\"500\" \/>\n\t<meta property=\"og:image:height\" content=\"350\" \/>\n\t<meta property=\"og:image:type\" content=\"image\/png\" \/>\n<meta name=\"author\" content=\"admin\" \/>\n<meta name=\"twitter:card\" content=\"summary_large_image\" \/>\n<meta name=\"twitter:label1\" content=\"Escrito por\" \/>\n\t<meta name=\"twitter:data1\" content=\"admin\" \/>\n\t<meta name=\"twitter:label2\" content=\"Est. tempo de leitura\" \/>\n\t<meta name=\"twitter:data2\" content=\"3 minutos\" \/>\n<script type=\"application\/ld+json\" class=\"yoast-schema-graph\">{\"@context\":\"https:\/\/schema.org\",\"@graph\":[{\"@type\":\"Article\",\"@id\":\"https:\/\/bahiaeconomica.com.br\/wp\/2019\/07\/31\/plano-de-saude-e-3-maior-desejo-do-brasileiro-aponta-ibope\/#article\",\"isPartOf\":{\"@id\":\"https:\/\/bahiaeconomica.com.br\/wp\/2019\/07\/31\/plano-de-saude-e-3-maior-desejo-do-brasileiro-aponta-ibope\/\"},\"author\":{\"name\":\"admin\",\"@id\":\"https:\/\/bahiaeconomica.com.br\/wp\/#\/schema\/person\/cb1ab5ba96ad3d9390805381c76284ec\"},\"headline\":\"PLANO DE SA\u00daDE \u00c9 3\u00b0 MAIOR DESEJO DO BRASILEIRO, APONTA IBOPE\",\"datePublished\":\"2019-07-31T17:36:07+00:00\",\"dateModified\":\"2019-07-31T16:06:40+00:00\",\"mainEntityOfPage\":{\"@id\":\"https:\/\/bahiaeconomica.com.br\/wp\/2019\/07\/31\/plano-de-saude-e-3-maior-desejo-do-brasileiro-aponta-ibope\/\"},\"wordCount\":542,\"publisher\":{\"@id\":\"https:\/\/bahiaeconomica.com.br\/wp\/#organization\"},\"articleSection\":[\"DESTAQUE DO DIA\",\"ECONOMIA \/ POL\u00cdTICA\"],\"inLanguage\":\"pt-BR\"},{\"@type\":\"WebPage\",\"@id\":\"https:\/\/bahiaeconomica.com.br\/wp\/2019\/07\/31\/plano-de-saude-e-3-maior-desejo-do-brasileiro-aponta-ibope\/\",\"url\":\"https:\/\/bahiaeconomica.com.br\/wp\/2019\/07\/31\/plano-de-saude-e-3-maior-desejo-do-brasileiro-aponta-ibope\/\",\"name\":\"PLANO DE SA\u00daDE \u00c9 3\u00b0 MAIOR DESEJO DO BRASILEIRO, APONTA IBOPE - Bahia Economica\",\"isPartOf\":{\"@id\":\"https:\/\/bahiaeconomica.com.br\/wp\/#website\"},\"datePublished\":\"2019-07-31T17:36:07+00:00\",\"dateModified\":\"2019-07-31T16:06:40+00:00\",\"description\":\"O maior portal de Economia da Bahia DESTAQUE DO DIA, ECONOMIA \/ POL\u00cdTICA Bahia Economica\",\"breadcrumb\":{\"@id\":\"https:\/\/bahiaeconomica.com.br\/wp\/2019\/07\/31\/plano-de-saude-e-3-maior-desejo-do-brasileiro-aponta-ibope\/#breadcrumb\"},\"inLanguage\":\"pt-BR\",\"potentialAction\":[{\"@type\":\"ReadAction\",\"target\":[\"https:\/\/bahiaeconomica.com.br\/wp\/2019\/07\/31\/plano-de-saude-e-3-maior-desejo-do-brasileiro-aponta-ibope\/\"]}]},{\"@type\":\"BreadcrumbList\",\"@id\":\"https:\/\/bahiaeconomica.com.br\/wp\/2019\/07\/31\/plano-de-saude-e-3-maior-desejo-do-brasileiro-aponta-ibope\/#breadcrumb\",\"itemListElement\":[{\"@type\":\"ListItem\",\"position\":1,\"name\":\"In\u00edcio\",\"item\":\"https:\/\/bahiaeconomica.com.br\/wp\/\"},{\"@type\":\"ListItem\",\"position\":2,\"name\":\"PLANO DE SA\u00daDE \u00c9 3\u00b0 MAIOR DESEJO DO BRASILEIRO, APONTA IBOPE\"}]},{\"@type\":\"WebSite\",\"@id\":\"https:\/\/bahiaeconomica.com.br\/wp\/#website\",\"url\":\"https:\/\/bahiaeconomica.com.br\/wp\/\",\"name\":\"Bahia Economica\",\"description\":\"O maior portal de Economia da Bahia\",\"publisher\":{\"@id\":\"https:\/\/bahiaeconomica.com.br\/wp\/#organization\"},\"potentialAction\":[{\"@type\":\"SearchAction\",\"target\":{\"@type\":\"EntryPoint\",\"urlTemplate\":\"https:\/\/bahiaeconomica.com.br\/wp\/?s={search_term_string}\"},\"query-input\":\"required name=search_term_string\"}],\"inLanguage\":\"pt-BR\"},{\"@type\":\"Organization\",\"@id\":\"https:\/\/bahiaeconomica.com.br\/wp\/#organization\",\"name\":\"Bahia Econ\u00f4mica\",\"url\":\"https:\/\/bahiaeconomica.com.br\/wp\/\",\"logo\":{\"@type\":\"ImageObject\",\"inLanguage\":\"pt-BR\",\"@id\":\"https:\/\/bahiaeconomica.com.br\/wp\/#\/schema\/logo\/image\/\",\"url\":\"https:\/\/bahiaeconomica.com.br\/wp\/wp-content\/uploads\/2020\/12\/cropped-BE.png\",\"contentUrl\":\"https:\/\/bahiaeconomica.com.br\/wp\/wp-content\/uploads\/2020\/12\/cropped-BE.png\",\"width\":512,\"height\":512,\"caption\":\"Bahia Econ\u00f4mica\"},\"image\":{\"@id\":\"https:\/\/bahiaeconomica.com.br\/wp\/#\/schema\/logo\/image\/\"},\"sameAs\":[\"https:\/\/www.facebook.com\/bahiaeconomica\"]},{\"@type\":\"Person\",\"@id\":\"https:\/\/bahiaeconomica.com.br\/wp\/#\/schema\/person\/cb1ab5ba96ad3d9390805381c76284ec\",\"name\":\"admin\",\"url\":\"https:\/\/bahiaeconomica.com.br\/wp\/author\/admin\/\"}]}<\/script>\n<!-- \/ Yoast SEO plugin. -->","yoast_head_json":{"title":"PLANO DE SA\u00daDE \u00c9 3\u00b0 MAIOR DESEJO DO BRASILEIRO, APONTA IBOPE - Bahia Economica","description":"O maior portal de Economia da Bahia DESTAQUE DO DIA, ECONOMIA \/ POL\u00cdTICA Bahia Economica","robots":{"index":"index","follow":"follow","max-snippet":"max-snippet:-1","max-image-preview":"max-image-preview:large","max-video-preview":"max-video-preview:-1"},"canonical":"https:\/\/bahiaeconomica.com.br\/wp\/2019\/07\/31\/plano-de-saude-e-3-maior-desejo-do-brasileiro-aponta-ibope\/","og_locale":"pt_BR","og_type":"article","og_title":"PLANO DE SA\u00daDE \u00c9 3\u00b0 MAIOR DESEJO DO BRASILEIRO, APONTA IBOPE - Bahia Economica","og_description":"O maior portal de Economia da Bahia DESTAQUE DO DIA, ECONOMIA \/ POL\u00cdTICA Bahia Economica","og_url":"https:\/\/bahiaeconomica.com.br\/wp\/2019\/07\/31\/plano-de-saude-e-3-maior-desejo-do-brasileiro-aponta-ibope\/","og_site_name":"Bahia Economica","article_publisher":"https:\/\/www.facebook.com\/bahiaeconomica","article_published_time":"2019-07-31T17:36:07+00:00","article_modified_time":"2019-07-31T16:06:40+00:00","og_image":[{"width":500,"height":350,"url":"https:\/\/bahiaeconomica.com.br\/wp\/wp-content\/uploads\/2018\/07\/planos-de-saude-e1532081948433.png","type":"image\/png"}],"author":"admin","twitter_card":"summary_large_image","twitter_misc":{"Escrito por":"admin","Est. tempo de leitura":"3 minutos"},"schema":{"@context":"https:\/\/schema.org","@graph":[{"@type":"Article","@id":"https:\/\/bahiaeconomica.com.br\/wp\/2019\/07\/31\/plano-de-saude-e-3-maior-desejo-do-brasileiro-aponta-ibope\/#article","isPartOf":{"@id":"https:\/\/bahiaeconomica.com.br\/wp\/2019\/07\/31\/plano-de-saude-e-3-maior-desejo-do-brasileiro-aponta-ibope\/"},"author":{"name":"admin","@id":"https:\/\/bahiaeconomica.com.br\/wp\/#\/schema\/person\/cb1ab5ba96ad3d9390805381c76284ec"},"headline":"PLANO DE SA\u00daDE \u00c9 3\u00b0 MAIOR DESEJO DO BRASILEIRO, APONTA IBOPE","datePublished":"2019-07-31T17:36:07+00:00","dateModified":"2019-07-31T16:06:40+00:00","mainEntityOfPage":{"@id":"https:\/\/bahiaeconomica.com.br\/wp\/2019\/07\/31\/plano-de-saude-e-3-maior-desejo-do-brasileiro-aponta-ibope\/"},"wordCount":542,"publisher":{"@id":"https:\/\/bahiaeconomica.com.br\/wp\/#organization"},"articleSection":["DESTAQUE DO DIA","ECONOMIA \/ POL\u00cdTICA"],"inLanguage":"pt-BR"},{"@type":"WebPage","@id":"https:\/\/bahiaeconomica.com.br\/wp\/2019\/07\/31\/plano-de-saude-e-3-maior-desejo-do-brasileiro-aponta-ibope\/","url":"https:\/\/bahiaeconomica.com.br\/wp\/2019\/07\/31\/plano-de-saude-e-3-maior-desejo-do-brasileiro-aponta-ibope\/","name":"PLANO DE SA\u00daDE \u00c9 3\u00b0 MAIOR DESEJO DO BRASILEIRO, APONTA IBOPE - Bahia Economica","isPartOf":{"@id":"https:\/\/bahiaeconomica.com.br\/wp\/#website"},"datePublished":"2019-07-31T17:36:07+00:00","dateModified":"2019-07-31T16:06:40+00:00","description":"O maior portal de Economia da Bahia DESTAQUE DO DIA, ECONOMIA \/ POL\u00cdTICA Bahia Economica","breadcrumb":{"@id":"https:\/\/bahiaeconomica.com.br\/wp\/2019\/07\/31\/plano-de-saude-e-3-maior-desejo-do-brasileiro-aponta-ibope\/#breadcrumb"},"inLanguage":"pt-BR","potentialAction":[{"@type":"ReadAction","target":["https:\/\/bahiaeconomica.com.br\/wp\/2019\/07\/31\/plano-de-saude-e-3-maior-desejo-do-brasileiro-aponta-ibope\/"]}]},{"@type":"BreadcrumbList","@id":"https:\/\/bahiaeconomica.com.br\/wp\/2019\/07\/31\/plano-de-saude-e-3-maior-desejo-do-brasileiro-aponta-ibope\/#breadcrumb","itemListElement":[{"@type":"ListItem","position":1,"name":"In\u00edcio","item":"https:\/\/bahiaeconomica.com.br\/wp\/"},{"@type":"ListItem","position":2,"name":"PLANO DE SA\u00daDE \u00c9 3\u00b0 MAIOR DESEJO DO BRASILEIRO, APONTA IBOPE"}]},{"@type":"WebSite","@id":"https:\/\/bahiaeconomica.com.br\/wp\/#website","url":"https:\/\/bahiaeconomica.com.br\/wp\/","name":"Bahia Economica","description":"O maior portal de Economia da Bahia","publisher":{"@id":"https:\/\/bahiaeconomica.com.br\/wp\/#organization"},"potentialAction":[{"@type":"SearchAction","target":{"@type":"EntryPoint","urlTemplate":"https:\/\/bahiaeconomica.com.br\/wp\/?s={search_term_string}"},"query-input":"required name=search_term_string"}],"inLanguage":"pt-BR"},{"@type":"Organization","@id":"https:\/\/bahiaeconomica.com.br\/wp\/#organization","name":"Bahia Econ\u00f4mica","url":"https:\/\/bahiaeconomica.com.br\/wp\/","logo":{"@type":"ImageObject","inLanguage":"pt-BR","@id":"https:\/\/bahiaeconomica.com.br\/wp\/#\/schema\/logo\/image\/","url":"https:\/\/bahiaeconomica.com.br\/wp\/wp-content\/uploads\/2020\/12\/cropped-BE.png","contentUrl":"https:\/\/bahiaeconomica.com.br\/wp\/wp-content\/uploads\/2020\/12\/cropped-BE.png","width":512,"height":512,"caption":"Bahia Econ\u00f4mica"},"image":{"@id":"https:\/\/bahiaeconomica.com.br\/wp\/#\/schema\/logo\/image\/"},"sameAs":["https:\/\/www.facebook.com\/bahiaeconomica"]},{"@type":"Person","@id":"https:\/\/bahiaeconomica.com.br\/wp\/#\/schema\/person\/cb1ab5ba96ad3d9390805381c76284ec","name":"admin","url":"https:\/\/bahiaeconomica.com.br\/wp\/author\/admin\/"}]}},"views":1,"_links":{"self":[{"href":"https:\/\/bahiaeconomica.com.br\/wp\/wp-json\/wp\/v2\/posts\/373140"}],"collection":[{"href":"https:\/\/bahiaeconomica.com.br\/wp\/wp-json\/wp\/v2\/posts"}],"about":[{"href":"https:\/\/bahiaeconomica.com.br\/wp\/wp-json\/wp\/v2\/types\/post"}],"author":[{"embeddable":true,"href":"https:\/\/bahiaeconomica.com.br\/wp\/wp-json\/wp\/v2\/users\/1"}],"replies":[{"embeddable":true,"href":"https:\/\/bahiaeconomica.com.br\/wp\/wp-json\/wp\/v2\/comments?post=373140"}],"version-history":[{"count":1,"href":"https:\/\/bahiaeconomica.com.br\/wp\/wp-json\/wp\/v2\/posts\/373140\/revisions"}],"predecessor-version":[{"id":373147,"href":"https:\/\/bahiaeconomica.com.br\/wp\/wp-json\/wp\/v2\/posts\/373140\/revisions\/373147"}],"wp:featuredmedia":[{"embeddable":true,"href":"https:\/\/bahiaeconomica.com.br\/wp\/wp-json\/wp\/v2\/media\/103891"}],"wp:attachment":[{"href":"https:\/\/bahiaeconomica.com.br\/wp\/wp-json\/wp\/v2\/media?parent=373140"}],"wp:term":[{"taxonomy":"category","embeddable":true,"href":"https:\/\/bahiaeconomica.com.br\/wp\/wp-json\/wp\/v2\/categories?post=373140"},{"taxonomy":"post_tag","embeddable":true,"href":"https:\/\/bahiaeconomica.com.br\/wp\/wp-json\/wp\/v2\/tags?post=373140"}],"curies":[{"name":"wp","href":"https:\/\/api.w.org\/{rel}","templated":true}]}}