{"id":373132,"date":"2019-07-31T14:22:07","date_gmt":"2019-07-31T17:22:07","guid":{"rendered":"https:\/\/bahiaeconomica.com.br\/wp\/beta\/?p=373132"},"modified":"2019-07-31T14:35:51","modified_gmt":"2019-07-31T17:35:51","slug":"com-aprovacao-do-plano-nacional-de-florestas-plantadas-mais-industrias-devem-entrar-no-mercado-brasileiro-afirma-economista","status":"publish","type":"post","link":"https:\/\/bahiaeconomica.com.br\/wp\/2019\/07\/31\/com-aprovacao-do-plano-nacional-de-florestas-plantadas-mais-industrias-devem-entrar-no-mercado-brasileiro-afirma-economista\/","title":{"rendered":"PLANO DE FLORESTAS PLANTADAS DEVE ATRAIR NOVAS IND\u00daSTRIAS"},"content":{"rendered":"<p style=\"text-align: justify;\">Aumento na demanda por mat\u00e9ria-prima florestal devido ao uso da biomassa florestal como fonte de produ\u00e7\u00e3o de energia, avan\u00e7o das novas fronteiras, entrada de novas ind\u00fastrias e poss\u00edvel queda do pre\u00e7o de mat\u00e9ria prima a longo prazo em algumas regi\u00f5es. Estas s\u00e3o algumas decorr\u00eancias previstas por Marcelo Schmid, diretor da Forest2Market do Brasil, com a aprova\u00e7\u00e3o, m\u00eas passado, do Plano Nacional de Florestas Plantadas (PNDF) pelo Minist\u00e9rio da Agricultura, Pecu\u00e1ria e Abastecimento.<\/p>\n<p style=\"text-align: justify;\">Segundo o especialista no setor florestal, entre os objetivos do PNDF est\u00e1 o aumento da participa\u00e7\u00e3o do setor florestal na produ\u00e7\u00e3o de energia. Para ele, a inclus\u00e3o do setor florestal no plano de expans\u00e3o da matriz energ\u00e9tica do pa\u00eds representa um grande passo para o setor florestal. Como os leil\u00f5es de energia do Minist\u00e9rio de Minas e Energia permitem contratos de longo prazo, entre 20 e 25 anos, isto provavelmente acarretar\u00e1 aumento na demanda por mat\u00e9ria-prima florestal.<\/p>\n<p style=\"text-align: justify;\">Outra consequ\u00eancia da aprova\u00e7\u00e3o do PNDF\u00a0 \u00e9 que novas fronteiras florestais, como o MATOPIBA (expans\u00e3o de uma nova fronteira agr\u00edcola no Brasil baseada em tecnologias modernas de alta produtividade nos estados do Maranh\u00e3o, Tocantins, Piau\u00ed e Bahia) se desenvolvam a partir da expans\u00e3o da \u00e1rea plantada prevista no PNDF, em fun\u00e7\u00e3o das limita\u00e7\u00f5es de aumento da \u00e1rea plantada em estados onde o setor florestal \u00e9 tradicional (Paran\u00e1 e Santa Catarina), por conta da concorr\u00eancia com outros usos do solo (agricultura, \u00e1reas urbanas, etc.). Al\u00e9m disso, segundo Marcelo, espera-se que novas ind\u00fastrias se instalem, pois com o otimismo do setor e maior oferta de mat\u00e9ria-prima,\u00a0 algumas empresas j\u00e1 anunciaram expans\u00f5es de suas f\u00e1bricas neste primeiro semestre, e espera-se que novas ind\u00fastrias se instalem no pa\u00eds.<\/p>\n<p style=\"text-align: justify;\">Marcelo conclui que, em sendo as demais etapas do plano bem-sucedido, no longo prazo o maior equil\u00edbrio entre oferta e demanda pode acarretar queda do pre\u00e7o da mat\u00e9ria-prima em algumas regi\u00f5es. O PNDF tem como meta ampliar a \u00e1rea ocupada com florestas plantadas, adicionando dois milh\u00f5es de hectares at\u00e9 2030, e trazer seguran\u00e7a jur\u00eddica para investimentos no setor.<\/p>\n","protected":false},"excerpt":{"rendered":"<p>Aumento na demanda por mat\u00e9ria-prima florestal devido ao uso da biomassa florestal como fonte de produ\u00e7\u00e3o de energia, avan\u00e7o das novas fronteiras, entrada de novas ind\u00fastrias e poss\u00edvel queda do pre\u00e7o de mat\u00e9ria prima a longo prazo em algumas regi\u00f5es. Estas s\u00e3o algumas decorr\u00eancias previstas por Marcelo Schmid, diretor da Forest2Market do Brasil, com a [&hellip;]<\/p>\n","protected":false},"author":1,"featured_media":86419,"comment_status":"closed","ping_status":"closed","sticky":false,"template":"","format":"standard","meta":[],"categories":[14,3],"tags":[],"acf":[],"yoast_head":"<!-- This site is optimized with the Yoast SEO plugin v20.8 - https:\/\/yoast.com\/wordpress\/plugins\/seo\/ -->\n<title>PLANO DE FLORESTAS PLANTADAS DEVE ATRAIR NOVAS IND\u00daSTRIAS - Bahia Economica<\/title>\n<meta name=\"description\" content=\"O maior portal de Economia da Bahia DESTAQUE DO DIA, ECONOMIA \/ POL\u00cdTICA Bahia Economica\" \/>\n<meta name=\"robots\" content=\"index, follow, max-snippet:-1, max-image-preview:large, max-video-preview:-1\" \/>\n<link rel=\"canonical\" href=\"https:\/\/bahiaeconomica.com.br\/wp\/2019\/07\/31\/com-aprovacao-do-plano-nacional-de-florestas-plantadas-mais-industrias-devem-entrar-no-mercado-brasileiro-afirma-economista\/\" \/>\n<meta property=\"og:locale\" content=\"pt_BR\" \/>\n<meta property=\"og:type\" content=\"article\" \/>\n<meta property=\"og:title\" content=\"PLANO DE FLORESTAS PLANTADAS DEVE ATRAIR NOVAS IND\u00daSTRIAS - Bahia Economica\" \/>\n<meta property=\"og:description\" content=\"O maior portal de Economia da Bahia DESTAQUE DO DIA, ECONOMIA \/ POL\u00cdTICA Bahia Economica\" \/>\n<meta property=\"og:url\" content=\"https:\/\/bahiaeconomica.com.br\/wp\/2019\/07\/31\/com-aprovacao-do-plano-nacional-de-florestas-plantadas-mais-industrias-devem-entrar-no-mercado-brasileiro-afirma-economista\/\" \/>\n<meta property=\"og:site_name\" content=\"Bahia Economica\" \/>\n<meta property=\"article:publisher\" content=\"https:\/\/www.facebook.com\/bahiaeconomica\" \/>\n<meta property=\"article:published_time\" content=\"2019-07-31T17:22:07+00:00\" \/>\n<meta property=\"article:modified_time\" content=\"2019-07-31T17:35:51+00:00\" \/>\n<meta property=\"og:image\" content=\"https:\/\/bahiaeconomica.com.br\/wp\/wp-content\/uploads\/2018\/06\/industrias_wd2219_1.jpg\" \/>\n\t<meta property=\"og:image:width\" content=\"500\" \/>\n\t<meta property=\"og:image:height\" content=\"322\" \/>\n\t<meta property=\"og:image:type\" content=\"image\/jpeg\" \/>\n<meta name=\"author\" content=\"admin\" \/>\n<meta name=\"twitter:card\" content=\"summary_large_image\" \/>\n<meta name=\"twitter:label1\" content=\"Escrito por\" \/>\n\t<meta name=\"twitter:data1\" content=\"admin\" \/>\n\t<meta name=\"twitter:label2\" content=\"Est. tempo de leitura\" \/>\n\t<meta name=\"twitter:data2\" content=\"2 minutos\" \/>\n<script type=\"application\/ld+json\" class=\"yoast-schema-graph\">{\"@context\":\"https:\/\/schema.org\",\"@graph\":[{\"@type\":\"Article\",\"@id\":\"https:\/\/bahiaeconomica.com.br\/wp\/2019\/07\/31\/com-aprovacao-do-plano-nacional-de-florestas-plantadas-mais-industrias-devem-entrar-no-mercado-brasileiro-afirma-economista\/#article\",\"isPartOf\":{\"@id\":\"https:\/\/bahiaeconomica.com.br\/wp\/2019\/07\/31\/com-aprovacao-do-plano-nacional-de-florestas-plantadas-mais-industrias-devem-entrar-no-mercado-brasileiro-afirma-economista\/\"},\"author\":{\"name\":\"admin\",\"@id\":\"https:\/\/bahiaeconomica.com.br\/wp\/#\/schema\/person\/cb1ab5ba96ad3d9390805381c76284ec\"},\"headline\":\"PLANO DE FLORESTAS PLANTADAS DEVE ATRAIR NOVAS IND\u00daSTRIAS\",\"datePublished\":\"2019-07-31T17:22:07+00:00\",\"dateModified\":\"2019-07-31T17:35:51+00:00\",\"mainEntityOfPage\":{\"@id\":\"https:\/\/bahiaeconomica.com.br\/wp\/2019\/07\/31\/com-aprovacao-do-plano-nacional-de-florestas-plantadas-mais-industrias-devem-entrar-no-mercado-brasileiro-afirma-economista\/\"},\"wordCount\":382,\"publisher\":{\"@id\":\"https:\/\/bahiaeconomica.com.br\/wp\/#organization\"},\"articleSection\":[\"DESTAQUE DO DIA\",\"ECONOMIA \/ POL\u00cdTICA\"],\"inLanguage\":\"pt-BR\"},{\"@type\":\"WebPage\",\"@id\":\"https:\/\/bahiaeconomica.com.br\/wp\/2019\/07\/31\/com-aprovacao-do-plano-nacional-de-florestas-plantadas-mais-industrias-devem-entrar-no-mercado-brasileiro-afirma-economista\/\",\"url\":\"https:\/\/bahiaeconomica.com.br\/wp\/2019\/07\/31\/com-aprovacao-do-plano-nacional-de-florestas-plantadas-mais-industrias-devem-entrar-no-mercado-brasileiro-afirma-economista\/\",\"name\":\"PLANO DE FLORESTAS PLANTADAS DEVE ATRAIR NOVAS IND\u00daSTRIAS - Bahia Economica\",\"isPartOf\":{\"@id\":\"https:\/\/bahiaeconomica.com.br\/wp\/#website\"},\"datePublished\":\"2019-07-31T17:22:07+00:00\",\"dateModified\":\"2019-07-31T17:35:51+00:00\",\"description\":\"O maior portal de Economia da Bahia DESTAQUE DO DIA, ECONOMIA \/ POL\u00cdTICA Bahia Economica\",\"breadcrumb\":{\"@id\":\"https:\/\/bahiaeconomica.com.br\/wp\/2019\/07\/31\/com-aprovacao-do-plano-nacional-de-florestas-plantadas-mais-industrias-devem-entrar-no-mercado-brasileiro-afirma-economista\/#breadcrumb\"},\"inLanguage\":\"pt-BR\",\"potentialAction\":[{\"@type\":\"ReadAction\",\"target\":[\"https:\/\/bahiaeconomica.com.br\/wp\/2019\/07\/31\/com-aprovacao-do-plano-nacional-de-florestas-plantadas-mais-industrias-devem-entrar-no-mercado-brasileiro-afirma-economista\/\"]}]},{\"@type\":\"BreadcrumbList\",\"@id\":\"https:\/\/bahiaeconomica.com.br\/wp\/2019\/07\/31\/com-aprovacao-do-plano-nacional-de-florestas-plantadas-mais-industrias-devem-entrar-no-mercado-brasileiro-afirma-economista\/#breadcrumb\",\"itemListElement\":[{\"@type\":\"ListItem\",\"position\":1,\"name\":\"In\u00edcio\",\"item\":\"https:\/\/bahiaeconomica.com.br\/wp\/\"},{\"@type\":\"ListItem\",\"position\":2,\"name\":\"PLANO DE FLORESTAS PLANTADAS DEVE ATRAIR NOVAS IND\u00daSTRIAS\"}]},{\"@type\":\"WebSite\",\"@id\":\"https:\/\/bahiaeconomica.com.br\/wp\/#website\",\"url\":\"https:\/\/bahiaeconomica.com.br\/wp\/\",\"name\":\"Bahia Economica\",\"description\":\"O maior portal de Economia da Bahia\",\"publisher\":{\"@id\":\"https:\/\/bahiaeconomica.com.br\/wp\/#organization\"},\"potentialAction\":[{\"@type\":\"SearchAction\",\"target\":{\"@type\":\"EntryPoint\",\"urlTemplate\":\"https:\/\/bahiaeconomica.com.br\/wp\/?s={search_term_string}\"},\"query-input\":\"required name=search_term_string\"}],\"inLanguage\":\"pt-BR\"},{\"@type\":\"Organization\",\"@id\":\"https:\/\/bahiaeconomica.com.br\/wp\/#organization\",\"name\":\"Bahia Econ\u00f4mica\",\"url\":\"https:\/\/bahiaeconomica.com.br\/wp\/\",\"logo\":{\"@type\":\"ImageObject\",\"inLanguage\":\"pt-BR\",\"@id\":\"https:\/\/bahiaeconomica.com.br\/wp\/#\/schema\/logo\/image\/\",\"url\":\"https:\/\/bahiaeconomica.com.br\/wp\/wp-content\/uploads\/2020\/12\/cropped-BE.png\",\"contentUrl\":\"https:\/\/bahiaeconomica.com.br\/wp\/wp-content\/uploads\/2020\/12\/cropped-BE.png\",\"width\":512,\"height\":512,\"caption\":\"Bahia Econ\u00f4mica\"},\"image\":{\"@id\":\"https:\/\/bahiaeconomica.com.br\/wp\/#\/schema\/logo\/image\/\"},\"sameAs\":[\"https:\/\/www.facebook.com\/bahiaeconomica\"]},{\"@type\":\"Person\",\"@id\":\"https:\/\/bahiaeconomica.com.br\/wp\/#\/schema\/person\/cb1ab5ba96ad3d9390805381c76284ec\",\"name\":\"admin\",\"url\":\"https:\/\/bahiaeconomica.com.br\/wp\/author\/admin\/\"}]}<\/script>\n<!-- \/ Yoast SEO plugin. -->","yoast_head_json":{"title":"PLANO DE FLORESTAS PLANTADAS DEVE ATRAIR NOVAS IND\u00daSTRIAS - Bahia Economica","description":"O maior portal de Economia da Bahia DESTAQUE DO DIA, ECONOMIA \/ POL\u00cdTICA Bahia Economica","robots":{"index":"index","follow":"follow","max-snippet":"max-snippet:-1","max-image-preview":"max-image-preview:large","max-video-preview":"max-video-preview:-1"},"canonical":"https:\/\/bahiaeconomica.com.br\/wp\/2019\/07\/31\/com-aprovacao-do-plano-nacional-de-florestas-plantadas-mais-industrias-devem-entrar-no-mercado-brasileiro-afirma-economista\/","og_locale":"pt_BR","og_type":"article","og_title":"PLANO DE FLORESTAS PLANTADAS DEVE ATRAIR NOVAS IND\u00daSTRIAS - Bahia Economica","og_description":"O maior portal de Economia da Bahia DESTAQUE DO DIA, ECONOMIA \/ POL\u00cdTICA Bahia Economica","og_url":"https:\/\/bahiaeconomica.com.br\/wp\/2019\/07\/31\/com-aprovacao-do-plano-nacional-de-florestas-plantadas-mais-industrias-devem-entrar-no-mercado-brasileiro-afirma-economista\/","og_site_name":"Bahia Economica","article_publisher":"https:\/\/www.facebook.com\/bahiaeconomica","article_published_time":"2019-07-31T17:22:07+00:00","article_modified_time":"2019-07-31T17:35:51+00:00","og_image":[{"width":500,"height":322,"url":"https:\/\/bahiaeconomica.com.br\/wp\/wp-content\/uploads\/2018\/06\/industrias_wd2219_1.jpg","type":"image\/jpeg"}],"author":"admin","twitter_card":"summary_large_image","twitter_misc":{"Escrito por":"admin","Est. tempo de leitura":"2 minutos"},"schema":{"@context":"https:\/\/schema.org","@graph":[{"@type":"Article","@id":"https:\/\/bahiaeconomica.com.br\/wp\/2019\/07\/31\/com-aprovacao-do-plano-nacional-de-florestas-plantadas-mais-industrias-devem-entrar-no-mercado-brasileiro-afirma-economista\/#article","isPartOf":{"@id":"https:\/\/bahiaeconomica.com.br\/wp\/2019\/07\/31\/com-aprovacao-do-plano-nacional-de-florestas-plantadas-mais-industrias-devem-entrar-no-mercado-brasileiro-afirma-economista\/"},"author":{"name":"admin","@id":"https:\/\/bahiaeconomica.com.br\/wp\/#\/schema\/person\/cb1ab5ba96ad3d9390805381c76284ec"},"headline":"PLANO DE FLORESTAS PLANTADAS DEVE ATRAIR NOVAS IND\u00daSTRIAS","datePublished":"2019-07-31T17:22:07+00:00","dateModified":"2019-07-31T17:35:51+00:00","mainEntityOfPage":{"@id":"https:\/\/bahiaeconomica.com.br\/wp\/2019\/07\/31\/com-aprovacao-do-plano-nacional-de-florestas-plantadas-mais-industrias-devem-entrar-no-mercado-brasileiro-afirma-economista\/"},"wordCount":382,"publisher":{"@id":"https:\/\/bahiaeconomica.com.br\/wp\/#organization"},"articleSection":["DESTAQUE DO DIA","ECONOMIA \/ POL\u00cdTICA"],"inLanguage":"pt-BR"},{"@type":"WebPage","@id":"https:\/\/bahiaeconomica.com.br\/wp\/2019\/07\/31\/com-aprovacao-do-plano-nacional-de-florestas-plantadas-mais-industrias-devem-entrar-no-mercado-brasileiro-afirma-economista\/","url":"https:\/\/bahiaeconomica.com.br\/wp\/2019\/07\/31\/com-aprovacao-do-plano-nacional-de-florestas-plantadas-mais-industrias-devem-entrar-no-mercado-brasileiro-afirma-economista\/","name":"PLANO DE FLORESTAS PLANTADAS DEVE ATRAIR NOVAS IND\u00daSTRIAS - Bahia Economica","isPartOf":{"@id":"https:\/\/bahiaeconomica.com.br\/wp\/#website"},"datePublished":"2019-07-31T17:22:07+00:00","dateModified":"2019-07-31T17:35:51+00:00","description":"O maior portal de Economia da Bahia DESTAQUE DO DIA, ECONOMIA \/ POL\u00cdTICA Bahia Economica","breadcrumb":{"@id":"https:\/\/bahiaeconomica.com.br\/wp\/2019\/07\/31\/com-aprovacao-do-plano-nacional-de-florestas-plantadas-mais-industrias-devem-entrar-no-mercado-brasileiro-afirma-economista\/#breadcrumb"},"inLanguage":"pt-BR","potentialAction":[{"@type":"ReadAction","target":["https:\/\/bahiaeconomica.com.br\/wp\/2019\/07\/31\/com-aprovacao-do-plano-nacional-de-florestas-plantadas-mais-industrias-devem-entrar-no-mercado-brasileiro-afirma-economista\/"]}]},{"@type":"BreadcrumbList","@id":"https:\/\/bahiaeconomica.com.br\/wp\/2019\/07\/31\/com-aprovacao-do-plano-nacional-de-florestas-plantadas-mais-industrias-devem-entrar-no-mercado-brasileiro-afirma-economista\/#breadcrumb","itemListElement":[{"@type":"ListItem","position":1,"name":"In\u00edcio","item":"https:\/\/bahiaeconomica.com.br\/wp\/"},{"@type":"ListItem","position":2,"name":"PLANO DE FLORESTAS PLANTADAS DEVE ATRAIR NOVAS IND\u00daSTRIAS"}]},{"@type":"WebSite","@id":"https:\/\/bahiaeconomica.com.br\/wp\/#website","url":"https:\/\/bahiaeconomica.com.br\/wp\/","name":"Bahia Economica","description":"O maior portal de Economia da Bahia","publisher":{"@id":"https:\/\/bahiaeconomica.com.br\/wp\/#organization"},"potentialAction":[{"@type":"SearchAction","target":{"@type":"EntryPoint","urlTemplate":"https:\/\/bahiaeconomica.com.br\/wp\/?s={search_term_string}"},"query-input":"required name=search_term_string"}],"inLanguage":"pt-BR"},{"@type":"Organization","@id":"https:\/\/bahiaeconomica.com.br\/wp\/#organization","name":"Bahia Econ\u00f4mica","url":"https:\/\/bahiaeconomica.com.br\/wp\/","logo":{"@type":"ImageObject","inLanguage":"pt-BR","@id":"https:\/\/bahiaeconomica.com.br\/wp\/#\/schema\/logo\/image\/","url":"https:\/\/bahiaeconomica.com.br\/wp\/wp-content\/uploads\/2020\/12\/cropped-BE.png","contentUrl":"https:\/\/bahiaeconomica.com.br\/wp\/wp-content\/uploads\/2020\/12\/cropped-BE.png","width":512,"height":512,"caption":"Bahia Econ\u00f4mica"},"image":{"@id":"https:\/\/bahiaeconomica.com.br\/wp\/#\/schema\/logo\/image\/"},"sameAs":["https:\/\/www.facebook.com\/bahiaeconomica"]},{"@type":"Person","@id":"https:\/\/bahiaeconomica.com.br\/wp\/#\/schema\/person\/cb1ab5ba96ad3d9390805381c76284ec","name":"admin","url":"https:\/\/bahiaeconomica.com.br\/wp\/author\/admin\/"}]}},"views":0,"_links":{"self":[{"href":"https:\/\/bahiaeconomica.com.br\/wp\/wp-json\/wp\/v2\/posts\/373132"}],"collection":[{"href":"https:\/\/bahiaeconomica.com.br\/wp\/wp-json\/wp\/v2\/posts"}],"about":[{"href":"https:\/\/bahiaeconomica.com.br\/wp\/wp-json\/wp\/v2\/types\/post"}],"author":[{"embeddable":true,"href":"https:\/\/bahiaeconomica.com.br\/wp\/wp-json\/wp\/v2\/users\/1"}],"replies":[{"embeddable":true,"href":"https:\/\/bahiaeconomica.com.br\/wp\/wp-json\/wp\/v2\/comments?post=373132"}],"version-history":[{"count":3,"href":"https:\/\/bahiaeconomica.com.br\/wp\/wp-json\/wp\/v2\/posts\/373132\/revisions"}],"predecessor-version":[{"id":373436,"href":"https:\/\/bahiaeconomica.com.br\/wp\/wp-json\/wp\/v2\/posts\/373132\/revisions\/373436"}],"wp:featuredmedia":[{"embeddable":true,"href":"https:\/\/bahiaeconomica.com.br\/wp\/wp-json\/wp\/v2\/media\/86419"}],"wp:attachment":[{"href":"https:\/\/bahiaeconomica.com.br\/wp\/wp-json\/wp\/v2\/media?parent=373132"}],"wp:term":[{"taxonomy":"category","embeddable":true,"href":"https:\/\/bahiaeconomica.com.br\/wp\/wp-json\/wp\/v2\/categories?post=373132"},{"taxonomy":"post_tag","embeddable":true,"href":"https:\/\/bahiaeconomica.com.br\/wp\/wp-json\/wp\/v2\/tags?post=373132"}],"curies":[{"name":"wp","href":"https:\/\/api.w.org\/{rel}","templated":true}]}}