{"id":371662,"date":"2019-07-29T13:00:52","date_gmt":"2019-07-29T16:00:52","guid":{"rendered":"https:\/\/bahiaeconomica.com.br\/wp\/beta\/?p=371662"},"modified":"2019-07-29T13:09:19","modified_gmt":"2019-07-29T16:09:19","slug":"otto-diz-que-governo-nao-cumpriu-acordo-com-deputados-que-votaram-pela-reforma","status":"publish","type":"post","link":"https:\/\/bahiaeconomica.com.br\/wp\/2019\/07\/29\/otto-diz-que-governo-nao-cumpriu-acordo-com-deputados-que-votaram-pela-reforma\/","title":{"rendered":"OTTO DIZ QUE GOVERNO N\u00c3O CUMPRIU ACORDO COM DEPUTADOS QUE VOTARAM PELA REFORMA"},"content":{"rendered":"<p style=\"text-align: justify;\">O senador Otto Alencar (PSD-BA) criticou o governo federal por n\u00e3o cumprir acordos feitos com deputados que votaram a favor da reforma da Previd\u00eancia, aprovada na C\u00e2mara neste m\u00eas. Em entrevista hoje (29), durante reuni\u00e3o dos governadores nordestinos no Centro Administrativo da Bahia (CAB), o parlamentar baiano disse que as promessas expiraram. &#8220;Cinco deputados federais que seguem minha orienta\u00e7\u00e3o votaram a favor com o compromisso de, pelo menos antes do recesso, se votasse o projeto da cess\u00e3o onerosa, o que n\u00e3o aconteceu. Se aprovasse, entraria s\u00f3 para a Bahia R$ 450 milh\u00f5es. Foi conversado com Rodrigo Maia, a quem eu dou confian\u00e7a, e Alcolumbre, al\u00e9m de Fernando Bezerra e Paulo Guedes, mas eles n\u00e3o cumpriram&#8221;, declarou. Ainda de acordo com Otto, algumas posi\u00e7\u00f5es sobre a reforma ainda ser\u00e3o revistas. &#8220;Vou conversar com os deputados federais hoje, votamos a favor pelo pacto federativo, porque nossa posi\u00e7\u00e3o seria votar contra a reforma da previd\u00eancia. No regime geral, discordo muito&#8221;, disse o senador.<\/p>\n","protected":false},"excerpt":{"rendered":"<p>O senador Otto Alencar (PSD-BA) criticou o governo federal por n\u00e3o cumprir acordos feitos com deputados que votaram a favor da reforma da Previd\u00eancia, aprovada na C\u00e2mara neste m\u00eas. Em entrevista hoje (29), durante reuni\u00e3o dos governadores nordestinos no Centro Administrativo da Bahia (CAB), o parlamentar baiano disse que as promessas expiraram. &#8220;Cinco deputados federais [&hellip;]<\/p>\n","protected":false},"author":1,"featured_media":366098,"comment_status":"closed","ping_status":"closed","sticky":false,"template":"","format":"standard","meta":[],"categories":[3],"tags":[],"acf":[],"yoast_head":"<!-- This site is optimized with the Yoast SEO plugin v20.8 - https:\/\/yoast.com\/wordpress\/plugins\/seo\/ -->\n<title>OTTO DIZ QUE GOVERNO N\u00c3O CUMPRIU ACORDO COM DEPUTADOS QUE VOTARAM PELA REFORMA - Bahia Economica<\/title>\n<meta name=\"description\" content=\"O maior portal de Economia da Bahia ECONOMIA \/ POL\u00cdTICA Bahia Economica\" \/>\n<meta name=\"robots\" content=\"index, follow, max-snippet:-1, max-image-preview:large, max-video-preview:-1\" \/>\n<link rel=\"canonical\" href=\"https:\/\/bahiaeconomica.com.br\/wp\/2019\/07\/29\/otto-diz-que-governo-nao-cumpriu-acordo-com-deputados-que-votaram-pela-reforma\/\" \/>\n<meta property=\"og:locale\" content=\"pt_BR\" \/>\n<meta property=\"og:type\" content=\"article\" \/>\n<meta property=\"og:title\" content=\"OTTO DIZ QUE GOVERNO N\u00c3O CUMPRIU ACORDO COM DEPUTADOS QUE VOTARAM PELA REFORMA - Bahia Economica\" \/>\n<meta property=\"og:description\" content=\"O maior portal de Economia da Bahia ECONOMIA \/ POL\u00cdTICA Bahia Economica\" \/>\n<meta property=\"og:url\" content=\"https:\/\/bahiaeconomica.com.br\/wp\/2019\/07\/29\/otto-diz-que-governo-nao-cumpriu-acordo-com-deputados-que-votaram-pela-reforma\/\" \/>\n<meta property=\"og:site_name\" content=\"Bahia Economica\" \/>\n<meta property=\"article:publisher\" content=\"https:\/\/www.facebook.com\/bahiaeconomica\" \/>\n<meta property=\"article:published_time\" content=\"2019-07-29T16:00:52+00:00\" \/>\n<meta property=\"article:modified_time\" content=\"2019-07-29T16:09:19+00:00\" \/>\n<meta property=\"og:image\" content=\"https:\/\/bahiaeconomica.com.br\/wp\/wp-content\/uploads\/2019\/07\/Otto-Alencar-e1563565249733.jpg\" \/>\n\t<meta property=\"og:image:width\" content=\"500\" \/>\n\t<meta property=\"og:image:height\" content=\"335\" \/>\n\t<meta property=\"og:image:type\" content=\"image\/jpeg\" \/>\n<meta name=\"author\" content=\"admin\" \/>\n<meta name=\"twitter:card\" content=\"summary_large_image\" \/>\n<meta name=\"twitter:label1\" content=\"Escrito por\" \/>\n\t<meta name=\"twitter:data1\" content=\"admin\" \/>\n\t<meta name=\"twitter:label2\" content=\"Est. tempo de leitura\" \/>\n\t<meta name=\"twitter:data2\" content=\"1 minuto\" \/>\n<script type=\"application\/ld+json\" class=\"yoast-schema-graph\">{\"@context\":\"https:\/\/schema.org\",\"@graph\":[{\"@type\":\"Article\",\"@id\":\"https:\/\/bahiaeconomica.com.br\/wp\/2019\/07\/29\/otto-diz-que-governo-nao-cumpriu-acordo-com-deputados-que-votaram-pela-reforma\/#article\",\"isPartOf\":{\"@id\":\"https:\/\/bahiaeconomica.com.br\/wp\/2019\/07\/29\/otto-diz-que-governo-nao-cumpriu-acordo-com-deputados-que-votaram-pela-reforma\/\"},\"author\":{\"name\":\"admin\",\"@id\":\"https:\/\/bahiaeconomica.com.br\/wp\/#\/schema\/person\/cb1ab5ba96ad3d9390805381c76284ec\"},\"headline\":\"OTTO DIZ QUE GOVERNO N\u00c3O CUMPRIU ACORDO COM DEPUTADOS QUE VOTARAM PELA REFORMA\",\"datePublished\":\"2019-07-29T16:00:52+00:00\",\"dateModified\":\"2019-07-29T16:09:19+00:00\",\"mainEntityOfPage\":{\"@id\":\"https:\/\/bahiaeconomica.com.br\/wp\/2019\/07\/29\/otto-diz-que-governo-nao-cumpriu-acordo-com-deputados-que-votaram-pela-reforma\/\"},\"wordCount\":188,\"publisher\":{\"@id\":\"https:\/\/bahiaeconomica.com.br\/wp\/#organization\"},\"articleSection\":[\"ECONOMIA \/ POL\u00cdTICA\"],\"inLanguage\":\"pt-BR\"},{\"@type\":\"WebPage\",\"@id\":\"https:\/\/bahiaeconomica.com.br\/wp\/2019\/07\/29\/otto-diz-que-governo-nao-cumpriu-acordo-com-deputados-que-votaram-pela-reforma\/\",\"url\":\"https:\/\/bahiaeconomica.com.br\/wp\/2019\/07\/29\/otto-diz-que-governo-nao-cumpriu-acordo-com-deputados-que-votaram-pela-reforma\/\",\"name\":\"OTTO DIZ QUE GOVERNO N\u00c3O CUMPRIU ACORDO COM DEPUTADOS QUE VOTARAM PELA REFORMA - Bahia Economica\",\"isPartOf\":{\"@id\":\"https:\/\/bahiaeconomica.com.br\/wp\/#website\"},\"datePublished\":\"2019-07-29T16:00:52+00:00\",\"dateModified\":\"2019-07-29T16:09:19+00:00\",\"description\":\"O maior portal de Economia da Bahia ECONOMIA \/ POL\u00cdTICA Bahia Economica\",\"breadcrumb\":{\"@id\":\"https:\/\/bahiaeconomica.com.br\/wp\/2019\/07\/29\/otto-diz-que-governo-nao-cumpriu-acordo-com-deputados-que-votaram-pela-reforma\/#breadcrumb\"},\"inLanguage\":\"pt-BR\",\"potentialAction\":[{\"@type\":\"ReadAction\",\"target\":[\"https:\/\/bahiaeconomica.com.br\/wp\/2019\/07\/29\/otto-diz-que-governo-nao-cumpriu-acordo-com-deputados-que-votaram-pela-reforma\/\"]}]},{\"@type\":\"BreadcrumbList\",\"@id\":\"https:\/\/bahiaeconomica.com.br\/wp\/2019\/07\/29\/otto-diz-que-governo-nao-cumpriu-acordo-com-deputados-que-votaram-pela-reforma\/#breadcrumb\",\"itemListElement\":[{\"@type\":\"ListItem\",\"position\":1,\"name\":\"In\u00edcio\",\"item\":\"https:\/\/bahiaeconomica.com.br\/wp\/\"},{\"@type\":\"ListItem\",\"position\":2,\"name\":\"OTTO DIZ QUE GOVERNO N\u00c3O CUMPRIU ACORDO COM DEPUTADOS QUE VOTARAM PELA REFORMA\"}]},{\"@type\":\"WebSite\",\"@id\":\"https:\/\/bahiaeconomica.com.br\/wp\/#website\",\"url\":\"https:\/\/bahiaeconomica.com.br\/wp\/\",\"name\":\"Bahia Economica\",\"description\":\"O maior portal de Economia da Bahia\",\"publisher\":{\"@id\":\"https:\/\/bahiaeconomica.com.br\/wp\/#organization\"},\"potentialAction\":[{\"@type\":\"SearchAction\",\"target\":{\"@type\":\"EntryPoint\",\"urlTemplate\":\"https:\/\/bahiaeconomica.com.br\/wp\/?s={search_term_string}\"},\"query-input\":\"required name=search_term_string\"}],\"inLanguage\":\"pt-BR\"},{\"@type\":\"Organization\",\"@id\":\"https:\/\/bahiaeconomica.com.br\/wp\/#organization\",\"name\":\"Bahia Econ\u00f4mica\",\"url\":\"https:\/\/bahiaeconomica.com.br\/wp\/\",\"logo\":{\"@type\":\"ImageObject\",\"inLanguage\":\"pt-BR\",\"@id\":\"https:\/\/bahiaeconomica.com.br\/wp\/#\/schema\/logo\/image\/\",\"url\":\"https:\/\/bahiaeconomica.com.br\/wp\/wp-content\/uploads\/2020\/12\/cropped-BE.png\",\"contentUrl\":\"https:\/\/bahiaeconomica.com.br\/wp\/wp-content\/uploads\/2020\/12\/cropped-BE.png\",\"width\":512,\"height\":512,\"caption\":\"Bahia Econ\u00f4mica\"},\"image\":{\"@id\":\"https:\/\/bahiaeconomica.com.br\/wp\/#\/schema\/logo\/image\/\"},\"sameAs\":[\"https:\/\/www.facebook.com\/bahiaeconomica\"]},{\"@type\":\"Person\",\"@id\":\"https:\/\/bahiaeconomica.com.br\/wp\/#\/schema\/person\/cb1ab5ba96ad3d9390805381c76284ec\",\"name\":\"admin\",\"url\":\"https:\/\/bahiaeconomica.com.br\/wp\/author\/admin\/\"}]}<\/script>\n<!-- \/ Yoast SEO plugin. -->","yoast_head_json":{"title":"OTTO DIZ QUE GOVERNO N\u00c3O CUMPRIU ACORDO COM DEPUTADOS QUE VOTARAM PELA REFORMA - Bahia Economica","description":"O maior portal de Economia da Bahia ECONOMIA \/ POL\u00cdTICA Bahia Economica","robots":{"index":"index","follow":"follow","max-snippet":"max-snippet:-1","max-image-preview":"max-image-preview:large","max-video-preview":"max-video-preview:-1"},"canonical":"https:\/\/bahiaeconomica.com.br\/wp\/2019\/07\/29\/otto-diz-que-governo-nao-cumpriu-acordo-com-deputados-que-votaram-pela-reforma\/","og_locale":"pt_BR","og_type":"article","og_title":"OTTO DIZ QUE GOVERNO N\u00c3O CUMPRIU ACORDO COM DEPUTADOS QUE VOTARAM PELA REFORMA - Bahia Economica","og_description":"O maior portal de Economia da Bahia ECONOMIA \/ POL\u00cdTICA Bahia Economica","og_url":"https:\/\/bahiaeconomica.com.br\/wp\/2019\/07\/29\/otto-diz-que-governo-nao-cumpriu-acordo-com-deputados-que-votaram-pela-reforma\/","og_site_name":"Bahia Economica","article_publisher":"https:\/\/www.facebook.com\/bahiaeconomica","article_published_time":"2019-07-29T16:00:52+00:00","article_modified_time":"2019-07-29T16:09:19+00:00","og_image":[{"width":500,"height":335,"url":"https:\/\/bahiaeconomica.com.br\/wp\/wp-content\/uploads\/2019\/07\/Otto-Alencar-e1563565249733.jpg","type":"image\/jpeg"}],"author":"admin","twitter_card":"summary_large_image","twitter_misc":{"Escrito por":"admin","Est. tempo de leitura":"1 minuto"},"schema":{"@context":"https:\/\/schema.org","@graph":[{"@type":"Article","@id":"https:\/\/bahiaeconomica.com.br\/wp\/2019\/07\/29\/otto-diz-que-governo-nao-cumpriu-acordo-com-deputados-que-votaram-pela-reforma\/#article","isPartOf":{"@id":"https:\/\/bahiaeconomica.com.br\/wp\/2019\/07\/29\/otto-diz-que-governo-nao-cumpriu-acordo-com-deputados-que-votaram-pela-reforma\/"},"author":{"name":"admin","@id":"https:\/\/bahiaeconomica.com.br\/wp\/#\/schema\/person\/cb1ab5ba96ad3d9390805381c76284ec"},"headline":"OTTO DIZ QUE GOVERNO N\u00c3O CUMPRIU ACORDO COM DEPUTADOS QUE VOTARAM PELA REFORMA","datePublished":"2019-07-29T16:00:52+00:00","dateModified":"2019-07-29T16:09:19+00:00","mainEntityOfPage":{"@id":"https:\/\/bahiaeconomica.com.br\/wp\/2019\/07\/29\/otto-diz-que-governo-nao-cumpriu-acordo-com-deputados-que-votaram-pela-reforma\/"},"wordCount":188,"publisher":{"@id":"https:\/\/bahiaeconomica.com.br\/wp\/#organization"},"articleSection":["ECONOMIA \/ POL\u00cdTICA"],"inLanguage":"pt-BR"},{"@type":"WebPage","@id":"https:\/\/bahiaeconomica.com.br\/wp\/2019\/07\/29\/otto-diz-que-governo-nao-cumpriu-acordo-com-deputados-que-votaram-pela-reforma\/","url":"https:\/\/bahiaeconomica.com.br\/wp\/2019\/07\/29\/otto-diz-que-governo-nao-cumpriu-acordo-com-deputados-que-votaram-pela-reforma\/","name":"OTTO DIZ QUE GOVERNO N\u00c3O CUMPRIU ACORDO COM DEPUTADOS QUE VOTARAM PELA REFORMA - Bahia Economica","isPartOf":{"@id":"https:\/\/bahiaeconomica.com.br\/wp\/#website"},"datePublished":"2019-07-29T16:00:52+00:00","dateModified":"2019-07-29T16:09:19+00:00","description":"O maior portal de Economia da Bahia ECONOMIA \/ POL\u00cdTICA Bahia Economica","breadcrumb":{"@id":"https:\/\/bahiaeconomica.com.br\/wp\/2019\/07\/29\/otto-diz-que-governo-nao-cumpriu-acordo-com-deputados-que-votaram-pela-reforma\/#breadcrumb"},"inLanguage":"pt-BR","potentialAction":[{"@type":"ReadAction","target":["https:\/\/bahiaeconomica.com.br\/wp\/2019\/07\/29\/otto-diz-que-governo-nao-cumpriu-acordo-com-deputados-que-votaram-pela-reforma\/"]}]},{"@type":"BreadcrumbList","@id":"https:\/\/bahiaeconomica.com.br\/wp\/2019\/07\/29\/otto-diz-que-governo-nao-cumpriu-acordo-com-deputados-que-votaram-pela-reforma\/#breadcrumb","itemListElement":[{"@type":"ListItem","position":1,"name":"In\u00edcio","item":"https:\/\/bahiaeconomica.com.br\/wp\/"},{"@type":"ListItem","position":2,"name":"OTTO DIZ QUE GOVERNO N\u00c3O CUMPRIU ACORDO COM DEPUTADOS QUE VOTARAM PELA REFORMA"}]},{"@type":"WebSite","@id":"https:\/\/bahiaeconomica.com.br\/wp\/#website","url":"https:\/\/bahiaeconomica.com.br\/wp\/","name":"Bahia Economica","description":"O maior portal de Economia da Bahia","publisher":{"@id":"https:\/\/bahiaeconomica.com.br\/wp\/#organization"},"potentialAction":[{"@type":"SearchAction","target":{"@type":"EntryPoint","urlTemplate":"https:\/\/bahiaeconomica.com.br\/wp\/?s={search_term_string}"},"query-input":"required name=search_term_string"}],"inLanguage":"pt-BR"},{"@type":"Organization","@id":"https:\/\/bahiaeconomica.com.br\/wp\/#organization","name":"Bahia Econ\u00f4mica","url":"https:\/\/bahiaeconomica.com.br\/wp\/","logo":{"@type":"ImageObject","inLanguage":"pt-BR","@id":"https:\/\/bahiaeconomica.com.br\/wp\/#\/schema\/logo\/image\/","url":"https:\/\/bahiaeconomica.com.br\/wp\/wp-content\/uploads\/2020\/12\/cropped-BE.png","contentUrl":"https:\/\/bahiaeconomica.com.br\/wp\/wp-content\/uploads\/2020\/12\/cropped-BE.png","width":512,"height":512,"caption":"Bahia Econ\u00f4mica"},"image":{"@id":"https:\/\/bahiaeconomica.com.br\/wp\/#\/schema\/logo\/image\/"},"sameAs":["https:\/\/www.facebook.com\/bahiaeconomica"]},{"@type":"Person","@id":"https:\/\/bahiaeconomica.com.br\/wp\/#\/schema\/person\/cb1ab5ba96ad3d9390805381c76284ec","name":"admin","url":"https:\/\/bahiaeconomica.com.br\/wp\/author\/admin\/"}]}},"views":0,"_links":{"self":[{"href":"https:\/\/bahiaeconomica.com.br\/wp\/wp-json\/wp\/v2\/posts\/371662"}],"collection":[{"href":"https:\/\/bahiaeconomica.com.br\/wp\/wp-json\/wp\/v2\/posts"}],"about":[{"href":"https:\/\/bahiaeconomica.com.br\/wp\/wp-json\/wp\/v2\/types\/post"}],"author":[{"embeddable":true,"href":"https:\/\/bahiaeconomica.com.br\/wp\/wp-json\/wp\/v2\/users\/1"}],"replies":[{"embeddable":true,"href":"https:\/\/bahiaeconomica.com.br\/wp\/wp-json\/wp\/v2\/comments?post=371662"}],"version-history":[{"count":1,"href":"https:\/\/bahiaeconomica.com.br\/wp\/wp-json\/wp\/v2\/posts\/371662\/revisions"}],"predecessor-version":[{"id":371669,"href":"https:\/\/bahiaeconomica.com.br\/wp\/wp-json\/wp\/v2\/posts\/371662\/revisions\/371669"}],"wp:featuredmedia":[{"embeddable":true,"href":"https:\/\/bahiaeconomica.com.br\/wp\/wp-json\/wp\/v2\/media\/366098"}],"wp:attachment":[{"href":"https:\/\/bahiaeconomica.com.br\/wp\/wp-json\/wp\/v2\/media?parent=371662"}],"wp:term":[{"taxonomy":"category","embeddable":true,"href":"https:\/\/bahiaeconomica.com.br\/wp\/wp-json\/wp\/v2\/categories?post=371662"},{"taxonomy":"post_tag","embeddable":true,"href":"https:\/\/bahiaeconomica.com.br\/wp\/wp-json\/wp\/v2\/tags?post=371662"}],"curies":[{"name":"wp","href":"https:\/\/api.w.org\/{rel}","templated":true}]}}