{"id":371427,"date":"2019-07-29T13:45:47","date_gmt":"2019-07-29T16:45:47","guid":{"rendered":"https:\/\/bahiaeconomica.com.br\/wp\/beta\/?p=371427"},"modified":"2019-07-29T13:18:53","modified_gmt":"2019-07-29T16:18:53","slug":"roupas-e-acessorios-sao-os-bens-mais-adquiridos-no-crediario","status":"publish","type":"post","link":"https:\/\/bahiaeconomica.com.br\/wp\/2019\/07\/29\/roupas-e-acessorios-sao-os-bens-mais-adquiridos-no-crediario\/","title":{"rendered":"ROUPAS E ACESS\u00d3RIOS S\u00c3O OS BENS MAIS ADQUIRIDOS NO CREDI\u00c1RIO"},"content":{"rendered":"<p style=\"text-align: justify;\">Artigos de vestu\u00e1rio lideram o ranking de produtos comprados por meio desta modalidade de cr\u00e9dito: metade dos entrevistados (50%) disse que comprou ou costuma comprar roupas, cal\u00e7ados e acess\u00f3rios no credi\u00e1rio, enquanto 46% preferem utiliz\u00e1-lo para adquirir eletr\u00f4nicos \u2013 n\u00famero que representa um aumento de 11 pontos percentuais em rela\u00e7\u00e3o ao mesmo per\u00edodo do ano anterior. Outros 40% utilizam o credi\u00e1rio para a compra de eletrodom\u00e9sticos e eletroport\u00e1teis.<\/p>\n<p style=\"text-align: justify;\">Atualmente, em m\u00e9dia, os entrevistados possuem credi\u00e1rio aberto em duas lojas, sendo que 43% solicitaram ativamente o credi\u00e1rio e outros 40% foram convencidos a abri-lo ap\u00f3s receber ofertas dos lojistas. Na data da pesquisa seis em cada dez (61%) possu\u00edam cart\u00e3o de loja e 49%, carn\u00ea ou boleto. Seis \u00e9 o n\u00famero m\u00e9dio de parcelas em que as compras foram divididas. Ainda que aceitar oferta de cr\u00e9dito de vendedores em lojas pare\u00e7a uma atitude impensada, sete em cada dez entrevistados afirmaram ter analisado as tarifas e os juros cobrados ao contratar o credi\u00e1rio. Pesquisa CNDL.<\/p>\n","protected":false},"excerpt":{"rendered":"<p>Artigos de vestu\u00e1rio lideram o ranking de produtos comprados por meio desta modalidade de cr\u00e9dito: metade dos entrevistados (50%) disse que comprou ou costuma comprar roupas, cal\u00e7ados e acess\u00f3rios no credi\u00e1rio, enquanto 46% preferem utiliz\u00e1-lo para adquirir eletr\u00f4nicos \u2013 n\u00famero que representa um aumento de 11 pontos percentuais em rela\u00e7\u00e3o ao mesmo per\u00edodo do ano [&hellip;]<\/p>\n","protected":false},"author":1,"featured_media":65214,"comment_status":"closed","ping_status":"closed","sticky":false,"template":"","format":"standard","meta":[],"categories":[14,3],"tags":[],"acf":[],"yoast_head":"<!-- This site is optimized with the Yoast SEO plugin v20.8 - https:\/\/yoast.com\/wordpress\/plugins\/seo\/ -->\n<title>ROUPAS E ACESS\u00d3RIOS S\u00c3O OS BENS MAIS ADQUIRIDOS NO CREDI\u00c1RIO - Bahia Economica<\/title>\n<meta name=\"description\" content=\"O maior portal de Economia da Bahia DESTAQUE DO DIA, ECONOMIA \/ POL\u00cdTICA Bahia Economica\" \/>\n<meta name=\"robots\" content=\"index, follow, max-snippet:-1, max-image-preview:large, max-video-preview:-1\" \/>\n<link rel=\"canonical\" href=\"https:\/\/bahiaeconomica.com.br\/wp\/2019\/07\/29\/roupas-e-acessorios-sao-os-bens-mais-adquiridos-no-crediario\/\" \/>\n<meta property=\"og:locale\" content=\"pt_BR\" \/>\n<meta property=\"og:type\" content=\"article\" \/>\n<meta property=\"og:title\" content=\"ROUPAS E ACESS\u00d3RIOS S\u00c3O OS BENS MAIS ADQUIRIDOS NO CREDI\u00c1RIO - Bahia Economica\" \/>\n<meta property=\"og:description\" content=\"O maior portal de Economia da Bahia DESTAQUE DO DIA, ECONOMIA \/ POL\u00cdTICA Bahia Economica\" \/>\n<meta property=\"og:url\" content=\"https:\/\/bahiaeconomica.com.br\/wp\/2019\/07\/29\/roupas-e-acessorios-sao-os-bens-mais-adquiridos-no-crediario\/\" \/>\n<meta property=\"og:site_name\" content=\"Bahia Economica\" \/>\n<meta property=\"article:publisher\" content=\"https:\/\/www.facebook.com\/bahiaeconomica\" \/>\n<meta property=\"article:published_time\" content=\"2019-07-29T16:45:47+00:00\" \/>\n<meta property=\"article:modified_time\" content=\"2019-07-29T16:18:53+00:00\" \/>\n<meta property=\"og:image\" content=\"https:\/\/bahiaeconomica.com.br\/wp\/wp-content\/uploads\/2018\/06\/casal-fazendo-compras-shopping-pateo-itaqua-e1528387972827.jpg\" \/>\n\t<meta property=\"og:image:width\" content=\"500\" \/>\n\t<meta property=\"og:image:height\" content=\"331\" \/>\n\t<meta property=\"og:image:type\" content=\"image\/jpeg\" \/>\n<meta name=\"author\" content=\"admin\" \/>\n<meta name=\"twitter:card\" content=\"summary_large_image\" \/>\n<meta name=\"twitter:label1\" content=\"Escrito por\" \/>\n\t<meta name=\"twitter:data1\" content=\"admin\" \/>\n\t<meta name=\"twitter:label2\" content=\"Est. tempo de leitura\" \/>\n\t<meta name=\"twitter:data2\" content=\"1 minuto\" \/>\n<script type=\"application\/ld+json\" class=\"yoast-schema-graph\">{\"@context\":\"https:\/\/schema.org\",\"@graph\":[{\"@type\":\"Article\",\"@id\":\"https:\/\/bahiaeconomica.com.br\/wp\/2019\/07\/29\/roupas-e-acessorios-sao-os-bens-mais-adquiridos-no-crediario\/#article\",\"isPartOf\":{\"@id\":\"https:\/\/bahiaeconomica.com.br\/wp\/2019\/07\/29\/roupas-e-acessorios-sao-os-bens-mais-adquiridos-no-crediario\/\"},\"author\":{\"name\":\"admin\",\"@id\":\"https:\/\/bahiaeconomica.com.br\/wp\/#\/schema\/person\/cb1ab5ba96ad3d9390805381c76284ec\"},\"headline\":\"ROUPAS E ACESS\u00d3RIOS S\u00c3O OS BENS MAIS ADQUIRIDOS NO CREDI\u00c1RIO\",\"datePublished\":\"2019-07-29T16:45:47+00:00\",\"dateModified\":\"2019-07-29T16:18:53+00:00\",\"mainEntityOfPage\":{\"@id\":\"https:\/\/bahiaeconomica.com.br\/wp\/2019\/07\/29\/roupas-e-acessorios-sao-os-bens-mais-adquiridos-no-crediario\/\"},\"wordCount\":190,\"publisher\":{\"@id\":\"https:\/\/bahiaeconomica.com.br\/wp\/#organization\"},\"articleSection\":[\"DESTAQUE DO DIA\",\"ECONOMIA \/ POL\u00cdTICA\"],\"inLanguage\":\"pt-BR\"},{\"@type\":\"WebPage\",\"@id\":\"https:\/\/bahiaeconomica.com.br\/wp\/2019\/07\/29\/roupas-e-acessorios-sao-os-bens-mais-adquiridos-no-crediario\/\",\"url\":\"https:\/\/bahiaeconomica.com.br\/wp\/2019\/07\/29\/roupas-e-acessorios-sao-os-bens-mais-adquiridos-no-crediario\/\",\"name\":\"ROUPAS E ACESS\u00d3RIOS S\u00c3O OS BENS MAIS ADQUIRIDOS NO CREDI\u00c1RIO - Bahia Economica\",\"isPartOf\":{\"@id\":\"https:\/\/bahiaeconomica.com.br\/wp\/#website\"},\"datePublished\":\"2019-07-29T16:45:47+00:00\",\"dateModified\":\"2019-07-29T16:18:53+00:00\",\"description\":\"O maior portal de Economia da Bahia DESTAQUE DO DIA, ECONOMIA \/ POL\u00cdTICA Bahia Economica\",\"breadcrumb\":{\"@id\":\"https:\/\/bahiaeconomica.com.br\/wp\/2019\/07\/29\/roupas-e-acessorios-sao-os-bens-mais-adquiridos-no-crediario\/#breadcrumb\"},\"inLanguage\":\"pt-BR\",\"potentialAction\":[{\"@type\":\"ReadAction\",\"target\":[\"https:\/\/bahiaeconomica.com.br\/wp\/2019\/07\/29\/roupas-e-acessorios-sao-os-bens-mais-adquiridos-no-crediario\/\"]}]},{\"@type\":\"BreadcrumbList\",\"@id\":\"https:\/\/bahiaeconomica.com.br\/wp\/2019\/07\/29\/roupas-e-acessorios-sao-os-bens-mais-adquiridos-no-crediario\/#breadcrumb\",\"itemListElement\":[{\"@type\":\"ListItem\",\"position\":1,\"name\":\"In\u00edcio\",\"item\":\"https:\/\/bahiaeconomica.com.br\/wp\/\"},{\"@type\":\"ListItem\",\"position\":2,\"name\":\"ROUPAS E ACESS\u00d3RIOS S\u00c3O OS BENS MAIS ADQUIRIDOS NO CREDI\u00c1RIO\"}]},{\"@type\":\"WebSite\",\"@id\":\"https:\/\/bahiaeconomica.com.br\/wp\/#website\",\"url\":\"https:\/\/bahiaeconomica.com.br\/wp\/\",\"name\":\"Bahia Economica\",\"description\":\"O maior portal de Economia da Bahia\",\"publisher\":{\"@id\":\"https:\/\/bahiaeconomica.com.br\/wp\/#organization\"},\"potentialAction\":[{\"@type\":\"SearchAction\",\"target\":{\"@type\":\"EntryPoint\",\"urlTemplate\":\"https:\/\/bahiaeconomica.com.br\/wp\/?s={search_term_string}\"},\"query-input\":\"required name=search_term_string\"}],\"inLanguage\":\"pt-BR\"},{\"@type\":\"Organization\",\"@id\":\"https:\/\/bahiaeconomica.com.br\/wp\/#organization\",\"name\":\"Bahia Econ\u00f4mica\",\"url\":\"https:\/\/bahiaeconomica.com.br\/wp\/\",\"logo\":{\"@type\":\"ImageObject\",\"inLanguage\":\"pt-BR\",\"@id\":\"https:\/\/bahiaeconomica.com.br\/wp\/#\/schema\/logo\/image\/\",\"url\":\"https:\/\/bahiaeconomica.com.br\/wp\/wp-content\/uploads\/2020\/12\/cropped-BE.png\",\"contentUrl\":\"https:\/\/bahiaeconomica.com.br\/wp\/wp-content\/uploads\/2020\/12\/cropped-BE.png\",\"width\":512,\"height\":512,\"caption\":\"Bahia Econ\u00f4mica\"},\"image\":{\"@id\":\"https:\/\/bahiaeconomica.com.br\/wp\/#\/schema\/logo\/image\/\"},\"sameAs\":[\"https:\/\/www.facebook.com\/bahiaeconomica\"]},{\"@type\":\"Person\",\"@id\":\"https:\/\/bahiaeconomica.com.br\/wp\/#\/schema\/person\/cb1ab5ba96ad3d9390805381c76284ec\",\"name\":\"admin\",\"url\":\"https:\/\/bahiaeconomica.com.br\/wp\/author\/admin\/\"}]}<\/script>\n<!-- \/ Yoast SEO plugin. -->","yoast_head_json":{"title":"ROUPAS E ACESS\u00d3RIOS S\u00c3O OS BENS MAIS ADQUIRIDOS NO CREDI\u00c1RIO - Bahia Economica","description":"O maior portal de Economia da Bahia DESTAQUE DO DIA, ECONOMIA \/ POL\u00cdTICA Bahia Economica","robots":{"index":"index","follow":"follow","max-snippet":"max-snippet:-1","max-image-preview":"max-image-preview:large","max-video-preview":"max-video-preview:-1"},"canonical":"https:\/\/bahiaeconomica.com.br\/wp\/2019\/07\/29\/roupas-e-acessorios-sao-os-bens-mais-adquiridos-no-crediario\/","og_locale":"pt_BR","og_type":"article","og_title":"ROUPAS E ACESS\u00d3RIOS S\u00c3O OS BENS MAIS ADQUIRIDOS NO CREDI\u00c1RIO - Bahia Economica","og_description":"O maior portal de Economia da Bahia DESTAQUE DO DIA, ECONOMIA \/ POL\u00cdTICA Bahia Economica","og_url":"https:\/\/bahiaeconomica.com.br\/wp\/2019\/07\/29\/roupas-e-acessorios-sao-os-bens-mais-adquiridos-no-crediario\/","og_site_name":"Bahia Economica","article_publisher":"https:\/\/www.facebook.com\/bahiaeconomica","article_published_time":"2019-07-29T16:45:47+00:00","article_modified_time":"2019-07-29T16:18:53+00:00","og_image":[{"width":500,"height":331,"url":"https:\/\/bahiaeconomica.com.br\/wp\/wp-content\/uploads\/2018\/06\/casal-fazendo-compras-shopping-pateo-itaqua-e1528387972827.jpg","type":"image\/jpeg"}],"author":"admin","twitter_card":"summary_large_image","twitter_misc":{"Escrito por":"admin","Est. tempo de leitura":"1 minuto"},"schema":{"@context":"https:\/\/schema.org","@graph":[{"@type":"Article","@id":"https:\/\/bahiaeconomica.com.br\/wp\/2019\/07\/29\/roupas-e-acessorios-sao-os-bens-mais-adquiridos-no-crediario\/#article","isPartOf":{"@id":"https:\/\/bahiaeconomica.com.br\/wp\/2019\/07\/29\/roupas-e-acessorios-sao-os-bens-mais-adquiridos-no-crediario\/"},"author":{"name":"admin","@id":"https:\/\/bahiaeconomica.com.br\/wp\/#\/schema\/person\/cb1ab5ba96ad3d9390805381c76284ec"},"headline":"ROUPAS E ACESS\u00d3RIOS S\u00c3O OS BENS MAIS ADQUIRIDOS NO CREDI\u00c1RIO","datePublished":"2019-07-29T16:45:47+00:00","dateModified":"2019-07-29T16:18:53+00:00","mainEntityOfPage":{"@id":"https:\/\/bahiaeconomica.com.br\/wp\/2019\/07\/29\/roupas-e-acessorios-sao-os-bens-mais-adquiridos-no-crediario\/"},"wordCount":190,"publisher":{"@id":"https:\/\/bahiaeconomica.com.br\/wp\/#organization"},"articleSection":["DESTAQUE DO DIA","ECONOMIA \/ POL\u00cdTICA"],"inLanguage":"pt-BR"},{"@type":"WebPage","@id":"https:\/\/bahiaeconomica.com.br\/wp\/2019\/07\/29\/roupas-e-acessorios-sao-os-bens-mais-adquiridos-no-crediario\/","url":"https:\/\/bahiaeconomica.com.br\/wp\/2019\/07\/29\/roupas-e-acessorios-sao-os-bens-mais-adquiridos-no-crediario\/","name":"ROUPAS E ACESS\u00d3RIOS S\u00c3O OS BENS MAIS ADQUIRIDOS NO CREDI\u00c1RIO - Bahia Economica","isPartOf":{"@id":"https:\/\/bahiaeconomica.com.br\/wp\/#website"},"datePublished":"2019-07-29T16:45:47+00:00","dateModified":"2019-07-29T16:18:53+00:00","description":"O maior portal de Economia da Bahia DESTAQUE DO DIA, ECONOMIA \/ POL\u00cdTICA Bahia Economica","breadcrumb":{"@id":"https:\/\/bahiaeconomica.com.br\/wp\/2019\/07\/29\/roupas-e-acessorios-sao-os-bens-mais-adquiridos-no-crediario\/#breadcrumb"},"inLanguage":"pt-BR","potentialAction":[{"@type":"ReadAction","target":["https:\/\/bahiaeconomica.com.br\/wp\/2019\/07\/29\/roupas-e-acessorios-sao-os-bens-mais-adquiridos-no-crediario\/"]}]},{"@type":"BreadcrumbList","@id":"https:\/\/bahiaeconomica.com.br\/wp\/2019\/07\/29\/roupas-e-acessorios-sao-os-bens-mais-adquiridos-no-crediario\/#breadcrumb","itemListElement":[{"@type":"ListItem","position":1,"name":"In\u00edcio","item":"https:\/\/bahiaeconomica.com.br\/wp\/"},{"@type":"ListItem","position":2,"name":"ROUPAS E ACESS\u00d3RIOS S\u00c3O OS BENS MAIS ADQUIRIDOS NO CREDI\u00c1RIO"}]},{"@type":"WebSite","@id":"https:\/\/bahiaeconomica.com.br\/wp\/#website","url":"https:\/\/bahiaeconomica.com.br\/wp\/","name":"Bahia Economica","description":"O maior portal de Economia da Bahia","publisher":{"@id":"https:\/\/bahiaeconomica.com.br\/wp\/#organization"},"potentialAction":[{"@type":"SearchAction","target":{"@type":"EntryPoint","urlTemplate":"https:\/\/bahiaeconomica.com.br\/wp\/?s={search_term_string}"},"query-input":"required name=search_term_string"}],"inLanguage":"pt-BR"},{"@type":"Organization","@id":"https:\/\/bahiaeconomica.com.br\/wp\/#organization","name":"Bahia Econ\u00f4mica","url":"https:\/\/bahiaeconomica.com.br\/wp\/","logo":{"@type":"ImageObject","inLanguage":"pt-BR","@id":"https:\/\/bahiaeconomica.com.br\/wp\/#\/schema\/logo\/image\/","url":"https:\/\/bahiaeconomica.com.br\/wp\/wp-content\/uploads\/2020\/12\/cropped-BE.png","contentUrl":"https:\/\/bahiaeconomica.com.br\/wp\/wp-content\/uploads\/2020\/12\/cropped-BE.png","width":512,"height":512,"caption":"Bahia Econ\u00f4mica"},"image":{"@id":"https:\/\/bahiaeconomica.com.br\/wp\/#\/schema\/logo\/image\/"},"sameAs":["https:\/\/www.facebook.com\/bahiaeconomica"]},{"@type":"Person","@id":"https:\/\/bahiaeconomica.com.br\/wp\/#\/schema\/person\/cb1ab5ba96ad3d9390805381c76284ec","name":"admin","url":"https:\/\/bahiaeconomica.com.br\/wp\/author\/admin\/"}]}},"views":0,"_links":{"self":[{"href":"https:\/\/bahiaeconomica.com.br\/wp\/wp-json\/wp\/v2\/posts\/371427"}],"collection":[{"href":"https:\/\/bahiaeconomica.com.br\/wp\/wp-json\/wp\/v2\/posts"}],"about":[{"href":"https:\/\/bahiaeconomica.com.br\/wp\/wp-json\/wp\/v2\/types\/post"}],"author":[{"embeddable":true,"href":"https:\/\/bahiaeconomica.com.br\/wp\/wp-json\/wp\/v2\/users\/1"}],"replies":[{"embeddable":true,"href":"https:\/\/bahiaeconomica.com.br\/wp\/wp-json\/wp\/v2\/comments?post=371427"}],"version-history":[{"count":1,"href":"https:\/\/bahiaeconomica.com.br\/wp\/wp-json\/wp\/v2\/posts\/371427\/revisions"}],"predecessor-version":[{"id":371428,"href":"https:\/\/bahiaeconomica.com.br\/wp\/wp-json\/wp\/v2\/posts\/371427\/revisions\/371428"}],"wp:featuredmedia":[{"embeddable":true,"href":"https:\/\/bahiaeconomica.com.br\/wp\/wp-json\/wp\/v2\/media\/65214"}],"wp:attachment":[{"href":"https:\/\/bahiaeconomica.com.br\/wp\/wp-json\/wp\/v2\/media?parent=371427"}],"wp:term":[{"taxonomy":"category","embeddable":true,"href":"https:\/\/bahiaeconomica.com.br\/wp\/wp-json\/wp\/v2\/categories?post=371427"},{"taxonomy":"post_tag","embeddable":true,"href":"https:\/\/bahiaeconomica.com.br\/wp\/wp-json\/wp\/v2\/tags?post=371427"}],"curies":[{"name":"wp","href":"https:\/\/api.w.org\/{rel}","templated":true}]}}