{"id":370098,"date":"2019-07-26T09:00:53","date_gmt":"2019-07-26T12:00:53","guid":{"rendered":"https:\/\/bahiaeconomica.com.br\/wp\/beta\/?p=370098"},"modified":"2019-07-26T09:33:39","modified_gmt":"2019-07-26T12:33:39","slug":"construcao-civil-tem-ritmo-de-crescimento-mais-lento-em-2019","status":"publish","type":"post","link":"https:\/\/bahiaeconomica.com.br\/wp\/2019\/07\/26\/construcao-civil-tem-ritmo-de-crescimento-mais-lento-em-2019\/","title":{"rendered":"CONSTRU\u00c7\u00c3O CIVIL TEM RITMO DE CRESCIMENTO MAIS LENTO EM 2019"},"content":{"rendered":"<p style=\"text-align: justify;\">Um dos setores mais afetados pela crise, a constru\u00e7\u00e3o tamb\u00e9m tem sido um dos que enfrentam a maior dificuldade para sair dela \u2013 o que afeta a retomada econ\u00f4mica como um todo. Nesse cen\u00e1rio, o setor se tornou um dos pontos de discuss\u00e3o em torno da decis\u00e3o do governo de liberar o saque de contas do Fundo de Garantia do Tempo de Servi\u00e7o (FGTS). Os recursos do FGTS s\u00e3o usados para financiar programas de habita\u00e7\u00e3o, a exemplo do Minha Casa Minha Vida, e de obras de infraestrutura com juros mais baixos. Por isso, representantes do setor vinham se posicionando contra a libera\u00e7\u00e3o dos saques. No ano passado, a constru\u00e7\u00e3o civil representou 4,46% do Produto Interno Bruto (PIB) brasileiro.<\/p>\n<p style=\"text-align: justify;\">Retomada lenta da constru\u00e7\u00e3o:<\/p>\n<ul style=\"text-align: justify;\">\n<li>R$ 357,7 bilh\u00f5es em servi\u00e7os em 2013, contra R$ 280 bilh\u00f5es em 2017<\/li>\n<li>827 mil postos de trabalhos perdidos desde 2013<\/li>\n<li>\u00edndice de confian\u00e7a passou da casa dos 100 pontos em 2013 para os atuais 82<\/li>\n<li>faturamento das empresas do ramo com a\u00e7\u00f5es na bolsa caiu pela metade<\/li>\n<\/ul>\n<p style=\"text-align: justify;\">Tomando como refer\u00eancia dos dados de antes da recess\u00e3o, iniciada em 2014, os n\u00fameros apontam para o encolhimento do setor. Em 2013, ele estava em plena expans\u00e3o: as empresas de constru\u00e7\u00e3o realizaram incorpora\u00e7\u00f5es, obras e\/ou servi\u00e7os no valor corrente de R$ 357,7 bilh\u00f5es, registrando, em termos reais, expans\u00e3o de 3,7% na compara\u00e7\u00e3o com o ano anterior. J\u00e1 o dado anual mais recente, de 2017, \u00e9 de que a atividade da constru\u00e7\u00e3o gerou R$ 280 bilh\u00f5es em valor de incorpora\u00e7\u00f5es, obras e servi\u00e7os \u2013 um recuo em rela\u00e7\u00e3o aos R$ 318 bilh\u00f5es do ano anterior. Os n\u00fameros s\u00e3o da Pesquisa Anual da Ind\u00fastria da Constru\u00e7\u00e3o (PAIC), feita pelo Instituto Brasileiro de Geografia e Estat\u00edstica (IBGE).<\/p>\n<p style=\"text-align: justify;\">A redu\u00e7\u00e3o da atividade se refletiu no mercado de trabalho. Desde o per\u00edodo pr\u00e9-crise, em 2013, o setor da constru\u00e7\u00e3o civil j\u00e1 perdeu mais de 800 mil postos de trabalho formais, considerando dados do Cadastro Geral de Empregados e Desempregados (Caged) at\u00e9 maio de 2019. Especialistas comentam que uma das dificuldades em retomar os empregos nessa \u00e1rea vem da falta de confian\u00e7a dos empres\u00e1rios do setor. O primeiro motivo s\u00e3o as d\u00favidas em rela\u00e7\u00e3o ao potencial de reaquecimento do mercado imobili\u00e1rio. Em cidades como S\u00e3o Paulo, por exemplo, os n\u00fameros de vendas de im\u00f3veis novos v\u00eam subindo na compara\u00e7\u00e3o com o ano anterior. Com o desemprego ainda em alta, no entanto, a consist\u00eancia dessa recupera\u00e7\u00e3o ainda gera incertezas.<\/p>\n<p style=\"text-align: justify;\">Mas os analistas acrescentam que o principal fator que explica a demora para a ind\u00fastria da constru\u00e7\u00e3o come\u00e7ar a ganhar for\u00e7a \u00e9 a trava nos investimentos p\u00fablicos. Isso porque, com as contas p\u00fablicas em dificuldades, o governo n\u00e3o investe em obras de infraestrutura e saneamento. \u201cPor isso que a gente fala que o investimento \u00e9 o indutor do processo de crescimento da economia. Na medida em que o governo est\u00e1 totalmente encrencado com o ajuste fiscal e n\u00e3o tem caixa para realizar essas obras, toda a economia acaba pagando de alguma maneira\u201d, analisa o economista Otto Nogami, do Insper.<\/p>\n<p style=\"text-align: justify;\">Essas incertezas explicam a falta de confian\u00e7a dos empres\u00e1rios da constru\u00e7\u00e3o. Na compara\u00e7\u00e3o com o pior momento da recess\u00e3o, a confian\u00e7a do setor voltou a subir, mas ainda n\u00e3o se recuperou do abalo da crise. \u00c9 o que mostram dados do Instituto Brasileiro de Economia (IBRE) e Funda\u00e7\u00e3o Get\u00falio Vargas (FGV). O \u00edndice que mede a confian\u00e7a do setor come\u00e7ou o ano de 2013 acima do patamar de 100 pontos. Atingiu m\u00ednimas na casa dos 60 pontos em 2016, at\u00e9 chegar aos 82 pontos do dado mais recente, de junho de 2019.<\/p>\n<p style=\"text-align: justify;\">\u201cEm 2016 a gente observou uma certa melhora depois de ter chegado ao ponto m\u00ednimo, mas a recupera\u00e7\u00e3o estava sendo muito mais lenta do que costuma ser. At\u00e9 que a gente percebeu que em 2018 parou de subir\u201d, aponta Rodolpho Tobler, economista da FGV\/IBRE, completando que o cen\u00e1rio atual mostrado pelo \u00edndice \u00e9 o de que \u201cest\u00e1 havendo um aumento do pessimismo\u201d. \u201cAt\u00e9 o final do ano passado, tinha a perspectiva de melhora, com expectativas de leil\u00f5es, reformas. S\u00f3 que as coisas demoraram um pouco mais para acontecer, a atividade veio muito fraca\u201d, diz o especialista.<\/p>\n","protected":false},"excerpt":{"rendered":"<p>Um dos setores mais afetados pela crise, a constru\u00e7\u00e3o tamb\u00e9m tem sido um dos que enfrentam a maior dificuldade para sair dela \u2013 o que afeta a retomada econ\u00f4mica como um todo. Nesse cen\u00e1rio, o setor se tornou um dos pontos de discuss\u00e3o em torno da decis\u00e3o do governo de liberar o saque de contas [&hellip;]<\/p>\n","protected":false},"author":1,"featured_media":10191,"comment_status":"closed","ping_status":"closed","sticky":false,"template":"","format":"standard","meta":[],"categories":[14,3],"tags":[],"acf":[],"yoast_head":"<!-- This site is optimized with the Yoast SEO plugin v20.8 - https:\/\/yoast.com\/wordpress\/plugins\/seo\/ -->\n<title>CONSTRU\u00c7\u00c3O CIVIL TEM RITMO DE CRESCIMENTO MAIS LENTO EM 2019 - Bahia Economica<\/title>\n<meta name=\"description\" content=\"O maior portal de Economia da Bahia DESTAQUE DO DIA, ECONOMIA \/ POL\u00cdTICA Bahia Economica\" \/>\n<meta name=\"robots\" content=\"index, follow, max-snippet:-1, max-image-preview:large, max-video-preview:-1\" \/>\n<link rel=\"canonical\" href=\"https:\/\/bahiaeconomica.com.br\/wp\/2019\/07\/26\/construcao-civil-tem-ritmo-de-crescimento-mais-lento-em-2019\/\" \/>\n<meta property=\"og:locale\" content=\"pt_BR\" \/>\n<meta property=\"og:type\" content=\"article\" \/>\n<meta property=\"og:title\" content=\"CONSTRU\u00c7\u00c3O CIVIL TEM RITMO DE CRESCIMENTO MAIS LENTO EM 2019 - Bahia Economica\" \/>\n<meta property=\"og:description\" content=\"O maior portal de Economia da Bahia DESTAQUE DO DIA, ECONOMIA \/ POL\u00cdTICA Bahia Economica\" \/>\n<meta property=\"og:url\" content=\"https:\/\/bahiaeconomica.com.br\/wp\/2019\/07\/26\/construcao-civil-tem-ritmo-de-crescimento-mais-lento-em-2019\/\" \/>\n<meta property=\"og:site_name\" content=\"Bahia Economica\" \/>\n<meta property=\"article:publisher\" content=\"https:\/\/www.facebook.com\/bahiaeconomica\" \/>\n<meta property=\"article:published_time\" content=\"2019-07-26T12:00:53+00:00\" \/>\n<meta property=\"article:modified_time\" content=\"2019-07-26T12:33:39+00:00\" \/>\n<meta property=\"og:image\" content=\"https:\/\/bahiaeconomica.com.br\/wp\/wp-content\/uploads\/2018\/04\/construcao-civil1-e1523534801892.jpg\" \/>\n\t<meta property=\"og:image:width\" content=\"500\" \/>\n\t<meta property=\"og:image:height\" content=\"310\" \/>\n\t<meta property=\"og:image:type\" content=\"image\/jpeg\" \/>\n<meta name=\"author\" content=\"admin\" \/>\n<meta name=\"twitter:card\" content=\"summary_large_image\" \/>\n<meta name=\"twitter:label1\" content=\"Escrito por\" \/>\n\t<meta name=\"twitter:data1\" content=\"admin\" \/>\n\t<meta name=\"twitter:label2\" content=\"Est. tempo de leitura\" \/>\n\t<meta name=\"twitter:data2\" content=\"4 minutos\" \/>\n<script type=\"application\/ld+json\" class=\"yoast-schema-graph\">{\"@context\":\"https:\/\/schema.org\",\"@graph\":[{\"@type\":\"Article\",\"@id\":\"https:\/\/bahiaeconomica.com.br\/wp\/2019\/07\/26\/construcao-civil-tem-ritmo-de-crescimento-mais-lento-em-2019\/#article\",\"isPartOf\":{\"@id\":\"https:\/\/bahiaeconomica.com.br\/wp\/2019\/07\/26\/construcao-civil-tem-ritmo-de-crescimento-mais-lento-em-2019\/\"},\"author\":{\"name\":\"admin\",\"@id\":\"https:\/\/bahiaeconomica.com.br\/wp\/#\/schema\/person\/cb1ab5ba96ad3d9390805381c76284ec\"},\"headline\":\"CONSTRU\u00c7\u00c3O CIVIL TEM RITMO DE CRESCIMENTO MAIS LENTO EM 2019\",\"datePublished\":\"2019-07-26T12:00:53+00:00\",\"dateModified\":\"2019-07-26T12:33:39+00:00\",\"mainEntityOfPage\":{\"@id\":\"https:\/\/bahiaeconomica.com.br\/wp\/2019\/07\/26\/construcao-civil-tem-ritmo-de-crescimento-mais-lento-em-2019\/\"},\"wordCount\":745,\"publisher\":{\"@id\":\"https:\/\/bahiaeconomica.com.br\/wp\/#organization\"},\"articleSection\":[\"DESTAQUE DO DIA\",\"ECONOMIA \/ POL\u00cdTICA\"],\"inLanguage\":\"pt-BR\"},{\"@type\":\"WebPage\",\"@id\":\"https:\/\/bahiaeconomica.com.br\/wp\/2019\/07\/26\/construcao-civil-tem-ritmo-de-crescimento-mais-lento-em-2019\/\",\"url\":\"https:\/\/bahiaeconomica.com.br\/wp\/2019\/07\/26\/construcao-civil-tem-ritmo-de-crescimento-mais-lento-em-2019\/\",\"name\":\"CONSTRU\u00c7\u00c3O CIVIL TEM RITMO DE CRESCIMENTO MAIS LENTO EM 2019 - Bahia Economica\",\"isPartOf\":{\"@id\":\"https:\/\/bahiaeconomica.com.br\/wp\/#website\"},\"datePublished\":\"2019-07-26T12:00:53+00:00\",\"dateModified\":\"2019-07-26T12:33:39+00:00\",\"description\":\"O maior portal de Economia da Bahia DESTAQUE DO DIA, ECONOMIA \/ POL\u00cdTICA Bahia Economica\",\"breadcrumb\":{\"@id\":\"https:\/\/bahiaeconomica.com.br\/wp\/2019\/07\/26\/construcao-civil-tem-ritmo-de-crescimento-mais-lento-em-2019\/#breadcrumb\"},\"inLanguage\":\"pt-BR\",\"potentialAction\":[{\"@type\":\"ReadAction\",\"target\":[\"https:\/\/bahiaeconomica.com.br\/wp\/2019\/07\/26\/construcao-civil-tem-ritmo-de-crescimento-mais-lento-em-2019\/\"]}]},{\"@type\":\"BreadcrumbList\",\"@id\":\"https:\/\/bahiaeconomica.com.br\/wp\/2019\/07\/26\/construcao-civil-tem-ritmo-de-crescimento-mais-lento-em-2019\/#breadcrumb\",\"itemListElement\":[{\"@type\":\"ListItem\",\"position\":1,\"name\":\"In\u00edcio\",\"item\":\"https:\/\/bahiaeconomica.com.br\/wp\/\"},{\"@type\":\"ListItem\",\"position\":2,\"name\":\"CONSTRU\u00c7\u00c3O CIVIL TEM RITMO DE CRESCIMENTO MAIS LENTO EM 2019\"}]},{\"@type\":\"WebSite\",\"@id\":\"https:\/\/bahiaeconomica.com.br\/wp\/#website\",\"url\":\"https:\/\/bahiaeconomica.com.br\/wp\/\",\"name\":\"Bahia Economica\",\"description\":\"O maior portal de Economia da Bahia\",\"publisher\":{\"@id\":\"https:\/\/bahiaeconomica.com.br\/wp\/#organization\"},\"potentialAction\":[{\"@type\":\"SearchAction\",\"target\":{\"@type\":\"EntryPoint\",\"urlTemplate\":\"https:\/\/bahiaeconomica.com.br\/wp\/?s={search_term_string}\"},\"query-input\":\"required name=search_term_string\"}],\"inLanguage\":\"pt-BR\"},{\"@type\":\"Organization\",\"@id\":\"https:\/\/bahiaeconomica.com.br\/wp\/#organization\",\"name\":\"Bahia Econ\u00f4mica\",\"url\":\"https:\/\/bahiaeconomica.com.br\/wp\/\",\"logo\":{\"@type\":\"ImageObject\",\"inLanguage\":\"pt-BR\",\"@id\":\"https:\/\/bahiaeconomica.com.br\/wp\/#\/schema\/logo\/image\/\",\"url\":\"https:\/\/bahiaeconomica.com.br\/wp\/wp-content\/uploads\/2020\/12\/cropped-BE.png\",\"contentUrl\":\"https:\/\/bahiaeconomica.com.br\/wp\/wp-content\/uploads\/2020\/12\/cropped-BE.png\",\"width\":512,\"height\":512,\"caption\":\"Bahia Econ\u00f4mica\"},\"image\":{\"@id\":\"https:\/\/bahiaeconomica.com.br\/wp\/#\/schema\/logo\/image\/\"},\"sameAs\":[\"https:\/\/www.facebook.com\/bahiaeconomica\"]},{\"@type\":\"Person\",\"@id\":\"https:\/\/bahiaeconomica.com.br\/wp\/#\/schema\/person\/cb1ab5ba96ad3d9390805381c76284ec\",\"name\":\"admin\",\"url\":\"https:\/\/bahiaeconomica.com.br\/wp\/author\/admin\/\"}]}<\/script>\n<!-- \/ Yoast SEO plugin. -->","yoast_head_json":{"title":"CONSTRU\u00c7\u00c3O CIVIL TEM RITMO DE CRESCIMENTO MAIS LENTO EM 2019 - Bahia Economica","description":"O maior portal de Economia da Bahia DESTAQUE DO DIA, ECONOMIA \/ POL\u00cdTICA Bahia Economica","robots":{"index":"index","follow":"follow","max-snippet":"max-snippet:-1","max-image-preview":"max-image-preview:large","max-video-preview":"max-video-preview:-1"},"canonical":"https:\/\/bahiaeconomica.com.br\/wp\/2019\/07\/26\/construcao-civil-tem-ritmo-de-crescimento-mais-lento-em-2019\/","og_locale":"pt_BR","og_type":"article","og_title":"CONSTRU\u00c7\u00c3O CIVIL TEM RITMO DE CRESCIMENTO MAIS LENTO EM 2019 - Bahia Economica","og_description":"O maior portal de Economia da Bahia DESTAQUE DO DIA, ECONOMIA \/ POL\u00cdTICA Bahia Economica","og_url":"https:\/\/bahiaeconomica.com.br\/wp\/2019\/07\/26\/construcao-civil-tem-ritmo-de-crescimento-mais-lento-em-2019\/","og_site_name":"Bahia Economica","article_publisher":"https:\/\/www.facebook.com\/bahiaeconomica","article_published_time":"2019-07-26T12:00:53+00:00","article_modified_time":"2019-07-26T12:33:39+00:00","og_image":[{"width":500,"height":310,"url":"https:\/\/bahiaeconomica.com.br\/wp\/wp-content\/uploads\/2018\/04\/construcao-civil1-e1523534801892.jpg","type":"image\/jpeg"}],"author":"admin","twitter_card":"summary_large_image","twitter_misc":{"Escrito por":"admin","Est. tempo de leitura":"4 minutos"},"schema":{"@context":"https:\/\/schema.org","@graph":[{"@type":"Article","@id":"https:\/\/bahiaeconomica.com.br\/wp\/2019\/07\/26\/construcao-civil-tem-ritmo-de-crescimento-mais-lento-em-2019\/#article","isPartOf":{"@id":"https:\/\/bahiaeconomica.com.br\/wp\/2019\/07\/26\/construcao-civil-tem-ritmo-de-crescimento-mais-lento-em-2019\/"},"author":{"name":"admin","@id":"https:\/\/bahiaeconomica.com.br\/wp\/#\/schema\/person\/cb1ab5ba96ad3d9390805381c76284ec"},"headline":"CONSTRU\u00c7\u00c3O CIVIL TEM RITMO DE CRESCIMENTO MAIS LENTO EM 2019","datePublished":"2019-07-26T12:00:53+00:00","dateModified":"2019-07-26T12:33:39+00:00","mainEntityOfPage":{"@id":"https:\/\/bahiaeconomica.com.br\/wp\/2019\/07\/26\/construcao-civil-tem-ritmo-de-crescimento-mais-lento-em-2019\/"},"wordCount":745,"publisher":{"@id":"https:\/\/bahiaeconomica.com.br\/wp\/#organization"},"articleSection":["DESTAQUE DO DIA","ECONOMIA \/ POL\u00cdTICA"],"inLanguage":"pt-BR"},{"@type":"WebPage","@id":"https:\/\/bahiaeconomica.com.br\/wp\/2019\/07\/26\/construcao-civil-tem-ritmo-de-crescimento-mais-lento-em-2019\/","url":"https:\/\/bahiaeconomica.com.br\/wp\/2019\/07\/26\/construcao-civil-tem-ritmo-de-crescimento-mais-lento-em-2019\/","name":"CONSTRU\u00c7\u00c3O CIVIL TEM RITMO DE CRESCIMENTO MAIS LENTO EM 2019 - Bahia Economica","isPartOf":{"@id":"https:\/\/bahiaeconomica.com.br\/wp\/#website"},"datePublished":"2019-07-26T12:00:53+00:00","dateModified":"2019-07-26T12:33:39+00:00","description":"O maior portal de Economia da Bahia DESTAQUE DO DIA, ECONOMIA \/ POL\u00cdTICA Bahia Economica","breadcrumb":{"@id":"https:\/\/bahiaeconomica.com.br\/wp\/2019\/07\/26\/construcao-civil-tem-ritmo-de-crescimento-mais-lento-em-2019\/#breadcrumb"},"inLanguage":"pt-BR","potentialAction":[{"@type":"ReadAction","target":["https:\/\/bahiaeconomica.com.br\/wp\/2019\/07\/26\/construcao-civil-tem-ritmo-de-crescimento-mais-lento-em-2019\/"]}]},{"@type":"BreadcrumbList","@id":"https:\/\/bahiaeconomica.com.br\/wp\/2019\/07\/26\/construcao-civil-tem-ritmo-de-crescimento-mais-lento-em-2019\/#breadcrumb","itemListElement":[{"@type":"ListItem","position":1,"name":"In\u00edcio","item":"https:\/\/bahiaeconomica.com.br\/wp\/"},{"@type":"ListItem","position":2,"name":"CONSTRU\u00c7\u00c3O CIVIL TEM RITMO DE CRESCIMENTO MAIS LENTO EM 2019"}]},{"@type":"WebSite","@id":"https:\/\/bahiaeconomica.com.br\/wp\/#website","url":"https:\/\/bahiaeconomica.com.br\/wp\/","name":"Bahia Economica","description":"O maior portal de Economia da Bahia","publisher":{"@id":"https:\/\/bahiaeconomica.com.br\/wp\/#organization"},"potentialAction":[{"@type":"SearchAction","target":{"@type":"EntryPoint","urlTemplate":"https:\/\/bahiaeconomica.com.br\/wp\/?s={search_term_string}"},"query-input":"required name=search_term_string"}],"inLanguage":"pt-BR"},{"@type":"Organization","@id":"https:\/\/bahiaeconomica.com.br\/wp\/#organization","name":"Bahia Econ\u00f4mica","url":"https:\/\/bahiaeconomica.com.br\/wp\/","logo":{"@type":"ImageObject","inLanguage":"pt-BR","@id":"https:\/\/bahiaeconomica.com.br\/wp\/#\/schema\/logo\/image\/","url":"https:\/\/bahiaeconomica.com.br\/wp\/wp-content\/uploads\/2020\/12\/cropped-BE.png","contentUrl":"https:\/\/bahiaeconomica.com.br\/wp\/wp-content\/uploads\/2020\/12\/cropped-BE.png","width":512,"height":512,"caption":"Bahia Econ\u00f4mica"},"image":{"@id":"https:\/\/bahiaeconomica.com.br\/wp\/#\/schema\/logo\/image\/"},"sameAs":["https:\/\/www.facebook.com\/bahiaeconomica"]},{"@type":"Person","@id":"https:\/\/bahiaeconomica.com.br\/wp\/#\/schema\/person\/cb1ab5ba96ad3d9390805381c76284ec","name":"admin","url":"https:\/\/bahiaeconomica.com.br\/wp\/author\/admin\/"}]}},"views":1,"_links":{"self":[{"href":"https:\/\/bahiaeconomica.com.br\/wp\/wp-json\/wp\/v2\/posts\/370098"}],"collection":[{"href":"https:\/\/bahiaeconomica.com.br\/wp\/wp-json\/wp\/v2\/posts"}],"about":[{"href":"https:\/\/bahiaeconomica.com.br\/wp\/wp-json\/wp\/v2\/types\/post"}],"author":[{"embeddable":true,"href":"https:\/\/bahiaeconomica.com.br\/wp\/wp-json\/wp\/v2\/users\/1"}],"replies":[{"embeddable":true,"href":"https:\/\/bahiaeconomica.com.br\/wp\/wp-json\/wp\/v2\/comments?post=370098"}],"version-history":[{"count":1,"href":"https:\/\/bahiaeconomica.com.br\/wp\/wp-json\/wp\/v2\/posts\/370098\/revisions"}],"predecessor-version":[{"id":370099,"href":"https:\/\/bahiaeconomica.com.br\/wp\/wp-json\/wp\/v2\/posts\/370098\/revisions\/370099"}],"wp:featuredmedia":[{"embeddable":true,"href":"https:\/\/bahiaeconomica.com.br\/wp\/wp-json\/wp\/v2\/media\/10191"}],"wp:attachment":[{"href":"https:\/\/bahiaeconomica.com.br\/wp\/wp-json\/wp\/v2\/media?parent=370098"}],"wp:term":[{"taxonomy":"category","embeddable":true,"href":"https:\/\/bahiaeconomica.com.br\/wp\/wp-json\/wp\/v2\/categories?post=370098"},{"taxonomy":"post_tag","embeddable":true,"href":"https:\/\/bahiaeconomica.com.br\/wp\/wp-json\/wp\/v2\/tags?post=370098"}],"curies":[{"name":"wp","href":"https:\/\/api.w.org\/{rel}","templated":true}]}}