{"id":367683,"date":"2019-07-23T08:39:51","date_gmt":"2019-07-23T11:39:51","guid":{"rendered":"https:\/\/bahiaeconomica.com.br\/wp\/beta\/?p=367683"},"modified":"2019-07-23T10:41:31","modified_gmt":"2019-07-23T13:41:31","slug":"rui-costa-diz-que-bolsonaro-fala-muita-baixaria","status":"publish","type":"post","link":"https:\/\/bahiaeconomica.com.br\/wp\/2019\/07\/23\/rui-costa-diz-que-bolsonaro-fala-muita-baixaria\/","title":{"rendered":"RUI COSTA DIZ QUE BOLSONARO FALA MUITA BAIXARIA"},"content":{"rendered":"<p>O governador da Bahia, Rui Costa (PT-BA), criticou o presidente Jair Bolsonaro ap\u00f3s declara\u00e7\u00f5es sobre o Nordeste. \u201cN\u00e3o esperava na vida ver um presidente falar tanta baixaria\u201d, declarou Rui, segundo a coluna de M\u00f4nica Bergamo, na Folha de S. Paulo.<\/p>\n<p>Rui decidiu n\u00e3o ir \u00e0 inaugura\u00e7\u00e3o do Aeroporto de Vit\u00f3ria da Conquista hoje (23), que ter\u00e1 a presen\u00e7a do presidente, acusando o governo Bolsonaro de &#8220;excluir o povo&#8221; do evento. Conforme a colunista, os governadores do Nordeste v\u00e3o se reunir em Salvador, na pr\u00f3xima segunda (29), para divulgar medidas do cons\u00f3rcio que criaram em mar\u00e7o. Bolsonaro deve entrar na pauta do encontro de gestores.<\/p>\n<p>O presidente da Rep\u00fablica chamou os governadores do Nordeste \u201cde para\u00edbas\u201d. \u201cE como um presidente brinca com o tamanho da cabe\u00e7a de um ministro para dizer que ele pode ser do Nordeste?\u201d, reclamou Rui. Nas redes sociais, Bolsonaro ainda questionou ao ministro da Infraestrutura, Tarc\u00edsio de Freitas, se ele tinha \u201cparente pau-de-arara\u201d. \u201cCom essa cabe\u00e7a a\u00ed, tu n\u00e3o nega, n\u00e3o\u201d, afirmou o presidente, com uma gargalhada.<\/p>\n","protected":false},"excerpt":{"rendered":"<p>O governador da Bahia, Rui Costa (PT-BA), criticou o presidente Jair Bolsonaro ap\u00f3s declara\u00e7\u00f5es sobre o Nordeste. \u201cN\u00e3o esperava na vida ver um presidente falar tanta baixaria\u201d, declarou Rui, segundo a coluna de M\u00f4nica Bergamo, na Folha de S. Paulo. Rui decidiu n\u00e3o ir \u00e0 inaugura\u00e7\u00e3o do Aeroporto de Vit\u00f3ria da Conquista hoje (23), que [&hellip;]<\/p>\n","protected":false},"author":1,"featured_media":361121,"comment_status":"closed","ping_status":"closed","sticky":false,"template":"","format":"standard","meta":[],"categories":[3],"tags":[],"acf":[],"yoast_head":"<!-- This site is optimized with the Yoast SEO plugin v20.8 - https:\/\/yoast.com\/wordpress\/plugins\/seo\/ -->\n<title>RUI COSTA DIZ QUE BOLSONARO FALA MUITA BAIXARIA - Bahia Economica<\/title>\n<meta name=\"description\" content=\"O maior portal de Economia da Bahia ECONOMIA \/ POL\u00cdTICA Bahia Economica\" \/>\n<meta name=\"robots\" content=\"index, follow, max-snippet:-1, max-image-preview:large, max-video-preview:-1\" \/>\n<link rel=\"canonical\" href=\"https:\/\/bahiaeconomica.com.br\/wp\/2019\/07\/23\/rui-costa-diz-que-bolsonaro-fala-muita-baixaria\/\" \/>\n<meta property=\"og:locale\" content=\"pt_BR\" \/>\n<meta property=\"og:type\" content=\"article\" \/>\n<meta property=\"og:title\" content=\"RUI COSTA DIZ QUE BOLSONARO FALA MUITA BAIXARIA - Bahia Economica\" \/>\n<meta property=\"og:description\" content=\"O maior portal de Economia da Bahia ECONOMIA \/ POL\u00cdTICA Bahia Economica\" \/>\n<meta property=\"og:url\" content=\"https:\/\/bahiaeconomica.com.br\/wp\/2019\/07\/23\/rui-costa-diz-que-bolsonaro-fala-muita-baixaria\/\" \/>\n<meta property=\"og:site_name\" content=\"Bahia Economica\" \/>\n<meta property=\"article:publisher\" content=\"https:\/\/www.facebook.com\/bahiaeconomica\" \/>\n<meta property=\"article:published_time\" content=\"2019-07-23T11:39:51+00:00\" \/>\n<meta property=\"article:modified_time\" content=\"2019-07-23T13:41:31+00:00\" \/>\n<meta property=\"og:image\" content=\"https:\/\/bahiaeconomica.com.br\/wp\/wp-content\/uploads\/2019\/07\/RUI-COSTA-1024x682-e1562961098241.jpg\" \/>\n\t<meta property=\"og:image:width\" content=\"500\" \/>\n\t<meta property=\"og:image:height\" content=\"333\" \/>\n\t<meta property=\"og:image:type\" content=\"image\/jpeg\" \/>\n<meta name=\"author\" content=\"admin\" \/>\n<meta name=\"twitter:card\" content=\"summary_large_image\" \/>\n<meta name=\"twitter:label1\" content=\"Escrito por\" \/>\n\t<meta name=\"twitter:data1\" content=\"admin\" \/>\n\t<meta name=\"twitter:label2\" content=\"Est. tempo de leitura\" \/>\n\t<meta name=\"twitter:data2\" content=\"1 minuto\" \/>\n<script type=\"application\/ld+json\" class=\"yoast-schema-graph\">{\"@context\":\"https:\/\/schema.org\",\"@graph\":[{\"@type\":\"Article\",\"@id\":\"https:\/\/bahiaeconomica.com.br\/wp\/2019\/07\/23\/rui-costa-diz-que-bolsonaro-fala-muita-baixaria\/#article\",\"isPartOf\":{\"@id\":\"https:\/\/bahiaeconomica.com.br\/wp\/2019\/07\/23\/rui-costa-diz-que-bolsonaro-fala-muita-baixaria\/\"},\"author\":{\"name\":\"admin\",\"@id\":\"https:\/\/bahiaeconomica.com.br\/wp\/#\/schema\/person\/cb1ab5ba96ad3d9390805381c76284ec\"},\"headline\":\"RUI COSTA DIZ QUE BOLSONARO FALA MUITA BAIXARIA\",\"datePublished\":\"2019-07-23T11:39:51+00:00\",\"dateModified\":\"2019-07-23T13:41:31+00:00\",\"mainEntityOfPage\":{\"@id\":\"https:\/\/bahiaeconomica.com.br\/wp\/2019\/07\/23\/rui-costa-diz-que-bolsonaro-fala-muita-baixaria\/\"},\"wordCount\":194,\"publisher\":{\"@id\":\"https:\/\/bahiaeconomica.com.br\/wp\/#organization\"},\"articleSection\":[\"ECONOMIA \/ POL\u00cdTICA\"],\"inLanguage\":\"pt-BR\"},{\"@type\":\"WebPage\",\"@id\":\"https:\/\/bahiaeconomica.com.br\/wp\/2019\/07\/23\/rui-costa-diz-que-bolsonaro-fala-muita-baixaria\/\",\"url\":\"https:\/\/bahiaeconomica.com.br\/wp\/2019\/07\/23\/rui-costa-diz-que-bolsonaro-fala-muita-baixaria\/\",\"name\":\"RUI COSTA DIZ QUE BOLSONARO FALA MUITA BAIXARIA - Bahia Economica\",\"isPartOf\":{\"@id\":\"https:\/\/bahiaeconomica.com.br\/wp\/#website\"},\"datePublished\":\"2019-07-23T11:39:51+00:00\",\"dateModified\":\"2019-07-23T13:41:31+00:00\",\"description\":\"O maior portal de Economia da Bahia ECONOMIA \/ POL\u00cdTICA Bahia Economica\",\"breadcrumb\":{\"@id\":\"https:\/\/bahiaeconomica.com.br\/wp\/2019\/07\/23\/rui-costa-diz-que-bolsonaro-fala-muita-baixaria\/#breadcrumb\"},\"inLanguage\":\"pt-BR\",\"potentialAction\":[{\"@type\":\"ReadAction\",\"target\":[\"https:\/\/bahiaeconomica.com.br\/wp\/2019\/07\/23\/rui-costa-diz-que-bolsonaro-fala-muita-baixaria\/\"]}]},{\"@type\":\"BreadcrumbList\",\"@id\":\"https:\/\/bahiaeconomica.com.br\/wp\/2019\/07\/23\/rui-costa-diz-que-bolsonaro-fala-muita-baixaria\/#breadcrumb\",\"itemListElement\":[{\"@type\":\"ListItem\",\"position\":1,\"name\":\"In\u00edcio\",\"item\":\"https:\/\/bahiaeconomica.com.br\/wp\/\"},{\"@type\":\"ListItem\",\"position\":2,\"name\":\"RUI COSTA DIZ QUE BOLSONARO FALA MUITA BAIXARIA\"}]},{\"@type\":\"WebSite\",\"@id\":\"https:\/\/bahiaeconomica.com.br\/wp\/#website\",\"url\":\"https:\/\/bahiaeconomica.com.br\/wp\/\",\"name\":\"Bahia Economica\",\"description\":\"O maior portal de Economia da Bahia\",\"publisher\":{\"@id\":\"https:\/\/bahiaeconomica.com.br\/wp\/#organization\"},\"potentialAction\":[{\"@type\":\"SearchAction\",\"target\":{\"@type\":\"EntryPoint\",\"urlTemplate\":\"https:\/\/bahiaeconomica.com.br\/wp\/?s={search_term_string}\"},\"query-input\":\"required name=search_term_string\"}],\"inLanguage\":\"pt-BR\"},{\"@type\":\"Organization\",\"@id\":\"https:\/\/bahiaeconomica.com.br\/wp\/#organization\",\"name\":\"Bahia Econ\u00f4mica\",\"url\":\"https:\/\/bahiaeconomica.com.br\/wp\/\",\"logo\":{\"@type\":\"ImageObject\",\"inLanguage\":\"pt-BR\",\"@id\":\"https:\/\/bahiaeconomica.com.br\/wp\/#\/schema\/logo\/image\/\",\"url\":\"https:\/\/bahiaeconomica.com.br\/wp\/wp-content\/uploads\/2020\/12\/cropped-BE.png\",\"contentUrl\":\"https:\/\/bahiaeconomica.com.br\/wp\/wp-content\/uploads\/2020\/12\/cropped-BE.png\",\"width\":512,\"height\":512,\"caption\":\"Bahia Econ\u00f4mica\"},\"image\":{\"@id\":\"https:\/\/bahiaeconomica.com.br\/wp\/#\/schema\/logo\/image\/\"},\"sameAs\":[\"https:\/\/www.facebook.com\/bahiaeconomica\"]},{\"@type\":\"Person\",\"@id\":\"https:\/\/bahiaeconomica.com.br\/wp\/#\/schema\/person\/cb1ab5ba96ad3d9390805381c76284ec\",\"name\":\"admin\",\"url\":\"https:\/\/bahiaeconomica.com.br\/wp\/author\/admin\/\"}]}<\/script>\n<!-- \/ Yoast SEO plugin. -->","yoast_head_json":{"title":"RUI COSTA DIZ QUE BOLSONARO FALA MUITA BAIXARIA - Bahia Economica","description":"O maior portal de Economia da Bahia ECONOMIA \/ POL\u00cdTICA Bahia Economica","robots":{"index":"index","follow":"follow","max-snippet":"max-snippet:-1","max-image-preview":"max-image-preview:large","max-video-preview":"max-video-preview:-1"},"canonical":"https:\/\/bahiaeconomica.com.br\/wp\/2019\/07\/23\/rui-costa-diz-que-bolsonaro-fala-muita-baixaria\/","og_locale":"pt_BR","og_type":"article","og_title":"RUI COSTA DIZ QUE BOLSONARO FALA MUITA BAIXARIA - Bahia Economica","og_description":"O maior portal de Economia da Bahia ECONOMIA \/ POL\u00cdTICA Bahia Economica","og_url":"https:\/\/bahiaeconomica.com.br\/wp\/2019\/07\/23\/rui-costa-diz-que-bolsonaro-fala-muita-baixaria\/","og_site_name":"Bahia Economica","article_publisher":"https:\/\/www.facebook.com\/bahiaeconomica","article_published_time":"2019-07-23T11:39:51+00:00","article_modified_time":"2019-07-23T13:41:31+00:00","og_image":[{"width":500,"height":333,"url":"https:\/\/bahiaeconomica.com.br\/wp\/wp-content\/uploads\/2019\/07\/RUI-COSTA-1024x682-e1562961098241.jpg","type":"image\/jpeg"}],"author":"admin","twitter_card":"summary_large_image","twitter_misc":{"Escrito por":"admin","Est. tempo de leitura":"1 minuto"},"schema":{"@context":"https:\/\/schema.org","@graph":[{"@type":"Article","@id":"https:\/\/bahiaeconomica.com.br\/wp\/2019\/07\/23\/rui-costa-diz-que-bolsonaro-fala-muita-baixaria\/#article","isPartOf":{"@id":"https:\/\/bahiaeconomica.com.br\/wp\/2019\/07\/23\/rui-costa-diz-que-bolsonaro-fala-muita-baixaria\/"},"author":{"name":"admin","@id":"https:\/\/bahiaeconomica.com.br\/wp\/#\/schema\/person\/cb1ab5ba96ad3d9390805381c76284ec"},"headline":"RUI COSTA DIZ QUE BOLSONARO FALA MUITA BAIXARIA","datePublished":"2019-07-23T11:39:51+00:00","dateModified":"2019-07-23T13:41:31+00:00","mainEntityOfPage":{"@id":"https:\/\/bahiaeconomica.com.br\/wp\/2019\/07\/23\/rui-costa-diz-que-bolsonaro-fala-muita-baixaria\/"},"wordCount":194,"publisher":{"@id":"https:\/\/bahiaeconomica.com.br\/wp\/#organization"},"articleSection":["ECONOMIA \/ POL\u00cdTICA"],"inLanguage":"pt-BR"},{"@type":"WebPage","@id":"https:\/\/bahiaeconomica.com.br\/wp\/2019\/07\/23\/rui-costa-diz-que-bolsonaro-fala-muita-baixaria\/","url":"https:\/\/bahiaeconomica.com.br\/wp\/2019\/07\/23\/rui-costa-diz-que-bolsonaro-fala-muita-baixaria\/","name":"RUI COSTA DIZ QUE BOLSONARO FALA MUITA BAIXARIA - Bahia Economica","isPartOf":{"@id":"https:\/\/bahiaeconomica.com.br\/wp\/#website"},"datePublished":"2019-07-23T11:39:51+00:00","dateModified":"2019-07-23T13:41:31+00:00","description":"O maior portal de Economia da Bahia ECONOMIA \/ POL\u00cdTICA Bahia Economica","breadcrumb":{"@id":"https:\/\/bahiaeconomica.com.br\/wp\/2019\/07\/23\/rui-costa-diz-que-bolsonaro-fala-muita-baixaria\/#breadcrumb"},"inLanguage":"pt-BR","potentialAction":[{"@type":"ReadAction","target":["https:\/\/bahiaeconomica.com.br\/wp\/2019\/07\/23\/rui-costa-diz-que-bolsonaro-fala-muita-baixaria\/"]}]},{"@type":"BreadcrumbList","@id":"https:\/\/bahiaeconomica.com.br\/wp\/2019\/07\/23\/rui-costa-diz-que-bolsonaro-fala-muita-baixaria\/#breadcrumb","itemListElement":[{"@type":"ListItem","position":1,"name":"In\u00edcio","item":"https:\/\/bahiaeconomica.com.br\/wp\/"},{"@type":"ListItem","position":2,"name":"RUI COSTA DIZ QUE BOLSONARO FALA MUITA BAIXARIA"}]},{"@type":"WebSite","@id":"https:\/\/bahiaeconomica.com.br\/wp\/#website","url":"https:\/\/bahiaeconomica.com.br\/wp\/","name":"Bahia Economica","description":"O maior portal de Economia da Bahia","publisher":{"@id":"https:\/\/bahiaeconomica.com.br\/wp\/#organization"},"potentialAction":[{"@type":"SearchAction","target":{"@type":"EntryPoint","urlTemplate":"https:\/\/bahiaeconomica.com.br\/wp\/?s={search_term_string}"},"query-input":"required name=search_term_string"}],"inLanguage":"pt-BR"},{"@type":"Organization","@id":"https:\/\/bahiaeconomica.com.br\/wp\/#organization","name":"Bahia Econ\u00f4mica","url":"https:\/\/bahiaeconomica.com.br\/wp\/","logo":{"@type":"ImageObject","inLanguage":"pt-BR","@id":"https:\/\/bahiaeconomica.com.br\/wp\/#\/schema\/logo\/image\/","url":"https:\/\/bahiaeconomica.com.br\/wp\/wp-content\/uploads\/2020\/12\/cropped-BE.png","contentUrl":"https:\/\/bahiaeconomica.com.br\/wp\/wp-content\/uploads\/2020\/12\/cropped-BE.png","width":512,"height":512,"caption":"Bahia Econ\u00f4mica"},"image":{"@id":"https:\/\/bahiaeconomica.com.br\/wp\/#\/schema\/logo\/image\/"},"sameAs":["https:\/\/www.facebook.com\/bahiaeconomica"]},{"@type":"Person","@id":"https:\/\/bahiaeconomica.com.br\/wp\/#\/schema\/person\/cb1ab5ba96ad3d9390805381c76284ec","name":"admin","url":"https:\/\/bahiaeconomica.com.br\/wp\/author\/admin\/"}]}},"views":1,"_links":{"self":[{"href":"https:\/\/bahiaeconomica.com.br\/wp\/wp-json\/wp\/v2\/posts\/367683"}],"collection":[{"href":"https:\/\/bahiaeconomica.com.br\/wp\/wp-json\/wp\/v2\/posts"}],"about":[{"href":"https:\/\/bahiaeconomica.com.br\/wp\/wp-json\/wp\/v2\/types\/post"}],"author":[{"embeddable":true,"href":"https:\/\/bahiaeconomica.com.br\/wp\/wp-json\/wp\/v2\/users\/1"}],"replies":[{"embeddable":true,"href":"https:\/\/bahiaeconomica.com.br\/wp\/wp-json\/wp\/v2\/comments?post=367683"}],"version-history":[{"count":2,"href":"https:\/\/bahiaeconomica.com.br\/wp\/wp-json\/wp\/v2\/posts\/367683\/revisions"}],"predecessor-version":[{"id":367700,"href":"https:\/\/bahiaeconomica.com.br\/wp\/wp-json\/wp\/v2\/posts\/367683\/revisions\/367700"}],"wp:featuredmedia":[{"embeddable":true,"href":"https:\/\/bahiaeconomica.com.br\/wp\/wp-json\/wp\/v2\/media\/361121"}],"wp:attachment":[{"href":"https:\/\/bahiaeconomica.com.br\/wp\/wp-json\/wp\/v2\/media?parent=367683"}],"wp:term":[{"taxonomy":"category","embeddable":true,"href":"https:\/\/bahiaeconomica.com.br\/wp\/wp-json\/wp\/v2\/categories?post=367683"},{"taxonomy":"post_tag","embeddable":true,"href":"https:\/\/bahiaeconomica.com.br\/wp\/wp-json\/wp\/v2\/tags?post=367683"}],"curies":[{"name":"wp","href":"https:\/\/api.w.org\/{rel}","templated":true}]}}