{"id":364733,"date":"2019-07-18T09:49:27","date_gmt":"2019-07-18T12:49:27","guid":{"rendered":"https:\/\/bahiaeconomica.com.br\/wp\/beta\/?p=364733"},"modified":"2019-07-18T09:49:27","modified_gmt":"2019-07-18T12:49:27","slug":"estado-realiza-matricula-para-os-cursos-tecnicos-de-nivel-medio","status":"publish","type":"post","link":"https:\/\/bahiaeconomica.com.br\/wp\/2019\/07\/18\/estado-realiza-matricula-para-os-cursos-tecnicos-de-nivel-medio\/","title":{"rendered":"ESTADO REALIZA MATR\u00cdCULA PARA OS CURSOS T\u00c9CNICOS DE N\u00cdVEL M\u00c9DIO"},"content":{"rendered":"<p style=\"text-align: justify;\">A Secretaria da Educa\u00e7\u00e3o do Estado realiza, nestas quinta e sexta-feira (18 e 19), a matr\u00edcula para os cursos t\u00e9cnicos de n\u00edvel m\u00e9dio para o segundo semestre na rede estadual de ensino. S\u00e3o mais de 20 mil vagas ofertadas para duas formas de articula\u00e7\u00e3o. Deste total, 12.510 vagas s\u00e3o para a forma de articula\u00e7\u00e3o Subsequente, para aqueles que se inscreveram e foram classificados no sorteio eletr\u00f4nico, cujo resultado est\u00e1 dispon\u00edvel no Portal da Educa\u00e7\u00e3o (www.educacao.ba.gov.br). As outras 7.720 vagas s\u00e3o para cursos do PROEJA M\u00e9dio, direcionadas a aqueles com mais de 18 anos, que conclu\u00edram o Ensino Fundamental e que n\u00e3o precisaram de inscri\u00e7\u00e3o pr\u00e9via.<\/p>\n<p style=\"text-align: justify;\">A matr\u00edcula para as duas formas de articula\u00e7\u00e3o ser\u00e1 realizada, presencialmente, nas unidades de ensino. No caso do subsequente, os candidatos devem se dirigir \u00e0s unidades escolares indicadas na inscri\u00e7\u00e3o do sorteio eletr\u00f4nico e para os quais foram contemplados. Os do Proeja devem observar as unidades ofertantes conforme lista dispon\u00edvel no Portal da Educa\u00e7\u00e3o. Nos dois casos, no ato da matr\u00edcula, o estudante deve apresentar documentos como o original do hist\u00f3rico escolar; originais e c\u00f3pias da c\u00e9dula de identidade ou certid\u00e3o de registro civil; do CPF; e do comprovante de resid\u00eancia. As aulas ser\u00e3o iniciadas no dia 29 de julho.<\/p>\n<p style=\"text-align: justify;\">As vagas ofertadas s\u00e3o para os Centros Estaduais e Centros Territoriais de Educa\u00e7\u00e3o Profissional, al\u00e9m de unidades compartilhadas na capital, e em mais 97 munic\u00edpios dos 27 Territ\u00f3rios de Identidade, entre os quais est\u00e3o: Feira de Santana, Vit\u00f3ria da Conquista, Itabuna, Gandu, Ipia\u00fa, Ilh\u00e9us, Jequi\u00e9, Juazeiro, Senhor do Bonfim, Barreiras, Seabra, Itaberaba, Serrinha, S\u00e3o Domingos, Bom Jesus da Lapa, Xique-xique, Irec\u00ea, Santo Ant\u00f4nio de Jesus, Cruz das Almas, Alagoinhas, Maca\u00fabas e Caetit\u00e9<\/p>\n<p style=\"text-align: justify;\">Ao todo s\u00e3o 45 cursos disponibilizados, a exemplo de: Administra\u00e7\u00e3o, Seguran\u00e7a do Trabalho, Log\u00edstica, Meio Ambiente, Agroecologia, Agropecu\u00e1ria, Enfermagem, Nutri\u00e7\u00e3o e Diet\u00e9tica, An\u00e1lises Cl\u00ednicas, Edifica\u00e7\u00f5es, Eletrot\u00e9cnica, Inform\u00e1tica, Contabilidade, Farm\u00e1cia, Qu\u00edmica, Cozinha, Alimentos, Panifica\u00e7\u00e3o, Recursos Humanos, Edifica\u00e7\u00f5es, Desenho da Constru\u00e7\u00e3o Civil, Rede de Computadores, Secretariado, Conserva\u00e7\u00e3o e Restauro, Artes Visuais, Instrumento Musical, Documenta\u00e7\u00e3o Musical e Reg\u00eancia.<\/p>\n","protected":false},"excerpt":{"rendered":"<p>A Secretaria da Educa\u00e7\u00e3o do Estado realiza, nestas quinta e sexta-feira (18 e 19), a matr\u00edcula para os cursos t\u00e9cnicos de n\u00edvel m\u00e9dio para o segundo semestre na rede estadual de ensino. S\u00e3o mais de 20 mil vagas ofertadas para duas formas de articula\u00e7\u00e3o. Deste total, 12.510 vagas s\u00e3o para a forma de articula\u00e7\u00e3o Subsequente, [&hellip;]<\/p>\n","protected":false},"author":1,"featured_media":364735,"comment_status":"closed","ping_status":"closed","sticky":false,"template":"","format":"standard","meta":[],"categories":[14,3],"tags":[],"acf":[],"yoast_head":"<!-- This site is optimized with the Yoast SEO plugin v20.8 - https:\/\/yoast.com\/wordpress\/plugins\/seo\/ -->\n<title>ESTADO REALIZA MATR\u00cdCULA PARA OS CURSOS T\u00c9CNICOS DE N\u00cdVEL M\u00c9DIO - Bahia Economica<\/title>\n<meta name=\"description\" content=\"O maior portal de Economia da Bahia DESTAQUE DO DIA, ECONOMIA \/ POL\u00cdTICA Bahia Economica\" \/>\n<meta name=\"robots\" content=\"index, follow, max-snippet:-1, max-image-preview:large, max-video-preview:-1\" \/>\n<link rel=\"canonical\" href=\"https:\/\/bahiaeconomica.com.br\/wp\/2019\/07\/18\/estado-realiza-matricula-para-os-cursos-tecnicos-de-nivel-medio\/\" \/>\n<meta property=\"og:locale\" content=\"pt_BR\" \/>\n<meta property=\"og:type\" content=\"article\" \/>\n<meta property=\"og:title\" content=\"ESTADO REALIZA MATR\u00cdCULA PARA OS CURSOS T\u00c9CNICOS DE N\u00cdVEL M\u00c9DIO - Bahia Economica\" \/>\n<meta property=\"og:description\" content=\"O maior portal de Economia da Bahia DESTAQUE DO DIA, ECONOMIA \/ POL\u00cdTICA Bahia Economica\" \/>\n<meta property=\"og:url\" content=\"https:\/\/bahiaeconomica.com.br\/wp\/2019\/07\/18\/estado-realiza-matricula-para-os-cursos-tecnicos-de-nivel-medio\/\" \/>\n<meta property=\"og:site_name\" content=\"Bahia Economica\" \/>\n<meta property=\"article:publisher\" content=\"https:\/\/www.facebook.com\/bahiaeconomica\" \/>\n<meta property=\"article:published_time\" content=\"2019-07-18T12:49:27+00:00\" \/>\n<meta property=\"og:image\" content=\"https:\/\/bahiaeconomica.com.br\/wp\/wp-content\/uploads\/2019\/07\/16880637448_980d17eaca_k-e1563454147822.jpg\" \/>\n\t<meta property=\"og:image:width\" content=\"500\" \/>\n\t<meta property=\"og:image:height\" content=\"335\" \/>\n\t<meta property=\"og:image:type\" content=\"image\/jpeg\" \/>\n<meta name=\"author\" content=\"admin\" \/>\n<meta name=\"twitter:card\" content=\"summary_large_image\" \/>\n<meta name=\"twitter:label1\" content=\"Escrito por\" \/>\n\t<meta name=\"twitter:data1\" content=\"admin\" \/>\n\t<meta name=\"twitter:label2\" content=\"Est. tempo de leitura\" \/>\n\t<meta name=\"twitter:data2\" content=\"2 minutos\" \/>\n<script type=\"application\/ld+json\" class=\"yoast-schema-graph\">{\"@context\":\"https:\/\/schema.org\",\"@graph\":[{\"@type\":\"Article\",\"@id\":\"https:\/\/bahiaeconomica.com.br\/wp\/2019\/07\/18\/estado-realiza-matricula-para-os-cursos-tecnicos-de-nivel-medio\/#article\",\"isPartOf\":{\"@id\":\"https:\/\/bahiaeconomica.com.br\/wp\/2019\/07\/18\/estado-realiza-matricula-para-os-cursos-tecnicos-de-nivel-medio\/\"},\"author\":{\"name\":\"admin\",\"@id\":\"https:\/\/bahiaeconomica.com.br\/wp\/#\/schema\/person\/cb1ab5ba96ad3d9390805381c76284ec\"},\"headline\":\"ESTADO REALIZA MATR\u00cdCULA PARA OS CURSOS T\u00c9CNICOS DE N\u00cdVEL M\u00c9DIO\",\"datePublished\":\"2019-07-18T12:49:27+00:00\",\"dateModified\":\"2019-07-18T12:49:27+00:00\",\"mainEntityOfPage\":{\"@id\":\"https:\/\/bahiaeconomica.com.br\/wp\/2019\/07\/18\/estado-realiza-matricula-para-os-cursos-tecnicos-de-nivel-medio\/\"},\"wordCount\":402,\"publisher\":{\"@id\":\"https:\/\/bahiaeconomica.com.br\/wp\/#organization\"},\"articleSection\":[\"DESTAQUE DO DIA\",\"ECONOMIA \/ POL\u00cdTICA\"],\"inLanguage\":\"pt-BR\"},{\"@type\":\"WebPage\",\"@id\":\"https:\/\/bahiaeconomica.com.br\/wp\/2019\/07\/18\/estado-realiza-matricula-para-os-cursos-tecnicos-de-nivel-medio\/\",\"url\":\"https:\/\/bahiaeconomica.com.br\/wp\/2019\/07\/18\/estado-realiza-matricula-para-os-cursos-tecnicos-de-nivel-medio\/\",\"name\":\"ESTADO REALIZA MATR\u00cdCULA PARA OS CURSOS T\u00c9CNICOS DE N\u00cdVEL M\u00c9DIO - Bahia Economica\",\"isPartOf\":{\"@id\":\"https:\/\/bahiaeconomica.com.br\/wp\/#website\"},\"datePublished\":\"2019-07-18T12:49:27+00:00\",\"dateModified\":\"2019-07-18T12:49:27+00:00\",\"description\":\"O maior portal de Economia da Bahia DESTAQUE DO DIA, ECONOMIA \/ POL\u00cdTICA Bahia Economica\",\"breadcrumb\":{\"@id\":\"https:\/\/bahiaeconomica.com.br\/wp\/2019\/07\/18\/estado-realiza-matricula-para-os-cursos-tecnicos-de-nivel-medio\/#breadcrumb\"},\"inLanguage\":\"pt-BR\",\"potentialAction\":[{\"@type\":\"ReadAction\",\"target\":[\"https:\/\/bahiaeconomica.com.br\/wp\/2019\/07\/18\/estado-realiza-matricula-para-os-cursos-tecnicos-de-nivel-medio\/\"]}]},{\"@type\":\"BreadcrumbList\",\"@id\":\"https:\/\/bahiaeconomica.com.br\/wp\/2019\/07\/18\/estado-realiza-matricula-para-os-cursos-tecnicos-de-nivel-medio\/#breadcrumb\",\"itemListElement\":[{\"@type\":\"ListItem\",\"position\":1,\"name\":\"In\u00edcio\",\"item\":\"https:\/\/bahiaeconomica.com.br\/wp\/\"},{\"@type\":\"ListItem\",\"position\":2,\"name\":\"ESTADO REALIZA MATR\u00cdCULA PARA OS CURSOS T\u00c9CNICOS DE N\u00cdVEL M\u00c9DIO\"}]},{\"@type\":\"WebSite\",\"@id\":\"https:\/\/bahiaeconomica.com.br\/wp\/#website\",\"url\":\"https:\/\/bahiaeconomica.com.br\/wp\/\",\"name\":\"Bahia Economica\",\"description\":\"O maior portal de Economia da Bahia\",\"publisher\":{\"@id\":\"https:\/\/bahiaeconomica.com.br\/wp\/#organization\"},\"potentialAction\":[{\"@type\":\"SearchAction\",\"target\":{\"@type\":\"EntryPoint\",\"urlTemplate\":\"https:\/\/bahiaeconomica.com.br\/wp\/?s={search_term_string}\"},\"query-input\":\"required name=search_term_string\"}],\"inLanguage\":\"pt-BR\"},{\"@type\":\"Organization\",\"@id\":\"https:\/\/bahiaeconomica.com.br\/wp\/#organization\",\"name\":\"Bahia Econ\u00f4mica\",\"url\":\"https:\/\/bahiaeconomica.com.br\/wp\/\",\"logo\":{\"@type\":\"ImageObject\",\"inLanguage\":\"pt-BR\",\"@id\":\"https:\/\/bahiaeconomica.com.br\/wp\/#\/schema\/logo\/image\/\",\"url\":\"https:\/\/bahiaeconomica.com.br\/wp\/wp-content\/uploads\/2020\/12\/cropped-BE.png\",\"contentUrl\":\"https:\/\/bahiaeconomica.com.br\/wp\/wp-content\/uploads\/2020\/12\/cropped-BE.png\",\"width\":512,\"height\":512,\"caption\":\"Bahia Econ\u00f4mica\"},\"image\":{\"@id\":\"https:\/\/bahiaeconomica.com.br\/wp\/#\/schema\/logo\/image\/\"},\"sameAs\":[\"https:\/\/www.facebook.com\/bahiaeconomica\"]},{\"@type\":\"Person\",\"@id\":\"https:\/\/bahiaeconomica.com.br\/wp\/#\/schema\/person\/cb1ab5ba96ad3d9390805381c76284ec\",\"name\":\"admin\",\"url\":\"https:\/\/bahiaeconomica.com.br\/wp\/author\/admin\/\"}]}<\/script>\n<!-- \/ Yoast SEO plugin. -->","yoast_head_json":{"title":"ESTADO REALIZA MATR\u00cdCULA PARA OS CURSOS T\u00c9CNICOS DE N\u00cdVEL M\u00c9DIO - Bahia Economica","description":"O maior portal de Economia da Bahia DESTAQUE DO DIA, ECONOMIA \/ POL\u00cdTICA Bahia Economica","robots":{"index":"index","follow":"follow","max-snippet":"max-snippet:-1","max-image-preview":"max-image-preview:large","max-video-preview":"max-video-preview:-1"},"canonical":"https:\/\/bahiaeconomica.com.br\/wp\/2019\/07\/18\/estado-realiza-matricula-para-os-cursos-tecnicos-de-nivel-medio\/","og_locale":"pt_BR","og_type":"article","og_title":"ESTADO REALIZA MATR\u00cdCULA PARA OS CURSOS T\u00c9CNICOS DE N\u00cdVEL M\u00c9DIO - Bahia Economica","og_description":"O maior portal de Economia da Bahia DESTAQUE DO DIA, ECONOMIA \/ POL\u00cdTICA Bahia Economica","og_url":"https:\/\/bahiaeconomica.com.br\/wp\/2019\/07\/18\/estado-realiza-matricula-para-os-cursos-tecnicos-de-nivel-medio\/","og_site_name":"Bahia Economica","article_publisher":"https:\/\/www.facebook.com\/bahiaeconomica","article_published_time":"2019-07-18T12:49:27+00:00","og_image":[{"width":500,"height":335,"url":"https:\/\/bahiaeconomica.com.br\/wp\/wp-content\/uploads\/2019\/07\/16880637448_980d17eaca_k-e1563454147822.jpg","type":"image\/jpeg"}],"author":"admin","twitter_card":"summary_large_image","twitter_misc":{"Escrito por":"admin","Est. tempo de leitura":"2 minutos"},"schema":{"@context":"https:\/\/schema.org","@graph":[{"@type":"Article","@id":"https:\/\/bahiaeconomica.com.br\/wp\/2019\/07\/18\/estado-realiza-matricula-para-os-cursos-tecnicos-de-nivel-medio\/#article","isPartOf":{"@id":"https:\/\/bahiaeconomica.com.br\/wp\/2019\/07\/18\/estado-realiza-matricula-para-os-cursos-tecnicos-de-nivel-medio\/"},"author":{"name":"admin","@id":"https:\/\/bahiaeconomica.com.br\/wp\/#\/schema\/person\/cb1ab5ba96ad3d9390805381c76284ec"},"headline":"ESTADO REALIZA MATR\u00cdCULA PARA OS CURSOS T\u00c9CNICOS DE N\u00cdVEL M\u00c9DIO","datePublished":"2019-07-18T12:49:27+00:00","dateModified":"2019-07-18T12:49:27+00:00","mainEntityOfPage":{"@id":"https:\/\/bahiaeconomica.com.br\/wp\/2019\/07\/18\/estado-realiza-matricula-para-os-cursos-tecnicos-de-nivel-medio\/"},"wordCount":402,"publisher":{"@id":"https:\/\/bahiaeconomica.com.br\/wp\/#organization"},"articleSection":["DESTAQUE DO DIA","ECONOMIA \/ POL\u00cdTICA"],"inLanguage":"pt-BR"},{"@type":"WebPage","@id":"https:\/\/bahiaeconomica.com.br\/wp\/2019\/07\/18\/estado-realiza-matricula-para-os-cursos-tecnicos-de-nivel-medio\/","url":"https:\/\/bahiaeconomica.com.br\/wp\/2019\/07\/18\/estado-realiza-matricula-para-os-cursos-tecnicos-de-nivel-medio\/","name":"ESTADO REALIZA MATR\u00cdCULA PARA OS CURSOS T\u00c9CNICOS DE N\u00cdVEL M\u00c9DIO - Bahia Economica","isPartOf":{"@id":"https:\/\/bahiaeconomica.com.br\/wp\/#website"},"datePublished":"2019-07-18T12:49:27+00:00","dateModified":"2019-07-18T12:49:27+00:00","description":"O maior portal de Economia da Bahia DESTAQUE DO DIA, ECONOMIA \/ POL\u00cdTICA Bahia Economica","breadcrumb":{"@id":"https:\/\/bahiaeconomica.com.br\/wp\/2019\/07\/18\/estado-realiza-matricula-para-os-cursos-tecnicos-de-nivel-medio\/#breadcrumb"},"inLanguage":"pt-BR","potentialAction":[{"@type":"ReadAction","target":["https:\/\/bahiaeconomica.com.br\/wp\/2019\/07\/18\/estado-realiza-matricula-para-os-cursos-tecnicos-de-nivel-medio\/"]}]},{"@type":"BreadcrumbList","@id":"https:\/\/bahiaeconomica.com.br\/wp\/2019\/07\/18\/estado-realiza-matricula-para-os-cursos-tecnicos-de-nivel-medio\/#breadcrumb","itemListElement":[{"@type":"ListItem","position":1,"name":"In\u00edcio","item":"https:\/\/bahiaeconomica.com.br\/wp\/"},{"@type":"ListItem","position":2,"name":"ESTADO REALIZA MATR\u00cdCULA PARA OS CURSOS T\u00c9CNICOS DE N\u00cdVEL M\u00c9DIO"}]},{"@type":"WebSite","@id":"https:\/\/bahiaeconomica.com.br\/wp\/#website","url":"https:\/\/bahiaeconomica.com.br\/wp\/","name":"Bahia Economica","description":"O maior portal de Economia da Bahia","publisher":{"@id":"https:\/\/bahiaeconomica.com.br\/wp\/#organization"},"potentialAction":[{"@type":"SearchAction","target":{"@type":"EntryPoint","urlTemplate":"https:\/\/bahiaeconomica.com.br\/wp\/?s={search_term_string}"},"query-input":"required name=search_term_string"}],"inLanguage":"pt-BR"},{"@type":"Organization","@id":"https:\/\/bahiaeconomica.com.br\/wp\/#organization","name":"Bahia Econ\u00f4mica","url":"https:\/\/bahiaeconomica.com.br\/wp\/","logo":{"@type":"ImageObject","inLanguage":"pt-BR","@id":"https:\/\/bahiaeconomica.com.br\/wp\/#\/schema\/logo\/image\/","url":"https:\/\/bahiaeconomica.com.br\/wp\/wp-content\/uploads\/2020\/12\/cropped-BE.png","contentUrl":"https:\/\/bahiaeconomica.com.br\/wp\/wp-content\/uploads\/2020\/12\/cropped-BE.png","width":512,"height":512,"caption":"Bahia Econ\u00f4mica"},"image":{"@id":"https:\/\/bahiaeconomica.com.br\/wp\/#\/schema\/logo\/image\/"},"sameAs":["https:\/\/www.facebook.com\/bahiaeconomica"]},{"@type":"Person","@id":"https:\/\/bahiaeconomica.com.br\/wp\/#\/schema\/person\/cb1ab5ba96ad3d9390805381c76284ec","name":"admin","url":"https:\/\/bahiaeconomica.com.br\/wp\/author\/admin\/"}]}},"views":1,"_links":{"self":[{"href":"https:\/\/bahiaeconomica.com.br\/wp\/wp-json\/wp\/v2\/posts\/364733"}],"collection":[{"href":"https:\/\/bahiaeconomica.com.br\/wp\/wp-json\/wp\/v2\/posts"}],"about":[{"href":"https:\/\/bahiaeconomica.com.br\/wp\/wp-json\/wp\/v2\/types\/post"}],"author":[{"embeddable":true,"href":"https:\/\/bahiaeconomica.com.br\/wp\/wp-json\/wp\/v2\/users\/1"}],"replies":[{"embeddable":true,"href":"https:\/\/bahiaeconomica.com.br\/wp\/wp-json\/wp\/v2\/comments?post=364733"}],"version-history":[{"count":1,"href":"https:\/\/bahiaeconomica.com.br\/wp\/wp-json\/wp\/v2\/posts\/364733\/revisions"}],"predecessor-version":[{"id":364742,"href":"https:\/\/bahiaeconomica.com.br\/wp\/wp-json\/wp\/v2\/posts\/364733\/revisions\/364742"}],"wp:featuredmedia":[{"embeddable":true,"href":"https:\/\/bahiaeconomica.com.br\/wp\/wp-json\/wp\/v2\/media\/364735"}],"wp:attachment":[{"href":"https:\/\/bahiaeconomica.com.br\/wp\/wp-json\/wp\/v2\/media?parent=364733"}],"wp:term":[{"taxonomy":"category","embeddable":true,"href":"https:\/\/bahiaeconomica.com.br\/wp\/wp-json\/wp\/v2\/categories?post=364733"},{"taxonomy":"post_tag","embeddable":true,"href":"https:\/\/bahiaeconomica.com.br\/wp\/wp-json\/wp\/v2\/tags?post=364733"}],"curies":[{"name":"wp","href":"https:\/\/api.w.org\/{rel}","templated":true}]}}