{"id":362773,"date":"2019-07-16T07:32:54","date_gmt":"2019-07-16T10:32:54","guid":{"rendered":"https:\/\/bahiaeconomica.com.br\/wp\/beta\/?p=362773"},"modified":"2019-07-16T07:39:41","modified_gmt":"2019-07-16T10:39:41","slug":"previdencia-flavio-bolsonaro-vai-propor-inclusao-dos-estados-no-senado","status":"publish","type":"post","link":"https:\/\/bahiaeconomica.com.br\/wp\/2019\/07\/16\/previdencia-flavio-bolsonaro-vai-propor-inclusao-dos-estados-no-senado\/","title":{"rendered":"PREVID\u00caNCIA: FL\u00c1VIO VAI PROPOR INCLUS\u00c3O DOS ESTADOS NO SENADO"},"content":{"rendered":"<p style=\"text-align: justify;\">O senador Fl\u00e1vio Bolsonaro (PSL) declarou que o Senado pode voltar a discutir a inclus\u00e3o de Estados e munic\u00edpios na proposta de reforma da Previd\u00eancia no segundo semestre, dizendo que o &#8220;mesmo racioc\u00ednio&#8221; adotado pelos deputados federais ser\u00e1 utilizado pelos senadores. \u201cSe isso for uma condicionante para o pessoal votar e tiver de ficar de fora (Estados e munic\u00edpios), mesmo racioc\u00ednio da C\u00e2mara: melhor alguma coisa do que arriscar a Previd\u00eancia toda\u201d, afirmou Fl\u00e1vio. Ele lembrou que, caso alguma mudan\u00e7a seja feita no texto no Senado, a proposta deve retornar \u00e0 C\u00e2mara. \u201cVamos ver como v\u00e3o apresentar as emendas, a\u00ed a gente vai se posicionar. Mas a ideia \u00e9 defender a proposta sempre a mais pr\u00f3xima da original poss\u00edvel que foi enviada pelo Paulo Guedes\u201d, disse.<\/p>\n","protected":false},"excerpt":{"rendered":"<p>O senador Fl\u00e1vio Bolsonaro (PSL) declarou que o Senado pode voltar a discutir a inclus\u00e3o de Estados e munic\u00edpios na proposta de reforma da Previd\u00eancia no segundo semestre, dizendo que o &#8220;mesmo racioc\u00ednio&#8221; adotado pelos deputados federais ser\u00e1 utilizado pelos senadores. \u201cSe isso for uma condicionante para o pessoal votar e tiver de ficar de [&hellip;]<\/p>\n","protected":false},"author":1,"featured_media":246641,"comment_status":"closed","ping_status":"closed","sticky":false,"template":"","format":"standard","meta":[],"categories":[14,3],"tags":[],"acf":[],"yoast_head":"<!-- This site is optimized with the Yoast SEO plugin v20.8 - https:\/\/yoast.com\/wordpress\/plugins\/seo\/ -->\n<title>PREVID\u00caNCIA: FL\u00c1VIO VAI PROPOR INCLUS\u00c3O DOS ESTADOS NO SENADO - Bahia Economica<\/title>\n<meta name=\"description\" content=\"O maior portal de Economia da Bahia DESTAQUE DO DIA, ECONOMIA \/ POL\u00cdTICA Bahia Economica\" \/>\n<meta name=\"robots\" content=\"index, follow, max-snippet:-1, max-image-preview:large, max-video-preview:-1\" \/>\n<link rel=\"canonical\" href=\"https:\/\/bahiaeconomica.com.br\/wp\/2019\/07\/16\/previdencia-flavio-bolsonaro-vai-propor-inclusao-dos-estados-no-senado\/\" \/>\n<meta property=\"og:locale\" content=\"pt_BR\" \/>\n<meta property=\"og:type\" content=\"article\" \/>\n<meta property=\"og:title\" content=\"PREVID\u00caNCIA: FL\u00c1VIO VAI PROPOR INCLUS\u00c3O DOS ESTADOS NO SENADO - Bahia Economica\" \/>\n<meta property=\"og:description\" content=\"O maior portal de Economia da Bahia DESTAQUE DO DIA, ECONOMIA \/ POL\u00cdTICA Bahia Economica\" \/>\n<meta property=\"og:url\" content=\"https:\/\/bahiaeconomica.com.br\/wp\/2019\/07\/16\/previdencia-flavio-bolsonaro-vai-propor-inclusao-dos-estados-no-senado\/\" \/>\n<meta property=\"og:site_name\" content=\"Bahia Economica\" \/>\n<meta property=\"article:publisher\" content=\"https:\/\/www.facebook.com\/bahiaeconomica\" \/>\n<meta property=\"article:published_time\" content=\"2019-07-16T10:32:54+00:00\" \/>\n<meta property=\"article:modified_time\" content=\"2019-07-16T10:39:41+00:00\" \/>\n<meta property=\"og:image\" content=\"https:\/\/bahiaeconomica.com.br\/wp\/wp-content\/uploads\/2019\/01\/flavio-bolsonaro.jpg\" \/>\n\t<meta property=\"og:image:width\" content=\"500\" \/>\n\t<meta property=\"og:image:height\" content=\"333\" \/>\n\t<meta property=\"og:image:type\" content=\"image\/jpeg\" \/>\n<meta name=\"author\" content=\"admin\" \/>\n<meta name=\"twitter:card\" content=\"summary_large_image\" \/>\n<meta name=\"twitter:label1\" content=\"Escrito por\" \/>\n\t<meta name=\"twitter:data1\" content=\"admin\" \/>\n\t<meta name=\"twitter:label2\" content=\"Est. tempo de leitura\" \/>\n\t<meta name=\"twitter:data2\" content=\"1 minuto\" \/>\n<script type=\"application\/ld+json\" class=\"yoast-schema-graph\">{\"@context\":\"https:\/\/schema.org\",\"@graph\":[{\"@type\":\"Article\",\"@id\":\"https:\/\/bahiaeconomica.com.br\/wp\/2019\/07\/16\/previdencia-flavio-bolsonaro-vai-propor-inclusao-dos-estados-no-senado\/#article\",\"isPartOf\":{\"@id\":\"https:\/\/bahiaeconomica.com.br\/wp\/2019\/07\/16\/previdencia-flavio-bolsonaro-vai-propor-inclusao-dos-estados-no-senado\/\"},\"author\":{\"name\":\"admin\",\"@id\":\"https:\/\/bahiaeconomica.com.br\/wp\/#\/schema\/person\/cb1ab5ba96ad3d9390805381c76284ec\"},\"headline\":\"PREVID\u00caNCIA: FL\u00c1VIO VAI PROPOR INCLUS\u00c3O DOS ESTADOS NO SENADO\",\"datePublished\":\"2019-07-16T10:32:54+00:00\",\"dateModified\":\"2019-07-16T10:39:41+00:00\",\"mainEntityOfPage\":{\"@id\":\"https:\/\/bahiaeconomica.com.br\/wp\/2019\/07\/16\/previdencia-flavio-bolsonaro-vai-propor-inclusao-dos-estados-no-senado\/\"},\"wordCount\":151,\"publisher\":{\"@id\":\"https:\/\/bahiaeconomica.com.br\/wp\/#organization\"},\"articleSection\":[\"DESTAQUE DO DIA\",\"ECONOMIA \/ POL\u00cdTICA\"],\"inLanguage\":\"pt-BR\"},{\"@type\":\"WebPage\",\"@id\":\"https:\/\/bahiaeconomica.com.br\/wp\/2019\/07\/16\/previdencia-flavio-bolsonaro-vai-propor-inclusao-dos-estados-no-senado\/\",\"url\":\"https:\/\/bahiaeconomica.com.br\/wp\/2019\/07\/16\/previdencia-flavio-bolsonaro-vai-propor-inclusao-dos-estados-no-senado\/\",\"name\":\"PREVID\u00caNCIA: FL\u00c1VIO VAI PROPOR INCLUS\u00c3O DOS ESTADOS NO SENADO - Bahia Economica\",\"isPartOf\":{\"@id\":\"https:\/\/bahiaeconomica.com.br\/wp\/#website\"},\"datePublished\":\"2019-07-16T10:32:54+00:00\",\"dateModified\":\"2019-07-16T10:39:41+00:00\",\"description\":\"O maior portal de Economia da Bahia DESTAQUE DO DIA, ECONOMIA \/ POL\u00cdTICA Bahia Economica\",\"breadcrumb\":{\"@id\":\"https:\/\/bahiaeconomica.com.br\/wp\/2019\/07\/16\/previdencia-flavio-bolsonaro-vai-propor-inclusao-dos-estados-no-senado\/#breadcrumb\"},\"inLanguage\":\"pt-BR\",\"potentialAction\":[{\"@type\":\"ReadAction\",\"target\":[\"https:\/\/bahiaeconomica.com.br\/wp\/2019\/07\/16\/previdencia-flavio-bolsonaro-vai-propor-inclusao-dos-estados-no-senado\/\"]}]},{\"@type\":\"BreadcrumbList\",\"@id\":\"https:\/\/bahiaeconomica.com.br\/wp\/2019\/07\/16\/previdencia-flavio-bolsonaro-vai-propor-inclusao-dos-estados-no-senado\/#breadcrumb\",\"itemListElement\":[{\"@type\":\"ListItem\",\"position\":1,\"name\":\"In\u00edcio\",\"item\":\"https:\/\/bahiaeconomica.com.br\/wp\/\"},{\"@type\":\"ListItem\",\"position\":2,\"name\":\"PREVID\u00caNCIA: FL\u00c1VIO VAI PROPOR INCLUS\u00c3O DOS ESTADOS NO SENADO\"}]},{\"@type\":\"WebSite\",\"@id\":\"https:\/\/bahiaeconomica.com.br\/wp\/#website\",\"url\":\"https:\/\/bahiaeconomica.com.br\/wp\/\",\"name\":\"Bahia Economica\",\"description\":\"O maior portal de Economia da Bahia\",\"publisher\":{\"@id\":\"https:\/\/bahiaeconomica.com.br\/wp\/#organization\"},\"potentialAction\":[{\"@type\":\"SearchAction\",\"target\":{\"@type\":\"EntryPoint\",\"urlTemplate\":\"https:\/\/bahiaeconomica.com.br\/wp\/?s={search_term_string}\"},\"query-input\":\"required name=search_term_string\"}],\"inLanguage\":\"pt-BR\"},{\"@type\":\"Organization\",\"@id\":\"https:\/\/bahiaeconomica.com.br\/wp\/#organization\",\"name\":\"Bahia Econ\u00f4mica\",\"url\":\"https:\/\/bahiaeconomica.com.br\/wp\/\",\"logo\":{\"@type\":\"ImageObject\",\"inLanguage\":\"pt-BR\",\"@id\":\"https:\/\/bahiaeconomica.com.br\/wp\/#\/schema\/logo\/image\/\",\"url\":\"https:\/\/bahiaeconomica.com.br\/wp\/wp-content\/uploads\/2020\/12\/cropped-BE.png\",\"contentUrl\":\"https:\/\/bahiaeconomica.com.br\/wp\/wp-content\/uploads\/2020\/12\/cropped-BE.png\",\"width\":512,\"height\":512,\"caption\":\"Bahia Econ\u00f4mica\"},\"image\":{\"@id\":\"https:\/\/bahiaeconomica.com.br\/wp\/#\/schema\/logo\/image\/\"},\"sameAs\":[\"https:\/\/www.facebook.com\/bahiaeconomica\"]},{\"@type\":\"Person\",\"@id\":\"https:\/\/bahiaeconomica.com.br\/wp\/#\/schema\/person\/cb1ab5ba96ad3d9390805381c76284ec\",\"name\":\"admin\",\"url\":\"https:\/\/bahiaeconomica.com.br\/wp\/author\/admin\/\"}]}<\/script>\n<!-- \/ Yoast SEO plugin. -->","yoast_head_json":{"title":"PREVID\u00caNCIA: FL\u00c1VIO VAI PROPOR INCLUS\u00c3O DOS ESTADOS NO SENADO - Bahia Economica","description":"O maior portal de Economia da Bahia DESTAQUE DO DIA, ECONOMIA \/ POL\u00cdTICA Bahia Economica","robots":{"index":"index","follow":"follow","max-snippet":"max-snippet:-1","max-image-preview":"max-image-preview:large","max-video-preview":"max-video-preview:-1"},"canonical":"https:\/\/bahiaeconomica.com.br\/wp\/2019\/07\/16\/previdencia-flavio-bolsonaro-vai-propor-inclusao-dos-estados-no-senado\/","og_locale":"pt_BR","og_type":"article","og_title":"PREVID\u00caNCIA: FL\u00c1VIO VAI PROPOR INCLUS\u00c3O DOS ESTADOS NO SENADO - Bahia Economica","og_description":"O maior portal de Economia da Bahia DESTAQUE DO DIA, ECONOMIA \/ POL\u00cdTICA Bahia Economica","og_url":"https:\/\/bahiaeconomica.com.br\/wp\/2019\/07\/16\/previdencia-flavio-bolsonaro-vai-propor-inclusao-dos-estados-no-senado\/","og_site_name":"Bahia Economica","article_publisher":"https:\/\/www.facebook.com\/bahiaeconomica","article_published_time":"2019-07-16T10:32:54+00:00","article_modified_time":"2019-07-16T10:39:41+00:00","og_image":[{"width":500,"height":333,"url":"https:\/\/bahiaeconomica.com.br\/wp\/wp-content\/uploads\/2019\/01\/flavio-bolsonaro.jpg","type":"image\/jpeg"}],"author":"admin","twitter_card":"summary_large_image","twitter_misc":{"Escrito por":"admin","Est. tempo de leitura":"1 minuto"},"schema":{"@context":"https:\/\/schema.org","@graph":[{"@type":"Article","@id":"https:\/\/bahiaeconomica.com.br\/wp\/2019\/07\/16\/previdencia-flavio-bolsonaro-vai-propor-inclusao-dos-estados-no-senado\/#article","isPartOf":{"@id":"https:\/\/bahiaeconomica.com.br\/wp\/2019\/07\/16\/previdencia-flavio-bolsonaro-vai-propor-inclusao-dos-estados-no-senado\/"},"author":{"name":"admin","@id":"https:\/\/bahiaeconomica.com.br\/wp\/#\/schema\/person\/cb1ab5ba96ad3d9390805381c76284ec"},"headline":"PREVID\u00caNCIA: FL\u00c1VIO VAI PROPOR INCLUS\u00c3O DOS ESTADOS NO SENADO","datePublished":"2019-07-16T10:32:54+00:00","dateModified":"2019-07-16T10:39:41+00:00","mainEntityOfPage":{"@id":"https:\/\/bahiaeconomica.com.br\/wp\/2019\/07\/16\/previdencia-flavio-bolsonaro-vai-propor-inclusao-dos-estados-no-senado\/"},"wordCount":151,"publisher":{"@id":"https:\/\/bahiaeconomica.com.br\/wp\/#organization"},"articleSection":["DESTAQUE DO DIA","ECONOMIA \/ POL\u00cdTICA"],"inLanguage":"pt-BR"},{"@type":"WebPage","@id":"https:\/\/bahiaeconomica.com.br\/wp\/2019\/07\/16\/previdencia-flavio-bolsonaro-vai-propor-inclusao-dos-estados-no-senado\/","url":"https:\/\/bahiaeconomica.com.br\/wp\/2019\/07\/16\/previdencia-flavio-bolsonaro-vai-propor-inclusao-dos-estados-no-senado\/","name":"PREVID\u00caNCIA: FL\u00c1VIO VAI PROPOR INCLUS\u00c3O DOS ESTADOS NO SENADO - Bahia Economica","isPartOf":{"@id":"https:\/\/bahiaeconomica.com.br\/wp\/#website"},"datePublished":"2019-07-16T10:32:54+00:00","dateModified":"2019-07-16T10:39:41+00:00","description":"O maior portal de Economia da Bahia DESTAQUE DO DIA, ECONOMIA \/ POL\u00cdTICA Bahia Economica","breadcrumb":{"@id":"https:\/\/bahiaeconomica.com.br\/wp\/2019\/07\/16\/previdencia-flavio-bolsonaro-vai-propor-inclusao-dos-estados-no-senado\/#breadcrumb"},"inLanguage":"pt-BR","potentialAction":[{"@type":"ReadAction","target":["https:\/\/bahiaeconomica.com.br\/wp\/2019\/07\/16\/previdencia-flavio-bolsonaro-vai-propor-inclusao-dos-estados-no-senado\/"]}]},{"@type":"BreadcrumbList","@id":"https:\/\/bahiaeconomica.com.br\/wp\/2019\/07\/16\/previdencia-flavio-bolsonaro-vai-propor-inclusao-dos-estados-no-senado\/#breadcrumb","itemListElement":[{"@type":"ListItem","position":1,"name":"In\u00edcio","item":"https:\/\/bahiaeconomica.com.br\/wp\/"},{"@type":"ListItem","position":2,"name":"PREVID\u00caNCIA: FL\u00c1VIO VAI PROPOR INCLUS\u00c3O DOS ESTADOS NO SENADO"}]},{"@type":"WebSite","@id":"https:\/\/bahiaeconomica.com.br\/wp\/#website","url":"https:\/\/bahiaeconomica.com.br\/wp\/","name":"Bahia Economica","description":"O maior portal de Economia da Bahia","publisher":{"@id":"https:\/\/bahiaeconomica.com.br\/wp\/#organization"},"potentialAction":[{"@type":"SearchAction","target":{"@type":"EntryPoint","urlTemplate":"https:\/\/bahiaeconomica.com.br\/wp\/?s={search_term_string}"},"query-input":"required name=search_term_string"}],"inLanguage":"pt-BR"},{"@type":"Organization","@id":"https:\/\/bahiaeconomica.com.br\/wp\/#organization","name":"Bahia Econ\u00f4mica","url":"https:\/\/bahiaeconomica.com.br\/wp\/","logo":{"@type":"ImageObject","inLanguage":"pt-BR","@id":"https:\/\/bahiaeconomica.com.br\/wp\/#\/schema\/logo\/image\/","url":"https:\/\/bahiaeconomica.com.br\/wp\/wp-content\/uploads\/2020\/12\/cropped-BE.png","contentUrl":"https:\/\/bahiaeconomica.com.br\/wp\/wp-content\/uploads\/2020\/12\/cropped-BE.png","width":512,"height":512,"caption":"Bahia Econ\u00f4mica"},"image":{"@id":"https:\/\/bahiaeconomica.com.br\/wp\/#\/schema\/logo\/image\/"},"sameAs":["https:\/\/www.facebook.com\/bahiaeconomica"]},{"@type":"Person","@id":"https:\/\/bahiaeconomica.com.br\/wp\/#\/schema\/person\/cb1ab5ba96ad3d9390805381c76284ec","name":"admin","url":"https:\/\/bahiaeconomica.com.br\/wp\/author\/admin\/"}]}},"views":2,"_links":{"self":[{"href":"https:\/\/bahiaeconomica.com.br\/wp\/wp-json\/wp\/v2\/posts\/362773"}],"collection":[{"href":"https:\/\/bahiaeconomica.com.br\/wp\/wp-json\/wp\/v2\/posts"}],"about":[{"href":"https:\/\/bahiaeconomica.com.br\/wp\/wp-json\/wp\/v2\/types\/post"}],"author":[{"embeddable":true,"href":"https:\/\/bahiaeconomica.com.br\/wp\/wp-json\/wp\/v2\/users\/1"}],"replies":[{"embeddable":true,"href":"https:\/\/bahiaeconomica.com.br\/wp\/wp-json\/wp\/v2\/comments?post=362773"}],"version-history":[{"count":2,"href":"https:\/\/bahiaeconomica.com.br\/wp\/wp-json\/wp\/v2\/posts\/362773\/revisions"}],"predecessor-version":[{"id":362798,"href":"https:\/\/bahiaeconomica.com.br\/wp\/wp-json\/wp\/v2\/posts\/362773\/revisions\/362798"}],"wp:featuredmedia":[{"embeddable":true,"href":"https:\/\/bahiaeconomica.com.br\/wp\/wp-json\/wp\/v2\/media\/246641"}],"wp:attachment":[{"href":"https:\/\/bahiaeconomica.com.br\/wp\/wp-json\/wp\/v2\/media?parent=362773"}],"wp:term":[{"taxonomy":"category","embeddable":true,"href":"https:\/\/bahiaeconomica.com.br\/wp\/wp-json\/wp\/v2\/categories?post=362773"},{"taxonomy":"post_tag","embeddable":true,"href":"https:\/\/bahiaeconomica.com.br\/wp\/wp-json\/wp\/v2\/tags?post=362773"}],"curies":[{"name":"wp","href":"https:\/\/api.w.org\/{rel}","templated":true}]}}