{"id":360850,"date":"2019-07-12T12:00:36","date_gmt":"2019-07-12T15:00:36","guid":{"rendered":"https:\/\/bahiaeconomica.com.br\/wp\/beta\/?p=360850"},"modified":"2019-07-12T12:00:26","modified_gmt":"2019-07-12T15:00:26","slug":"rui-costa-recebe-o-prefeito-de-camacari-para-tratar-do-shopping-busca-vida","status":"publish","type":"post","link":"https:\/\/bahiaeconomica.com.br\/wp\/2019\/07\/12\/rui-costa-recebe-o-prefeito-de-camacari-para-tratar-do-shopping-busca-vida\/","title":{"rendered":"RUI COSTA RECEBE O PREFEITO DE CAMA\u00c7ARI PARA TRATAR DO SHOPPING BUSCA VIDA"},"content":{"rendered":"<p>O prefeito de Cama\u00e7ari, Elinaldo Ara\u00fajo, foi recebido nessa quinta-feira (11) pelo governador Rui Costa, para tratar de uma poss\u00edvel solu\u00e7\u00e3o para impedir o fechamento do Shopping Busca Vida, que fica em Vila de Abrantes \u2013 Estrada do Coco. O prefeito j\u00e1 havia recebido em seu gabinete, em duas ocasi\u00f5es, uma comiss\u00e3o de lojistas e representantes da comunidade pedindo apoio da Prefeitura de Cama\u00e7ari para impedir que o estabelecimento fosse fechado.<\/p>\n<p>A preocupa\u00e7\u00e3o do prefeito Elinaldo \u00e9, principalmente, com a gera\u00e7\u00e3o de empregos para o munic\u00edpio. &#8220;Al\u00e9m do preju\u00edzo aos lojistas que investiram e acreditaram em seus neg\u00f3cios, temos no shopping a oportunidade de gerar muitas oportunidades de emprego para a popula\u00e7\u00e3o que est\u00e1 fora do mercado de trabalho&#8221;, destacou. A expectativa com a inaugura\u00e7\u00e3o do centro comercial era gerar aproximadamente 1 mil empregos.<\/p>\n<p>De acordo com o procurador geral de Cama\u00e7ari, Bruno Nova, que tamb\u00e9m participou da reuni\u00e3o, o governador demonstrou interesse em resolver a situa\u00e7\u00e3o e combinou de reunir a sua equipe t\u00e9cnica ainda esta semana para buscar uma solu\u00e7\u00e3o.\u00a0 &#8220;Ele pareceu preocupado com a situa\u00e7\u00e3o e vai buscar, no \u00e2mbito do estado, meios que possibilitem o avan\u00e7o do empreendimento&#8221;.<\/p>\n<p>Participaram tamb\u00e9m da reuni\u00e3o o vice-governador Jo\u00e3o Le\u00e3o, o secret\u00e1rio municipal de Desenvolvimento Econ\u00f4mico, Waldy Freitas, o vereador de Cama\u00e7ari, Z\u00e9 do P\u00e3o, o diretor da LRL Engenharia \u2013 empresa investidora do Shopping Busca Vida \u2013 Gustavo Melo Bastos, al\u00e9m de representantes dos lojistas e o secret\u00e1rio estadual da Educa\u00e7\u00e3o, Jer\u00f4nimo Rodrigues.<\/p>\n<p>Busca Vida \u2013 Localizado na Estrada do Coco, em Vila de Abrantes, na Costa de Cama\u00e7ari, o Shopping Busca Vida foi inaugurado em 2016 e desde ent\u00e3o vem enfrentando diversos problemas, dentre eles fechamento de lojas, baixo fluxo de clientes, inexist\u00eancia de um setor administrativo do pr\u00e9dio e a realiza\u00e7\u00e3o de um leil\u00e3o promovido pela Ag\u00eancia de Fomento do Estado da Bahia (Desenbahia). Atualmente, o empreendimento conta com cinco estabelecimentos em funcionamento &#8211; duas \u00e2ncoras e tr\u00eas lojas.<\/p>\n","protected":false},"excerpt":{"rendered":"<p>O prefeito de Cama\u00e7ari, Elinaldo Ara\u00fajo, foi recebido nessa quinta-feira (11) pelo governador Rui Costa, para tratar de uma poss\u00edvel solu\u00e7\u00e3o para impedir o fechamento do Shopping Busca Vida, que fica em Vila de Abrantes \u2013 Estrada do Coco. O prefeito j\u00e1 havia recebido em seu gabinete, em duas ocasi\u00f5es, uma comiss\u00e3o de lojistas e [&hellip;]<\/p>\n","protected":false},"author":1,"featured_media":360851,"comment_status":"closed","ping_status":"closed","sticky":false,"template":"","format":"standard","meta":[],"categories":[3,5],"tags":[],"acf":[],"yoast_head":"<!-- This site is optimized with the Yoast SEO plugin v20.8 - https:\/\/yoast.com\/wordpress\/plugins\/seo\/ -->\n<title>RUI COSTA RECEBE O PREFEITO DE CAMA\u00c7ARI PARA TRATAR DO SHOPPING BUSCA VIDA - Bahia Economica<\/title>\n<meta name=\"description\" content=\"O maior portal de Economia da Bahia ECONOMIA \/ POL\u00cdTICA, MUNIC\u00cdPIOS Bahia Economica\" \/>\n<meta name=\"robots\" content=\"index, follow, max-snippet:-1, max-image-preview:large, max-video-preview:-1\" \/>\n<link rel=\"canonical\" href=\"https:\/\/bahiaeconomica.com.br\/wp\/2019\/07\/12\/rui-costa-recebe-o-prefeito-de-camacari-para-tratar-do-shopping-busca-vida\/\" \/>\n<meta property=\"og:locale\" content=\"pt_BR\" \/>\n<meta property=\"og:type\" content=\"article\" \/>\n<meta property=\"og:title\" content=\"RUI COSTA RECEBE O PREFEITO DE CAMA\u00c7ARI PARA TRATAR DO SHOPPING BUSCA VIDA - Bahia Economica\" \/>\n<meta property=\"og:description\" content=\"O maior portal de Economia da Bahia ECONOMIA \/ POL\u00cdTICA, MUNIC\u00cdPIOS Bahia Economica\" \/>\n<meta property=\"og:url\" content=\"https:\/\/bahiaeconomica.com.br\/wp\/2019\/07\/12\/rui-costa-recebe-o-prefeito-de-camacari-para-tratar-do-shopping-busca-vida\/\" \/>\n<meta property=\"og:site_name\" content=\"Bahia Economica\" \/>\n<meta property=\"article:publisher\" content=\"https:\/\/www.facebook.com\/bahiaeconomica\" \/>\n<meta property=\"article:published_time\" content=\"2019-07-12T15:00:36+00:00\" \/>\n<meta property=\"article:modified_time\" content=\"2019-07-12T15:00:26+00:00\" \/>\n<meta property=\"og:image\" content=\"https:\/\/bahiaeconomica.com.br\/wp\/wp-content\/uploads\/2019\/07\/RuiCostaElinaldo.jpeg\" \/>\n\t<meta property=\"og:image:width\" content=\"500\" \/>\n\t<meta property=\"og:image:height\" content=\"333\" \/>\n\t<meta property=\"og:image:type\" content=\"image\/jpeg\" \/>\n<meta name=\"author\" content=\"admin\" \/>\n<meta name=\"twitter:card\" content=\"summary_large_image\" \/>\n<meta name=\"twitter:label1\" content=\"Escrito por\" \/>\n\t<meta name=\"twitter:data1\" content=\"admin\" \/>\n\t<meta name=\"twitter:label2\" content=\"Est. tempo de leitura\" \/>\n\t<meta name=\"twitter:data2\" content=\"2 minutos\" \/>\n<script type=\"application\/ld+json\" class=\"yoast-schema-graph\">{\"@context\":\"https:\/\/schema.org\",\"@graph\":[{\"@type\":\"Article\",\"@id\":\"https:\/\/bahiaeconomica.com.br\/wp\/2019\/07\/12\/rui-costa-recebe-o-prefeito-de-camacari-para-tratar-do-shopping-busca-vida\/#article\",\"isPartOf\":{\"@id\":\"https:\/\/bahiaeconomica.com.br\/wp\/2019\/07\/12\/rui-costa-recebe-o-prefeito-de-camacari-para-tratar-do-shopping-busca-vida\/\"},\"author\":{\"name\":\"admin\",\"@id\":\"https:\/\/bahiaeconomica.com.br\/wp\/#\/schema\/person\/cb1ab5ba96ad3d9390805381c76284ec\"},\"headline\":\"RUI COSTA RECEBE O PREFEITO DE CAMA\u00c7ARI PARA TRATAR DO SHOPPING BUSCA VIDA\",\"datePublished\":\"2019-07-12T15:00:36+00:00\",\"dateModified\":\"2019-07-12T15:00:26+00:00\",\"mainEntityOfPage\":{\"@id\":\"https:\/\/bahiaeconomica.com.br\/wp\/2019\/07\/12\/rui-costa-recebe-o-prefeito-de-camacari-para-tratar-do-shopping-busca-vida\/\"},\"wordCount\":371,\"publisher\":{\"@id\":\"https:\/\/bahiaeconomica.com.br\/wp\/#organization\"},\"articleSection\":[\"ECONOMIA \/ POL\u00cdTICA\",\"MUNIC\u00cdPIOS\"],\"inLanguage\":\"pt-BR\"},{\"@type\":\"WebPage\",\"@id\":\"https:\/\/bahiaeconomica.com.br\/wp\/2019\/07\/12\/rui-costa-recebe-o-prefeito-de-camacari-para-tratar-do-shopping-busca-vida\/\",\"url\":\"https:\/\/bahiaeconomica.com.br\/wp\/2019\/07\/12\/rui-costa-recebe-o-prefeito-de-camacari-para-tratar-do-shopping-busca-vida\/\",\"name\":\"RUI COSTA RECEBE O PREFEITO DE CAMA\u00c7ARI PARA TRATAR DO SHOPPING BUSCA VIDA - Bahia Economica\",\"isPartOf\":{\"@id\":\"https:\/\/bahiaeconomica.com.br\/wp\/#website\"},\"datePublished\":\"2019-07-12T15:00:36+00:00\",\"dateModified\":\"2019-07-12T15:00:26+00:00\",\"description\":\"O maior portal de Economia da Bahia ECONOMIA \/ POL\u00cdTICA, MUNIC\u00cdPIOS Bahia Economica\",\"breadcrumb\":{\"@id\":\"https:\/\/bahiaeconomica.com.br\/wp\/2019\/07\/12\/rui-costa-recebe-o-prefeito-de-camacari-para-tratar-do-shopping-busca-vida\/#breadcrumb\"},\"inLanguage\":\"pt-BR\",\"potentialAction\":[{\"@type\":\"ReadAction\",\"target\":[\"https:\/\/bahiaeconomica.com.br\/wp\/2019\/07\/12\/rui-costa-recebe-o-prefeito-de-camacari-para-tratar-do-shopping-busca-vida\/\"]}]},{\"@type\":\"BreadcrumbList\",\"@id\":\"https:\/\/bahiaeconomica.com.br\/wp\/2019\/07\/12\/rui-costa-recebe-o-prefeito-de-camacari-para-tratar-do-shopping-busca-vida\/#breadcrumb\",\"itemListElement\":[{\"@type\":\"ListItem\",\"position\":1,\"name\":\"In\u00edcio\",\"item\":\"https:\/\/bahiaeconomica.com.br\/wp\/\"},{\"@type\":\"ListItem\",\"position\":2,\"name\":\"RUI COSTA RECEBE O PREFEITO DE CAMA\u00c7ARI PARA TRATAR DO SHOPPING BUSCA VIDA\"}]},{\"@type\":\"WebSite\",\"@id\":\"https:\/\/bahiaeconomica.com.br\/wp\/#website\",\"url\":\"https:\/\/bahiaeconomica.com.br\/wp\/\",\"name\":\"Bahia Economica\",\"description\":\"O maior portal de Economia da Bahia\",\"publisher\":{\"@id\":\"https:\/\/bahiaeconomica.com.br\/wp\/#organization\"},\"potentialAction\":[{\"@type\":\"SearchAction\",\"target\":{\"@type\":\"EntryPoint\",\"urlTemplate\":\"https:\/\/bahiaeconomica.com.br\/wp\/?s={search_term_string}\"},\"query-input\":\"required name=search_term_string\"}],\"inLanguage\":\"pt-BR\"},{\"@type\":\"Organization\",\"@id\":\"https:\/\/bahiaeconomica.com.br\/wp\/#organization\",\"name\":\"Bahia Econ\u00f4mica\",\"url\":\"https:\/\/bahiaeconomica.com.br\/wp\/\",\"logo\":{\"@type\":\"ImageObject\",\"inLanguage\":\"pt-BR\",\"@id\":\"https:\/\/bahiaeconomica.com.br\/wp\/#\/schema\/logo\/image\/\",\"url\":\"https:\/\/bahiaeconomica.com.br\/wp\/wp-content\/uploads\/2020\/12\/cropped-BE.png\",\"contentUrl\":\"https:\/\/bahiaeconomica.com.br\/wp\/wp-content\/uploads\/2020\/12\/cropped-BE.png\",\"width\":512,\"height\":512,\"caption\":\"Bahia Econ\u00f4mica\"},\"image\":{\"@id\":\"https:\/\/bahiaeconomica.com.br\/wp\/#\/schema\/logo\/image\/\"},\"sameAs\":[\"https:\/\/www.facebook.com\/bahiaeconomica\"]},{\"@type\":\"Person\",\"@id\":\"https:\/\/bahiaeconomica.com.br\/wp\/#\/schema\/person\/cb1ab5ba96ad3d9390805381c76284ec\",\"name\":\"admin\",\"url\":\"https:\/\/bahiaeconomica.com.br\/wp\/author\/admin\/\"}]}<\/script>\n<!-- \/ Yoast SEO plugin. -->","yoast_head_json":{"title":"RUI COSTA RECEBE O PREFEITO DE CAMA\u00c7ARI PARA TRATAR DO SHOPPING BUSCA VIDA - Bahia Economica","description":"O maior portal de Economia da Bahia ECONOMIA \/ POL\u00cdTICA, MUNIC\u00cdPIOS Bahia Economica","robots":{"index":"index","follow":"follow","max-snippet":"max-snippet:-1","max-image-preview":"max-image-preview:large","max-video-preview":"max-video-preview:-1"},"canonical":"https:\/\/bahiaeconomica.com.br\/wp\/2019\/07\/12\/rui-costa-recebe-o-prefeito-de-camacari-para-tratar-do-shopping-busca-vida\/","og_locale":"pt_BR","og_type":"article","og_title":"RUI COSTA RECEBE O PREFEITO DE CAMA\u00c7ARI PARA TRATAR DO SHOPPING BUSCA VIDA - Bahia Economica","og_description":"O maior portal de Economia da Bahia ECONOMIA \/ POL\u00cdTICA, MUNIC\u00cdPIOS Bahia Economica","og_url":"https:\/\/bahiaeconomica.com.br\/wp\/2019\/07\/12\/rui-costa-recebe-o-prefeito-de-camacari-para-tratar-do-shopping-busca-vida\/","og_site_name":"Bahia Economica","article_publisher":"https:\/\/www.facebook.com\/bahiaeconomica","article_published_time":"2019-07-12T15:00:36+00:00","article_modified_time":"2019-07-12T15:00:26+00:00","og_image":[{"width":500,"height":333,"url":"https:\/\/bahiaeconomica.com.br\/wp\/wp-content\/uploads\/2019\/07\/RuiCostaElinaldo.jpeg","type":"image\/jpeg"}],"author":"admin","twitter_card":"summary_large_image","twitter_misc":{"Escrito por":"admin","Est. tempo de leitura":"2 minutos"},"schema":{"@context":"https:\/\/schema.org","@graph":[{"@type":"Article","@id":"https:\/\/bahiaeconomica.com.br\/wp\/2019\/07\/12\/rui-costa-recebe-o-prefeito-de-camacari-para-tratar-do-shopping-busca-vida\/#article","isPartOf":{"@id":"https:\/\/bahiaeconomica.com.br\/wp\/2019\/07\/12\/rui-costa-recebe-o-prefeito-de-camacari-para-tratar-do-shopping-busca-vida\/"},"author":{"name":"admin","@id":"https:\/\/bahiaeconomica.com.br\/wp\/#\/schema\/person\/cb1ab5ba96ad3d9390805381c76284ec"},"headline":"RUI COSTA RECEBE O PREFEITO DE CAMA\u00c7ARI PARA TRATAR DO SHOPPING BUSCA VIDA","datePublished":"2019-07-12T15:00:36+00:00","dateModified":"2019-07-12T15:00:26+00:00","mainEntityOfPage":{"@id":"https:\/\/bahiaeconomica.com.br\/wp\/2019\/07\/12\/rui-costa-recebe-o-prefeito-de-camacari-para-tratar-do-shopping-busca-vida\/"},"wordCount":371,"publisher":{"@id":"https:\/\/bahiaeconomica.com.br\/wp\/#organization"},"articleSection":["ECONOMIA \/ POL\u00cdTICA","MUNIC\u00cdPIOS"],"inLanguage":"pt-BR"},{"@type":"WebPage","@id":"https:\/\/bahiaeconomica.com.br\/wp\/2019\/07\/12\/rui-costa-recebe-o-prefeito-de-camacari-para-tratar-do-shopping-busca-vida\/","url":"https:\/\/bahiaeconomica.com.br\/wp\/2019\/07\/12\/rui-costa-recebe-o-prefeito-de-camacari-para-tratar-do-shopping-busca-vida\/","name":"RUI COSTA RECEBE O PREFEITO DE CAMA\u00c7ARI PARA TRATAR DO SHOPPING BUSCA VIDA - Bahia Economica","isPartOf":{"@id":"https:\/\/bahiaeconomica.com.br\/wp\/#website"},"datePublished":"2019-07-12T15:00:36+00:00","dateModified":"2019-07-12T15:00:26+00:00","description":"O maior portal de Economia da Bahia ECONOMIA \/ POL\u00cdTICA, MUNIC\u00cdPIOS Bahia Economica","breadcrumb":{"@id":"https:\/\/bahiaeconomica.com.br\/wp\/2019\/07\/12\/rui-costa-recebe-o-prefeito-de-camacari-para-tratar-do-shopping-busca-vida\/#breadcrumb"},"inLanguage":"pt-BR","potentialAction":[{"@type":"ReadAction","target":["https:\/\/bahiaeconomica.com.br\/wp\/2019\/07\/12\/rui-costa-recebe-o-prefeito-de-camacari-para-tratar-do-shopping-busca-vida\/"]}]},{"@type":"BreadcrumbList","@id":"https:\/\/bahiaeconomica.com.br\/wp\/2019\/07\/12\/rui-costa-recebe-o-prefeito-de-camacari-para-tratar-do-shopping-busca-vida\/#breadcrumb","itemListElement":[{"@type":"ListItem","position":1,"name":"In\u00edcio","item":"https:\/\/bahiaeconomica.com.br\/wp\/"},{"@type":"ListItem","position":2,"name":"RUI COSTA RECEBE O PREFEITO DE CAMA\u00c7ARI PARA TRATAR DO SHOPPING BUSCA VIDA"}]},{"@type":"WebSite","@id":"https:\/\/bahiaeconomica.com.br\/wp\/#website","url":"https:\/\/bahiaeconomica.com.br\/wp\/","name":"Bahia Economica","description":"O maior portal de Economia da Bahia","publisher":{"@id":"https:\/\/bahiaeconomica.com.br\/wp\/#organization"},"potentialAction":[{"@type":"SearchAction","target":{"@type":"EntryPoint","urlTemplate":"https:\/\/bahiaeconomica.com.br\/wp\/?s={search_term_string}"},"query-input":"required name=search_term_string"}],"inLanguage":"pt-BR"},{"@type":"Organization","@id":"https:\/\/bahiaeconomica.com.br\/wp\/#organization","name":"Bahia Econ\u00f4mica","url":"https:\/\/bahiaeconomica.com.br\/wp\/","logo":{"@type":"ImageObject","inLanguage":"pt-BR","@id":"https:\/\/bahiaeconomica.com.br\/wp\/#\/schema\/logo\/image\/","url":"https:\/\/bahiaeconomica.com.br\/wp\/wp-content\/uploads\/2020\/12\/cropped-BE.png","contentUrl":"https:\/\/bahiaeconomica.com.br\/wp\/wp-content\/uploads\/2020\/12\/cropped-BE.png","width":512,"height":512,"caption":"Bahia Econ\u00f4mica"},"image":{"@id":"https:\/\/bahiaeconomica.com.br\/wp\/#\/schema\/logo\/image\/"},"sameAs":["https:\/\/www.facebook.com\/bahiaeconomica"]},{"@type":"Person","@id":"https:\/\/bahiaeconomica.com.br\/wp\/#\/schema\/person\/cb1ab5ba96ad3d9390805381c76284ec","name":"admin","url":"https:\/\/bahiaeconomica.com.br\/wp\/author\/admin\/"}]}},"views":2,"_links":{"self":[{"href":"https:\/\/bahiaeconomica.com.br\/wp\/wp-json\/wp\/v2\/posts\/360850"}],"collection":[{"href":"https:\/\/bahiaeconomica.com.br\/wp\/wp-json\/wp\/v2\/posts"}],"about":[{"href":"https:\/\/bahiaeconomica.com.br\/wp\/wp-json\/wp\/v2\/types\/post"}],"author":[{"embeddable":true,"href":"https:\/\/bahiaeconomica.com.br\/wp\/wp-json\/wp\/v2\/users\/1"}],"replies":[{"embeddable":true,"href":"https:\/\/bahiaeconomica.com.br\/wp\/wp-json\/wp\/v2\/comments?post=360850"}],"version-history":[{"count":1,"href":"https:\/\/bahiaeconomica.com.br\/wp\/wp-json\/wp\/v2\/posts\/360850\/revisions"}],"predecessor-version":[{"id":360858,"href":"https:\/\/bahiaeconomica.com.br\/wp\/wp-json\/wp\/v2\/posts\/360850\/revisions\/360858"}],"wp:featuredmedia":[{"embeddable":true,"href":"https:\/\/bahiaeconomica.com.br\/wp\/wp-json\/wp\/v2\/media\/360851"}],"wp:attachment":[{"href":"https:\/\/bahiaeconomica.com.br\/wp\/wp-json\/wp\/v2\/media?parent=360850"}],"wp:term":[{"taxonomy":"category","embeddable":true,"href":"https:\/\/bahiaeconomica.com.br\/wp\/wp-json\/wp\/v2\/categories?post=360850"},{"taxonomy":"post_tag","embeddable":true,"href":"https:\/\/bahiaeconomica.com.br\/wp\/wp-json\/wp\/v2\/tags?post=360850"}],"curies":[{"name":"wp","href":"https:\/\/api.w.org\/{rel}","templated":true}]}}