{"id":360604,"date":"2019-07-12T09:00:23","date_gmt":"2019-07-12T12:00:23","guid":{"rendered":"https:\/\/bahiaeconomica.com.br\/wp\/beta\/?p=360604"},"modified":"2019-07-12T08:58:51","modified_gmt":"2019-07-12T11:58:51","slug":"bruno-reis-espera-marchar-com-geraldo-jr-em-2020","status":"publish","type":"post","link":"https:\/\/bahiaeconomica.com.br\/wp\/2019\/07\/12\/bruno-reis-espera-marchar-com-geraldo-jr-em-2020\/","title":{"rendered":"BRUNO REIS ESPERA MARCHAR COM GERALDO JR. EM 2020"},"content":{"rendered":"<p style=\"text-align: justify;\">O vice-prefeito Bruno Reis (DEM) falou ontem sobre a possibilidade de ser o candidato oficial do prefeito ACM Neto (DEM) na campanha eleitoral do ano que vem. Em entrevista ao programa &#8220;Pol\u00edtica Na Mesa&#8221;, da R\u00e1dio e TV C\u00e2mara Salvador, o gestor relembrou a trajet\u00f3ria at\u00e9 ser al\u00e7ado ao posto de bra\u00e7o direito do herdeiro. &#8220;Sou um homem realizado do ponto de vista profissional&#8221;, avaliou, afirmando que ser\u00e1 candidato &#8220;se for da vontade de Deus&#8221; do grupo pol\u00edtico do qual faz parte.<\/p>\n<p style=\"text-align: justify;\">Bruno disse que v\u00ea de forma &#8220;natural, espont\u00e2nea e leg\u00edtima&#8221; a tentativa do presidente da C\u00e2mara de Salvador, Geraldo J\u00fanior (SD), de tentar se viabilizar como postulante ao Pal\u00e1cio Thom\u00e9 de Souza. &#8220;Geraldo passou por diversas miss\u00f5es e ocupa um grande cargo na C\u00e2mara, desempenhando um grande trabalho, e tem o sonho de ser prefeito. Tem que trabalhar para realizar. E, ao contr\u00e1rio do que dizem, de que h\u00e1 ci\u00fames, temos uma amizade muito grande&#8221;, declarou. Reis afirmou que n\u00e3o interferiu na elei\u00e7\u00e3o para a Mesa Diretora da Casa, que no ano passado foi disputada entre Geraldo e Kiki Bispo (PTB). O gestor espera que o aliado do SD caminhe junto com o grupo carlista e sinaliza que haver\u00e3o outras oportunidades em elei\u00e7\u00f5es futuras. &#8220;Todos n\u00f3s temos pelo menos mais 20 anos de vida p\u00fablica. Vai ter oportunidade para todo mundo&#8221;.<\/p>\n<p style=\"text-align: justify;\">Bruno Reis disse que &#8220;de jeito algum&#8221; incomoda a postura de Geraldo em tornar a C\u00e2mara mais independente da Prefeitura. &#8220;O que \u00e9 importante para o poder executivo? S\u00e3o as mat\u00e9rias de interesse da cidade. Todos os projetos que foram enviados foram 100% aprovados, porque s\u00e3o bons para a cidade. Est\u00e1 a\u00ed o debate do ISS. Se a oposi\u00e7\u00e3o votar contra, \u00e9 a primeira vez que vou ver a oposi\u00e7\u00e3o votar contra a popula\u00e7\u00e3o. Se n\u00e3o houver isen\u00e7\u00e3o, a tarifa ser\u00e1 transferida para a popula\u00e7\u00e3o&#8221;, avalia. &#8220;O metr\u00f4 tem a isen\u00e7\u00e3o do ISS. Houve um desequil\u00edbrio na tarifa, porque a maior parte da passagem vai para o metr\u00f4 e menos para o \u00f4nibus. Ent\u00e3o, como \u00e9 que o metr\u00f4 tem isen\u00e7\u00e3o do ISS, com opera\u00e7\u00e3o mais barata, e o \u00f4nibus n\u00e3o tem mesmo com opera\u00e7\u00e3o mais cara?&#8221;, completa.<\/p>\n<p style=\"text-align: justify;\">O gestor preferiu n\u00e3o comentar a possibilidade de Guilherme Bellintani entrar na corrida eleitoral pelo grupo do governador Rui Costa (PT). &#8220;H\u00e1 muita especula\u00e7\u00e3o e isso nem foi colocado pelo pr\u00f3prio Guilherme, nem qual ser\u00e1 o lado pol\u00edtico dele. O debate vai chegar na hora certa e teremos o nosso posicionamento. As pessoas t\u00eam pretens\u00f5es, sonhos. O meu caminho eu constru\u00ed, tendo lado e posi\u00e7\u00e3o&#8221;, declarou, revelando que tamb\u00e9m tem convites de outros grupos pol\u00edticos, mas que jamais aceitar\u00e1 deixar o atual.<\/p>\n<p style=\"text-align: justify;\">Questionado se o apoio do presidente Jair Bolsonaro (PSL) seria bem-vindo numa eventual campanha, Bruno Reis afirmou que j\u00e1 tem o apoio do PSL na Bahia. &#8220;N\u00f3s temos o apoio do PSL aqui na Bahia, sob a presid\u00eancia da deputada Dayane Pimentel. Temos uma rela\u00e7\u00e3o anterior a elei\u00e7\u00e3o. Ap\u00f3s a elei\u00e7\u00e3o, chamamos para integrar a base. Primeiro, pela for\u00e7a que o PSL demonstrou. Segundo, pela liga\u00e7\u00e3o do PSL com o governo federal. E terceiro para fortalecer a nossa base local. \u00c9 uma rela\u00e7\u00e3o saud\u00e1vel&#8221;. No \u00faltimo fim de semana, ele assustou os advers\u00e1rios pol\u00edticos ao anunciar que est\u00e1 praticamente fechado com o PV e com o PTB &#8211; que ensaiou deixar o grupo carlista e migrar para uma coliga\u00e7\u00e3o formada por SD, MDB e PSC. A estrat\u00e9gia, segundo fontes palacianas, ser\u00e1 come\u00e7ar a demonstrar for\u00e7a e coes\u00e3o para aglutinar mais aliados para a campanha do ano que vem.(TB)<\/p>\n","protected":false},"excerpt":{"rendered":"<p>O vice-prefeito Bruno Reis (DEM) falou ontem sobre a possibilidade de ser o candidato oficial do prefeito ACM Neto (DEM) na campanha eleitoral do ano que vem. Em entrevista ao programa &#8220;Pol\u00edtica Na Mesa&#8221;, da R\u00e1dio e TV C\u00e2mara Salvador, o gestor relembrou a trajet\u00f3ria at\u00e9 ser al\u00e7ado ao posto de bra\u00e7o direito do herdeiro. [&hellip;]<\/p>\n","protected":false},"author":1,"featured_media":339247,"comment_status":"closed","ping_status":"closed","sticky":false,"template":"","format":"standard","meta":[],"categories":[3],"tags":[],"acf":[],"yoast_head":"<!-- This site is optimized with the Yoast SEO plugin v20.8 - https:\/\/yoast.com\/wordpress\/plugins\/seo\/ -->\n<title>BRUNO REIS ESPERA MARCHAR COM GERALDO JR. EM 2020 - Bahia Economica<\/title>\n<meta name=\"description\" content=\"O maior portal de Economia da Bahia ECONOMIA \/ POL\u00cdTICA Bahia Economica\" \/>\n<meta name=\"robots\" content=\"index, follow, max-snippet:-1, max-image-preview:large, max-video-preview:-1\" \/>\n<link rel=\"canonical\" href=\"https:\/\/bahiaeconomica.com.br\/wp\/2019\/07\/12\/bruno-reis-espera-marchar-com-geraldo-jr-em-2020\/\" \/>\n<meta property=\"og:locale\" content=\"pt_BR\" \/>\n<meta property=\"og:type\" content=\"article\" \/>\n<meta property=\"og:title\" content=\"BRUNO REIS ESPERA MARCHAR COM GERALDO JR. EM 2020 - Bahia Economica\" \/>\n<meta property=\"og:description\" content=\"O maior portal de Economia da Bahia ECONOMIA \/ POL\u00cdTICA Bahia Economica\" \/>\n<meta property=\"og:url\" content=\"https:\/\/bahiaeconomica.com.br\/wp\/2019\/07\/12\/bruno-reis-espera-marchar-com-geraldo-jr-em-2020\/\" \/>\n<meta property=\"og:site_name\" content=\"Bahia Economica\" \/>\n<meta property=\"article:publisher\" content=\"https:\/\/www.facebook.com\/bahiaeconomica\" \/>\n<meta property=\"article:published_time\" content=\"2019-07-12T12:00:23+00:00\" \/>\n<meta property=\"article:modified_time\" content=\"2019-07-12T11:58:51+00:00\" \/>\n<meta property=\"og:image\" content=\"https:\/\/bahiaeconomica.com.br\/wp\/wp-content\/uploads\/2019\/05\/Bruno-Reis.jpg\" \/>\n\t<meta property=\"og:image:width\" content=\"500\" \/>\n\t<meta property=\"og:image:height\" content=\"333\" \/>\n\t<meta property=\"og:image:type\" content=\"image\/jpeg\" \/>\n<meta name=\"author\" content=\"admin\" \/>\n<meta name=\"twitter:card\" content=\"summary_large_image\" \/>\n<meta name=\"twitter:label1\" content=\"Escrito por\" \/>\n\t<meta name=\"twitter:data1\" content=\"admin\" \/>\n\t<meta name=\"twitter:label2\" content=\"Est. tempo de leitura\" \/>\n\t<meta name=\"twitter:data2\" content=\"3 minutos\" \/>\n<script type=\"application\/ld+json\" class=\"yoast-schema-graph\">{\"@context\":\"https:\/\/schema.org\",\"@graph\":[{\"@type\":\"Article\",\"@id\":\"https:\/\/bahiaeconomica.com.br\/wp\/2019\/07\/12\/bruno-reis-espera-marchar-com-geraldo-jr-em-2020\/#article\",\"isPartOf\":{\"@id\":\"https:\/\/bahiaeconomica.com.br\/wp\/2019\/07\/12\/bruno-reis-espera-marchar-com-geraldo-jr-em-2020\/\"},\"author\":{\"name\":\"admin\",\"@id\":\"https:\/\/bahiaeconomica.com.br\/wp\/#\/schema\/person\/cb1ab5ba96ad3d9390805381c76284ec\"},\"headline\":\"BRUNO REIS ESPERA MARCHAR COM GERALDO JR. EM 2020\",\"datePublished\":\"2019-07-12T12:00:23+00:00\",\"dateModified\":\"2019-07-12T11:58:51+00:00\",\"mainEntityOfPage\":{\"@id\":\"https:\/\/bahiaeconomica.com.br\/wp\/2019\/07\/12\/bruno-reis-espera-marchar-com-geraldo-jr-em-2020\/\"},\"wordCount\":659,\"publisher\":{\"@id\":\"https:\/\/bahiaeconomica.com.br\/wp\/#organization\"},\"articleSection\":[\"ECONOMIA \/ POL\u00cdTICA\"],\"inLanguage\":\"pt-BR\"},{\"@type\":\"WebPage\",\"@id\":\"https:\/\/bahiaeconomica.com.br\/wp\/2019\/07\/12\/bruno-reis-espera-marchar-com-geraldo-jr-em-2020\/\",\"url\":\"https:\/\/bahiaeconomica.com.br\/wp\/2019\/07\/12\/bruno-reis-espera-marchar-com-geraldo-jr-em-2020\/\",\"name\":\"BRUNO REIS ESPERA MARCHAR COM GERALDO JR. EM 2020 - Bahia Economica\",\"isPartOf\":{\"@id\":\"https:\/\/bahiaeconomica.com.br\/wp\/#website\"},\"datePublished\":\"2019-07-12T12:00:23+00:00\",\"dateModified\":\"2019-07-12T11:58:51+00:00\",\"description\":\"O maior portal de Economia da Bahia ECONOMIA \/ POL\u00cdTICA Bahia Economica\",\"breadcrumb\":{\"@id\":\"https:\/\/bahiaeconomica.com.br\/wp\/2019\/07\/12\/bruno-reis-espera-marchar-com-geraldo-jr-em-2020\/#breadcrumb\"},\"inLanguage\":\"pt-BR\",\"potentialAction\":[{\"@type\":\"ReadAction\",\"target\":[\"https:\/\/bahiaeconomica.com.br\/wp\/2019\/07\/12\/bruno-reis-espera-marchar-com-geraldo-jr-em-2020\/\"]}]},{\"@type\":\"BreadcrumbList\",\"@id\":\"https:\/\/bahiaeconomica.com.br\/wp\/2019\/07\/12\/bruno-reis-espera-marchar-com-geraldo-jr-em-2020\/#breadcrumb\",\"itemListElement\":[{\"@type\":\"ListItem\",\"position\":1,\"name\":\"In\u00edcio\",\"item\":\"https:\/\/bahiaeconomica.com.br\/wp\/\"},{\"@type\":\"ListItem\",\"position\":2,\"name\":\"BRUNO REIS ESPERA MARCHAR COM GERALDO JR. EM 2020\"}]},{\"@type\":\"WebSite\",\"@id\":\"https:\/\/bahiaeconomica.com.br\/wp\/#website\",\"url\":\"https:\/\/bahiaeconomica.com.br\/wp\/\",\"name\":\"Bahia Economica\",\"description\":\"O maior portal de Economia da Bahia\",\"publisher\":{\"@id\":\"https:\/\/bahiaeconomica.com.br\/wp\/#organization\"},\"potentialAction\":[{\"@type\":\"SearchAction\",\"target\":{\"@type\":\"EntryPoint\",\"urlTemplate\":\"https:\/\/bahiaeconomica.com.br\/wp\/?s={search_term_string}\"},\"query-input\":\"required name=search_term_string\"}],\"inLanguage\":\"pt-BR\"},{\"@type\":\"Organization\",\"@id\":\"https:\/\/bahiaeconomica.com.br\/wp\/#organization\",\"name\":\"Bahia Econ\u00f4mica\",\"url\":\"https:\/\/bahiaeconomica.com.br\/wp\/\",\"logo\":{\"@type\":\"ImageObject\",\"inLanguage\":\"pt-BR\",\"@id\":\"https:\/\/bahiaeconomica.com.br\/wp\/#\/schema\/logo\/image\/\",\"url\":\"https:\/\/bahiaeconomica.com.br\/wp\/wp-content\/uploads\/2020\/12\/cropped-BE.png\",\"contentUrl\":\"https:\/\/bahiaeconomica.com.br\/wp\/wp-content\/uploads\/2020\/12\/cropped-BE.png\",\"width\":512,\"height\":512,\"caption\":\"Bahia Econ\u00f4mica\"},\"image\":{\"@id\":\"https:\/\/bahiaeconomica.com.br\/wp\/#\/schema\/logo\/image\/\"},\"sameAs\":[\"https:\/\/www.facebook.com\/bahiaeconomica\"]},{\"@type\":\"Person\",\"@id\":\"https:\/\/bahiaeconomica.com.br\/wp\/#\/schema\/person\/cb1ab5ba96ad3d9390805381c76284ec\",\"name\":\"admin\",\"url\":\"https:\/\/bahiaeconomica.com.br\/wp\/author\/admin\/\"}]}<\/script>\n<!-- \/ Yoast SEO plugin. -->","yoast_head_json":{"title":"BRUNO REIS ESPERA MARCHAR COM GERALDO JR. EM 2020 - Bahia Economica","description":"O maior portal de Economia da Bahia ECONOMIA \/ POL\u00cdTICA Bahia Economica","robots":{"index":"index","follow":"follow","max-snippet":"max-snippet:-1","max-image-preview":"max-image-preview:large","max-video-preview":"max-video-preview:-1"},"canonical":"https:\/\/bahiaeconomica.com.br\/wp\/2019\/07\/12\/bruno-reis-espera-marchar-com-geraldo-jr-em-2020\/","og_locale":"pt_BR","og_type":"article","og_title":"BRUNO REIS ESPERA MARCHAR COM GERALDO JR. EM 2020 - Bahia Economica","og_description":"O maior portal de Economia da Bahia ECONOMIA \/ POL\u00cdTICA Bahia Economica","og_url":"https:\/\/bahiaeconomica.com.br\/wp\/2019\/07\/12\/bruno-reis-espera-marchar-com-geraldo-jr-em-2020\/","og_site_name":"Bahia Economica","article_publisher":"https:\/\/www.facebook.com\/bahiaeconomica","article_published_time":"2019-07-12T12:00:23+00:00","article_modified_time":"2019-07-12T11:58:51+00:00","og_image":[{"width":500,"height":333,"url":"https:\/\/bahiaeconomica.com.br\/wp\/wp-content\/uploads\/2019\/05\/Bruno-Reis.jpg","type":"image\/jpeg"}],"author":"admin","twitter_card":"summary_large_image","twitter_misc":{"Escrito por":"admin","Est. tempo de leitura":"3 minutos"},"schema":{"@context":"https:\/\/schema.org","@graph":[{"@type":"Article","@id":"https:\/\/bahiaeconomica.com.br\/wp\/2019\/07\/12\/bruno-reis-espera-marchar-com-geraldo-jr-em-2020\/#article","isPartOf":{"@id":"https:\/\/bahiaeconomica.com.br\/wp\/2019\/07\/12\/bruno-reis-espera-marchar-com-geraldo-jr-em-2020\/"},"author":{"name":"admin","@id":"https:\/\/bahiaeconomica.com.br\/wp\/#\/schema\/person\/cb1ab5ba96ad3d9390805381c76284ec"},"headline":"BRUNO REIS ESPERA MARCHAR COM GERALDO JR. EM 2020","datePublished":"2019-07-12T12:00:23+00:00","dateModified":"2019-07-12T11:58:51+00:00","mainEntityOfPage":{"@id":"https:\/\/bahiaeconomica.com.br\/wp\/2019\/07\/12\/bruno-reis-espera-marchar-com-geraldo-jr-em-2020\/"},"wordCount":659,"publisher":{"@id":"https:\/\/bahiaeconomica.com.br\/wp\/#organization"},"articleSection":["ECONOMIA \/ POL\u00cdTICA"],"inLanguage":"pt-BR"},{"@type":"WebPage","@id":"https:\/\/bahiaeconomica.com.br\/wp\/2019\/07\/12\/bruno-reis-espera-marchar-com-geraldo-jr-em-2020\/","url":"https:\/\/bahiaeconomica.com.br\/wp\/2019\/07\/12\/bruno-reis-espera-marchar-com-geraldo-jr-em-2020\/","name":"BRUNO REIS ESPERA MARCHAR COM GERALDO JR. EM 2020 - Bahia Economica","isPartOf":{"@id":"https:\/\/bahiaeconomica.com.br\/wp\/#website"},"datePublished":"2019-07-12T12:00:23+00:00","dateModified":"2019-07-12T11:58:51+00:00","description":"O maior portal de Economia da Bahia ECONOMIA \/ POL\u00cdTICA Bahia Economica","breadcrumb":{"@id":"https:\/\/bahiaeconomica.com.br\/wp\/2019\/07\/12\/bruno-reis-espera-marchar-com-geraldo-jr-em-2020\/#breadcrumb"},"inLanguage":"pt-BR","potentialAction":[{"@type":"ReadAction","target":["https:\/\/bahiaeconomica.com.br\/wp\/2019\/07\/12\/bruno-reis-espera-marchar-com-geraldo-jr-em-2020\/"]}]},{"@type":"BreadcrumbList","@id":"https:\/\/bahiaeconomica.com.br\/wp\/2019\/07\/12\/bruno-reis-espera-marchar-com-geraldo-jr-em-2020\/#breadcrumb","itemListElement":[{"@type":"ListItem","position":1,"name":"In\u00edcio","item":"https:\/\/bahiaeconomica.com.br\/wp\/"},{"@type":"ListItem","position":2,"name":"BRUNO REIS ESPERA MARCHAR COM GERALDO JR. EM 2020"}]},{"@type":"WebSite","@id":"https:\/\/bahiaeconomica.com.br\/wp\/#website","url":"https:\/\/bahiaeconomica.com.br\/wp\/","name":"Bahia Economica","description":"O maior portal de Economia da Bahia","publisher":{"@id":"https:\/\/bahiaeconomica.com.br\/wp\/#organization"},"potentialAction":[{"@type":"SearchAction","target":{"@type":"EntryPoint","urlTemplate":"https:\/\/bahiaeconomica.com.br\/wp\/?s={search_term_string}"},"query-input":"required name=search_term_string"}],"inLanguage":"pt-BR"},{"@type":"Organization","@id":"https:\/\/bahiaeconomica.com.br\/wp\/#organization","name":"Bahia Econ\u00f4mica","url":"https:\/\/bahiaeconomica.com.br\/wp\/","logo":{"@type":"ImageObject","inLanguage":"pt-BR","@id":"https:\/\/bahiaeconomica.com.br\/wp\/#\/schema\/logo\/image\/","url":"https:\/\/bahiaeconomica.com.br\/wp\/wp-content\/uploads\/2020\/12\/cropped-BE.png","contentUrl":"https:\/\/bahiaeconomica.com.br\/wp\/wp-content\/uploads\/2020\/12\/cropped-BE.png","width":512,"height":512,"caption":"Bahia Econ\u00f4mica"},"image":{"@id":"https:\/\/bahiaeconomica.com.br\/wp\/#\/schema\/logo\/image\/"},"sameAs":["https:\/\/www.facebook.com\/bahiaeconomica"]},{"@type":"Person","@id":"https:\/\/bahiaeconomica.com.br\/wp\/#\/schema\/person\/cb1ab5ba96ad3d9390805381c76284ec","name":"admin","url":"https:\/\/bahiaeconomica.com.br\/wp\/author\/admin\/"}]}},"views":0,"_links":{"self":[{"href":"https:\/\/bahiaeconomica.com.br\/wp\/wp-json\/wp\/v2\/posts\/360604"}],"collection":[{"href":"https:\/\/bahiaeconomica.com.br\/wp\/wp-json\/wp\/v2\/posts"}],"about":[{"href":"https:\/\/bahiaeconomica.com.br\/wp\/wp-json\/wp\/v2\/types\/post"}],"author":[{"embeddable":true,"href":"https:\/\/bahiaeconomica.com.br\/wp\/wp-json\/wp\/v2\/users\/1"}],"replies":[{"embeddable":true,"href":"https:\/\/bahiaeconomica.com.br\/wp\/wp-json\/wp\/v2\/comments?post=360604"}],"version-history":[{"count":1,"href":"https:\/\/bahiaeconomica.com.br\/wp\/wp-json\/wp\/v2\/posts\/360604\/revisions"}],"predecessor-version":[{"id":360605,"href":"https:\/\/bahiaeconomica.com.br\/wp\/wp-json\/wp\/v2\/posts\/360604\/revisions\/360605"}],"wp:featuredmedia":[{"embeddable":true,"href":"https:\/\/bahiaeconomica.com.br\/wp\/wp-json\/wp\/v2\/media\/339247"}],"wp:attachment":[{"href":"https:\/\/bahiaeconomica.com.br\/wp\/wp-json\/wp\/v2\/media?parent=360604"}],"wp:term":[{"taxonomy":"category","embeddable":true,"href":"https:\/\/bahiaeconomica.com.br\/wp\/wp-json\/wp\/v2\/categories?post=360604"},{"taxonomy":"post_tag","embeddable":true,"href":"https:\/\/bahiaeconomica.com.br\/wp\/wp-json\/wp\/v2\/tags?post=360604"}],"curies":[{"name":"wp","href":"https:\/\/api.w.org\/{rel}","templated":true}]}}