{"id":354719,"date":"2019-07-04T11:00:11","date_gmt":"2019-07-04T14:00:11","guid":{"rendered":"https:\/\/bahiaeconomica.com.br\/wp\/beta\/?p=354719"},"modified":"2019-07-04T09:54:25","modified_gmt":"2019-07-04T12:54:25","slug":"economistas-nao-garantem-que-governo-ira-elevar-numero-de-vagas-de-trabalho","status":"publish","type":"post","link":"https:\/\/bahiaeconomica.com.br\/wp\/2019\/07\/04\/economistas-nao-garantem-que-governo-ira-elevar-numero-de-vagas-de-trabalho\/","title":{"rendered":"ECONOMISTAS N\u00c3O GARANTEM QUE GOVERNO IR\u00c1 ELEVAR N\u00daMERO DE VAGAS DE TRABALHO \u00a0"},"content":{"rendered":"<p style=\"text-align: justify;\">Um estudo realizado com economistas pelo portal G1, apontou que a pol\u00edtica do governo de Bolsonaro n\u00e3o garante que o pa\u00eds ir\u00e1 aumentar o n\u00famero de vagas de trabalho. Seis \u00a0economistas foram ouvidos e 3 disseram que a gest\u00e3o Bolsonaro conseguir\u00e1 aumentar a cria\u00e7\u00e3o de vagas, enquanto outros 3 disseram que n\u00e3o. Participaram do levantamento Alessandra Ribeiro (Tend\u00eancias Consultoria), Alex Agostini (Austin Rating), Andr\u00e9 Perfeito (Necton), Jos\u00e9 Francisco de Lima Gon\u00e7alves (Banco Fator), Lu\u00eds Paulo Rosenberg (Rosenberg Associados) e Marcel Caparoz (RC Consultores).<\/p>\n<p style=\"text-align: justify;\">Perfeito afirma que as condi\u00e7\u00f5es atuais da economia n\u00e3o permitem garantir o que acontecer\u00e1 com o mercado de trabalho, que depende da recupera\u00e7\u00e3o da economia em si. \u201cOs economistas acreditavam que bastava o choque de confian\u00e7a e os juros ca\u00edrem fortemente. O choque de confian\u00e7a aconteceu, mas o problema \u00e9 que o mundo n\u00e3o vive s\u00f3 de confian\u00e7a. E n\u00e3o adianta ter os juros no lugar certo e a economia no lugar errado\u201d.<\/p>\n<p style=\"text-align: justify;\">Nesse sentido, Caparoz comenta que \u201ca frustra\u00e7\u00e3o sobre o ritmo de crescimento econ\u00f4mico no Brasil tem reflexos diretos sobre o mercado de trabalho, que demonstra dificuldades para elevar o n\u00famero de novas contrata\u00e7\u00f5es\u201d. J\u00e1 Alessandra ressalva que, ao fazer previs\u00f5es sobre o mercado de trabalho, \u00e9 preciso olhar os n\u00fameros com cuidado, sem considerar apenas a redu\u00e7\u00e3o da taxa de desemprego. Isso porque, nos \u00faltimos meses, a queda da taxa de desemprego vem sendo sustentada pelo mercado informal. \u00c0 medida em que a economia melhorar, esses postos devem perder lugar para os empregos com carteira, al\u00e9m do fato de pessoas que haviam desistido de procurar podem voltar \u00e0 busca. Agostini diz que a gera\u00e7\u00e3o de empregos deve acontecer \u201cde forma mais consistente somente a partir de 2020\u201d.<\/p>\n","protected":false},"excerpt":{"rendered":"<p>Um estudo realizado com economistas pelo portal G1, apontou que a pol\u00edtica do governo de Bolsonaro n\u00e3o garante que o pa\u00eds ir\u00e1 aumentar o n\u00famero de vagas de trabalho. Seis \u00a0economistas foram ouvidos e 3 disseram que a gest\u00e3o Bolsonaro conseguir\u00e1 aumentar a cria\u00e7\u00e3o de vagas, enquanto outros 3 disseram que n\u00e3o. Participaram do levantamento [&hellip;]<\/p>\n","protected":false},"author":1,"featured_media":199334,"comment_status":"closed","ping_status":"closed","sticky":false,"template":"","format":"standard","meta":[],"categories":[3],"tags":[],"acf":[],"yoast_head":"<!-- This site is optimized with the Yoast SEO plugin v20.8 - https:\/\/yoast.com\/wordpress\/plugins\/seo\/ -->\n<title>ECONOMISTAS N\u00c3O GARANTEM QUE GOVERNO IR\u00c1 ELEVAR N\u00daMERO DE VAGAS DE TRABALHO \u00a0 - Bahia Economica<\/title>\n<meta name=\"description\" content=\"O maior portal de Economia da Bahia ECONOMIA \/ POL\u00cdTICA Bahia Economica\" \/>\n<meta name=\"robots\" content=\"index, follow, max-snippet:-1, max-image-preview:large, max-video-preview:-1\" \/>\n<link rel=\"canonical\" href=\"https:\/\/bahiaeconomica.com.br\/wp\/2019\/07\/04\/economistas-nao-garantem-que-governo-ira-elevar-numero-de-vagas-de-trabalho\/\" \/>\n<meta property=\"og:locale\" content=\"pt_BR\" \/>\n<meta property=\"og:type\" content=\"article\" \/>\n<meta property=\"og:title\" content=\"ECONOMISTAS N\u00c3O GARANTEM QUE GOVERNO IR\u00c1 ELEVAR N\u00daMERO DE VAGAS DE TRABALHO \u00a0 - Bahia Economica\" \/>\n<meta property=\"og:description\" content=\"O maior portal de Economia da Bahia ECONOMIA \/ POL\u00cdTICA Bahia Economica\" \/>\n<meta property=\"og:url\" content=\"https:\/\/bahiaeconomica.com.br\/wp\/2019\/07\/04\/economistas-nao-garantem-que-governo-ira-elevar-numero-de-vagas-de-trabalho\/\" \/>\n<meta property=\"og:site_name\" content=\"Bahia Economica\" \/>\n<meta property=\"article:publisher\" content=\"https:\/\/www.facebook.com\/bahiaeconomica\" \/>\n<meta property=\"article:published_time\" content=\"2019-07-04T14:00:11+00:00\" \/>\n<meta property=\"article:modified_time\" content=\"2019-07-04T12:54:25+00:00\" \/>\n<meta property=\"og:image\" content=\"https:\/\/bahiaeconomica.com.br\/wp\/wp-content\/uploads\/2018\/11\/x67534943_EC-Rio-de-Janeiro-RJ-05-05-2017Fotos-de-arquivo-sobre-carteira-de-trabalho-Ministerio-do.jpg.pagespeed.ic_.dd9oAIBmYB.jpg\" \/>\n\t<meta property=\"og:image:width\" content=\"500\" \/>\n\t<meta property=\"og:image:height\" content=\"300\" \/>\n\t<meta property=\"og:image:type\" content=\"image\/jpeg\" \/>\n<meta name=\"author\" content=\"admin\" \/>\n<meta name=\"twitter:card\" content=\"summary_large_image\" \/>\n<meta name=\"twitter:label1\" content=\"Escrito por\" \/>\n\t<meta name=\"twitter:data1\" content=\"admin\" \/>\n\t<meta name=\"twitter:label2\" content=\"Est. tempo de leitura\" \/>\n\t<meta name=\"twitter:data2\" content=\"2 minutos\" \/>\n<script type=\"application\/ld+json\" class=\"yoast-schema-graph\">{\"@context\":\"https:\/\/schema.org\",\"@graph\":[{\"@type\":\"Article\",\"@id\":\"https:\/\/bahiaeconomica.com.br\/wp\/2019\/07\/04\/economistas-nao-garantem-que-governo-ira-elevar-numero-de-vagas-de-trabalho\/#article\",\"isPartOf\":{\"@id\":\"https:\/\/bahiaeconomica.com.br\/wp\/2019\/07\/04\/economistas-nao-garantem-que-governo-ira-elevar-numero-de-vagas-de-trabalho\/\"},\"author\":{\"name\":\"admin\",\"@id\":\"https:\/\/bahiaeconomica.com.br\/wp\/#\/schema\/person\/cb1ab5ba96ad3d9390805381c76284ec\"},\"headline\":\"ECONOMISTAS N\u00c3O GARANTEM QUE GOVERNO IR\u00c1 ELEVAR N\u00daMERO DE VAGAS DE TRABALHO \u00a0\",\"datePublished\":\"2019-07-04T14:00:11+00:00\",\"dateModified\":\"2019-07-04T12:54:25+00:00\",\"mainEntityOfPage\":{\"@id\":\"https:\/\/bahiaeconomica.com.br\/wp\/2019\/07\/04\/economistas-nao-garantem-que-governo-ira-elevar-numero-de-vagas-de-trabalho\/\"},\"wordCount\":318,\"publisher\":{\"@id\":\"https:\/\/bahiaeconomica.com.br\/wp\/#organization\"},\"articleSection\":[\"ECONOMIA \/ POL\u00cdTICA\"],\"inLanguage\":\"pt-BR\"},{\"@type\":\"WebPage\",\"@id\":\"https:\/\/bahiaeconomica.com.br\/wp\/2019\/07\/04\/economistas-nao-garantem-que-governo-ira-elevar-numero-de-vagas-de-trabalho\/\",\"url\":\"https:\/\/bahiaeconomica.com.br\/wp\/2019\/07\/04\/economistas-nao-garantem-que-governo-ira-elevar-numero-de-vagas-de-trabalho\/\",\"name\":\"ECONOMISTAS N\u00c3O GARANTEM QUE GOVERNO IR\u00c1 ELEVAR N\u00daMERO DE VAGAS DE TRABALHO \u00a0 - Bahia Economica\",\"isPartOf\":{\"@id\":\"https:\/\/bahiaeconomica.com.br\/wp\/#website\"},\"datePublished\":\"2019-07-04T14:00:11+00:00\",\"dateModified\":\"2019-07-04T12:54:25+00:00\",\"description\":\"O maior portal de Economia da Bahia ECONOMIA \/ POL\u00cdTICA Bahia Economica\",\"breadcrumb\":{\"@id\":\"https:\/\/bahiaeconomica.com.br\/wp\/2019\/07\/04\/economistas-nao-garantem-que-governo-ira-elevar-numero-de-vagas-de-trabalho\/#breadcrumb\"},\"inLanguage\":\"pt-BR\",\"potentialAction\":[{\"@type\":\"ReadAction\",\"target\":[\"https:\/\/bahiaeconomica.com.br\/wp\/2019\/07\/04\/economistas-nao-garantem-que-governo-ira-elevar-numero-de-vagas-de-trabalho\/\"]}]},{\"@type\":\"BreadcrumbList\",\"@id\":\"https:\/\/bahiaeconomica.com.br\/wp\/2019\/07\/04\/economistas-nao-garantem-que-governo-ira-elevar-numero-de-vagas-de-trabalho\/#breadcrumb\",\"itemListElement\":[{\"@type\":\"ListItem\",\"position\":1,\"name\":\"In\u00edcio\",\"item\":\"https:\/\/bahiaeconomica.com.br\/wp\/\"},{\"@type\":\"ListItem\",\"position\":2,\"name\":\"ECONOMISTAS N\u00c3O GARANTEM QUE GOVERNO IR\u00c1 ELEVAR N\u00daMERO DE VAGAS DE TRABALHO \u00a0\"}]},{\"@type\":\"WebSite\",\"@id\":\"https:\/\/bahiaeconomica.com.br\/wp\/#website\",\"url\":\"https:\/\/bahiaeconomica.com.br\/wp\/\",\"name\":\"Bahia Economica\",\"description\":\"O maior portal de Economia da Bahia\",\"publisher\":{\"@id\":\"https:\/\/bahiaeconomica.com.br\/wp\/#organization\"},\"potentialAction\":[{\"@type\":\"SearchAction\",\"target\":{\"@type\":\"EntryPoint\",\"urlTemplate\":\"https:\/\/bahiaeconomica.com.br\/wp\/?s={search_term_string}\"},\"query-input\":\"required name=search_term_string\"}],\"inLanguage\":\"pt-BR\"},{\"@type\":\"Organization\",\"@id\":\"https:\/\/bahiaeconomica.com.br\/wp\/#organization\",\"name\":\"Bahia Econ\u00f4mica\",\"url\":\"https:\/\/bahiaeconomica.com.br\/wp\/\",\"logo\":{\"@type\":\"ImageObject\",\"inLanguage\":\"pt-BR\",\"@id\":\"https:\/\/bahiaeconomica.com.br\/wp\/#\/schema\/logo\/image\/\",\"url\":\"https:\/\/bahiaeconomica.com.br\/wp\/wp-content\/uploads\/2020\/12\/cropped-BE.png\",\"contentUrl\":\"https:\/\/bahiaeconomica.com.br\/wp\/wp-content\/uploads\/2020\/12\/cropped-BE.png\",\"width\":512,\"height\":512,\"caption\":\"Bahia Econ\u00f4mica\"},\"image\":{\"@id\":\"https:\/\/bahiaeconomica.com.br\/wp\/#\/schema\/logo\/image\/\"},\"sameAs\":[\"https:\/\/www.facebook.com\/bahiaeconomica\"]},{\"@type\":\"Person\",\"@id\":\"https:\/\/bahiaeconomica.com.br\/wp\/#\/schema\/person\/cb1ab5ba96ad3d9390805381c76284ec\",\"name\":\"admin\",\"url\":\"https:\/\/bahiaeconomica.com.br\/wp\/author\/admin\/\"}]}<\/script>\n<!-- \/ Yoast SEO plugin. -->","yoast_head_json":{"title":"ECONOMISTAS N\u00c3O GARANTEM QUE GOVERNO IR\u00c1 ELEVAR N\u00daMERO DE VAGAS DE TRABALHO \u00a0 - Bahia Economica","description":"O maior portal de Economia da Bahia ECONOMIA \/ POL\u00cdTICA Bahia Economica","robots":{"index":"index","follow":"follow","max-snippet":"max-snippet:-1","max-image-preview":"max-image-preview:large","max-video-preview":"max-video-preview:-1"},"canonical":"https:\/\/bahiaeconomica.com.br\/wp\/2019\/07\/04\/economistas-nao-garantem-que-governo-ira-elevar-numero-de-vagas-de-trabalho\/","og_locale":"pt_BR","og_type":"article","og_title":"ECONOMISTAS N\u00c3O GARANTEM QUE GOVERNO IR\u00c1 ELEVAR N\u00daMERO DE VAGAS DE TRABALHO \u00a0 - Bahia Economica","og_description":"O maior portal de Economia da Bahia ECONOMIA \/ POL\u00cdTICA Bahia Economica","og_url":"https:\/\/bahiaeconomica.com.br\/wp\/2019\/07\/04\/economistas-nao-garantem-que-governo-ira-elevar-numero-de-vagas-de-trabalho\/","og_site_name":"Bahia Economica","article_publisher":"https:\/\/www.facebook.com\/bahiaeconomica","article_published_time":"2019-07-04T14:00:11+00:00","article_modified_time":"2019-07-04T12:54:25+00:00","og_image":[{"width":500,"height":300,"url":"https:\/\/bahiaeconomica.com.br\/wp\/wp-content\/uploads\/2018\/11\/x67534943_EC-Rio-de-Janeiro-RJ-05-05-2017Fotos-de-arquivo-sobre-carteira-de-trabalho-Ministerio-do.jpg.pagespeed.ic_.dd9oAIBmYB.jpg","type":"image\/jpeg"}],"author":"admin","twitter_card":"summary_large_image","twitter_misc":{"Escrito por":"admin","Est. tempo de leitura":"2 minutos"},"schema":{"@context":"https:\/\/schema.org","@graph":[{"@type":"Article","@id":"https:\/\/bahiaeconomica.com.br\/wp\/2019\/07\/04\/economistas-nao-garantem-que-governo-ira-elevar-numero-de-vagas-de-trabalho\/#article","isPartOf":{"@id":"https:\/\/bahiaeconomica.com.br\/wp\/2019\/07\/04\/economistas-nao-garantem-que-governo-ira-elevar-numero-de-vagas-de-trabalho\/"},"author":{"name":"admin","@id":"https:\/\/bahiaeconomica.com.br\/wp\/#\/schema\/person\/cb1ab5ba96ad3d9390805381c76284ec"},"headline":"ECONOMISTAS N\u00c3O GARANTEM QUE GOVERNO IR\u00c1 ELEVAR N\u00daMERO DE VAGAS DE TRABALHO \u00a0","datePublished":"2019-07-04T14:00:11+00:00","dateModified":"2019-07-04T12:54:25+00:00","mainEntityOfPage":{"@id":"https:\/\/bahiaeconomica.com.br\/wp\/2019\/07\/04\/economistas-nao-garantem-que-governo-ira-elevar-numero-de-vagas-de-trabalho\/"},"wordCount":318,"publisher":{"@id":"https:\/\/bahiaeconomica.com.br\/wp\/#organization"},"articleSection":["ECONOMIA \/ POL\u00cdTICA"],"inLanguage":"pt-BR"},{"@type":"WebPage","@id":"https:\/\/bahiaeconomica.com.br\/wp\/2019\/07\/04\/economistas-nao-garantem-que-governo-ira-elevar-numero-de-vagas-de-trabalho\/","url":"https:\/\/bahiaeconomica.com.br\/wp\/2019\/07\/04\/economistas-nao-garantem-que-governo-ira-elevar-numero-de-vagas-de-trabalho\/","name":"ECONOMISTAS N\u00c3O GARANTEM QUE GOVERNO IR\u00c1 ELEVAR N\u00daMERO DE VAGAS DE TRABALHO \u00a0 - Bahia Economica","isPartOf":{"@id":"https:\/\/bahiaeconomica.com.br\/wp\/#website"},"datePublished":"2019-07-04T14:00:11+00:00","dateModified":"2019-07-04T12:54:25+00:00","description":"O maior portal de Economia da Bahia ECONOMIA \/ POL\u00cdTICA Bahia Economica","breadcrumb":{"@id":"https:\/\/bahiaeconomica.com.br\/wp\/2019\/07\/04\/economistas-nao-garantem-que-governo-ira-elevar-numero-de-vagas-de-trabalho\/#breadcrumb"},"inLanguage":"pt-BR","potentialAction":[{"@type":"ReadAction","target":["https:\/\/bahiaeconomica.com.br\/wp\/2019\/07\/04\/economistas-nao-garantem-que-governo-ira-elevar-numero-de-vagas-de-trabalho\/"]}]},{"@type":"BreadcrumbList","@id":"https:\/\/bahiaeconomica.com.br\/wp\/2019\/07\/04\/economistas-nao-garantem-que-governo-ira-elevar-numero-de-vagas-de-trabalho\/#breadcrumb","itemListElement":[{"@type":"ListItem","position":1,"name":"In\u00edcio","item":"https:\/\/bahiaeconomica.com.br\/wp\/"},{"@type":"ListItem","position":2,"name":"ECONOMISTAS N\u00c3O GARANTEM QUE GOVERNO IR\u00c1 ELEVAR N\u00daMERO DE VAGAS DE TRABALHO \u00a0"}]},{"@type":"WebSite","@id":"https:\/\/bahiaeconomica.com.br\/wp\/#website","url":"https:\/\/bahiaeconomica.com.br\/wp\/","name":"Bahia Economica","description":"O maior portal de Economia da Bahia","publisher":{"@id":"https:\/\/bahiaeconomica.com.br\/wp\/#organization"},"potentialAction":[{"@type":"SearchAction","target":{"@type":"EntryPoint","urlTemplate":"https:\/\/bahiaeconomica.com.br\/wp\/?s={search_term_string}"},"query-input":"required name=search_term_string"}],"inLanguage":"pt-BR"},{"@type":"Organization","@id":"https:\/\/bahiaeconomica.com.br\/wp\/#organization","name":"Bahia Econ\u00f4mica","url":"https:\/\/bahiaeconomica.com.br\/wp\/","logo":{"@type":"ImageObject","inLanguage":"pt-BR","@id":"https:\/\/bahiaeconomica.com.br\/wp\/#\/schema\/logo\/image\/","url":"https:\/\/bahiaeconomica.com.br\/wp\/wp-content\/uploads\/2020\/12\/cropped-BE.png","contentUrl":"https:\/\/bahiaeconomica.com.br\/wp\/wp-content\/uploads\/2020\/12\/cropped-BE.png","width":512,"height":512,"caption":"Bahia Econ\u00f4mica"},"image":{"@id":"https:\/\/bahiaeconomica.com.br\/wp\/#\/schema\/logo\/image\/"},"sameAs":["https:\/\/www.facebook.com\/bahiaeconomica"]},{"@type":"Person","@id":"https:\/\/bahiaeconomica.com.br\/wp\/#\/schema\/person\/cb1ab5ba96ad3d9390805381c76284ec","name":"admin","url":"https:\/\/bahiaeconomica.com.br\/wp\/author\/admin\/"}]}},"views":1,"_links":{"self":[{"href":"https:\/\/bahiaeconomica.com.br\/wp\/wp-json\/wp\/v2\/posts\/354719"}],"collection":[{"href":"https:\/\/bahiaeconomica.com.br\/wp\/wp-json\/wp\/v2\/posts"}],"about":[{"href":"https:\/\/bahiaeconomica.com.br\/wp\/wp-json\/wp\/v2\/types\/post"}],"author":[{"embeddable":true,"href":"https:\/\/bahiaeconomica.com.br\/wp\/wp-json\/wp\/v2\/users\/1"}],"replies":[{"embeddable":true,"href":"https:\/\/bahiaeconomica.com.br\/wp\/wp-json\/wp\/v2\/comments?post=354719"}],"version-history":[{"count":1,"href":"https:\/\/bahiaeconomica.com.br\/wp\/wp-json\/wp\/v2\/posts\/354719\/revisions"}],"predecessor-version":[{"id":354722,"href":"https:\/\/bahiaeconomica.com.br\/wp\/wp-json\/wp\/v2\/posts\/354719\/revisions\/354722"}],"wp:featuredmedia":[{"embeddable":true,"href":"https:\/\/bahiaeconomica.com.br\/wp\/wp-json\/wp\/v2\/media\/199334"}],"wp:attachment":[{"href":"https:\/\/bahiaeconomica.com.br\/wp\/wp-json\/wp\/v2\/media?parent=354719"}],"wp:term":[{"taxonomy":"category","embeddable":true,"href":"https:\/\/bahiaeconomica.com.br\/wp\/wp-json\/wp\/v2\/categories?post=354719"},{"taxonomy":"post_tag","embeddable":true,"href":"https:\/\/bahiaeconomica.com.br\/wp\/wp-json\/wp\/v2\/tags?post=354719"}],"curies":[{"name":"wp","href":"https:\/\/api.w.org\/{rel}","templated":true}]}}