{"id":353609,"date":"2019-07-02T11:11:31","date_gmt":"2019-07-02T14:11:31","guid":{"rendered":"https:\/\/bahiaeconomica.com.br\/wp\/beta\/?p=353609"},"modified":"2019-07-02T11:11:31","modified_gmt":"2019-07-02T14:11:31","slug":"bruno-reis-evita-falar-sobre-candidatura-mas-comemora-reconhecimento-da-populacao","status":"publish","type":"post","link":"https:\/\/bahiaeconomica.com.br\/wp\/2019\/07\/02\/bruno-reis-evita-falar-sobre-candidatura-mas-comemora-reconhecimento-da-populacao\/","title":{"rendered":"BRUNO REIS EVITA FALAR SOBRE CANDIDATURA, MAS COMEMORA RECONHECIMENTO DA POPULA\u00c7\u00c3O"},"content":{"rendered":"<p>No desfile c\u00edvico da Independ\u00eancia da Bahia nesta ter\u00e7a-feira (2), o vice-prefeito de Salvador e secret\u00e1rio de Infraestrutura, Bruno Reis, evitou falar sobre a eventual candidatura \u00e0 Prefeitura.<\/p>\n<p>Cotado para disputar o Pal\u00e1cio Thom\u00e9 de Souza em 2020, ele afirmou que \u201c\u00e9 cedo ainda\u201d, mas relatou que as pessoas passaram a reconhec\u00ea-lo nas ruas como pol\u00edtico e como figura p\u00fablica.<\/p>\n<p>\u201cFoi o melhor Dois de Julho da minha vida\u201d, disse. \u201cAs pessoas j\u00e1 reconhecem uma marca da nossa caminhada, que \u00e9 muito trabalho. As pessoas v\u00eam parabenizando pelo trabalho, agradecendo pelas entregas que estamos fazendo, di\u00e1rias, de domingo a domingo\u201d, explicou Reis.<\/p>\n<p>* Fotos: Max Haack\/Secom<\/p>\n","protected":false},"excerpt":{"rendered":"<p>No desfile c\u00edvico da Independ\u00eancia da Bahia nesta ter\u00e7a-feira (2), o vice-prefeito de Salvador e secret\u00e1rio de Infraestrutura, Bruno Reis, evitou falar sobre a eventual candidatura \u00e0 Prefeitura. Cotado para disputar o Pal\u00e1cio Thom\u00e9 de Souza em 2020, ele afirmou que \u201c\u00e9 cedo ainda\u201d, mas relatou que as pessoas passaram a reconhec\u00ea-lo nas ruas como [&hellip;]<\/p>\n","protected":false},"author":1,"featured_media":353610,"comment_status":"closed","ping_status":"closed","sticky":false,"template":"","format":"standard","meta":[],"categories":[3],"tags":[],"acf":[],"yoast_head":"<!-- This site is optimized with the Yoast SEO plugin v20.8 - https:\/\/yoast.com\/wordpress\/plugins\/seo\/ -->\n<title>BRUNO REIS EVITA FALAR SOBRE CANDIDATURA, MAS COMEMORA RECONHECIMENTO DA POPULA\u00c7\u00c3O - Bahia Economica<\/title>\n<meta name=\"description\" content=\"O maior portal de Economia da Bahia ECONOMIA \/ POL\u00cdTICA Bahia Economica\" \/>\n<meta name=\"robots\" content=\"index, follow, max-snippet:-1, max-image-preview:large, max-video-preview:-1\" \/>\n<link rel=\"canonical\" href=\"https:\/\/bahiaeconomica.com.br\/wp\/2019\/07\/02\/bruno-reis-evita-falar-sobre-candidatura-mas-comemora-reconhecimento-da-populacao\/\" \/>\n<meta property=\"og:locale\" content=\"pt_BR\" \/>\n<meta property=\"og:type\" content=\"article\" \/>\n<meta property=\"og:title\" content=\"BRUNO REIS EVITA FALAR SOBRE CANDIDATURA, MAS COMEMORA RECONHECIMENTO DA POPULA\u00c7\u00c3O - Bahia Economica\" \/>\n<meta property=\"og:description\" content=\"O maior portal de Economia da Bahia ECONOMIA \/ POL\u00cdTICA Bahia Economica\" \/>\n<meta property=\"og:url\" content=\"https:\/\/bahiaeconomica.com.br\/wp\/2019\/07\/02\/bruno-reis-evita-falar-sobre-candidatura-mas-comemora-reconhecimento-da-populacao\/\" \/>\n<meta property=\"og:site_name\" content=\"Bahia Economica\" \/>\n<meta property=\"article:publisher\" content=\"https:\/\/www.facebook.com\/bahiaeconomica\" \/>\n<meta property=\"article:published_time\" content=\"2019-07-02T14:11:31+00:00\" \/>\n<meta property=\"og:image\" content=\"https:\/\/bahiaeconomica.com.br\/wp\/wp-content\/uploads\/2019\/07\/DoisdeJulho4.jpeg\" \/>\n\t<meta property=\"og:image:width\" content=\"500\" \/>\n\t<meta property=\"og:image:height\" content=\"333\" \/>\n\t<meta property=\"og:image:type\" content=\"image\/jpeg\" \/>\n<meta name=\"author\" content=\"admin\" \/>\n<meta name=\"twitter:card\" content=\"summary_large_image\" \/>\n<meta name=\"twitter:label1\" content=\"Escrito por\" \/>\n\t<meta name=\"twitter:data1\" content=\"admin\" \/>\n\t<meta name=\"twitter:label2\" content=\"Est. tempo de leitura\" \/>\n\t<meta name=\"twitter:data2\" content=\"1 minuto\" \/>\n<script type=\"application\/ld+json\" class=\"yoast-schema-graph\">{\"@context\":\"https:\/\/schema.org\",\"@graph\":[{\"@type\":\"Article\",\"@id\":\"https:\/\/bahiaeconomica.com.br\/wp\/2019\/07\/02\/bruno-reis-evita-falar-sobre-candidatura-mas-comemora-reconhecimento-da-populacao\/#article\",\"isPartOf\":{\"@id\":\"https:\/\/bahiaeconomica.com.br\/wp\/2019\/07\/02\/bruno-reis-evita-falar-sobre-candidatura-mas-comemora-reconhecimento-da-populacao\/\"},\"author\":{\"name\":\"admin\",\"@id\":\"https:\/\/bahiaeconomica.com.br\/wp\/#\/schema\/person\/cb1ab5ba96ad3d9390805381c76284ec\"},\"headline\":\"BRUNO REIS EVITA FALAR SOBRE CANDIDATURA, MAS COMEMORA RECONHECIMENTO DA POPULA\u00c7\u00c3O\",\"datePublished\":\"2019-07-02T14:11:31+00:00\",\"dateModified\":\"2019-07-02T14:11:31+00:00\",\"mainEntityOfPage\":{\"@id\":\"https:\/\/bahiaeconomica.com.br\/wp\/2019\/07\/02\/bruno-reis-evita-falar-sobre-candidatura-mas-comemora-reconhecimento-da-populacao\/\"},\"wordCount\":123,\"publisher\":{\"@id\":\"https:\/\/bahiaeconomica.com.br\/wp\/#organization\"},\"articleSection\":[\"ECONOMIA \/ POL\u00cdTICA\"],\"inLanguage\":\"pt-BR\"},{\"@type\":\"WebPage\",\"@id\":\"https:\/\/bahiaeconomica.com.br\/wp\/2019\/07\/02\/bruno-reis-evita-falar-sobre-candidatura-mas-comemora-reconhecimento-da-populacao\/\",\"url\":\"https:\/\/bahiaeconomica.com.br\/wp\/2019\/07\/02\/bruno-reis-evita-falar-sobre-candidatura-mas-comemora-reconhecimento-da-populacao\/\",\"name\":\"BRUNO REIS EVITA FALAR SOBRE CANDIDATURA, MAS COMEMORA RECONHECIMENTO DA POPULA\u00c7\u00c3O - Bahia Economica\",\"isPartOf\":{\"@id\":\"https:\/\/bahiaeconomica.com.br\/wp\/#website\"},\"datePublished\":\"2019-07-02T14:11:31+00:00\",\"dateModified\":\"2019-07-02T14:11:31+00:00\",\"description\":\"O maior portal de Economia da Bahia ECONOMIA \/ POL\u00cdTICA Bahia Economica\",\"breadcrumb\":{\"@id\":\"https:\/\/bahiaeconomica.com.br\/wp\/2019\/07\/02\/bruno-reis-evita-falar-sobre-candidatura-mas-comemora-reconhecimento-da-populacao\/#breadcrumb\"},\"inLanguage\":\"pt-BR\",\"potentialAction\":[{\"@type\":\"ReadAction\",\"target\":[\"https:\/\/bahiaeconomica.com.br\/wp\/2019\/07\/02\/bruno-reis-evita-falar-sobre-candidatura-mas-comemora-reconhecimento-da-populacao\/\"]}]},{\"@type\":\"BreadcrumbList\",\"@id\":\"https:\/\/bahiaeconomica.com.br\/wp\/2019\/07\/02\/bruno-reis-evita-falar-sobre-candidatura-mas-comemora-reconhecimento-da-populacao\/#breadcrumb\",\"itemListElement\":[{\"@type\":\"ListItem\",\"position\":1,\"name\":\"In\u00edcio\",\"item\":\"https:\/\/bahiaeconomica.com.br\/wp\/\"},{\"@type\":\"ListItem\",\"position\":2,\"name\":\"BRUNO REIS EVITA FALAR SOBRE CANDIDATURA, MAS COMEMORA RECONHECIMENTO DA POPULA\u00c7\u00c3O\"}]},{\"@type\":\"WebSite\",\"@id\":\"https:\/\/bahiaeconomica.com.br\/wp\/#website\",\"url\":\"https:\/\/bahiaeconomica.com.br\/wp\/\",\"name\":\"Bahia Economica\",\"description\":\"O maior portal de Economia da Bahia\",\"publisher\":{\"@id\":\"https:\/\/bahiaeconomica.com.br\/wp\/#organization\"},\"potentialAction\":[{\"@type\":\"SearchAction\",\"target\":{\"@type\":\"EntryPoint\",\"urlTemplate\":\"https:\/\/bahiaeconomica.com.br\/wp\/?s={search_term_string}\"},\"query-input\":\"required name=search_term_string\"}],\"inLanguage\":\"pt-BR\"},{\"@type\":\"Organization\",\"@id\":\"https:\/\/bahiaeconomica.com.br\/wp\/#organization\",\"name\":\"Bahia Econ\u00f4mica\",\"url\":\"https:\/\/bahiaeconomica.com.br\/wp\/\",\"logo\":{\"@type\":\"ImageObject\",\"inLanguage\":\"pt-BR\",\"@id\":\"https:\/\/bahiaeconomica.com.br\/wp\/#\/schema\/logo\/image\/\",\"url\":\"https:\/\/bahiaeconomica.com.br\/wp\/wp-content\/uploads\/2020\/12\/cropped-BE.png\",\"contentUrl\":\"https:\/\/bahiaeconomica.com.br\/wp\/wp-content\/uploads\/2020\/12\/cropped-BE.png\",\"width\":512,\"height\":512,\"caption\":\"Bahia Econ\u00f4mica\"},\"image\":{\"@id\":\"https:\/\/bahiaeconomica.com.br\/wp\/#\/schema\/logo\/image\/\"},\"sameAs\":[\"https:\/\/www.facebook.com\/bahiaeconomica\"]},{\"@type\":\"Person\",\"@id\":\"https:\/\/bahiaeconomica.com.br\/wp\/#\/schema\/person\/cb1ab5ba96ad3d9390805381c76284ec\",\"name\":\"admin\",\"url\":\"https:\/\/bahiaeconomica.com.br\/wp\/author\/admin\/\"}]}<\/script>\n<!-- \/ Yoast SEO plugin. -->","yoast_head_json":{"title":"BRUNO REIS EVITA FALAR SOBRE CANDIDATURA, MAS COMEMORA RECONHECIMENTO DA POPULA\u00c7\u00c3O - Bahia Economica","description":"O maior portal de Economia da Bahia ECONOMIA \/ POL\u00cdTICA Bahia Economica","robots":{"index":"index","follow":"follow","max-snippet":"max-snippet:-1","max-image-preview":"max-image-preview:large","max-video-preview":"max-video-preview:-1"},"canonical":"https:\/\/bahiaeconomica.com.br\/wp\/2019\/07\/02\/bruno-reis-evita-falar-sobre-candidatura-mas-comemora-reconhecimento-da-populacao\/","og_locale":"pt_BR","og_type":"article","og_title":"BRUNO REIS EVITA FALAR SOBRE CANDIDATURA, MAS COMEMORA RECONHECIMENTO DA POPULA\u00c7\u00c3O - Bahia Economica","og_description":"O maior portal de Economia da Bahia ECONOMIA \/ POL\u00cdTICA Bahia Economica","og_url":"https:\/\/bahiaeconomica.com.br\/wp\/2019\/07\/02\/bruno-reis-evita-falar-sobre-candidatura-mas-comemora-reconhecimento-da-populacao\/","og_site_name":"Bahia Economica","article_publisher":"https:\/\/www.facebook.com\/bahiaeconomica","article_published_time":"2019-07-02T14:11:31+00:00","og_image":[{"width":500,"height":333,"url":"https:\/\/bahiaeconomica.com.br\/wp\/wp-content\/uploads\/2019\/07\/DoisdeJulho4.jpeg","type":"image\/jpeg"}],"author":"admin","twitter_card":"summary_large_image","twitter_misc":{"Escrito por":"admin","Est. tempo de leitura":"1 minuto"},"schema":{"@context":"https:\/\/schema.org","@graph":[{"@type":"Article","@id":"https:\/\/bahiaeconomica.com.br\/wp\/2019\/07\/02\/bruno-reis-evita-falar-sobre-candidatura-mas-comemora-reconhecimento-da-populacao\/#article","isPartOf":{"@id":"https:\/\/bahiaeconomica.com.br\/wp\/2019\/07\/02\/bruno-reis-evita-falar-sobre-candidatura-mas-comemora-reconhecimento-da-populacao\/"},"author":{"name":"admin","@id":"https:\/\/bahiaeconomica.com.br\/wp\/#\/schema\/person\/cb1ab5ba96ad3d9390805381c76284ec"},"headline":"BRUNO REIS EVITA FALAR SOBRE CANDIDATURA, MAS COMEMORA RECONHECIMENTO DA POPULA\u00c7\u00c3O","datePublished":"2019-07-02T14:11:31+00:00","dateModified":"2019-07-02T14:11:31+00:00","mainEntityOfPage":{"@id":"https:\/\/bahiaeconomica.com.br\/wp\/2019\/07\/02\/bruno-reis-evita-falar-sobre-candidatura-mas-comemora-reconhecimento-da-populacao\/"},"wordCount":123,"publisher":{"@id":"https:\/\/bahiaeconomica.com.br\/wp\/#organization"},"articleSection":["ECONOMIA \/ POL\u00cdTICA"],"inLanguage":"pt-BR"},{"@type":"WebPage","@id":"https:\/\/bahiaeconomica.com.br\/wp\/2019\/07\/02\/bruno-reis-evita-falar-sobre-candidatura-mas-comemora-reconhecimento-da-populacao\/","url":"https:\/\/bahiaeconomica.com.br\/wp\/2019\/07\/02\/bruno-reis-evita-falar-sobre-candidatura-mas-comemora-reconhecimento-da-populacao\/","name":"BRUNO REIS EVITA FALAR SOBRE CANDIDATURA, MAS COMEMORA RECONHECIMENTO DA POPULA\u00c7\u00c3O - Bahia Economica","isPartOf":{"@id":"https:\/\/bahiaeconomica.com.br\/wp\/#website"},"datePublished":"2019-07-02T14:11:31+00:00","dateModified":"2019-07-02T14:11:31+00:00","description":"O maior portal de Economia da Bahia ECONOMIA \/ POL\u00cdTICA Bahia Economica","breadcrumb":{"@id":"https:\/\/bahiaeconomica.com.br\/wp\/2019\/07\/02\/bruno-reis-evita-falar-sobre-candidatura-mas-comemora-reconhecimento-da-populacao\/#breadcrumb"},"inLanguage":"pt-BR","potentialAction":[{"@type":"ReadAction","target":["https:\/\/bahiaeconomica.com.br\/wp\/2019\/07\/02\/bruno-reis-evita-falar-sobre-candidatura-mas-comemora-reconhecimento-da-populacao\/"]}]},{"@type":"BreadcrumbList","@id":"https:\/\/bahiaeconomica.com.br\/wp\/2019\/07\/02\/bruno-reis-evita-falar-sobre-candidatura-mas-comemora-reconhecimento-da-populacao\/#breadcrumb","itemListElement":[{"@type":"ListItem","position":1,"name":"In\u00edcio","item":"https:\/\/bahiaeconomica.com.br\/wp\/"},{"@type":"ListItem","position":2,"name":"BRUNO REIS EVITA FALAR SOBRE CANDIDATURA, MAS COMEMORA RECONHECIMENTO DA POPULA\u00c7\u00c3O"}]},{"@type":"WebSite","@id":"https:\/\/bahiaeconomica.com.br\/wp\/#website","url":"https:\/\/bahiaeconomica.com.br\/wp\/","name":"Bahia Economica","description":"O maior portal de Economia da Bahia","publisher":{"@id":"https:\/\/bahiaeconomica.com.br\/wp\/#organization"},"potentialAction":[{"@type":"SearchAction","target":{"@type":"EntryPoint","urlTemplate":"https:\/\/bahiaeconomica.com.br\/wp\/?s={search_term_string}"},"query-input":"required name=search_term_string"}],"inLanguage":"pt-BR"},{"@type":"Organization","@id":"https:\/\/bahiaeconomica.com.br\/wp\/#organization","name":"Bahia Econ\u00f4mica","url":"https:\/\/bahiaeconomica.com.br\/wp\/","logo":{"@type":"ImageObject","inLanguage":"pt-BR","@id":"https:\/\/bahiaeconomica.com.br\/wp\/#\/schema\/logo\/image\/","url":"https:\/\/bahiaeconomica.com.br\/wp\/wp-content\/uploads\/2020\/12\/cropped-BE.png","contentUrl":"https:\/\/bahiaeconomica.com.br\/wp\/wp-content\/uploads\/2020\/12\/cropped-BE.png","width":512,"height":512,"caption":"Bahia Econ\u00f4mica"},"image":{"@id":"https:\/\/bahiaeconomica.com.br\/wp\/#\/schema\/logo\/image\/"},"sameAs":["https:\/\/www.facebook.com\/bahiaeconomica"]},{"@type":"Person","@id":"https:\/\/bahiaeconomica.com.br\/wp\/#\/schema\/person\/cb1ab5ba96ad3d9390805381c76284ec","name":"admin","url":"https:\/\/bahiaeconomica.com.br\/wp\/author\/admin\/"}]}},"views":1,"_links":{"self":[{"href":"https:\/\/bahiaeconomica.com.br\/wp\/wp-json\/wp\/v2\/posts\/353609"}],"collection":[{"href":"https:\/\/bahiaeconomica.com.br\/wp\/wp-json\/wp\/v2\/posts"}],"about":[{"href":"https:\/\/bahiaeconomica.com.br\/wp\/wp-json\/wp\/v2\/types\/post"}],"author":[{"embeddable":true,"href":"https:\/\/bahiaeconomica.com.br\/wp\/wp-json\/wp\/v2\/users\/1"}],"replies":[{"embeddable":true,"href":"https:\/\/bahiaeconomica.com.br\/wp\/wp-json\/wp\/v2\/comments?post=353609"}],"version-history":[{"count":1,"href":"https:\/\/bahiaeconomica.com.br\/wp\/wp-json\/wp\/v2\/posts\/353609\/revisions"}],"predecessor-version":[{"id":353617,"href":"https:\/\/bahiaeconomica.com.br\/wp\/wp-json\/wp\/v2\/posts\/353609\/revisions\/353617"}],"wp:featuredmedia":[{"embeddable":true,"href":"https:\/\/bahiaeconomica.com.br\/wp\/wp-json\/wp\/v2\/media\/353610"}],"wp:attachment":[{"href":"https:\/\/bahiaeconomica.com.br\/wp\/wp-json\/wp\/v2\/media?parent=353609"}],"wp:term":[{"taxonomy":"category","embeddable":true,"href":"https:\/\/bahiaeconomica.com.br\/wp\/wp-json\/wp\/v2\/categories?post=353609"},{"taxonomy":"post_tag","embeddable":true,"href":"https:\/\/bahiaeconomica.com.br\/wp\/wp-json\/wp\/v2\/tags?post=353609"}],"curies":[{"name":"wp","href":"https:\/\/api.w.org\/{rel}","templated":true}]}}