{"id":353467,"date":"2019-07-02T07:20:19","date_gmt":"2019-07-02T10:20:19","guid":{"rendered":"https:\/\/bahiaeconomica.com.br\/wp\/beta\/?p=353467"},"modified":"2019-07-02T10:16:09","modified_gmt":"2019-07-02T13:16:09","slug":"dois-de-julho-cortejo-civico-reune-autoridades-e-baianos-na-celebracao","status":"publish","type":"post","link":"https:\/\/bahiaeconomica.com.br\/wp\/2019\/07\/02\/dois-de-julho-cortejo-civico-reune-autoridades-e-baianos-na-celebracao\/","title":{"rendered":"DOIS DE JULHO: CORTEJO RE\u00daNE BAIANOS EM CELEBRA\u00c7\u00c3O\u00a0"},"content":{"rendered":"<p>Neste ano, a celebra\u00e7\u00e3o pelo Dois de Julho tem como foco a participa\u00e7\u00e3o popular com a tem\u00e1tica \u201cPatrim\u00f4nio do Povo\u201d. O cortejo c\u00edvico ter\u00e1 a presen\u00e7a do prefeito ACM Neto (DEM) e do vice-governador da Bahia, Jo\u00e3o Le\u00e3o (PP), que ir\u00e1 representar o chefe do Executivo estadual nos festejos ap\u00f3s viagem de Rui Costa \u00e0 Espanha para captar investimentos.<\/p>\n<p>A partir das 8h30, no Largo da Lapinha, o prefeito marca presen\u00e7a na cerim\u00f4nia de hasteamento das bandeiras ao lado de outras autoridades civis e militares, com execu\u00e7\u00e3o do Hino Nacional pela Banda de M\u00fasica da Marinha. Logo depois, com previs\u00e3o de sa\u00edda \u00e0s 9h do Largo da Lapinha, ACM Neto acompanha o cortejo c\u00edvico at\u00e9 a Pra\u00e7a Municipal.<\/p>\n<p>H\u00e1 precisamente 196 anos, a uni\u00e3o dos cidad\u00e3os baianos resultou na liberta\u00e7\u00e3o do estado do dom\u00ednio da Coroa Portuguesa, culminando de vez com a Independ\u00eancia do Brasil. De acordo com o historiador Francisco Senna, a presen\u00e7a do p\u00fablico nas ruas do cortejo c\u00edvico para se manifestar e reverenciar a hist\u00f3ria travada por batalhas acirradas \u00e9 motivada pela ess\u00eancia das batalhas: a import\u00e2ncia da uni\u00e3o popular no processo de luta at\u00e9 a liberta\u00e7\u00e3o do estado das tropas portuguesas e a perman\u00eancia do sentimento de miss\u00e3o cumprida pelos baianos.<\/p>\n<p>\u201cO cortejo, essa manifesta\u00e7\u00e3o de alegria e espontaneidade nunca foi organizada por militares, sempre foi organizada por uma comiss\u00e3o civil. Diferente do 7 de Setembro, o Dois de Julho tem outro foco, com o povo desfilando, se manifestando e vibrando. \u00c9 uma organiza\u00e7\u00e3o desorganizada, pois n\u00e3o tem cordas, todos participam. \u00c9 a festa mais bonita da Bahia tanto pela participa\u00e7\u00e3o popular quanto pelo simbolismo\u201d, detalhou o professor.<\/p>\n<p>* Foto: Max Haack\/Secom Salvador<\/p>\n","protected":false},"excerpt":{"rendered":"<p>Neste ano, a celebra\u00e7\u00e3o pelo Dois de Julho tem como foco a participa\u00e7\u00e3o popular com a tem\u00e1tica \u201cPatrim\u00f4nio do Povo\u201d. O cortejo c\u00edvico ter\u00e1 a presen\u00e7a do prefeito ACM Neto (DEM) e do vice-governador da Bahia, Jo\u00e3o Le\u00e3o (PP), que ir\u00e1 representar o chefe do Executivo estadual nos festejos ap\u00f3s viagem de Rui Costa \u00e0 [&hellip;]<\/p>\n","protected":false},"author":1,"featured_media":353468,"comment_status":"closed","ping_status":"closed","sticky":false,"template":"","format":"standard","meta":[],"categories":[14,3],"tags":[],"acf":[],"yoast_head":"<!-- This site is optimized with the Yoast SEO plugin v20.8 - https:\/\/yoast.com\/wordpress\/plugins\/seo\/ -->\n<title>DOIS DE JULHO: CORTEJO RE\u00daNE BAIANOS EM CELEBRA\u00c7\u00c3O\u00a0 - Bahia Economica<\/title>\n<meta name=\"description\" content=\"O maior portal de Economia da Bahia DESTAQUE DO DIA, ECONOMIA \/ POL\u00cdTICA Bahia Economica\" \/>\n<meta name=\"robots\" content=\"index, follow, max-snippet:-1, max-image-preview:large, max-video-preview:-1\" \/>\n<link rel=\"canonical\" href=\"https:\/\/bahiaeconomica.com.br\/wp\/2019\/07\/02\/dois-de-julho-cortejo-civico-reune-autoridades-e-baianos-na-celebracao\/\" \/>\n<meta property=\"og:locale\" content=\"pt_BR\" \/>\n<meta property=\"og:type\" content=\"article\" \/>\n<meta property=\"og:title\" content=\"DOIS DE JULHO: CORTEJO RE\u00daNE BAIANOS EM CELEBRA\u00c7\u00c3O\u00a0 - Bahia Economica\" \/>\n<meta property=\"og:description\" content=\"O maior portal de Economia da Bahia DESTAQUE DO DIA, ECONOMIA \/ POL\u00cdTICA Bahia Economica\" \/>\n<meta property=\"og:url\" content=\"https:\/\/bahiaeconomica.com.br\/wp\/2019\/07\/02\/dois-de-julho-cortejo-civico-reune-autoridades-e-baianos-na-celebracao\/\" \/>\n<meta property=\"og:site_name\" content=\"Bahia Economica\" \/>\n<meta property=\"article:publisher\" content=\"https:\/\/www.facebook.com\/bahiaeconomica\" \/>\n<meta property=\"article:published_time\" content=\"2019-07-02T10:20:19+00:00\" \/>\n<meta property=\"article:modified_time\" content=\"2019-07-02T13:16:09+00:00\" \/>\n<meta property=\"og:image\" content=\"https:\/\/bahiaeconomica.com.br\/wp\/wp-content\/uploads\/2019\/07\/2-de-julho-Indepedncia-da-Bahia.jpg\" \/>\n\t<meta property=\"og:image:width\" content=\"500\" \/>\n\t<meta property=\"og:image:height\" content=\"350\" \/>\n\t<meta property=\"og:image:type\" content=\"image\/jpeg\" \/>\n<meta name=\"author\" content=\"admin\" \/>\n<meta name=\"twitter:card\" content=\"summary_large_image\" \/>\n<meta name=\"twitter:label1\" content=\"Escrito por\" \/>\n\t<meta name=\"twitter:data1\" content=\"admin\" \/>\n\t<meta name=\"twitter:label2\" content=\"Est. tempo de leitura\" \/>\n\t<meta name=\"twitter:data2\" content=\"2 minutos\" \/>\n<script type=\"application\/ld+json\" class=\"yoast-schema-graph\">{\"@context\":\"https:\/\/schema.org\",\"@graph\":[{\"@type\":\"Article\",\"@id\":\"https:\/\/bahiaeconomica.com.br\/wp\/2019\/07\/02\/dois-de-julho-cortejo-civico-reune-autoridades-e-baianos-na-celebracao\/#article\",\"isPartOf\":{\"@id\":\"https:\/\/bahiaeconomica.com.br\/wp\/2019\/07\/02\/dois-de-julho-cortejo-civico-reune-autoridades-e-baianos-na-celebracao\/\"},\"author\":{\"name\":\"admin\",\"@id\":\"https:\/\/bahiaeconomica.com.br\/wp\/#\/schema\/person\/cb1ab5ba96ad3d9390805381c76284ec\"},\"headline\":\"DOIS DE JULHO: CORTEJO RE\u00daNE BAIANOS EM CELEBRA\u00c7\u00c3O\u00a0\",\"datePublished\":\"2019-07-02T10:20:19+00:00\",\"dateModified\":\"2019-07-02T13:16:09+00:00\",\"mainEntityOfPage\":{\"@id\":\"https:\/\/bahiaeconomica.com.br\/wp\/2019\/07\/02\/dois-de-julho-cortejo-civico-reune-autoridades-e-baianos-na-celebracao\/\"},\"wordCount\":318,\"publisher\":{\"@id\":\"https:\/\/bahiaeconomica.com.br\/wp\/#organization\"},\"articleSection\":[\"DESTAQUE DO DIA\",\"ECONOMIA \/ POL\u00cdTICA\"],\"inLanguage\":\"pt-BR\"},{\"@type\":\"WebPage\",\"@id\":\"https:\/\/bahiaeconomica.com.br\/wp\/2019\/07\/02\/dois-de-julho-cortejo-civico-reune-autoridades-e-baianos-na-celebracao\/\",\"url\":\"https:\/\/bahiaeconomica.com.br\/wp\/2019\/07\/02\/dois-de-julho-cortejo-civico-reune-autoridades-e-baianos-na-celebracao\/\",\"name\":\"DOIS DE JULHO: CORTEJO RE\u00daNE BAIANOS EM CELEBRA\u00c7\u00c3O\u00a0 - Bahia Economica\",\"isPartOf\":{\"@id\":\"https:\/\/bahiaeconomica.com.br\/wp\/#website\"},\"datePublished\":\"2019-07-02T10:20:19+00:00\",\"dateModified\":\"2019-07-02T13:16:09+00:00\",\"description\":\"O maior portal de Economia da Bahia DESTAQUE DO DIA, ECONOMIA \/ POL\u00cdTICA Bahia Economica\",\"breadcrumb\":{\"@id\":\"https:\/\/bahiaeconomica.com.br\/wp\/2019\/07\/02\/dois-de-julho-cortejo-civico-reune-autoridades-e-baianos-na-celebracao\/#breadcrumb\"},\"inLanguage\":\"pt-BR\",\"potentialAction\":[{\"@type\":\"ReadAction\",\"target\":[\"https:\/\/bahiaeconomica.com.br\/wp\/2019\/07\/02\/dois-de-julho-cortejo-civico-reune-autoridades-e-baianos-na-celebracao\/\"]}]},{\"@type\":\"BreadcrumbList\",\"@id\":\"https:\/\/bahiaeconomica.com.br\/wp\/2019\/07\/02\/dois-de-julho-cortejo-civico-reune-autoridades-e-baianos-na-celebracao\/#breadcrumb\",\"itemListElement\":[{\"@type\":\"ListItem\",\"position\":1,\"name\":\"In\u00edcio\",\"item\":\"https:\/\/bahiaeconomica.com.br\/wp\/\"},{\"@type\":\"ListItem\",\"position\":2,\"name\":\"DOIS DE JULHO: CORTEJO RE\u00daNE BAIANOS EM CELEBRA\u00c7\u00c3O\u00a0\"}]},{\"@type\":\"WebSite\",\"@id\":\"https:\/\/bahiaeconomica.com.br\/wp\/#website\",\"url\":\"https:\/\/bahiaeconomica.com.br\/wp\/\",\"name\":\"Bahia Economica\",\"description\":\"O maior portal de Economia da Bahia\",\"publisher\":{\"@id\":\"https:\/\/bahiaeconomica.com.br\/wp\/#organization\"},\"potentialAction\":[{\"@type\":\"SearchAction\",\"target\":{\"@type\":\"EntryPoint\",\"urlTemplate\":\"https:\/\/bahiaeconomica.com.br\/wp\/?s={search_term_string}\"},\"query-input\":\"required name=search_term_string\"}],\"inLanguage\":\"pt-BR\"},{\"@type\":\"Organization\",\"@id\":\"https:\/\/bahiaeconomica.com.br\/wp\/#organization\",\"name\":\"Bahia Econ\u00f4mica\",\"url\":\"https:\/\/bahiaeconomica.com.br\/wp\/\",\"logo\":{\"@type\":\"ImageObject\",\"inLanguage\":\"pt-BR\",\"@id\":\"https:\/\/bahiaeconomica.com.br\/wp\/#\/schema\/logo\/image\/\",\"url\":\"https:\/\/bahiaeconomica.com.br\/wp\/wp-content\/uploads\/2020\/12\/cropped-BE.png\",\"contentUrl\":\"https:\/\/bahiaeconomica.com.br\/wp\/wp-content\/uploads\/2020\/12\/cropped-BE.png\",\"width\":512,\"height\":512,\"caption\":\"Bahia Econ\u00f4mica\"},\"image\":{\"@id\":\"https:\/\/bahiaeconomica.com.br\/wp\/#\/schema\/logo\/image\/\"},\"sameAs\":[\"https:\/\/www.facebook.com\/bahiaeconomica\"]},{\"@type\":\"Person\",\"@id\":\"https:\/\/bahiaeconomica.com.br\/wp\/#\/schema\/person\/cb1ab5ba96ad3d9390805381c76284ec\",\"name\":\"admin\",\"url\":\"https:\/\/bahiaeconomica.com.br\/wp\/author\/admin\/\"}]}<\/script>\n<!-- \/ Yoast SEO plugin. -->","yoast_head_json":{"title":"DOIS DE JULHO: CORTEJO RE\u00daNE BAIANOS EM CELEBRA\u00c7\u00c3O\u00a0 - Bahia Economica","description":"O maior portal de Economia da Bahia DESTAQUE DO DIA, ECONOMIA \/ POL\u00cdTICA Bahia Economica","robots":{"index":"index","follow":"follow","max-snippet":"max-snippet:-1","max-image-preview":"max-image-preview:large","max-video-preview":"max-video-preview:-1"},"canonical":"https:\/\/bahiaeconomica.com.br\/wp\/2019\/07\/02\/dois-de-julho-cortejo-civico-reune-autoridades-e-baianos-na-celebracao\/","og_locale":"pt_BR","og_type":"article","og_title":"DOIS DE JULHO: CORTEJO RE\u00daNE BAIANOS EM CELEBRA\u00c7\u00c3O\u00a0 - Bahia Economica","og_description":"O maior portal de Economia da Bahia DESTAQUE DO DIA, ECONOMIA \/ POL\u00cdTICA Bahia Economica","og_url":"https:\/\/bahiaeconomica.com.br\/wp\/2019\/07\/02\/dois-de-julho-cortejo-civico-reune-autoridades-e-baianos-na-celebracao\/","og_site_name":"Bahia Economica","article_publisher":"https:\/\/www.facebook.com\/bahiaeconomica","article_published_time":"2019-07-02T10:20:19+00:00","article_modified_time":"2019-07-02T13:16:09+00:00","og_image":[{"width":500,"height":350,"url":"https:\/\/bahiaeconomica.com.br\/wp\/wp-content\/uploads\/2019\/07\/2-de-julho-Indepedncia-da-Bahia.jpg","type":"image\/jpeg"}],"author":"admin","twitter_card":"summary_large_image","twitter_misc":{"Escrito por":"admin","Est. tempo de leitura":"2 minutos"},"schema":{"@context":"https:\/\/schema.org","@graph":[{"@type":"Article","@id":"https:\/\/bahiaeconomica.com.br\/wp\/2019\/07\/02\/dois-de-julho-cortejo-civico-reune-autoridades-e-baianos-na-celebracao\/#article","isPartOf":{"@id":"https:\/\/bahiaeconomica.com.br\/wp\/2019\/07\/02\/dois-de-julho-cortejo-civico-reune-autoridades-e-baianos-na-celebracao\/"},"author":{"name":"admin","@id":"https:\/\/bahiaeconomica.com.br\/wp\/#\/schema\/person\/cb1ab5ba96ad3d9390805381c76284ec"},"headline":"DOIS DE JULHO: CORTEJO RE\u00daNE BAIANOS EM CELEBRA\u00c7\u00c3O\u00a0","datePublished":"2019-07-02T10:20:19+00:00","dateModified":"2019-07-02T13:16:09+00:00","mainEntityOfPage":{"@id":"https:\/\/bahiaeconomica.com.br\/wp\/2019\/07\/02\/dois-de-julho-cortejo-civico-reune-autoridades-e-baianos-na-celebracao\/"},"wordCount":318,"publisher":{"@id":"https:\/\/bahiaeconomica.com.br\/wp\/#organization"},"articleSection":["DESTAQUE DO DIA","ECONOMIA \/ POL\u00cdTICA"],"inLanguage":"pt-BR"},{"@type":"WebPage","@id":"https:\/\/bahiaeconomica.com.br\/wp\/2019\/07\/02\/dois-de-julho-cortejo-civico-reune-autoridades-e-baianos-na-celebracao\/","url":"https:\/\/bahiaeconomica.com.br\/wp\/2019\/07\/02\/dois-de-julho-cortejo-civico-reune-autoridades-e-baianos-na-celebracao\/","name":"DOIS DE JULHO: CORTEJO RE\u00daNE BAIANOS EM CELEBRA\u00c7\u00c3O\u00a0 - Bahia Economica","isPartOf":{"@id":"https:\/\/bahiaeconomica.com.br\/wp\/#website"},"datePublished":"2019-07-02T10:20:19+00:00","dateModified":"2019-07-02T13:16:09+00:00","description":"O maior portal de Economia da Bahia DESTAQUE DO DIA, ECONOMIA \/ POL\u00cdTICA Bahia Economica","breadcrumb":{"@id":"https:\/\/bahiaeconomica.com.br\/wp\/2019\/07\/02\/dois-de-julho-cortejo-civico-reune-autoridades-e-baianos-na-celebracao\/#breadcrumb"},"inLanguage":"pt-BR","potentialAction":[{"@type":"ReadAction","target":["https:\/\/bahiaeconomica.com.br\/wp\/2019\/07\/02\/dois-de-julho-cortejo-civico-reune-autoridades-e-baianos-na-celebracao\/"]}]},{"@type":"BreadcrumbList","@id":"https:\/\/bahiaeconomica.com.br\/wp\/2019\/07\/02\/dois-de-julho-cortejo-civico-reune-autoridades-e-baianos-na-celebracao\/#breadcrumb","itemListElement":[{"@type":"ListItem","position":1,"name":"In\u00edcio","item":"https:\/\/bahiaeconomica.com.br\/wp\/"},{"@type":"ListItem","position":2,"name":"DOIS DE JULHO: CORTEJO RE\u00daNE BAIANOS EM CELEBRA\u00c7\u00c3O\u00a0"}]},{"@type":"WebSite","@id":"https:\/\/bahiaeconomica.com.br\/wp\/#website","url":"https:\/\/bahiaeconomica.com.br\/wp\/","name":"Bahia Economica","description":"O maior portal de Economia da Bahia","publisher":{"@id":"https:\/\/bahiaeconomica.com.br\/wp\/#organization"},"potentialAction":[{"@type":"SearchAction","target":{"@type":"EntryPoint","urlTemplate":"https:\/\/bahiaeconomica.com.br\/wp\/?s={search_term_string}"},"query-input":"required name=search_term_string"}],"inLanguage":"pt-BR"},{"@type":"Organization","@id":"https:\/\/bahiaeconomica.com.br\/wp\/#organization","name":"Bahia Econ\u00f4mica","url":"https:\/\/bahiaeconomica.com.br\/wp\/","logo":{"@type":"ImageObject","inLanguage":"pt-BR","@id":"https:\/\/bahiaeconomica.com.br\/wp\/#\/schema\/logo\/image\/","url":"https:\/\/bahiaeconomica.com.br\/wp\/wp-content\/uploads\/2020\/12\/cropped-BE.png","contentUrl":"https:\/\/bahiaeconomica.com.br\/wp\/wp-content\/uploads\/2020\/12\/cropped-BE.png","width":512,"height":512,"caption":"Bahia Econ\u00f4mica"},"image":{"@id":"https:\/\/bahiaeconomica.com.br\/wp\/#\/schema\/logo\/image\/"},"sameAs":["https:\/\/www.facebook.com\/bahiaeconomica"]},{"@type":"Person","@id":"https:\/\/bahiaeconomica.com.br\/wp\/#\/schema\/person\/cb1ab5ba96ad3d9390805381c76284ec","name":"admin","url":"https:\/\/bahiaeconomica.com.br\/wp\/author\/admin\/"}]}},"views":8,"_links":{"self":[{"href":"https:\/\/bahiaeconomica.com.br\/wp\/wp-json\/wp\/v2\/posts\/353467"}],"collection":[{"href":"https:\/\/bahiaeconomica.com.br\/wp\/wp-json\/wp\/v2\/posts"}],"about":[{"href":"https:\/\/bahiaeconomica.com.br\/wp\/wp-json\/wp\/v2\/types\/post"}],"author":[{"embeddable":true,"href":"https:\/\/bahiaeconomica.com.br\/wp\/wp-json\/wp\/v2\/users\/1"}],"replies":[{"embeddable":true,"href":"https:\/\/bahiaeconomica.com.br\/wp\/wp-json\/wp\/v2\/comments?post=353467"}],"version-history":[{"count":4,"href":"https:\/\/bahiaeconomica.com.br\/wp\/wp-json\/wp\/v2\/posts\/353467\/revisions"}],"predecessor-version":[{"id":353577,"href":"https:\/\/bahiaeconomica.com.br\/wp\/wp-json\/wp\/v2\/posts\/353467\/revisions\/353577"}],"wp:featuredmedia":[{"embeddable":true,"href":"https:\/\/bahiaeconomica.com.br\/wp\/wp-json\/wp\/v2\/media\/353468"}],"wp:attachment":[{"href":"https:\/\/bahiaeconomica.com.br\/wp\/wp-json\/wp\/v2\/media?parent=353467"}],"wp:term":[{"taxonomy":"category","embeddable":true,"href":"https:\/\/bahiaeconomica.com.br\/wp\/wp-json\/wp\/v2\/categories?post=353467"},{"taxonomy":"post_tag","embeddable":true,"href":"https:\/\/bahiaeconomica.com.br\/wp\/wp-json\/wp\/v2\/tags?post=353467"}],"curies":[{"name":"wp","href":"https:\/\/api.w.org\/{rel}","templated":true}]}}