{"id":347941,"date":"2019-06-18T08:53:20","date_gmt":"2019-06-18T11:53:20","guid":{"rendered":"https:\/\/bahiaeconomica.com.br\/wp\/beta\/?p=347941"},"modified":"2019-06-18T08:54:48","modified_gmt":"2019-06-18T11:54:48","slug":"leticia-sabatella-e-daniel-dantas-posam-juntos-em-peca","status":"publish","type":"post","link":"https:\/\/bahiaeconomica.com.br\/wp\/2019\/06\/18\/leticia-sabatella-e-daniel-dantas-posam-juntos-em-peca\/","title":{"rendered":"LETICIA SABATELLA E DANIEL DANTAS POSAM JUNTOS EM EVENTO"},"content":{"rendered":"<p>Leticia Sabatella foi assistir \u00e0 reestreia de \u201cO inoportuno\u201d, pe\u00e7a com o namorado, Daniel Dantas, e dirigida por Ary Coslov. Ela sentou sozinha, na \u00faltima fila, e, quando acabou, se dirigiu ao camarim do Teatro Petra Gold, na Sala Mar\u00edlia P\u00eara, onde foi dar um beijo no ator. No Instagram, Leticia fez um post se declarando a Daniel: &#8220;Viva a beleza de um ser amoroso, consciente, \u00edntegro, delicado e grande&#8221;, escreveu ela.<\/p>\n","protected":false},"excerpt":{"rendered":"<p>Leticia Sabatella foi assistir \u00e0 reestreia de \u201cO inoportuno\u201d, pe\u00e7a com o namorado, Daniel Dantas, e dirigida por Ary Coslov. Ela sentou sozinha, na \u00faltima fila, e, quando acabou, se dirigiu ao camarim do Teatro Petra Gold, na Sala Mar\u00edlia P\u00eara, onde foi dar um beijo no ator. No Instagram, Leticia fez um post se [&hellip;]<\/p>\n","protected":false},"author":1,"featured_media":347949,"comment_status":"closed","ping_status":"closed","sticky":false,"template":"","format":"standard","meta":[],"categories":[4],"tags":[],"acf":[],"yoast_head":"<!-- This site is optimized with the Yoast SEO plugin v20.8 - https:\/\/yoast.com\/wordpress\/plugins\/seo\/ -->\n<title>LETICIA SABATELLA E DANIEL DANTAS POSAM JUNTOS EM EVENTO - Bahia Economica<\/title>\n<meta name=\"description\" content=\"O maior portal de Economia da Bahia ENTRETENIMENTO Bahia Economica\" \/>\n<meta name=\"robots\" content=\"index, follow, max-snippet:-1, max-image-preview:large, max-video-preview:-1\" \/>\n<link rel=\"canonical\" href=\"https:\/\/bahiaeconomica.com.br\/wp\/2019\/06\/18\/leticia-sabatella-e-daniel-dantas-posam-juntos-em-peca\/\" \/>\n<meta property=\"og:locale\" content=\"pt_BR\" \/>\n<meta property=\"og:type\" content=\"article\" \/>\n<meta property=\"og:title\" content=\"LETICIA SABATELLA E DANIEL DANTAS POSAM JUNTOS EM EVENTO - Bahia Economica\" \/>\n<meta property=\"og:description\" content=\"O maior portal de Economia da Bahia ENTRETENIMENTO Bahia Economica\" \/>\n<meta property=\"og:url\" content=\"https:\/\/bahiaeconomica.com.br\/wp\/2019\/06\/18\/leticia-sabatella-e-daniel-dantas-posam-juntos-em-peca\/\" \/>\n<meta property=\"og:site_name\" content=\"Bahia Economica\" \/>\n<meta property=\"article:publisher\" content=\"https:\/\/www.facebook.com\/bahiaeconomica\" \/>\n<meta property=\"article:published_time\" content=\"2019-06-18T11:53:20+00:00\" \/>\n<meta property=\"article:modified_time\" content=\"2019-06-18T11:54:48+00:00\" \/>\n<meta property=\"og:image\" content=\"https:\/\/bahiaeconomica.com.br\/wp\/wp-content\/uploads\/2019\/06\/leticiaedaniel.jpg\" \/>\n\t<meta property=\"og:image:width\" content=\"500\" \/>\n\t<meta property=\"og:image:height\" content=\"322\" \/>\n\t<meta property=\"og:image:type\" content=\"image\/jpeg\" \/>\n<meta name=\"author\" content=\"admin\" \/>\n<meta name=\"twitter:card\" content=\"summary_large_image\" \/>\n<meta name=\"twitter:label1\" content=\"Escrito por\" \/>\n\t<meta name=\"twitter:data1\" content=\"admin\" \/>\n<script type=\"application\/ld+json\" class=\"yoast-schema-graph\">{\"@context\":\"https:\/\/schema.org\",\"@graph\":[{\"@type\":\"Article\",\"@id\":\"https:\/\/bahiaeconomica.com.br\/wp\/2019\/06\/18\/leticia-sabatella-e-daniel-dantas-posam-juntos-em-peca\/#article\",\"isPartOf\":{\"@id\":\"https:\/\/bahiaeconomica.com.br\/wp\/2019\/06\/18\/leticia-sabatella-e-daniel-dantas-posam-juntos-em-peca\/\"},\"author\":{\"name\":\"admin\",\"@id\":\"https:\/\/bahiaeconomica.com.br\/wp\/#\/schema\/person\/cb1ab5ba96ad3d9390805381c76284ec\"},\"headline\":\"LETICIA SABATELLA E DANIEL DANTAS POSAM JUNTOS EM EVENTO\",\"datePublished\":\"2019-06-18T11:53:20+00:00\",\"dateModified\":\"2019-06-18T11:54:48+00:00\",\"mainEntityOfPage\":{\"@id\":\"https:\/\/bahiaeconomica.com.br\/wp\/2019\/06\/18\/leticia-sabatella-e-daniel-dantas-posam-juntos-em-peca\/\"},\"wordCount\":83,\"publisher\":{\"@id\":\"https:\/\/bahiaeconomica.com.br\/wp\/#organization\"},\"articleSection\":[\"ENTRETENIMENTO\"],\"inLanguage\":\"pt-BR\"},{\"@type\":\"WebPage\",\"@id\":\"https:\/\/bahiaeconomica.com.br\/wp\/2019\/06\/18\/leticia-sabatella-e-daniel-dantas-posam-juntos-em-peca\/\",\"url\":\"https:\/\/bahiaeconomica.com.br\/wp\/2019\/06\/18\/leticia-sabatella-e-daniel-dantas-posam-juntos-em-peca\/\",\"name\":\"LETICIA SABATELLA E DANIEL DANTAS POSAM JUNTOS EM EVENTO - Bahia Economica\",\"isPartOf\":{\"@id\":\"https:\/\/bahiaeconomica.com.br\/wp\/#website\"},\"datePublished\":\"2019-06-18T11:53:20+00:00\",\"dateModified\":\"2019-06-18T11:54:48+00:00\",\"description\":\"O maior portal de Economia da Bahia ENTRETENIMENTO Bahia Economica\",\"breadcrumb\":{\"@id\":\"https:\/\/bahiaeconomica.com.br\/wp\/2019\/06\/18\/leticia-sabatella-e-daniel-dantas-posam-juntos-em-peca\/#breadcrumb\"},\"inLanguage\":\"pt-BR\",\"potentialAction\":[{\"@type\":\"ReadAction\",\"target\":[\"https:\/\/bahiaeconomica.com.br\/wp\/2019\/06\/18\/leticia-sabatella-e-daniel-dantas-posam-juntos-em-peca\/\"]}]},{\"@type\":\"BreadcrumbList\",\"@id\":\"https:\/\/bahiaeconomica.com.br\/wp\/2019\/06\/18\/leticia-sabatella-e-daniel-dantas-posam-juntos-em-peca\/#breadcrumb\",\"itemListElement\":[{\"@type\":\"ListItem\",\"position\":1,\"name\":\"In\u00edcio\",\"item\":\"https:\/\/bahiaeconomica.com.br\/wp\/\"},{\"@type\":\"ListItem\",\"position\":2,\"name\":\"LETICIA SABATELLA E DANIEL DANTAS POSAM JUNTOS EM EVENTO\"}]},{\"@type\":\"WebSite\",\"@id\":\"https:\/\/bahiaeconomica.com.br\/wp\/#website\",\"url\":\"https:\/\/bahiaeconomica.com.br\/wp\/\",\"name\":\"Bahia Economica\",\"description\":\"O maior portal de Economia da Bahia\",\"publisher\":{\"@id\":\"https:\/\/bahiaeconomica.com.br\/wp\/#organization\"},\"potentialAction\":[{\"@type\":\"SearchAction\",\"target\":{\"@type\":\"EntryPoint\",\"urlTemplate\":\"https:\/\/bahiaeconomica.com.br\/wp\/?s={search_term_string}\"},\"query-input\":\"required name=search_term_string\"}],\"inLanguage\":\"pt-BR\"},{\"@type\":\"Organization\",\"@id\":\"https:\/\/bahiaeconomica.com.br\/wp\/#organization\",\"name\":\"Bahia Econ\u00f4mica\",\"url\":\"https:\/\/bahiaeconomica.com.br\/wp\/\",\"logo\":{\"@type\":\"ImageObject\",\"inLanguage\":\"pt-BR\",\"@id\":\"https:\/\/bahiaeconomica.com.br\/wp\/#\/schema\/logo\/image\/\",\"url\":\"https:\/\/bahiaeconomica.com.br\/wp\/wp-content\/uploads\/2020\/12\/cropped-BE.png\",\"contentUrl\":\"https:\/\/bahiaeconomica.com.br\/wp\/wp-content\/uploads\/2020\/12\/cropped-BE.png\",\"width\":512,\"height\":512,\"caption\":\"Bahia Econ\u00f4mica\"},\"image\":{\"@id\":\"https:\/\/bahiaeconomica.com.br\/wp\/#\/schema\/logo\/image\/\"},\"sameAs\":[\"https:\/\/www.facebook.com\/bahiaeconomica\"]},{\"@type\":\"Person\",\"@id\":\"https:\/\/bahiaeconomica.com.br\/wp\/#\/schema\/person\/cb1ab5ba96ad3d9390805381c76284ec\",\"name\":\"admin\",\"url\":\"https:\/\/bahiaeconomica.com.br\/wp\/author\/admin\/\"}]}<\/script>\n<!-- \/ Yoast SEO plugin. -->","yoast_head_json":{"title":"LETICIA SABATELLA E DANIEL DANTAS POSAM JUNTOS EM EVENTO - Bahia Economica","description":"O maior portal de Economia da Bahia ENTRETENIMENTO Bahia Economica","robots":{"index":"index","follow":"follow","max-snippet":"max-snippet:-1","max-image-preview":"max-image-preview:large","max-video-preview":"max-video-preview:-1"},"canonical":"https:\/\/bahiaeconomica.com.br\/wp\/2019\/06\/18\/leticia-sabatella-e-daniel-dantas-posam-juntos-em-peca\/","og_locale":"pt_BR","og_type":"article","og_title":"LETICIA SABATELLA E DANIEL DANTAS POSAM JUNTOS EM EVENTO - Bahia Economica","og_description":"O maior portal de Economia da Bahia ENTRETENIMENTO Bahia Economica","og_url":"https:\/\/bahiaeconomica.com.br\/wp\/2019\/06\/18\/leticia-sabatella-e-daniel-dantas-posam-juntos-em-peca\/","og_site_name":"Bahia Economica","article_publisher":"https:\/\/www.facebook.com\/bahiaeconomica","article_published_time":"2019-06-18T11:53:20+00:00","article_modified_time":"2019-06-18T11:54:48+00:00","og_image":[{"width":500,"height":322,"url":"https:\/\/bahiaeconomica.com.br\/wp\/wp-content\/uploads\/2019\/06\/leticiaedaniel.jpg","type":"image\/jpeg"}],"author":"admin","twitter_card":"summary_large_image","twitter_misc":{"Escrito por":"admin"},"schema":{"@context":"https:\/\/schema.org","@graph":[{"@type":"Article","@id":"https:\/\/bahiaeconomica.com.br\/wp\/2019\/06\/18\/leticia-sabatella-e-daniel-dantas-posam-juntos-em-peca\/#article","isPartOf":{"@id":"https:\/\/bahiaeconomica.com.br\/wp\/2019\/06\/18\/leticia-sabatella-e-daniel-dantas-posam-juntos-em-peca\/"},"author":{"name":"admin","@id":"https:\/\/bahiaeconomica.com.br\/wp\/#\/schema\/person\/cb1ab5ba96ad3d9390805381c76284ec"},"headline":"LETICIA SABATELLA E DANIEL DANTAS POSAM JUNTOS EM EVENTO","datePublished":"2019-06-18T11:53:20+00:00","dateModified":"2019-06-18T11:54:48+00:00","mainEntityOfPage":{"@id":"https:\/\/bahiaeconomica.com.br\/wp\/2019\/06\/18\/leticia-sabatella-e-daniel-dantas-posam-juntos-em-peca\/"},"wordCount":83,"publisher":{"@id":"https:\/\/bahiaeconomica.com.br\/wp\/#organization"},"articleSection":["ENTRETENIMENTO"],"inLanguage":"pt-BR"},{"@type":"WebPage","@id":"https:\/\/bahiaeconomica.com.br\/wp\/2019\/06\/18\/leticia-sabatella-e-daniel-dantas-posam-juntos-em-peca\/","url":"https:\/\/bahiaeconomica.com.br\/wp\/2019\/06\/18\/leticia-sabatella-e-daniel-dantas-posam-juntos-em-peca\/","name":"LETICIA SABATELLA E DANIEL DANTAS POSAM JUNTOS EM EVENTO - Bahia Economica","isPartOf":{"@id":"https:\/\/bahiaeconomica.com.br\/wp\/#website"},"datePublished":"2019-06-18T11:53:20+00:00","dateModified":"2019-06-18T11:54:48+00:00","description":"O maior portal de Economia da Bahia ENTRETENIMENTO Bahia Economica","breadcrumb":{"@id":"https:\/\/bahiaeconomica.com.br\/wp\/2019\/06\/18\/leticia-sabatella-e-daniel-dantas-posam-juntos-em-peca\/#breadcrumb"},"inLanguage":"pt-BR","potentialAction":[{"@type":"ReadAction","target":["https:\/\/bahiaeconomica.com.br\/wp\/2019\/06\/18\/leticia-sabatella-e-daniel-dantas-posam-juntos-em-peca\/"]}]},{"@type":"BreadcrumbList","@id":"https:\/\/bahiaeconomica.com.br\/wp\/2019\/06\/18\/leticia-sabatella-e-daniel-dantas-posam-juntos-em-peca\/#breadcrumb","itemListElement":[{"@type":"ListItem","position":1,"name":"In\u00edcio","item":"https:\/\/bahiaeconomica.com.br\/wp\/"},{"@type":"ListItem","position":2,"name":"LETICIA SABATELLA E DANIEL DANTAS POSAM JUNTOS EM EVENTO"}]},{"@type":"WebSite","@id":"https:\/\/bahiaeconomica.com.br\/wp\/#website","url":"https:\/\/bahiaeconomica.com.br\/wp\/","name":"Bahia Economica","description":"O maior portal de Economia da Bahia","publisher":{"@id":"https:\/\/bahiaeconomica.com.br\/wp\/#organization"},"potentialAction":[{"@type":"SearchAction","target":{"@type":"EntryPoint","urlTemplate":"https:\/\/bahiaeconomica.com.br\/wp\/?s={search_term_string}"},"query-input":"required name=search_term_string"}],"inLanguage":"pt-BR"},{"@type":"Organization","@id":"https:\/\/bahiaeconomica.com.br\/wp\/#organization","name":"Bahia Econ\u00f4mica","url":"https:\/\/bahiaeconomica.com.br\/wp\/","logo":{"@type":"ImageObject","inLanguage":"pt-BR","@id":"https:\/\/bahiaeconomica.com.br\/wp\/#\/schema\/logo\/image\/","url":"https:\/\/bahiaeconomica.com.br\/wp\/wp-content\/uploads\/2020\/12\/cropped-BE.png","contentUrl":"https:\/\/bahiaeconomica.com.br\/wp\/wp-content\/uploads\/2020\/12\/cropped-BE.png","width":512,"height":512,"caption":"Bahia Econ\u00f4mica"},"image":{"@id":"https:\/\/bahiaeconomica.com.br\/wp\/#\/schema\/logo\/image\/"},"sameAs":["https:\/\/www.facebook.com\/bahiaeconomica"]},{"@type":"Person","@id":"https:\/\/bahiaeconomica.com.br\/wp\/#\/schema\/person\/cb1ab5ba96ad3d9390805381c76284ec","name":"admin","url":"https:\/\/bahiaeconomica.com.br\/wp\/author\/admin\/"}]}},"views":1,"_links":{"self":[{"href":"https:\/\/bahiaeconomica.com.br\/wp\/wp-json\/wp\/v2\/posts\/347941"}],"collection":[{"href":"https:\/\/bahiaeconomica.com.br\/wp\/wp-json\/wp\/v2\/posts"}],"about":[{"href":"https:\/\/bahiaeconomica.com.br\/wp\/wp-json\/wp\/v2\/types\/post"}],"author":[{"embeddable":true,"href":"https:\/\/bahiaeconomica.com.br\/wp\/wp-json\/wp\/v2\/users\/1"}],"replies":[{"embeddable":true,"href":"https:\/\/bahiaeconomica.com.br\/wp\/wp-json\/wp\/v2\/comments?post=347941"}],"version-history":[{"count":2,"href":"https:\/\/bahiaeconomica.com.br\/wp\/wp-json\/wp\/v2\/posts\/347941\/revisions"}],"predecessor-version":[{"id":347957,"href":"https:\/\/bahiaeconomica.com.br\/wp\/wp-json\/wp\/v2\/posts\/347941\/revisions\/347957"}],"wp:featuredmedia":[{"embeddable":true,"href":"https:\/\/bahiaeconomica.com.br\/wp\/wp-json\/wp\/v2\/media\/347949"}],"wp:attachment":[{"href":"https:\/\/bahiaeconomica.com.br\/wp\/wp-json\/wp\/v2\/media?parent=347941"}],"wp:term":[{"taxonomy":"category","embeddable":true,"href":"https:\/\/bahiaeconomica.com.br\/wp\/wp-json\/wp\/v2\/categories?post=347941"},{"taxonomy":"post_tag","embeddable":true,"href":"https:\/\/bahiaeconomica.com.br\/wp\/wp-json\/wp\/v2\/tags?post=347941"}],"curies":[{"name":"wp","href":"https:\/\/api.w.org\/{rel}","templated":true}]}}