{"id":346393,"date":"2019-06-14T10:53:15","date_gmt":"2019-06-14T13:53:15","guid":{"rendered":"https:\/\/bahiaeconomica.com.br\/wp\/beta\/?p=346393"},"modified":"2019-06-14T10:49:38","modified_gmt":"2019-06-14T13:49:38","slug":"termina-prazo-para-escolas-confirmarem-participacao-no-saeb","status":"publish","type":"post","link":"https:\/\/bahiaeconomica.com.br\/wp\/2019\/06\/14\/termina-prazo-para-escolas-confirmarem-participacao-no-saeb\/","title":{"rendered":"TERMINA PRAZO PARA ESCOLAS CONFIRMAREM PARTICIPA\u00c7\u00c3O NO SAEB"},"content":{"rendered":"<p>O prazo para as escolas selecionadas responderem a uma parte amostral do Sistema de Avalia\u00e7\u00e3o da Educa\u00e7\u00e3o B\u00e1sica(Saeb) de 2019 termina hoje (14) \u00e0s 17h59. S\u00e3o 7.735 escolas selecionadas, que receberam um e-mail com as orienta\u00e7\u00f5es e o link para o Sistema Saeb.\u00a0O Saeb inclui avalia\u00e7\u00f5es que s\u00e3o aplicadas desde o ensino infantil at\u00e9 o m\u00e9dio. Os resultados servem para a elabora\u00e7\u00e3o de um diagn\u00f3stico da qualidade do ensino brasileiro. Os resultados, combinados com dados do censo escolar, permitem o c\u00e1lculo do \u00cdndice de Desenvolvimento da Educa\u00e7\u00e3o B\u00e1sica (Ideb). A avalia\u00e7\u00e3o deste ano ser\u00e1 realizada de 21 de outubro e 1\u00ba de novembro<\/p>\n<p>Essa edi\u00e7\u00e3o do Saeb ter\u00e1 aplica\u00e7\u00f5es censit\u00e1rias, ou seja, provas para todos os estudantes, e amostrais, dirigidas a um grupo espec\u00edfico de escolas. A aplica\u00e7\u00e3o ser\u00e1 censit\u00e1ria em todas as escolas p\u00fablicas localizadas em zonas urbanas e rurais que tenham 10 ou mais estudantes matriculados no 5\u00ba e 9\u00ba anos do ensino fundamental e na 3\u00aa e 4\u00aa s\u00e9ries do ensino m\u00e9dio.<\/p>\n<p><strong>Aplica\u00e7\u00e3o amostral<\/strong><\/p>\n<p>A aplica\u00e7\u00e3o ser\u00e1 amostral em escolas privadas, com oferta do 5\u00ba e 9\u00ba anos do ensino fundamental e da 3\u00aa e 4\u00aa s\u00e9ries do ensino m\u00e9dio. Tamb\u00e9m haver\u00e1 uma amostra de escolas com estudantes do 9\u00ba ano do ensino fundamental para aplica\u00e7\u00e3o dos testes de ci\u00eancias da natureza e ci\u00eancias humanas.\u00a0O Instituto Nacional de Estudos e Pesquisas Educacionais An\u00edsio Teixeira (Inep) tamb\u00e9m selecionou uma amostra de escolas com oferta do 2\u00ba ano do ensino fundamental para aplica\u00e7\u00e3o dos testes de l\u00edngua portuguesa e matem\u00e1tica.<\/p>\n<p>Em todos os casos, a escola precisa ter 10 ou mais estudantes matriculados nas turmas da popula\u00e7\u00e3o-alvo. De forma in\u00e9dita, haver\u00e1 tamb\u00e9m uma amostra de institui\u00e7\u00f5es p\u00fablicas ou conveniadas com o setor p\u00fablico que tenham turmas de creche ou pr\u00e9-escola da etapa da educa\u00e7\u00e3o infantil.\u00a0Segundo o Inep, as escolas da amostra n\u00e3o ter\u00e3o resultados divulgados individualmente. A divulga\u00e7\u00e3o ser\u00e1 dos resultados gerais da rede de ensino por unidade da Federa\u00e7\u00e3o, por regi\u00e3o e Brasil.\u00a0As escolas selecionadas que tiverem d\u00favidas podem acessar o Guia de Orienta\u00e7\u00f5es do Sistema ou entrar em contato com o Inep. \u00c9 necess\u00e1rio informar o c\u00f3digo da escola no Censo Escolar.<\/p>\n<p>&nbsp;<\/p>\n","protected":false},"excerpt":{"rendered":"<p>O prazo para as escolas selecionadas responderem a uma parte amostral do Sistema de Avalia\u00e7\u00e3o da Educa\u00e7\u00e3o B\u00e1sica(Saeb) de 2019 termina hoje (14) \u00e0s 17h59. S\u00e3o 7.735 escolas selecionadas, que receberam um e-mail com as orienta\u00e7\u00f5es e o link para o Sistema Saeb.\u00a0O Saeb inclui avalia\u00e7\u00f5es que s\u00e3o aplicadas desde o ensino infantil at\u00e9 o [&hellip;]<\/p>\n","protected":false},"author":1,"featured_media":346394,"comment_status":"closed","ping_status":"closed","sticky":false,"template":"","format":"standard","meta":[],"categories":[3],"tags":[],"acf":[],"yoast_head":"<!-- This site is optimized with the Yoast SEO plugin v20.8 - https:\/\/yoast.com\/wordpress\/plugins\/seo\/ -->\n<title>TERMINA PRAZO PARA ESCOLAS CONFIRMAREM PARTICIPA\u00c7\u00c3O NO SAEB - Bahia Economica<\/title>\n<meta name=\"description\" content=\"O maior portal de Economia da Bahia ECONOMIA \/ POL\u00cdTICA Bahia Economica\" \/>\n<meta name=\"robots\" content=\"index, follow, max-snippet:-1, max-image-preview:large, max-video-preview:-1\" \/>\n<link rel=\"canonical\" href=\"https:\/\/bahiaeconomica.com.br\/wp\/2019\/06\/14\/termina-prazo-para-escolas-confirmarem-participacao-no-saeb\/\" \/>\n<meta property=\"og:locale\" content=\"pt_BR\" \/>\n<meta property=\"og:type\" content=\"article\" \/>\n<meta property=\"og:title\" content=\"TERMINA PRAZO PARA ESCOLAS CONFIRMAREM PARTICIPA\u00c7\u00c3O NO SAEB - Bahia Economica\" \/>\n<meta property=\"og:description\" content=\"O maior portal de Economia da Bahia ECONOMIA \/ POL\u00cdTICA Bahia Economica\" \/>\n<meta property=\"og:url\" content=\"https:\/\/bahiaeconomica.com.br\/wp\/2019\/06\/14\/termina-prazo-para-escolas-confirmarem-participacao-no-saeb\/\" \/>\n<meta property=\"og:site_name\" content=\"Bahia Economica\" \/>\n<meta property=\"article:publisher\" content=\"https:\/\/www.facebook.com\/bahiaeconomica\" \/>\n<meta property=\"article:published_time\" content=\"2019-06-14T13:53:15+00:00\" \/>\n<meta property=\"article:modified_time\" content=\"2019-06-14T13:49:38+00:00\" \/>\n<meta property=\"og:image\" content=\"https:\/\/bahiaeconomica.com.br\/wp\/wp-content\/uploads\/2019\/06\/saeb.jpg\" \/>\n\t<meta property=\"og:image:width\" content=\"500\" \/>\n\t<meta property=\"og:image:height\" content=\"300\" \/>\n\t<meta property=\"og:image:type\" content=\"image\/jpeg\" \/>\n<meta name=\"author\" content=\"admin\" \/>\n<meta name=\"twitter:card\" content=\"summary_large_image\" \/>\n<meta name=\"twitter:label1\" content=\"Escrito por\" \/>\n\t<meta name=\"twitter:data1\" content=\"admin\" \/>\n\t<meta name=\"twitter:label2\" content=\"Est. tempo de leitura\" \/>\n\t<meta name=\"twitter:data2\" content=\"2 minutos\" \/>\n<script type=\"application\/ld+json\" class=\"yoast-schema-graph\">{\"@context\":\"https:\/\/schema.org\",\"@graph\":[{\"@type\":\"Article\",\"@id\":\"https:\/\/bahiaeconomica.com.br\/wp\/2019\/06\/14\/termina-prazo-para-escolas-confirmarem-participacao-no-saeb\/#article\",\"isPartOf\":{\"@id\":\"https:\/\/bahiaeconomica.com.br\/wp\/2019\/06\/14\/termina-prazo-para-escolas-confirmarem-participacao-no-saeb\/\"},\"author\":{\"name\":\"admin\",\"@id\":\"https:\/\/bahiaeconomica.com.br\/wp\/#\/schema\/person\/cb1ab5ba96ad3d9390805381c76284ec\"},\"headline\":\"TERMINA PRAZO PARA ESCOLAS CONFIRMAREM PARTICIPA\u00c7\u00c3O NO SAEB\",\"datePublished\":\"2019-06-14T13:53:15+00:00\",\"dateModified\":\"2019-06-14T13:49:38+00:00\",\"mainEntityOfPage\":{\"@id\":\"https:\/\/bahiaeconomica.com.br\/wp\/2019\/06\/14\/termina-prazo-para-escolas-confirmarem-participacao-no-saeb\/\"},\"wordCount\":405,\"publisher\":{\"@id\":\"https:\/\/bahiaeconomica.com.br\/wp\/#organization\"},\"articleSection\":[\"ECONOMIA \/ POL\u00cdTICA\"],\"inLanguage\":\"pt-BR\"},{\"@type\":\"WebPage\",\"@id\":\"https:\/\/bahiaeconomica.com.br\/wp\/2019\/06\/14\/termina-prazo-para-escolas-confirmarem-participacao-no-saeb\/\",\"url\":\"https:\/\/bahiaeconomica.com.br\/wp\/2019\/06\/14\/termina-prazo-para-escolas-confirmarem-participacao-no-saeb\/\",\"name\":\"TERMINA PRAZO PARA ESCOLAS CONFIRMAREM PARTICIPA\u00c7\u00c3O NO SAEB - Bahia Economica\",\"isPartOf\":{\"@id\":\"https:\/\/bahiaeconomica.com.br\/wp\/#website\"},\"datePublished\":\"2019-06-14T13:53:15+00:00\",\"dateModified\":\"2019-06-14T13:49:38+00:00\",\"description\":\"O maior portal de Economia da Bahia ECONOMIA \/ POL\u00cdTICA Bahia Economica\",\"breadcrumb\":{\"@id\":\"https:\/\/bahiaeconomica.com.br\/wp\/2019\/06\/14\/termina-prazo-para-escolas-confirmarem-participacao-no-saeb\/#breadcrumb\"},\"inLanguage\":\"pt-BR\",\"potentialAction\":[{\"@type\":\"ReadAction\",\"target\":[\"https:\/\/bahiaeconomica.com.br\/wp\/2019\/06\/14\/termina-prazo-para-escolas-confirmarem-participacao-no-saeb\/\"]}]},{\"@type\":\"BreadcrumbList\",\"@id\":\"https:\/\/bahiaeconomica.com.br\/wp\/2019\/06\/14\/termina-prazo-para-escolas-confirmarem-participacao-no-saeb\/#breadcrumb\",\"itemListElement\":[{\"@type\":\"ListItem\",\"position\":1,\"name\":\"In\u00edcio\",\"item\":\"https:\/\/bahiaeconomica.com.br\/wp\/\"},{\"@type\":\"ListItem\",\"position\":2,\"name\":\"TERMINA PRAZO PARA ESCOLAS CONFIRMAREM PARTICIPA\u00c7\u00c3O NO SAEB\"}]},{\"@type\":\"WebSite\",\"@id\":\"https:\/\/bahiaeconomica.com.br\/wp\/#website\",\"url\":\"https:\/\/bahiaeconomica.com.br\/wp\/\",\"name\":\"Bahia Economica\",\"description\":\"O maior portal de Economia da Bahia\",\"publisher\":{\"@id\":\"https:\/\/bahiaeconomica.com.br\/wp\/#organization\"},\"potentialAction\":[{\"@type\":\"SearchAction\",\"target\":{\"@type\":\"EntryPoint\",\"urlTemplate\":\"https:\/\/bahiaeconomica.com.br\/wp\/?s={search_term_string}\"},\"query-input\":\"required name=search_term_string\"}],\"inLanguage\":\"pt-BR\"},{\"@type\":\"Organization\",\"@id\":\"https:\/\/bahiaeconomica.com.br\/wp\/#organization\",\"name\":\"Bahia Econ\u00f4mica\",\"url\":\"https:\/\/bahiaeconomica.com.br\/wp\/\",\"logo\":{\"@type\":\"ImageObject\",\"inLanguage\":\"pt-BR\",\"@id\":\"https:\/\/bahiaeconomica.com.br\/wp\/#\/schema\/logo\/image\/\",\"url\":\"https:\/\/bahiaeconomica.com.br\/wp\/wp-content\/uploads\/2020\/12\/cropped-BE.png\",\"contentUrl\":\"https:\/\/bahiaeconomica.com.br\/wp\/wp-content\/uploads\/2020\/12\/cropped-BE.png\",\"width\":512,\"height\":512,\"caption\":\"Bahia Econ\u00f4mica\"},\"image\":{\"@id\":\"https:\/\/bahiaeconomica.com.br\/wp\/#\/schema\/logo\/image\/\"},\"sameAs\":[\"https:\/\/www.facebook.com\/bahiaeconomica\"]},{\"@type\":\"Person\",\"@id\":\"https:\/\/bahiaeconomica.com.br\/wp\/#\/schema\/person\/cb1ab5ba96ad3d9390805381c76284ec\",\"name\":\"admin\",\"url\":\"https:\/\/bahiaeconomica.com.br\/wp\/author\/admin\/\"}]}<\/script>\n<!-- \/ Yoast SEO plugin. -->","yoast_head_json":{"title":"TERMINA PRAZO PARA ESCOLAS CONFIRMAREM PARTICIPA\u00c7\u00c3O NO SAEB - Bahia Economica","description":"O maior portal de Economia da Bahia ECONOMIA \/ POL\u00cdTICA Bahia Economica","robots":{"index":"index","follow":"follow","max-snippet":"max-snippet:-1","max-image-preview":"max-image-preview:large","max-video-preview":"max-video-preview:-1"},"canonical":"https:\/\/bahiaeconomica.com.br\/wp\/2019\/06\/14\/termina-prazo-para-escolas-confirmarem-participacao-no-saeb\/","og_locale":"pt_BR","og_type":"article","og_title":"TERMINA PRAZO PARA ESCOLAS CONFIRMAREM PARTICIPA\u00c7\u00c3O NO SAEB - Bahia Economica","og_description":"O maior portal de Economia da Bahia ECONOMIA \/ POL\u00cdTICA Bahia Economica","og_url":"https:\/\/bahiaeconomica.com.br\/wp\/2019\/06\/14\/termina-prazo-para-escolas-confirmarem-participacao-no-saeb\/","og_site_name":"Bahia Economica","article_publisher":"https:\/\/www.facebook.com\/bahiaeconomica","article_published_time":"2019-06-14T13:53:15+00:00","article_modified_time":"2019-06-14T13:49:38+00:00","og_image":[{"width":500,"height":300,"url":"https:\/\/bahiaeconomica.com.br\/wp\/wp-content\/uploads\/2019\/06\/saeb.jpg","type":"image\/jpeg"}],"author":"admin","twitter_card":"summary_large_image","twitter_misc":{"Escrito por":"admin","Est. tempo de leitura":"2 minutos"},"schema":{"@context":"https:\/\/schema.org","@graph":[{"@type":"Article","@id":"https:\/\/bahiaeconomica.com.br\/wp\/2019\/06\/14\/termina-prazo-para-escolas-confirmarem-participacao-no-saeb\/#article","isPartOf":{"@id":"https:\/\/bahiaeconomica.com.br\/wp\/2019\/06\/14\/termina-prazo-para-escolas-confirmarem-participacao-no-saeb\/"},"author":{"name":"admin","@id":"https:\/\/bahiaeconomica.com.br\/wp\/#\/schema\/person\/cb1ab5ba96ad3d9390805381c76284ec"},"headline":"TERMINA PRAZO PARA ESCOLAS CONFIRMAREM PARTICIPA\u00c7\u00c3O NO SAEB","datePublished":"2019-06-14T13:53:15+00:00","dateModified":"2019-06-14T13:49:38+00:00","mainEntityOfPage":{"@id":"https:\/\/bahiaeconomica.com.br\/wp\/2019\/06\/14\/termina-prazo-para-escolas-confirmarem-participacao-no-saeb\/"},"wordCount":405,"publisher":{"@id":"https:\/\/bahiaeconomica.com.br\/wp\/#organization"},"articleSection":["ECONOMIA \/ POL\u00cdTICA"],"inLanguage":"pt-BR"},{"@type":"WebPage","@id":"https:\/\/bahiaeconomica.com.br\/wp\/2019\/06\/14\/termina-prazo-para-escolas-confirmarem-participacao-no-saeb\/","url":"https:\/\/bahiaeconomica.com.br\/wp\/2019\/06\/14\/termina-prazo-para-escolas-confirmarem-participacao-no-saeb\/","name":"TERMINA PRAZO PARA ESCOLAS CONFIRMAREM PARTICIPA\u00c7\u00c3O NO SAEB - Bahia Economica","isPartOf":{"@id":"https:\/\/bahiaeconomica.com.br\/wp\/#website"},"datePublished":"2019-06-14T13:53:15+00:00","dateModified":"2019-06-14T13:49:38+00:00","description":"O maior portal de Economia da Bahia ECONOMIA \/ POL\u00cdTICA Bahia Economica","breadcrumb":{"@id":"https:\/\/bahiaeconomica.com.br\/wp\/2019\/06\/14\/termina-prazo-para-escolas-confirmarem-participacao-no-saeb\/#breadcrumb"},"inLanguage":"pt-BR","potentialAction":[{"@type":"ReadAction","target":["https:\/\/bahiaeconomica.com.br\/wp\/2019\/06\/14\/termina-prazo-para-escolas-confirmarem-participacao-no-saeb\/"]}]},{"@type":"BreadcrumbList","@id":"https:\/\/bahiaeconomica.com.br\/wp\/2019\/06\/14\/termina-prazo-para-escolas-confirmarem-participacao-no-saeb\/#breadcrumb","itemListElement":[{"@type":"ListItem","position":1,"name":"In\u00edcio","item":"https:\/\/bahiaeconomica.com.br\/wp\/"},{"@type":"ListItem","position":2,"name":"TERMINA PRAZO PARA ESCOLAS CONFIRMAREM PARTICIPA\u00c7\u00c3O NO SAEB"}]},{"@type":"WebSite","@id":"https:\/\/bahiaeconomica.com.br\/wp\/#website","url":"https:\/\/bahiaeconomica.com.br\/wp\/","name":"Bahia Economica","description":"O maior portal de Economia da Bahia","publisher":{"@id":"https:\/\/bahiaeconomica.com.br\/wp\/#organization"},"potentialAction":[{"@type":"SearchAction","target":{"@type":"EntryPoint","urlTemplate":"https:\/\/bahiaeconomica.com.br\/wp\/?s={search_term_string}"},"query-input":"required name=search_term_string"}],"inLanguage":"pt-BR"},{"@type":"Organization","@id":"https:\/\/bahiaeconomica.com.br\/wp\/#organization","name":"Bahia Econ\u00f4mica","url":"https:\/\/bahiaeconomica.com.br\/wp\/","logo":{"@type":"ImageObject","inLanguage":"pt-BR","@id":"https:\/\/bahiaeconomica.com.br\/wp\/#\/schema\/logo\/image\/","url":"https:\/\/bahiaeconomica.com.br\/wp\/wp-content\/uploads\/2020\/12\/cropped-BE.png","contentUrl":"https:\/\/bahiaeconomica.com.br\/wp\/wp-content\/uploads\/2020\/12\/cropped-BE.png","width":512,"height":512,"caption":"Bahia Econ\u00f4mica"},"image":{"@id":"https:\/\/bahiaeconomica.com.br\/wp\/#\/schema\/logo\/image\/"},"sameAs":["https:\/\/www.facebook.com\/bahiaeconomica"]},{"@type":"Person","@id":"https:\/\/bahiaeconomica.com.br\/wp\/#\/schema\/person\/cb1ab5ba96ad3d9390805381c76284ec","name":"admin","url":"https:\/\/bahiaeconomica.com.br\/wp\/author\/admin\/"}]}},"views":1,"_links":{"self":[{"href":"https:\/\/bahiaeconomica.com.br\/wp\/wp-json\/wp\/v2\/posts\/346393"}],"collection":[{"href":"https:\/\/bahiaeconomica.com.br\/wp\/wp-json\/wp\/v2\/posts"}],"about":[{"href":"https:\/\/bahiaeconomica.com.br\/wp\/wp-json\/wp\/v2\/types\/post"}],"author":[{"embeddable":true,"href":"https:\/\/bahiaeconomica.com.br\/wp\/wp-json\/wp\/v2\/users\/1"}],"replies":[{"embeddable":true,"href":"https:\/\/bahiaeconomica.com.br\/wp\/wp-json\/wp\/v2\/comments?post=346393"}],"version-history":[{"count":1,"href":"https:\/\/bahiaeconomica.com.br\/wp\/wp-json\/wp\/v2\/posts\/346393\/revisions"}],"predecessor-version":[{"id":346395,"href":"https:\/\/bahiaeconomica.com.br\/wp\/wp-json\/wp\/v2\/posts\/346393\/revisions\/346395"}],"wp:featuredmedia":[{"embeddable":true,"href":"https:\/\/bahiaeconomica.com.br\/wp\/wp-json\/wp\/v2\/media\/346394"}],"wp:attachment":[{"href":"https:\/\/bahiaeconomica.com.br\/wp\/wp-json\/wp\/v2\/media?parent=346393"}],"wp:term":[{"taxonomy":"category","embeddable":true,"href":"https:\/\/bahiaeconomica.com.br\/wp\/wp-json\/wp\/v2\/categories?post=346393"},{"taxonomy":"post_tag","embeddable":true,"href":"https:\/\/bahiaeconomica.com.br\/wp\/wp-json\/wp\/v2\/tags?post=346393"}],"curies":[{"name":"wp","href":"https:\/\/api.w.org\/{rel}","templated":true}]}}