{"id":341114,"date":"2019-06-04T15:48:45","date_gmt":"2019-06-04T18:48:45","guid":{"rendered":"https:\/\/bahiaeconomica.com.br\/wp\/beta\/?p=341114"},"modified":"2019-06-04T18:01:28","modified_gmt":"2019-06-04T21:01:28","slug":"baia-de-todos-os-santos-recebe-frente-fria-com-ventos-de-40-km-h-e-ondas-de-ate-3-metros","status":"publish","type":"post","link":"https:\/\/bahiaeconomica.com.br\/wp\/2019\/06\/04\/baia-de-todos-os-santos-recebe-frente-fria-com-ventos-de-40-km-h-e-ondas-de-ate-3-metros\/","title":{"rendered":"BA\u00cdA DE TODOS-OS-SANTOS RECEBE FRENTE FRIA COM VENTOS DE 40 KM\/H E ONDAS DE AT\u00c9 3 METROS"},"content":{"rendered":"<p>Salvador e \u00e1reas adjacentes estar\u00e3o sujeitas a ventos intensos, ondas elevadas e pancadas de chuva, por conta de uma frente fria que vem se deslocando sobre a regi\u00e3o sudeste do Brasil. Segundo a Marinha, a frente fria atingir\u00e1 a Ba\u00eda de Todos os Santos e o entorno da Costa Atl\u00e2ntica.<\/p>\n<p>Ainda de acordo com a Marinha, a partir do fim da tarde desta quarta-feira (5), os ventos atingir\u00e3o aproximadamente 40 km\/h, podendo ser mais intensos nas regi\u00f5es costeiras. A altura das ondas deve aumentar a partir do fim da tarde chegando a 3 metros na costa de Salvador.<\/p>\n","protected":false},"excerpt":{"rendered":"<p>Salvador e \u00e1reas adjacentes estar\u00e3o sujeitas a ventos intensos, ondas elevadas e pancadas de chuva, por conta de uma frente fria que vem se deslocando sobre a regi\u00e3o sudeste do Brasil. Segundo a Marinha, a frente fria atingir\u00e1 a Ba\u00eda de Todos os Santos e o entorno da Costa Atl\u00e2ntica. Ainda de acordo com a [&hellip;]<\/p>\n","protected":false},"author":1,"featured_media":341116,"comment_status":"closed","ping_status":"closed","sticky":false,"template":"","format":"standard","meta":[],"categories":[3],"tags":[],"acf":[],"yoast_head":"<!-- This site is optimized with the Yoast SEO plugin v20.8 - https:\/\/yoast.com\/wordpress\/plugins\/seo\/ -->\n<title>BA\u00cdA DE TODOS-OS-SANTOS RECEBE FRENTE FRIA COM VENTOS DE 40 KM\/H E ONDAS DE AT\u00c9 3 METROS - Bahia Economica<\/title>\n<meta name=\"description\" content=\"O maior portal de Economia da Bahia ECONOMIA \/ POL\u00cdTICA Bahia Economica\" \/>\n<meta name=\"robots\" content=\"index, follow, max-snippet:-1, max-image-preview:large, max-video-preview:-1\" \/>\n<link rel=\"canonical\" href=\"https:\/\/bahiaeconomica.com.br\/wp\/2019\/06\/04\/baia-de-todos-os-santos-recebe-frente-fria-com-ventos-de-40-km-h-e-ondas-de-ate-3-metros\/\" \/>\n<meta property=\"og:locale\" content=\"pt_BR\" \/>\n<meta property=\"og:type\" content=\"article\" \/>\n<meta property=\"og:title\" content=\"BA\u00cdA DE TODOS-OS-SANTOS RECEBE FRENTE FRIA COM VENTOS DE 40 KM\/H E ONDAS DE AT\u00c9 3 METROS - Bahia Economica\" \/>\n<meta property=\"og:description\" content=\"O maior portal de Economia da Bahia ECONOMIA \/ POL\u00cdTICA Bahia Economica\" \/>\n<meta property=\"og:url\" content=\"https:\/\/bahiaeconomica.com.br\/wp\/2019\/06\/04\/baia-de-todos-os-santos-recebe-frente-fria-com-ventos-de-40-km-h-e-ondas-de-ate-3-metros\/\" \/>\n<meta property=\"og:site_name\" content=\"Bahia Economica\" \/>\n<meta property=\"article:publisher\" content=\"https:\/\/www.facebook.com\/bahiaeconomica\" \/>\n<meta property=\"article:published_time\" content=\"2019-06-04T18:48:45+00:00\" \/>\n<meta property=\"article:modified_time\" content=\"2019-06-04T21:01:28+00:00\" \/>\n<meta property=\"og:image\" content=\"https:\/\/bahiaeconomica.com.br\/wp\/wp-content\/uploads\/2019\/06\/frente-fria-e1559673944799.jpg\" \/>\n\t<meta property=\"og:image:width\" content=\"500\" \/>\n\t<meta property=\"og:image:height\" content=\"235\" \/>\n\t<meta property=\"og:image:type\" content=\"image\/jpeg\" \/>\n<meta name=\"author\" content=\"admin\" \/>\n<meta name=\"twitter:card\" content=\"summary_large_image\" \/>\n<meta name=\"twitter:label1\" content=\"Escrito por\" \/>\n\t<meta name=\"twitter:data1\" content=\"admin\" \/>\n\t<meta name=\"twitter:label2\" content=\"Est. tempo de leitura\" \/>\n\t<meta name=\"twitter:data2\" content=\"1 minuto\" \/>\n<script type=\"application\/ld+json\" class=\"yoast-schema-graph\">{\"@context\":\"https:\/\/schema.org\",\"@graph\":[{\"@type\":\"Article\",\"@id\":\"https:\/\/bahiaeconomica.com.br\/wp\/2019\/06\/04\/baia-de-todos-os-santos-recebe-frente-fria-com-ventos-de-40-km-h-e-ondas-de-ate-3-metros\/#article\",\"isPartOf\":{\"@id\":\"https:\/\/bahiaeconomica.com.br\/wp\/2019\/06\/04\/baia-de-todos-os-santos-recebe-frente-fria-com-ventos-de-40-km-h-e-ondas-de-ate-3-metros\/\"},\"author\":{\"name\":\"admin\",\"@id\":\"https:\/\/bahiaeconomica.com.br\/wp\/#\/schema\/person\/cb1ab5ba96ad3d9390805381c76284ec\"},\"headline\":\"BA\u00cdA DE TODOS-OS-SANTOS RECEBE FRENTE FRIA COM VENTOS DE 40 KM\/H E ONDAS DE AT\u00c9 3 METROS\",\"datePublished\":\"2019-06-04T18:48:45+00:00\",\"dateModified\":\"2019-06-04T21:01:28+00:00\",\"mainEntityOfPage\":{\"@id\":\"https:\/\/bahiaeconomica.com.br\/wp\/2019\/06\/04\/baia-de-todos-os-santos-recebe-frente-fria-com-ventos-de-40-km-h-e-ondas-de-ate-3-metros\/\"},\"wordCount\":119,\"publisher\":{\"@id\":\"https:\/\/bahiaeconomica.com.br\/wp\/#organization\"},\"articleSection\":[\"ECONOMIA \/ POL\u00cdTICA\"],\"inLanguage\":\"pt-BR\"},{\"@type\":\"WebPage\",\"@id\":\"https:\/\/bahiaeconomica.com.br\/wp\/2019\/06\/04\/baia-de-todos-os-santos-recebe-frente-fria-com-ventos-de-40-km-h-e-ondas-de-ate-3-metros\/\",\"url\":\"https:\/\/bahiaeconomica.com.br\/wp\/2019\/06\/04\/baia-de-todos-os-santos-recebe-frente-fria-com-ventos-de-40-km-h-e-ondas-de-ate-3-metros\/\",\"name\":\"BA\u00cdA DE TODOS-OS-SANTOS RECEBE FRENTE FRIA COM VENTOS DE 40 KM\/H E ONDAS DE AT\u00c9 3 METROS - Bahia Economica\",\"isPartOf\":{\"@id\":\"https:\/\/bahiaeconomica.com.br\/wp\/#website\"},\"datePublished\":\"2019-06-04T18:48:45+00:00\",\"dateModified\":\"2019-06-04T21:01:28+00:00\",\"description\":\"O maior portal de Economia da Bahia ECONOMIA \/ POL\u00cdTICA Bahia Economica\",\"breadcrumb\":{\"@id\":\"https:\/\/bahiaeconomica.com.br\/wp\/2019\/06\/04\/baia-de-todos-os-santos-recebe-frente-fria-com-ventos-de-40-km-h-e-ondas-de-ate-3-metros\/#breadcrumb\"},\"inLanguage\":\"pt-BR\",\"potentialAction\":[{\"@type\":\"ReadAction\",\"target\":[\"https:\/\/bahiaeconomica.com.br\/wp\/2019\/06\/04\/baia-de-todos-os-santos-recebe-frente-fria-com-ventos-de-40-km-h-e-ondas-de-ate-3-metros\/\"]}]},{\"@type\":\"BreadcrumbList\",\"@id\":\"https:\/\/bahiaeconomica.com.br\/wp\/2019\/06\/04\/baia-de-todos-os-santos-recebe-frente-fria-com-ventos-de-40-km-h-e-ondas-de-ate-3-metros\/#breadcrumb\",\"itemListElement\":[{\"@type\":\"ListItem\",\"position\":1,\"name\":\"In\u00edcio\",\"item\":\"https:\/\/bahiaeconomica.com.br\/wp\/\"},{\"@type\":\"ListItem\",\"position\":2,\"name\":\"BA\u00cdA DE TODOS-OS-SANTOS RECEBE FRENTE FRIA COM VENTOS DE 40 KM\/H E ONDAS DE AT\u00c9 3 METROS\"}]},{\"@type\":\"WebSite\",\"@id\":\"https:\/\/bahiaeconomica.com.br\/wp\/#website\",\"url\":\"https:\/\/bahiaeconomica.com.br\/wp\/\",\"name\":\"Bahia Economica\",\"description\":\"O maior portal de Economia da Bahia\",\"publisher\":{\"@id\":\"https:\/\/bahiaeconomica.com.br\/wp\/#organization\"},\"potentialAction\":[{\"@type\":\"SearchAction\",\"target\":{\"@type\":\"EntryPoint\",\"urlTemplate\":\"https:\/\/bahiaeconomica.com.br\/wp\/?s={search_term_string}\"},\"query-input\":\"required name=search_term_string\"}],\"inLanguage\":\"pt-BR\"},{\"@type\":\"Organization\",\"@id\":\"https:\/\/bahiaeconomica.com.br\/wp\/#organization\",\"name\":\"Bahia Econ\u00f4mica\",\"url\":\"https:\/\/bahiaeconomica.com.br\/wp\/\",\"logo\":{\"@type\":\"ImageObject\",\"inLanguage\":\"pt-BR\",\"@id\":\"https:\/\/bahiaeconomica.com.br\/wp\/#\/schema\/logo\/image\/\",\"url\":\"https:\/\/bahiaeconomica.com.br\/wp\/wp-content\/uploads\/2020\/12\/cropped-BE.png\",\"contentUrl\":\"https:\/\/bahiaeconomica.com.br\/wp\/wp-content\/uploads\/2020\/12\/cropped-BE.png\",\"width\":512,\"height\":512,\"caption\":\"Bahia Econ\u00f4mica\"},\"image\":{\"@id\":\"https:\/\/bahiaeconomica.com.br\/wp\/#\/schema\/logo\/image\/\"},\"sameAs\":[\"https:\/\/www.facebook.com\/bahiaeconomica\"]},{\"@type\":\"Person\",\"@id\":\"https:\/\/bahiaeconomica.com.br\/wp\/#\/schema\/person\/cb1ab5ba96ad3d9390805381c76284ec\",\"name\":\"admin\",\"url\":\"https:\/\/bahiaeconomica.com.br\/wp\/author\/admin\/\"}]}<\/script>\n<!-- \/ Yoast SEO plugin. -->","yoast_head_json":{"title":"BA\u00cdA DE TODOS-OS-SANTOS RECEBE FRENTE FRIA COM VENTOS DE 40 KM\/H E ONDAS DE AT\u00c9 3 METROS - Bahia Economica","description":"O maior portal de Economia da Bahia ECONOMIA \/ POL\u00cdTICA Bahia Economica","robots":{"index":"index","follow":"follow","max-snippet":"max-snippet:-1","max-image-preview":"max-image-preview:large","max-video-preview":"max-video-preview:-1"},"canonical":"https:\/\/bahiaeconomica.com.br\/wp\/2019\/06\/04\/baia-de-todos-os-santos-recebe-frente-fria-com-ventos-de-40-km-h-e-ondas-de-ate-3-metros\/","og_locale":"pt_BR","og_type":"article","og_title":"BA\u00cdA DE TODOS-OS-SANTOS RECEBE FRENTE FRIA COM VENTOS DE 40 KM\/H E ONDAS DE AT\u00c9 3 METROS - Bahia Economica","og_description":"O maior portal de Economia da Bahia ECONOMIA \/ POL\u00cdTICA Bahia Economica","og_url":"https:\/\/bahiaeconomica.com.br\/wp\/2019\/06\/04\/baia-de-todos-os-santos-recebe-frente-fria-com-ventos-de-40-km-h-e-ondas-de-ate-3-metros\/","og_site_name":"Bahia Economica","article_publisher":"https:\/\/www.facebook.com\/bahiaeconomica","article_published_time":"2019-06-04T18:48:45+00:00","article_modified_time":"2019-06-04T21:01:28+00:00","og_image":[{"width":500,"height":235,"url":"https:\/\/bahiaeconomica.com.br\/wp\/wp-content\/uploads\/2019\/06\/frente-fria-e1559673944799.jpg","type":"image\/jpeg"}],"author":"admin","twitter_card":"summary_large_image","twitter_misc":{"Escrito por":"admin","Est. tempo de leitura":"1 minuto"},"schema":{"@context":"https:\/\/schema.org","@graph":[{"@type":"Article","@id":"https:\/\/bahiaeconomica.com.br\/wp\/2019\/06\/04\/baia-de-todos-os-santos-recebe-frente-fria-com-ventos-de-40-km-h-e-ondas-de-ate-3-metros\/#article","isPartOf":{"@id":"https:\/\/bahiaeconomica.com.br\/wp\/2019\/06\/04\/baia-de-todos-os-santos-recebe-frente-fria-com-ventos-de-40-km-h-e-ondas-de-ate-3-metros\/"},"author":{"name":"admin","@id":"https:\/\/bahiaeconomica.com.br\/wp\/#\/schema\/person\/cb1ab5ba96ad3d9390805381c76284ec"},"headline":"BA\u00cdA DE TODOS-OS-SANTOS RECEBE FRENTE FRIA COM VENTOS DE 40 KM\/H E ONDAS DE AT\u00c9 3 METROS","datePublished":"2019-06-04T18:48:45+00:00","dateModified":"2019-06-04T21:01:28+00:00","mainEntityOfPage":{"@id":"https:\/\/bahiaeconomica.com.br\/wp\/2019\/06\/04\/baia-de-todos-os-santos-recebe-frente-fria-com-ventos-de-40-km-h-e-ondas-de-ate-3-metros\/"},"wordCount":119,"publisher":{"@id":"https:\/\/bahiaeconomica.com.br\/wp\/#organization"},"articleSection":["ECONOMIA \/ POL\u00cdTICA"],"inLanguage":"pt-BR"},{"@type":"WebPage","@id":"https:\/\/bahiaeconomica.com.br\/wp\/2019\/06\/04\/baia-de-todos-os-santos-recebe-frente-fria-com-ventos-de-40-km-h-e-ondas-de-ate-3-metros\/","url":"https:\/\/bahiaeconomica.com.br\/wp\/2019\/06\/04\/baia-de-todos-os-santos-recebe-frente-fria-com-ventos-de-40-km-h-e-ondas-de-ate-3-metros\/","name":"BA\u00cdA DE TODOS-OS-SANTOS RECEBE FRENTE FRIA COM VENTOS DE 40 KM\/H E ONDAS DE AT\u00c9 3 METROS - Bahia Economica","isPartOf":{"@id":"https:\/\/bahiaeconomica.com.br\/wp\/#website"},"datePublished":"2019-06-04T18:48:45+00:00","dateModified":"2019-06-04T21:01:28+00:00","description":"O maior portal de Economia da Bahia ECONOMIA \/ POL\u00cdTICA Bahia Economica","breadcrumb":{"@id":"https:\/\/bahiaeconomica.com.br\/wp\/2019\/06\/04\/baia-de-todos-os-santos-recebe-frente-fria-com-ventos-de-40-km-h-e-ondas-de-ate-3-metros\/#breadcrumb"},"inLanguage":"pt-BR","potentialAction":[{"@type":"ReadAction","target":["https:\/\/bahiaeconomica.com.br\/wp\/2019\/06\/04\/baia-de-todos-os-santos-recebe-frente-fria-com-ventos-de-40-km-h-e-ondas-de-ate-3-metros\/"]}]},{"@type":"BreadcrumbList","@id":"https:\/\/bahiaeconomica.com.br\/wp\/2019\/06\/04\/baia-de-todos-os-santos-recebe-frente-fria-com-ventos-de-40-km-h-e-ondas-de-ate-3-metros\/#breadcrumb","itemListElement":[{"@type":"ListItem","position":1,"name":"In\u00edcio","item":"https:\/\/bahiaeconomica.com.br\/wp\/"},{"@type":"ListItem","position":2,"name":"BA\u00cdA DE TODOS-OS-SANTOS RECEBE FRENTE FRIA COM VENTOS DE 40 KM\/H E ONDAS DE AT\u00c9 3 METROS"}]},{"@type":"WebSite","@id":"https:\/\/bahiaeconomica.com.br\/wp\/#website","url":"https:\/\/bahiaeconomica.com.br\/wp\/","name":"Bahia Economica","description":"O maior portal de Economia da Bahia","publisher":{"@id":"https:\/\/bahiaeconomica.com.br\/wp\/#organization"},"potentialAction":[{"@type":"SearchAction","target":{"@type":"EntryPoint","urlTemplate":"https:\/\/bahiaeconomica.com.br\/wp\/?s={search_term_string}"},"query-input":"required name=search_term_string"}],"inLanguage":"pt-BR"},{"@type":"Organization","@id":"https:\/\/bahiaeconomica.com.br\/wp\/#organization","name":"Bahia Econ\u00f4mica","url":"https:\/\/bahiaeconomica.com.br\/wp\/","logo":{"@type":"ImageObject","inLanguage":"pt-BR","@id":"https:\/\/bahiaeconomica.com.br\/wp\/#\/schema\/logo\/image\/","url":"https:\/\/bahiaeconomica.com.br\/wp\/wp-content\/uploads\/2020\/12\/cropped-BE.png","contentUrl":"https:\/\/bahiaeconomica.com.br\/wp\/wp-content\/uploads\/2020\/12\/cropped-BE.png","width":512,"height":512,"caption":"Bahia Econ\u00f4mica"},"image":{"@id":"https:\/\/bahiaeconomica.com.br\/wp\/#\/schema\/logo\/image\/"},"sameAs":["https:\/\/www.facebook.com\/bahiaeconomica"]},{"@type":"Person","@id":"https:\/\/bahiaeconomica.com.br\/wp\/#\/schema\/person\/cb1ab5ba96ad3d9390805381c76284ec","name":"admin","url":"https:\/\/bahiaeconomica.com.br\/wp\/author\/admin\/"}]}},"views":1,"_links":{"self":[{"href":"https:\/\/bahiaeconomica.com.br\/wp\/wp-json\/wp\/v2\/posts\/341114"}],"collection":[{"href":"https:\/\/bahiaeconomica.com.br\/wp\/wp-json\/wp\/v2\/posts"}],"about":[{"href":"https:\/\/bahiaeconomica.com.br\/wp\/wp-json\/wp\/v2\/types\/post"}],"author":[{"embeddable":true,"href":"https:\/\/bahiaeconomica.com.br\/wp\/wp-json\/wp\/v2\/users\/1"}],"replies":[{"embeddable":true,"href":"https:\/\/bahiaeconomica.com.br\/wp\/wp-json\/wp\/v2\/comments?post=341114"}],"version-history":[{"count":2,"href":"https:\/\/bahiaeconomica.com.br\/wp\/wp-json\/wp\/v2\/posts\/341114\/revisions"}],"predecessor-version":[{"id":341240,"href":"https:\/\/bahiaeconomica.com.br\/wp\/wp-json\/wp\/v2\/posts\/341114\/revisions\/341240"}],"wp:featuredmedia":[{"embeddable":true,"href":"https:\/\/bahiaeconomica.com.br\/wp\/wp-json\/wp\/v2\/media\/341116"}],"wp:attachment":[{"href":"https:\/\/bahiaeconomica.com.br\/wp\/wp-json\/wp\/v2\/media?parent=341114"}],"wp:term":[{"taxonomy":"category","embeddable":true,"href":"https:\/\/bahiaeconomica.com.br\/wp\/wp-json\/wp\/v2\/categories?post=341114"},{"taxonomy":"post_tag","embeddable":true,"href":"https:\/\/bahiaeconomica.com.br\/wp\/wp-json\/wp\/v2\/tags?post=341114"}],"curies":[{"name":"wp","href":"https:\/\/api.w.org\/{rel}","templated":true}]}}