{"id":340583,"date":"2019-06-03T17:00:52","date_gmt":"2019-06-03T20:00:52","guid":{"rendered":"https:\/\/bahiaeconomica.com.br\/wp\/beta\/?p=340583"},"modified":"2019-06-03T19:05:54","modified_gmt":"2019-06-03T22:05:54","slug":"nota-de-credito-do-nordeste-e-55-menor-que-media-nacional","status":"publish","type":"post","link":"https:\/\/bahiaeconomica.com.br\/wp\/2019\/06\/03\/nota-de-credito-do-nordeste-e-55-menor-que-media-nacional\/","title":{"rendered":"NOTA DE CR\u00c9DITO DO NORDESTE \u00c9 5,5% MENOR QUE M\u00c9DIA NACIONAL"},"content":{"rendered":"<p>A nota de cr\u00e9dito dos consumidores do Nordeste \u00e9 5,5% menor do que a m\u00e9dia nacional. O score da regi\u00e3o atinge 449 pontos, contra 475 do pa\u00eds. Os dados s\u00e3o da Foregon.<\/p>\n<p>O score, ou nota de cr\u00e9dito, \u00e9 a pontua\u00e7\u00e3o de 0 a 1000 atribu\u00edda a uma pessoa de acordo com seu comportamento financeiro. Quanto mais pr\u00f3ximo de zero, maior o risco de inadimpl\u00eancia. A classifica\u00e7\u00e3o \u00e9 analisada pelas institui\u00e7\u00f5es financeiras na hora de conceder acesso a cart\u00f5es de cr\u00e9dito, financiamentos, contas digitais, entre outros.<\/p>\n<p>No total, foram considerados 58.916 usu\u00e1rios nacionais da base de dados da Foregon. Destes, 15.392 s\u00e3o da regi\u00e3o Nordeste. A empresa possui cerca de oito milh\u00f5es de pessoas cadastradas, das quais dois milh\u00f5es s\u00e3o nordestinas.<\/p>\n<p>Os dados tamb\u00e9m apontam que a renda m\u00e9dia do consumidor nordestino \u00e9 de R$ 2.229,27, 15% menor do que a m\u00e9dia brasileira, que chega a R$ 2.623,43.<\/p>\n<p>No recorte por gera\u00e7\u00e3o, a renda do nordeste tamb\u00e9m fica abaixo em compara\u00e7\u00e3o com o pa\u00eds.<\/p>\n<p>Segundo Gustavo Marquini, CEO da Foregon, manter o nome limpo e os dados atualizados, al\u00e9m de ter contas em seu nome, est\u00e3o entre as a\u00e7\u00f5es que podem auxiliar o consumidor a ter uma nota mais alta, o que pode render acesso aos melhores produtos financeiros. &#8220;Toda a trajet\u00f3ria do consumidor \u00e9 analisada para compor a nota, como pagamento de contas em dia, hist\u00f3rico de d\u00edvidas negativadas, relacionamento financeiro com as empresas e dados cadastrais atualizados em sites de prote\u00e7\u00e3o ao cr\u00e9dito&#8221;, explica.<\/p>\n<p>Como aumentar o score:<\/p>\n<p>1.Ter o nome limpo, pois \u00e9 a primeira verifica\u00e7\u00e3o que as institui\u00e7\u00f5es de cr\u00e9dito realizam para entender se um consumidor \u00e9 um bom pagador. Imprevistos acontecem, mas \u00e9 importante saldar as contas atrasadas.<\/p>\n<p>2. Negociar as d\u00edvidas. Se h\u00e1 contas n\u00e3o pagas, o usu\u00e1rio pode tentar<br \/>\nnegoci\u00e1-las com o credor. Para pedir um novo cr\u00e9dito, \u00e9 recomendado estar em dia com os pagamentos.<\/p>\n<p>3. Pagar as contas em dia. Caso o consumidor tenha um hist\u00f3rico de atraso nos pagamentos, o acesso aos produtos financeiros fica mais dif\u00edcil.<\/p>\n<p>4. Ter contas em seu nome. Para iniciar um relacionamento com o consumidor, um banco precisa conhecer seus h\u00e1bitos. Sem contas banc\u00e1rias e boletos simples, como telefone, \u00e1gua e luz, as institui\u00e7\u00f5es n\u00e3o conseguem gerar o score, o que dificulta o acesso aos produtos.<\/p>\n<p>5. \u00c9 importante sempre manter os dados pessoais atualizados, tanto em institui\u00e7\u00f5es como nos \u00f3rg\u00e3os de prote\u00e7\u00e3o ao cr\u00e9dito. Caso n\u00e3o possua cadastro, o consumidor pode se inscrever gratuitamente e atualizar suas informa\u00e7\u00f5es.<\/p>\n<p>6. Cuidado com a frequ\u00eancia de pedido de cr\u00e9dito. Solicitar diversos cart\u00f5es de cr\u00e9dito, empr\u00e9stimos ou aumento de limite ao mesmo tempo pode derrubar o score. Os sistemas banc\u00e1rios entendem que pode se tratar de uma a\u00e7\u00e3o fraudulenta, e a nota \u00e9 baixada para que o produto n\u00e3o seja liberado.<\/p>\n","protected":false},"excerpt":{"rendered":"<p>A nota de cr\u00e9dito dos consumidores do Nordeste \u00e9 5,5% menor do que a m\u00e9dia nacional. O score da regi\u00e3o atinge 449 pontos, contra 475 do pa\u00eds. Os dados s\u00e3o da Foregon. O score, ou nota de cr\u00e9dito, \u00e9 a pontua\u00e7\u00e3o de 0 a 1000 atribu\u00edda a uma pessoa de acordo com seu comportamento financeiro. [&hellip;]<\/p>\n","protected":false},"author":1,"featured_media":340594,"comment_status":"closed","ping_status":"closed","sticky":false,"template":"","format":"standard","meta":[],"categories":[14,3],"tags":[],"acf":[],"yoast_head":"<!-- This site is optimized with the Yoast SEO plugin v20.8 - https:\/\/yoast.com\/wordpress\/plugins\/seo\/ -->\n<title>NOTA DE CR\u00c9DITO DO NORDESTE \u00c9 5,5% MENOR QUE M\u00c9DIA NACIONAL - Bahia Economica<\/title>\n<meta name=\"description\" content=\"O maior portal de Economia da Bahia DESTAQUE DO DIA, ECONOMIA \/ POL\u00cdTICA Bahia Economica\" \/>\n<meta name=\"robots\" content=\"index, follow, max-snippet:-1, max-image-preview:large, max-video-preview:-1\" \/>\n<link rel=\"canonical\" href=\"https:\/\/bahiaeconomica.com.br\/wp\/2019\/06\/03\/nota-de-credito-do-nordeste-e-55-menor-que-media-nacional\/\" \/>\n<meta property=\"og:locale\" content=\"pt_BR\" \/>\n<meta property=\"og:type\" content=\"article\" \/>\n<meta property=\"og:title\" content=\"NOTA DE CR\u00c9DITO DO NORDESTE \u00c9 5,5% MENOR QUE M\u00c9DIA NACIONAL - Bahia Economica\" \/>\n<meta property=\"og:description\" content=\"O maior portal de Economia da Bahia DESTAQUE DO DIA, ECONOMIA \/ POL\u00cdTICA Bahia Economica\" \/>\n<meta property=\"og:url\" content=\"https:\/\/bahiaeconomica.com.br\/wp\/2019\/06\/03\/nota-de-credito-do-nordeste-e-55-menor-que-media-nacional\/\" \/>\n<meta property=\"og:site_name\" content=\"Bahia Economica\" \/>\n<meta property=\"article:publisher\" content=\"https:\/\/www.facebook.com\/bahiaeconomica\" \/>\n<meta property=\"article:published_time\" content=\"2019-06-03T20:00:52+00:00\" \/>\n<meta property=\"article:modified_time\" content=\"2019-06-03T22:05:54+00:00\" \/>\n<meta property=\"og:image\" content=\"https:\/\/bahiaeconomica.com.br\/wp\/wp-content\/uploads\/2019\/06\/nota-de-credito-e1559592387212.jpg\" \/>\n\t<meta property=\"og:image:width\" content=\"500\" \/>\n\t<meta property=\"og:image:height\" content=\"310\" \/>\n\t<meta property=\"og:image:type\" content=\"image\/jpeg\" \/>\n<meta name=\"author\" content=\"admin\" \/>\n<meta name=\"twitter:card\" content=\"summary_large_image\" \/>\n<meta name=\"twitter:label1\" content=\"Escrito por\" \/>\n\t<meta name=\"twitter:data1\" content=\"admin\" \/>\n\t<meta name=\"twitter:label2\" content=\"Est. tempo de leitura\" \/>\n\t<meta name=\"twitter:data2\" content=\"3 minutos\" \/>\n<script type=\"application\/ld+json\" class=\"yoast-schema-graph\">{\"@context\":\"https:\/\/schema.org\",\"@graph\":[{\"@type\":\"Article\",\"@id\":\"https:\/\/bahiaeconomica.com.br\/wp\/2019\/06\/03\/nota-de-credito-do-nordeste-e-55-menor-que-media-nacional\/#article\",\"isPartOf\":{\"@id\":\"https:\/\/bahiaeconomica.com.br\/wp\/2019\/06\/03\/nota-de-credito-do-nordeste-e-55-menor-que-media-nacional\/\"},\"author\":{\"name\":\"admin\",\"@id\":\"https:\/\/bahiaeconomica.com.br\/wp\/#\/schema\/person\/cb1ab5ba96ad3d9390805381c76284ec\"},\"headline\":\"NOTA DE CR\u00c9DITO DO NORDESTE \u00c9 5,5% MENOR QUE M\u00c9DIA NACIONAL\",\"datePublished\":\"2019-06-03T20:00:52+00:00\",\"dateModified\":\"2019-06-03T22:05:54+00:00\",\"mainEntityOfPage\":{\"@id\":\"https:\/\/bahiaeconomica.com.br\/wp\/2019\/06\/03\/nota-de-credito-do-nordeste-e-55-menor-que-media-nacional\/\"},\"wordCount\":512,\"publisher\":{\"@id\":\"https:\/\/bahiaeconomica.com.br\/wp\/#organization\"},\"articleSection\":[\"DESTAQUE DO DIA\",\"ECONOMIA \/ POL\u00cdTICA\"],\"inLanguage\":\"pt-BR\"},{\"@type\":\"WebPage\",\"@id\":\"https:\/\/bahiaeconomica.com.br\/wp\/2019\/06\/03\/nota-de-credito-do-nordeste-e-55-menor-que-media-nacional\/\",\"url\":\"https:\/\/bahiaeconomica.com.br\/wp\/2019\/06\/03\/nota-de-credito-do-nordeste-e-55-menor-que-media-nacional\/\",\"name\":\"NOTA DE CR\u00c9DITO DO NORDESTE \u00c9 5,5% MENOR QUE M\u00c9DIA NACIONAL - Bahia Economica\",\"isPartOf\":{\"@id\":\"https:\/\/bahiaeconomica.com.br\/wp\/#website\"},\"datePublished\":\"2019-06-03T20:00:52+00:00\",\"dateModified\":\"2019-06-03T22:05:54+00:00\",\"description\":\"O maior portal de Economia da Bahia DESTAQUE DO DIA, ECONOMIA \/ POL\u00cdTICA Bahia Economica\",\"breadcrumb\":{\"@id\":\"https:\/\/bahiaeconomica.com.br\/wp\/2019\/06\/03\/nota-de-credito-do-nordeste-e-55-menor-que-media-nacional\/#breadcrumb\"},\"inLanguage\":\"pt-BR\",\"potentialAction\":[{\"@type\":\"ReadAction\",\"target\":[\"https:\/\/bahiaeconomica.com.br\/wp\/2019\/06\/03\/nota-de-credito-do-nordeste-e-55-menor-que-media-nacional\/\"]}]},{\"@type\":\"BreadcrumbList\",\"@id\":\"https:\/\/bahiaeconomica.com.br\/wp\/2019\/06\/03\/nota-de-credito-do-nordeste-e-55-menor-que-media-nacional\/#breadcrumb\",\"itemListElement\":[{\"@type\":\"ListItem\",\"position\":1,\"name\":\"In\u00edcio\",\"item\":\"https:\/\/bahiaeconomica.com.br\/wp\/\"},{\"@type\":\"ListItem\",\"position\":2,\"name\":\"NOTA DE CR\u00c9DITO DO NORDESTE \u00c9 5,5% MENOR QUE M\u00c9DIA NACIONAL\"}]},{\"@type\":\"WebSite\",\"@id\":\"https:\/\/bahiaeconomica.com.br\/wp\/#website\",\"url\":\"https:\/\/bahiaeconomica.com.br\/wp\/\",\"name\":\"Bahia Economica\",\"description\":\"O maior portal de Economia da Bahia\",\"publisher\":{\"@id\":\"https:\/\/bahiaeconomica.com.br\/wp\/#organization\"},\"potentialAction\":[{\"@type\":\"SearchAction\",\"target\":{\"@type\":\"EntryPoint\",\"urlTemplate\":\"https:\/\/bahiaeconomica.com.br\/wp\/?s={search_term_string}\"},\"query-input\":\"required name=search_term_string\"}],\"inLanguage\":\"pt-BR\"},{\"@type\":\"Organization\",\"@id\":\"https:\/\/bahiaeconomica.com.br\/wp\/#organization\",\"name\":\"Bahia Econ\u00f4mica\",\"url\":\"https:\/\/bahiaeconomica.com.br\/wp\/\",\"logo\":{\"@type\":\"ImageObject\",\"inLanguage\":\"pt-BR\",\"@id\":\"https:\/\/bahiaeconomica.com.br\/wp\/#\/schema\/logo\/image\/\",\"url\":\"https:\/\/bahiaeconomica.com.br\/wp\/wp-content\/uploads\/2020\/12\/cropped-BE.png\",\"contentUrl\":\"https:\/\/bahiaeconomica.com.br\/wp\/wp-content\/uploads\/2020\/12\/cropped-BE.png\",\"width\":512,\"height\":512,\"caption\":\"Bahia Econ\u00f4mica\"},\"image\":{\"@id\":\"https:\/\/bahiaeconomica.com.br\/wp\/#\/schema\/logo\/image\/\"},\"sameAs\":[\"https:\/\/www.facebook.com\/bahiaeconomica\"]},{\"@type\":\"Person\",\"@id\":\"https:\/\/bahiaeconomica.com.br\/wp\/#\/schema\/person\/cb1ab5ba96ad3d9390805381c76284ec\",\"name\":\"admin\",\"url\":\"https:\/\/bahiaeconomica.com.br\/wp\/author\/admin\/\"}]}<\/script>\n<!-- \/ Yoast SEO plugin. -->","yoast_head_json":{"title":"NOTA DE CR\u00c9DITO DO NORDESTE \u00c9 5,5% MENOR QUE M\u00c9DIA NACIONAL - Bahia Economica","description":"O maior portal de Economia da Bahia DESTAQUE DO DIA, ECONOMIA \/ POL\u00cdTICA Bahia Economica","robots":{"index":"index","follow":"follow","max-snippet":"max-snippet:-1","max-image-preview":"max-image-preview:large","max-video-preview":"max-video-preview:-1"},"canonical":"https:\/\/bahiaeconomica.com.br\/wp\/2019\/06\/03\/nota-de-credito-do-nordeste-e-55-menor-que-media-nacional\/","og_locale":"pt_BR","og_type":"article","og_title":"NOTA DE CR\u00c9DITO DO NORDESTE \u00c9 5,5% MENOR QUE M\u00c9DIA NACIONAL - Bahia Economica","og_description":"O maior portal de Economia da Bahia DESTAQUE DO DIA, ECONOMIA \/ POL\u00cdTICA Bahia Economica","og_url":"https:\/\/bahiaeconomica.com.br\/wp\/2019\/06\/03\/nota-de-credito-do-nordeste-e-55-menor-que-media-nacional\/","og_site_name":"Bahia Economica","article_publisher":"https:\/\/www.facebook.com\/bahiaeconomica","article_published_time":"2019-06-03T20:00:52+00:00","article_modified_time":"2019-06-03T22:05:54+00:00","og_image":[{"width":500,"height":310,"url":"https:\/\/bahiaeconomica.com.br\/wp\/wp-content\/uploads\/2019\/06\/nota-de-credito-e1559592387212.jpg","type":"image\/jpeg"}],"author":"admin","twitter_card":"summary_large_image","twitter_misc":{"Escrito por":"admin","Est. tempo de leitura":"3 minutos"},"schema":{"@context":"https:\/\/schema.org","@graph":[{"@type":"Article","@id":"https:\/\/bahiaeconomica.com.br\/wp\/2019\/06\/03\/nota-de-credito-do-nordeste-e-55-menor-que-media-nacional\/#article","isPartOf":{"@id":"https:\/\/bahiaeconomica.com.br\/wp\/2019\/06\/03\/nota-de-credito-do-nordeste-e-55-menor-que-media-nacional\/"},"author":{"name":"admin","@id":"https:\/\/bahiaeconomica.com.br\/wp\/#\/schema\/person\/cb1ab5ba96ad3d9390805381c76284ec"},"headline":"NOTA DE CR\u00c9DITO DO NORDESTE \u00c9 5,5% MENOR QUE M\u00c9DIA NACIONAL","datePublished":"2019-06-03T20:00:52+00:00","dateModified":"2019-06-03T22:05:54+00:00","mainEntityOfPage":{"@id":"https:\/\/bahiaeconomica.com.br\/wp\/2019\/06\/03\/nota-de-credito-do-nordeste-e-55-menor-que-media-nacional\/"},"wordCount":512,"publisher":{"@id":"https:\/\/bahiaeconomica.com.br\/wp\/#organization"},"articleSection":["DESTAQUE DO DIA","ECONOMIA \/ POL\u00cdTICA"],"inLanguage":"pt-BR"},{"@type":"WebPage","@id":"https:\/\/bahiaeconomica.com.br\/wp\/2019\/06\/03\/nota-de-credito-do-nordeste-e-55-menor-que-media-nacional\/","url":"https:\/\/bahiaeconomica.com.br\/wp\/2019\/06\/03\/nota-de-credito-do-nordeste-e-55-menor-que-media-nacional\/","name":"NOTA DE CR\u00c9DITO DO NORDESTE \u00c9 5,5% MENOR QUE M\u00c9DIA NACIONAL - Bahia Economica","isPartOf":{"@id":"https:\/\/bahiaeconomica.com.br\/wp\/#website"},"datePublished":"2019-06-03T20:00:52+00:00","dateModified":"2019-06-03T22:05:54+00:00","description":"O maior portal de Economia da Bahia DESTAQUE DO DIA, ECONOMIA \/ POL\u00cdTICA Bahia Economica","breadcrumb":{"@id":"https:\/\/bahiaeconomica.com.br\/wp\/2019\/06\/03\/nota-de-credito-do-nordeste-e-55-menor-que-media-nacional\/#breadcrumb"},"inLanguage":"pt-BR","potentialAction":[{"@type":"ReadAction","target":["https:\/\/bahiaeconomica.com.br\/wp\/2019\/06\/03\/nota-de-credito-do-nordeste-e-55-menor-que-media-nacional\/"]}]},{"@type":"BreadcrumbList","@id":"https:\/\/bahiaeconomica.com.br\/wp\/2019\/06\/03\/nota-de-credito-do-nordeste-e-55-menor-que-media-nacional\/#breadcrumb","itemListElement":[{"@type":"ListItem","position":1,"name":"In\u00edcio","item":"https:\/\/bahiaeconomica.com.br\/wp\/"},{"@type":"ListItem","position":2,"name":"NOTA DE CR\u00c9DITO DO NORDESTE \u00c9 5,5% MENOR QUE M\u00c9DIA NACIONAL"}]},{"@type":"WebSite","@id":"https:\/\/bahiaeconomica.com.br\/wp\/#website","url":"https:\/\/bahiaeconomica.com.br\/wp\/","name":"Bahia Economica","description":"O maior portal de Economia da Bahia","publisher":{"@id":"https:\/\/bahiaeconomica.com.br\/wp\/#organization"},"potentialAction":[{"@type":"SearchAction","target":{"@type":"EntryPoint","urlTemplate":"https:\/\/bahiaeconomica.com.br\/wp\/?s={search_term_string}"},"query-input":"required name=search_term_string"}],"inLanguage":"pt-BR"},{"@type":"Organization","@id":"https:\/\/bahiaeconomica.com.br\/wp\/#organization","name":"Bahia Econ\u00f4mica","url":"https:\/\/bahiaeconomica.com.br\/wp\/","logo":{"@type":"ImageObject","inLanguage":"pt-BR","@id":"https:\/\/bahiaeconomica.com.br\/wp\/#\/schema\/logo\/image\/","url":"https:\/\/bahiaeconomica.com.br\/wp\/wp-content\/uploads\/2020\/12\/cropped-BE.png","contentUrl":"https:\/\/bahiaeconomica.com.br\/wp\/wp-content\/uploads\/2020\/12\/cropped-BE.png","width":512,"height":512,"caption":"Bahia Econ\u00f4mica"},"image":{"@id":"https:\/\/bahiaeconomica.com.br\/wp\/#\/schema\/logo\/image\/"},"sameAs":["https:\/\/www.facebook.com\/bahiaeconomica"]},{"@type":"Person","@id":"https:\/\/bahiaeconomica.com.br\/wp\/#\/schema\/person\/cb1ab5ba96ad3d9390805381c76284ec","name":"admin","url":"https:\/\/bahiaeconomica.com.br\/wp\/author\/admin\/"}]}},"views":3,"_links":{"self":[{"href":"https:\/\/bahiaeconomica.com.br\/wp\/wp-json\/wp\/v2\/posts\/340583"}],"collection":[{"href":"https:\/\/bahiaeconomica.com.br\/wp\/wp-json\/wp\/v2\/posts"}],"about":[{"href":"https:\/\/bahiaeconomica.com.br\/wp\/wp-json\/wp\/v2\/types\/post"}],"author":[{"embeddable":true,"href":"https:\/\/bahiaeconomica.com.br\/wp\/wp-json\/wp\/v2\/users\/1"}],"replies":[{"embeddable":true,"href":"https:\/\/bahiaeconomica.com.br\/wp\/wp-json\/wp\/v2\/comments?post=340583"}],"version-history":[{"count":1,"href":"https:\/\/bahiaeconomica.com.br\/wp\/wp-json\/wp\/v2\/posts\/340583\/revisions"}],"predecessor-version":[{"id":340602,"href":"https:\/\/bahiaeconomica.com.br\/wp\/wp-json\/wp\/v2\/posts\/340583\/revisions\/340602"}],"wp:featuredmedia":[{"embeddable":true,"href":"https:\/\/bahiaeconomica.com.br\/wp\/wp-json\/wp\/v2\/media\/340594"}],"wp:attachment":[{"href":"https:\/\/bahiaeconomica.com.br\/wp\/wp-json\/wp\/v2\/media?parent=340583"}],"wp:term":[{"taxonomy":"category","embeddable":true,"href":"https:\/\/bahiaeconomica.com.br\/wp\/wp-json\/wp\/v2\/categories?post=340583"},{"taxonomy":"post_tag","embeddable":true,"href":"https:\/\/bahiaeconomica.com.br\/wp\/wp-json\/wp\/v2\/tags?post=340583"}],"curies":[{"name":"wp","href":"https:\/\/api.w.org\/{rel}","templated":true}]}}