{"id":340366,"date":"2019-06-03T11:26:12","date_gmt":"2019-06-03T14:26:12","guid":{"rendered":"https:\/\/bahiaeconomica.com.br\/wp\/beta\/?p=340366"},"modified":"2019-06-03T11:26:12","modified_gmt":"2019-06-03T14:26:12","slug":"governadores-deveriam-pressionar-para-manter-estados-na-reforma-da-previdencia-diz-secretario","status":"publish","type":"post","link":"https:\/\/bahiaeconomica.com.br\/wp\/2019\/06\/03\/governadores-deveriam-pressionar-para-manter-estados-na-reforma-da-previdencia-diz-secretario\/","title":{"rendered":"GOVERNADORES DEVERIAM PRESSIONAR PARA MANTER ESTADOS NA REFORMA DA PREVID\u00caNCIA, DIZ SECRET\u00c1RIO"},"content":{"rendered":"<p>Para o secret\u00e1rio do Tesouro Nacional, Mansueto Almeida, os governadores deveriam ir \u00e0 Bras\u00edlia nesta semana pressionar os deputados para que os estados n\u00e3o sejam exclu\u00eddos da reforma da Previd\u00eancia.\u00a0Em entrevista \u00e0 radio CBN nesta manh\u00e3, Mansueto explicou que a retirada dos entes federativos da reforma que tramita na C\u00e2mara dos Deputados dificultaria o ajuste de contas, pois cada estado e munic\u00edpio teria de aprovar sua pr\u00f3pria altera\u00e7\u00e3o de regras previdenci\u00e1rias. Na an\u00e1lise de Mansueto, eles teriam, nesse caso, de passar por uma &#8220;briga longa junto ao poder legislativo local&#8221;.<\/p>\n<p>&#8220;Eu acho assim: qualquer governador deveria estar nesta semana em Bras\u00edlia pressionando, conversando, dialogando, mostrando a import\u00e2ncia deles ficarem na reforma da Previd\u00eancia. Isso vale pera qualquer governador do Brasil, seja do Sul, Sudeste, Centro-Oeste, Norte, ou do Nordeste&#8221;, declarou ele.<\/p>\n","protected":false},"excerpt":{"rendered":"<p>Para o secret\u00e1rio do Tesouro Nacional, Mansueto Almeida, os governadores deveriam ir \u00e0 Bras\u00edlia nesta semana pressionar os deputados para que os estados n\u00e3o sejam exclu\u00eddos da reforma da Previd\u00eancia.\u00a0Em entrevista \u00e0 radio CBN nesta manh\u00e3, Mansueto explicou que a retirada dos entes federativos da reforma que tramita na C\u00e2mara dos Deputados dificultaria o ajuste [&hellip;]<\/p>\n","protected":false},"author":1,"featured_media":104579,"comment_status":"closed","ping_status":"closed","sticky":false,"template":"","format":"standard","meta":[],"categories":[3],"tags":[],"acf":[],"yoast_head":"<!-- This site is optimized with the Yoast SEO plugin v20.8 - https:\/\/yoast.com\/wordpress\/plugins\/seo\/ -->\n<title>GOVERNADORES DEVERIAM PRESSIONAR PARA MANTER ESTADOS NA REFORMA DA PREVID\u00caNCIA, DIZ SECRET\u00c1RIO - Bahia Economica<\/title>\n<meta name=\"description\" content=\"O maior portal de Economia da Bahia ECONOMIA \/ POL\u00cdTICA Bahia Economica\" \/>\n<meta name=\"robots\" content=\"index, follow, max-snippet:-1, max-image-preview:large, max-video-preview:-1\" \/>\n<link rel=\"canonical\" href=\"https:\/\/bahiaeconomica.com.br\/wp\/2019\/06\/03\/governadores-deveriam-pressionar-para-manter-estados-na-reforma-da-previdencia-diz-secretario\/\" \/>\n<meta property=\"og:locale\" content=\"pt_BR\" \/>\n<meta property=\"og:type\" content=\"article\" \/>\n<meta property=\"og:title\" content=\"GOVERNADORES DEVERIAM PRESSIONAR PARA MANTER ESTADOS NA REFORMA DA PREVID\u00caNCIA, DIZ SECRET\u00c1RIO - Bahia Economica\" \/>\n<meta property=\"og:description\" content=\"O maior portal de Economia da Bahia ECONOMIA \/ POL\u00cdTICA Bahia Economica\" \/>\n<meta property=\"og:url\" content=\"https:\/\/bahiaeconomica.com.br\/wp\/2019\/06\/03\/governadores-deveriam-pressionar-para-manter-estados-na-reforma-da-previdencia-diz-secretario\/\" \/>\n<meta property=\"og:site_name\" content=\"Bahia Economica\" \/>\n<meta property=\"article:publisher\" content=\"https:\/\/www.facebook.com\/bahiaeconomica\" \/>\n<meta property=\"article:published_time\" content=\"2019-06-03T14:26:12+00:00\" \/>\n<meta property=\"og:image\" content=\"https:\/\/bahiaeconomica.com.br\/wp\/wp-content\/uploads\/2018\/07\/previdencia-e1532103324973.jpg\" \/>\n\t<meta property=\"og:image:width\" content=\"500\" \/>\n\t<meta property=\"og:image:height\" content=\"303\" \/>\n\t<meta property=\"og:image:type\" content=\"image\/jpeg\" \/>\n<meta name=\"author\" content=\"admin\" \/>\n<meta name=\"twitter:card\" content=\"summary_large_image\" \/>\n<meta name=\"twitter:label1\" content=\"Escrito por\" \/>\n\t<meta name=\"twitter:data1\" content=\"admin\" \/>\n\t<meta name=\"twitter:label2\" content=\"Est. tempo de leitura\" \/>\n\t<meta name=\"twitter:data2\" content=\"1 minuto\" \/>\n<script type=\"application\/ld+json\" class=\"yoast-schema-graph\">{\"@context\":\"https:\/\/schema.org\",\"@graph\":[{\"@type\":\"Article\",\"@id\":\"https:\/\/bahiaeconomica.com.br\/wp\/2019\/06\/03\/governadores-deveriam-pressionar-para-manter-estados-na-reforma-da-previdencia-diz-secretario\/#article\",\"isPartOf\":{\"@id\":\"https:\/\/bahiaeconomica.com.br\/wp\/2019\/06\/03\/governadores-deveriam-pressionar-para-manter-estados-na-reforma-da-previdencia-diz-secretario\/\"},\"author\":{\"name\":\"admin\",\"@id\":\"https:\/\/bahiaeconomica.com.br\/wp\/#\/schema\/person\/cb1ab5ba96ad3d9390805381c76284ec\"},\"headline\":\"GOVERNADORES DEVERIAM PRESSIONAR PARA MANTER ESTADOS NA REFORMA DA PREVID\u00caNCIA, DIZ SECRET\u00c1RIO\",\"datePublished\":\"2019-06-03T14:26:12+00:00\",\"dateModified\":\"2019-06-03T14:26:12+00:00\",\"mainEntityOfPage\":{\"@id\":\"https:\/\/bahiaeconomica.com.br\/wp\/2019\/06\/03\/governadores-deveriam-pressionar-para-manter-estados-na-reforma-da-previdencia-diz-secretario\/\"},\"wordCount\":158,\"publisher\":{\"@id\":\"https:\/\/bahiaeconomica.com.br\/wp\/#organization\"},\"articleSection\":[\"ECONOMIA \/ POL\u00cdTICA\"],\"inLanguage\":\"pt-BR\"},{\"@type\":\"WebPage\",\"@id\":\"https:\/\/bahiaeconomica.com.br\/wp\/2019\/06\/03\/governadores-deveriam-pressionar-para-manter-estados-na-reforma-da-previdencia-diz-secretario\/\",\"url\":\"https:\/\/bahiaeconomica.com.br\/wp\/2019\/06\/03\/governadores-deveriam-pressionar-para-manter-estados-na-reforma-da-previdencia-diz-secretario\/\",\"name\":\"GOVERNADORES DEVERIAM PRESSIONAR PARA MANTER ESTADOS NA REFORMA DA PREVID\u00caNCIA, DIZ SECRET\u00c1RIO - Bahia Economica\",\"isPartOf\":{\"@id\":\"https:\/\/bahiaeconomica.com.br\/wp\/#website\"},\"datePublished\":\"2019-06-03T14:26:12+00:00\",\"dateModified\":\"2019-06-03T14:26:12+00:00\",\"description\":\"O maior portal de Economia da Bahia ECONOMIA \/ POL\u00cdTICA Bahia Economica\",\"breadcrumb\":{\"@id\":\"https:\/\/bahiaeconomica.com.br\/wp\/2019\/06\/03\/governadores-deveriam-pressionar-para-manter-estados-na-reforma-da-previdencia-diz-secretario\/#breadcrumb\"},\"inLanguage\":\"pt-BR\",\"potentialAction\":[{\"@type\":\"ReadAction\",\"target\":[\"https:\/\/bahiaeconomica.com.br\/wp\/2019\/06\/03\/governadores-deveriam-pressionar-para-manter-estados-na-reforma-da-previdencia-diz-secretario\/\"]}]},{\"@type\":\"BreadcrumbList\",\"@id\":\"https:\/\/bahiaeconomica.com.br\/wp\/2019\/06\/03\/governadores-deveriam-pressionar-para-manter-estados-na-reforma-da-previdencia-diz-secretario\/#breadcrumb\",\"itemListElement\":[{\"@type\":\"ListItem\",\"position\":1,\"name\":\"In\u00edcio\",\"item\":\"https:\/\/bahiaeconomica.com.br\/wp\/\"},{\"@type\":\"ListItem\",\"position\":2,\"name\":\"GOVERNADORES DEVERIAM PRESSIONAR PARA MANTER ESTADOS NA REFORMA DA PREVID\u00caNCIA, DIZ SECRET\u00c1RIO\"}]},{\"@type\":\"WebSite\",\"@id\":\"https:\/\/bahiaeconomica.com.br\/wp\/#website\",\"url\":\"https:\/\/bahiaeconomica.com.br\/wp\/\",\"name\":\"Bahia Economica\",\"description\":\"O maior portal de Economia da Bahia\",\"publisher\":{\"@id\":\"https:\/\/bahiaeconomica.com.br\/wp\/#organization\"},\"potentialAction\":[{\"@type\":\"SearchAction\",\"target\":{\"@type\":\"EntryPoint\",\"urlTemplate\":\"https:\/\/bahiaeconomica.com.br\/wp\/?s={search_term_string}\"},\"query-input\":\"required name=search_term_string\"}],\"inLanguage\":\"pt-BR\"},{\"@type\":\"Organization\",\"@id\":\"https:\/\/bahiaeconomica.com.br\/wp\/#organization\",\"name\":\"Bahia Econ\u00f4mica\",\"url\":\"https:\/\/bahiaeconomica.com.br\/wp\/\",\"logo\":{\"@type\":\"ImageObject\",\"inLanguage\":\"pt-BR\",\"@id\":\"https:\/\/bahiaeconomica.com.br\/wp\/#\/schema\/logo\/image\/\",\"url\":\"https:\/\/bahiaeconomica.com.br\/wp\/wp-content\/uploads\/2020\/12\/cropped-BE.png\",\"contentUrl\":\"https:\/\/bahiaeconomica.com.br\/wp\/wp-content\/uploads\/2020\/12\/cropped-BE.png\",\"width\":512,\"height\":512,\"caption\":\"Bahia Econ\u00f4mica\"},\"image\":{\"@id\":\"https:\/\/bahiaeconomica.com.br\/wp\/#\/schema\/logo\/image\/\"},\"sameAs\":[\"https:\/\/www.facebook.com\/bahiaeconomica\"]},{\"@type\":\"Person\",\"@id\":\"https:\/\/bahiaeconomica.com.br\/wp\/#\/schema\/person\/cb1ab5ba96ad3d9390805381c76284ec\",\"name\":\"admin\",\"url\":\"https:\/\/bahiaeconomica.com.br\/wp\/author\/admin\/\"}]}<\/script>\n<!-- \/ Yoast SEO plugin. -->","yoast_head_json":{"title":"GOVERNADORES DEVERIAM PRESSIONAR PARA MANTER ESTADOS NA REFORMA DA PREVID\u00caNCIA, DIZ SECRET\u00c1RIO - Bahia Economica","description":"O maior portal de Economia da Bahia ECONOMIA \/ POL\u00cdTICA Bahia Economica","robots":{"index":"index","follow":"follow","max-snippet":"max-snippet:-1","max-image-preview":"max-image-preview:large","max-video-preview":"max-video-preview:-1"},"canonical":"https:\/\/bahiaeconomica.com.br\/wp\/2019\/06\/03\/governadores-deveriam-pressionar-para-manter-estados-na-reforma-da-previdencia-diz-secretario\/","og_locale":"pt_BR","og_type":"article","og_title":"GOVERNADORES DEVERIAM PRESSIONAR PARA MANTER ESTADOS NA REFORMA DA PREVID\u00caNCIA, DIZ SECRET\u00c1RIO - Bahia Economica","og_description":"O maior portal de Economia da Bahia ECONOMIA \/ POL\u00cdTICA Bahia Economica","og_url":"https:\/\/bahiaeconomica.com.br\/wp\/2019\/06\/03\/governadores-deveriam-pressionar-para-manter-estados-na-reforma-da-previdencia-diz-secretario\/","og_site_name":"Bahia Economica","article_publisher":"https:\/\/www.facebook.com\/bahiaeconomica","article_published_time":"2019-06-03T14:26:12+00:00","og_image":[{"width":500,"height":303,"url":"https:\/\/bahiaeconomica.com.br\/wp\/wp-content\/uploads\/2018\/07\/previdencia-e1532103324973.jpg","type":"image\/jpeg"}],"author":"admin","twitter_card":"summary_large_image","twitter_misc":{"Escrito por":"admin","Est. tempo de leitura":"1 minuto"},"schema":{"@context":"https:\/\/schema.org","@graph":[{"@type":"Article","@id":"https:\/\/bahiaeconomica.com.br\/wp\/2019\/06\/03\/governadores-deveriam-pressionar-para-manter-estados-na-reforma-da-previdencia-diz-secretario\/#article","isPartOf":{"@id":"https:\/\/bahiaeconomica.com.br\/wp\/2019\/06\/03\/governadores-deveriam-pressionar-para-manter-estados-na-reforma-da-previdencia-diz-secretario\/"},"author":{"name":"admin","@id":"https:\/\/bahiaeconomica.com.br\/wp\/#\/schema\/person\/cb1ab5ba96ad3d9390805381c76284ec"},"headline":"GOVERNADORES DEVERIAM PRESSIONAR PARA MANTER ESTADOS NA REFORMA DA PREVID\u00caNCIA, DIZ SECRET\u00c1RIO","datePublished":"2019-06-03T14:26:12+00:00","dateModified":"2019-06-03T14:26:12+00:00","mainEntityOfPage":{"@id":"https:\/\/bahiaeconomica.com.br\/wp\/2019\/06\/03\/governadores-deveriam-pressionar-para-manter-estados-na-reforma-da-previdencia-diz-secretario\/"},"wordCount":158,"publisher":{"@id":"https:\/\/bahiaeconomica.com.br\/wp\/#organization"},"articleSection":["ECONOMIA \/ POL\u00cdTICA"],"inLanguage":"pt-BR"},{"@type":"WebPage","@id":"https:\/\/bahiaeconomica.com.br\/wp\/2019\/06\/03\/governadores-deveriam-pressionar-para-manter-estados-na-reforma-da-previdencia-diz-secretario\/","url":"https:\/\/bahiaeconomica.com.br\/wp\/2019\/06\/03\/governadores-deveriam-pressionar-para-manter-estados-na-reforma-da-previdencia-diz-secretario\/","name":"GOVERNADORES DEVERIAM PRESSIONAR PARA MANTER ESTADOS NA REFORMA DA PREVID\u00caNCIA, DIZ SECRET\u00c1RIO - Bahia Economica","isPartOf":{"@id":"https:\/\/bahiaeconomica.com.br\/wp\/#website"},"datePublished":"2019-06-03T14:26:12+00:00","dateModified":"2019-06-03T14:26:12+00:00","description":"O maior portal de Economia da Bahia ECONOMIA \/ POL\u00cdTICA Bahia Economica","breadcrumb":{"@id":"https:\/\/bahiaeconomica.com.br\/wp\/2019\/06\/03\/governadores-deveriam-pressionar-para-manter-estados-na-reforma-da-previdencia-diz-secretario\/#breadcrumb"},"inLanguage":"pt-BR","potentialAction":[{"@type":"ReadAction","target":["https:\/\/bahiaeconomica.com.br\/wp\/2019\/06\/03\/governadores-deveriam-pressionar-para-manter-estados-na-reforma-da-previdencia-diz-secretario\/"]}]},{"@type":"BreadcrumbList","@id":"https:\/\/bahiaeconomica.com.br\/wp\/2019\/06\/03\/governadores-deveriam-pressionar-para-manter-estados-na-reforma-da-previdencia-diz-secretario\/#breadcrumb","itemListElement":[{"@type":"ListItem","position":1,"name":"In\u00edcio","item":"https:\/\/bahiaeconomica.com.br\/wp\/"},{"@type":"ListItem","position":2,"name":"GOVERNADORES DEVERIAM PRESSIONAR PARA MANTER ESTADOS NA REFORMA DA PREVID\u00caNCIA, DIZ SECRET\u00c1RIO"}]},{"@type":"WebSite","@id":"https:\/\/bahiaeconomica.com.br\/wp\/#website","url":"https:\/\/bahiaeconomica.com.br\/wp\/","name":"Bahia Economica","description":"O maior portal de Economia da Bahia","publisher":{"@id":"https:\/\/bahiaeconomica.com.br\/wp\/#organization"},"potentialAction":[{"@type":"SearchAction","target":{"@type":"EntryPoint","urlTemplate":"https:\/\/bahiaeconomica.com.br\/wp\/?s={search_term_string}"},"query-input":"required name=search_term_string"}],"inLanguage":"pt-BR"},{"@type":"Organization","@id":"https:\/\/bahiaeconomica.com.br\/wp\/#organization","name":"Bahia Econ\u00f4mica","url":"https:\/\/bahiaeconomica.com.br\/wp\/","logo":{"@type":"ImageObject","inLanguage":"pt-BR","@id":"https:\/\/bahiaeconomica.com.br\/wp\/#\/schema\/logo\/image\/","url":"https:\/\/bahiaeconomica.com.br\/wp\/wp-content\/uploads\/2020\/12\/cropped-BE.png","contentUrl":"https:\/\/bahiaeconomica.com.br\/wp\/wp-content\/uploads\/2020\/12\/cropped-BE.png","width":512,"height":512,"caption":"Bahia Econ\u00f4mica"},"image":{"@id":"https:\/\/bahiaeconomica.com.br\/wp\/#\/schema\/logo\/image\/"},"sameAs":["https:\/\/www.facebook.com\/bahiaeconomica"]},{"@type":"Person","@id":"https:\/\/bahiaeconomica.com.br\/wp\/#\/schema\/person\/cb1ab5ba96ad3d9390805381c76284ec","name":"admin","url":"https:\/\/bahiaeconomica.com.br\/wp\/author\/admin\/"}]}},"views":0,"_links":{"self":[{"href":"https:\/\/bahiaeconomica.com.br\/wp\/wp-json\/wp\/v2\/posts\/340366"}],"collection":[{"href":"https:\/\/bahiaeconomica.com.br\/wp\/wp-json\/wp\/v2\/posts"}],"about":[{"href":"https:\/\/bahiaeconomica.com.br\/wp\/wp-json\/wp\/v2\/types\/post"}],"author":[{"embeddable":true,"href":"https:\/\/bahiaeconomica.com.br\/wp\/wp-json\/wp\/v2\/users\/1"}],"replies":[{"embeddable":true,"href":"https:\/\/bahiaeconomica.com.br\/wp\/wp-json\/wp\/v2\/comments?post=340366"}],"version-history":[{"count":1,"href":"https:\/\/bahiaeconomica.com.br\/wp\/wp-json\/wp\/v2\/posts\/340366\/revisions"}],"predecessor-version":[{"id":340373,"href":"https:\/\/bahiaeconomica.com.br\/wp\/wp-json\/wp\/v2\/posts\/340366\/revisions\/340373"}],"wp:featuredmedia":[{"embeddable":true,"href":"https:\/\/bahiaeconomica.com.br\/wp\/wp-json\/wp\/v2\/media\/104579"}],"wp:attachment":[{"href":"https:\/\/bahiaeconomica.com.br\/wp\/wp-json\/wp\/v2\/media?parent=340366"}],"wp:term":[{"taxonomy":"category","embeddable":true,"href":"https:\/\/bahiaeconomica.com.br\/wp\/wp-json\/wp\/v2\/categories?post=340366"},{"taxonomy":"post_tag","embeddable":true,"href":"https:\/\/bahiaeconomica.com.br\/wp\/wp-json\/wp\/v2\/tags?post=340366"}],"curies":[{"name":"wp","href":"https:\/\/api.w.org\/{rel}","templated":true}]}}