{"id":339181,"date":"2019-05-31T09:15:32","date_gmt":"2019-05-31T12:15:32","guid":{"rendered":"https:\/\/bahiaeconomica.com.br\/wp\/beta\/?p=339181"},"modified":"2019-05-31T09:35:50","modified_gmt":"2019-05-31T12:35:50","slug":"falta-de-empregos-atinge-r-132-milhoes-de-brasileiros","status":"publish","type":"post","link":"https:\/\/bahiaeconomica.com.br\/wp\/2019\/05\/31\/falta-de-empregos-atinge-r-132-milhoes-de-brasileiros\/","title":{"rendered":"FALTA DE EMPREGOS ATINGE R$ 13,2 MILH\u00d5ES DE BRASILEIROS"},"content":{"rendered":"<p style=\"text-align: justify;\">A taxa de desemprego subiu para 12,5% no trimestre encerrado em abril, e o n\u00famero de desempregados para 13,2 milh\u00f5es, informa o IBGE . No per\u00edodo de novembro a janeiro, que serve como base de compara\u00e7\u00e3o, a taxa havia ficado em 12% e 12,7 milh\u00f5es de brasileiros procuravam uma vaga . Em rela\u00e7\u00e3o a abril do ano passado (12,9%), a taxa cedeu. De acordo com analistas consultados pela Bloomberg, a taxa do desemprego no trimestre encerrado em abril ficaria em12,5%. O dado foi divulgado um dia depois de o Instituto informar que a economia brasileira recuou 0,2% no primeiro trimestre do ano . O desemprego alto \u00e9 uma das raz\u00f5es para o Produto Interno Brasileiro (PIB) ter apresentado um desempenho ruim.<\/p>\n<p style=\"text-align: justify;\">A popula\u00e7\u00e3o empregada foi estimada em 92,4 milh\u00f5es de pessoas. Ficou est\u00e1vel na compara\u00e7\u00e3o com o trimestre anterior e ganhou dois milh\u00f5es de pessoas em rela\u00e7\u00e3o a abril do ano passado. A popula\u00e7\u00e3o subutilizada bateu recorde novamente, ao ser estimada em 28,4 milh\u00f5es de pessoas. Ela ganhou mais 1 milh\u00e3o de pessoas em rela\u00e7\u00e3o ao trimestre anterior ena compara\u00e7\u00e3o com abril do ano passado. Dentro desse grupo est\u00e3o os desempregados, as pessoas que trabalham menos de 40 horas por semana e gostariam de trabalhar mais, os que desistiram de procurar trabalho por falta de esperan\u00e7a de conseguir uma vaga, os chamados desalentados ; e aqueles que procuraram, mas n\u00e3o poderiam trabalhar naquele momento por diversas raz\u00f5es, como ter de cuidar dos filhos.<\/p>\n<p style=\"text-align: justify;\">Segundo o IBGE, nunca tantos brasileiros relataram terem desistido de procurar trabalho por falta de perspectivas de serem contratados. Essa \u00e9 a realidade de 4,9 milh\u00f5es de pessoas no pa\u00eds. Alta nas duas compara\u00e7\u00f5es de tempo.<\/p>\n","protected":false},"excerpt":{"rendered":"<p>A taxa de desemprego subiu para 12,5% no trimestre encerrado em abril, e o n\u00famero de desempregados para 13,2 milh\u00f5es, informa o IBGE . No per\u00edodo de novembro a janeiro, que serve como base de compara\u00e7\u00e3o, a taxa havia ficado em 12% e 12,7 milh\u00f5es de brasileiros procuravam uma vaga . Em rela\u00e7\u00e3o a abril [&hellip;]<\/p>\n","protected":false},"author":1,"featured_media":198313,"comment_status":"closed","ping_status":"closed","sticky":false,"template":"","format":"standard","meta":[],"categories":[3],"tags":[],"acf":[],"yoast_head":"<!-- This site is optimized with the Yoast SEO plugin v20.8 - https:\/\/yoast.com\/wordpress\/plugins\/seo\/ -->\n<title>FALTA DE EMPREGOS ATINGE R$ 13,2 MILH\u00d5ES DE BRASILEIROS - Bahia Economica<\/title>\n<meta name=\"description\" content=\"O maior portal de Economia da Bahia ECONOMIA \/ POL\u00cdTICA Bahia Economica\" \/>\n<meta name=\"robots\" content=\"index, follow, max-snippet:-1, max-image-preview:large, max-video-preview:-1\" \/>\n<link rel=\"canonical\" href=\"https:\/\/bahiaeconomica.com.br\/wp\/2019\/05\/31\/falta-de-empregos-atinge-r-132-milhoes-de-brasileiros\/\" \/>\n<meta property=\"og:locale\" content=\"pt_BR\" \/>\n<meta property=\"og:type\" content=\"article\" \/>\n<meta property=\"og:title\" content=\"FALTA DE EMPREGOS ATINGE R$ 13,2 MILH\u00d5ES DE BRASILEIROS - Bahia Economica\" \/>\n<meta property=\"og:description\" content=\"O maior portal de Economia da Bahia ECONOMIA \/ POL\u00cdTICA Bahia Economica\" \/>\n<meta property=\"og:url\" content=\"https:\/\/bahiaeconomica.com.br\/wp\/2019\/05\/31\/falta-de-empregos-atinge-r-132-milhoes-de-brasileiros\/\" \/>\n<meta property=\"og:site_name\" content=\"Bahia Economica\" \/>\n<meta property=\"article:publisher\" content=\"https:\/\/www.facebook.com\/bahiaeconomica\" \/>\n<meta property=\"article:published_time\" content=\"2019-05-31T12:15:32+00:00\" \/>\n<meta property=\"article:modified_time\" content=\"2019-05-31T12:35:50+00:00\" \/>\n<meta property=\"og:image\" content=\"https:\/\/bahiaeconomica.com.br\/wp\/wp-content\/uploads\/2018\/11\/desemprego-2017-774.jpg\" \/>\n\t<meta property=\"og:image:width\" content=\"500\" \/>\n\t<meta property=\"og:image:height\" content=\"300\" \/>\n\t<meta property=\"og:image:type\" content=\"image\/jpeg\" \/>\n<meta name=\"author\" content=\"admin\" \/>\n<meta name=\"twitter:card\" content=\"summary_large_image\" \/>\n<meta name=\"twitter:label1\" content=\"Escrito por\" \/>\n\t<meta name=\"twitter:data1\" content=\"admin\" \/>\n\t<meta name=\"twitter:label2\" content=\"Est. tempo de leitura\" \/>\n\t<meta name=\"twitter:data2\" content=\"1 minuto\" \/>\n<script type=\"application\/ld+json\" class=\"yoast-schema-graph\">{\"@context\":\"https:\/\/schema.org\",\"@graph\":[{\"@type\":\"Article\",\"@id\":\"https:\/\/bahiaeconomica.com.br\/wp\/2019\/05\/31\/falta-de-empregos-atinge-r-132-milhoes-de-brasileiros\/#article\",\"isPartOf\":{\"@id\":\"https:\/\/bahiaeconomica.com.br\/wp\/2019\/05\/31\/falta-de-empregos-atinge-r-132-milhoes-de-brasileiros\/\"},\"author\":{\"name\":\"admin\",\"@id\":\"https:\/\/bahiaeconomica.com.br\/wp\/#\/schema\/person\/cb1ab5ba96ad3d9390805381c76284ec\"},\"headline\":\"FALTA DE EMPREGOS ATINGE R$ 13,2 MILH\u00d5ES DE BRASILEIROS\",\"datePublished\":\"2019-05-31T12:15:32+00:00\",\"dateModified\":\"2019-05-31T12:35:50+00:00\",\"mainEntityOfPage\":{\"@id\":\"https:\/\/bahiaeconomica.com.br\/wp\/2019\/05\/31\/falta-de-empregos-atinge-r-132-milhoes-de-brasileiros\/\"},\"wordCount\":296,\"publisher\":{\"@id\":\"https:\/\/bahiaeconomica.com.br\/wp\/#organization\"},\"articleSection\":[\"ECONOMIA \/ POL\u00cdTICA\"],\"inLanguage\":\"pt-BR\"},{\"@type\":\"WebPage\",\"@id\":\"https:\/\/bahiaeconomica.com.br\/wp\/2019\/05\/31\/falta-de-empregos-atinge-r-132-milhoes-de-brasileiros\/\",\"url\":\"https:\/\/bahiaeconomica.com.br\/wp\/2019\/05\/31\/falta-de-empregos-atinge-r-132-milhoes-de-brasileiros\/\",\"name\":\"FALTA DE EMPREGOS ATINGE R$ 13,2 MILH\u00d5ES DE BRASILEIROS - Bahia Economica\",\"isPartOf\":{\"@id\":\"https:\/\/bahiaeconomica.com.br\/wp\/#website\"},\"datePublished\":\"2019-05-31T12:15:32+00:00\",\"dateModified\":\"2019-05-31T12:35:50+00:00\",\"description\":\"O maior portal de Economia da Bahia ECONOMIA \/ POL\u00cdTICA Bahia Economica\",\"breadcrumb\":{\"@id\":\"https:\/\/bahiaeconomica.com.br\/wp\/2019\/05\/31\/falta-de-empregos-atinge-r-132-milhoes-de-brasileiros\/#breadcrumb\"},\"inLanguage\":\"pt-BR\",\"potentialAction\":[{\"@type\":\"ReadAction\",\"target\":[\"https:\/\/bahiaeconomica.com.br\/wp\/2019\/05\/31\/falta-de-empregos-atinge-r-132-milhoes-de-brasileiros\/\"]}]},{\"@type\":\"BreadcrumbList\",\"@id\":\"https:\/\/bahiaeconomica.com.br\/wp\/2019\/05\/31\/falta-de-empregos-atinge-r-132-milhoes-de-brasileiros\/#breadcrumb\",\"itemListElement\":[{\"@type\":\"ListItem\",\"position\":1,\"name\":\"In\u00edcio\",\"item\":\"https:\/\/bahiaeconomica.com.br\/wp\/\"},{\"@type\":\"ListItem\",\"position\":2,\"name\":\"FALTA DE EMPREGOS ATINGE R$ 13,2 MILH\u00d5ES DE BRASILEIROS\"}]},{\"@type\":\"WebSite\",\"@id\":\"https:\/\/bahiaeconomica.com.br\/wp\/#website\",\"url\":\"https:\/\/bahiaeconomica.com.br\/wp\/\",\"name\":\"Bahia Economica\",\"description\":\"O maior portal de Economia da Bahia\",\"publisher\":{\"@id\":\"https:\/\/bahiaeconomica.com.br\/wp\/#organization\"},\"potentialAction\":[{\"@type\":\"SearchAction\",\"target\":{\"@type\":\"EntryPoint\",\"urlTemplate\":\"https:\/\/bahiaeconomica.com.br\/wp\/?s={search_term_string}\"},\"query-input\":\"required name=search_term_string\"}],\"inLanguage\":\"pt-BR\"},{\"@type\":\"Organization\",\"@id\":\"https:\/\/bahiaeconomica.com.br\/wp\/#organization\",\"name\":\"Bahia Econ\u00f4mica\",\"url\":\"https:\/\/bahiaeconomica.com.br\/wp\/\",\"logo\":{\"@type\":\"ImageObject\",\"inLanguage\":\"pt-BR\",\"@id\":\"https:\/\/bahiaeconomica.com.br\/wp\/#\/schema\/logo\/image\/\",\"url\":\"https:\/\/bahiaeconomica.com.br\/wp\/wp-content\/uploads\/2020\/12\/cropped-BE.png\",\"contentUrl\":\"https:\/\/bahiaeconomica.com.br\/wp\/wp-content\/uploads\/2020\/12\/cropped-BE.png\",\"width\":512,\"height\":512,\"caption\":\"Bahia Econ\u00f4mica\"},\"image\":{\"@id\":\"https:\/\/bahiaeconomica.com.br\/wp\/#\/schema\/logo\/image\/\"},\"sameAs\":[\"https:\/\/www.facebook.com\/bahiaeconomica\"]},{\"@type\":\"Person\",\"@id\":\"https:\/\/bahiaeconomica.com.br\/wp\/#\/schema\/person\/cb1ab5ba96ad3d9390805381c76284ec\",\"name\":\"admin\",\"url\":\"https:\/\/bahiaeconomica.com.br\/wp\/author\/admin\/\"}]}<\/script>\n<!-- \/ Yoast SEO plugin. -->","yoast_head_json":{"title":"FALTA DE EMPREGOS ATINGE R$ 13,2 MILH\u00d5ES DE BRASILEIROS - Bahia Economica","description":"O maior portal de Economia da Bahia ECONOMIA \/ POL\u00cdTICA Bahia Economica","robots":{"index":"index","follow":"follow","max-snippet":"max-snippet:-1","max-image-preview":"max-image-preview:large","max-video-preview":"max-video-preview:-1"},"canonical":"https:\/\/bahiaeconomica.com.br\/wp\/2019\/05\/31\/falta-de-empregos-atinge-r-132-milhoes-de-brasileiros\/","og_locale":"pt_BR","og_type":"article","og_title":"FALTA DE EMPREGOS ATINGE R$ 13,2 MILH\u00d5ES DE BRASILEIROS - Bahia Economica","og_description":"O maior portal de Economia da Bahia ECONOMIA \/ POL\u00cdTICA Bahia Economica","og_url":"https:\/\/bahiaeconomica.com.br\/wp\/2019\/05\/31\/falta-de-empregos-atinge-r-132-milhoes-de-brasileiros\/","og_site_name":"Bahia Economica","article_publisher":"https:\/\/www.facebook.com\/bahiaeconomica","article_published_time":"2019-05-31T12:15:32+00:00","article_modified_time":"2019-05-31T12:35:50+00:00","og_image":[{"width":500,"height":300,"url":"https:\/\/bahiaeconomica.com.br\/wp\/wp-content\/uploads\/2018\/11\/desemprego-2017-774.jpg","type":"image\/jpeg"}],"author":"admin","twitter_card":"summary_large_image","twitter_misc":{"Escrito por":"admin","Est. tempo de leitura":"1 minuto"},"schema":{"@context":"https:\/\/schema.org","@graph":[{"@type":"Article","@id":"https:\/\/bahiaeconomica.com.br\/wp\/2019\/05\/31\/falta-de-empregos-atinge-r-132-milhoes-de-brasileiros\/#article","isPartOf":{"@id":"https:\/\/bahiaeconomica.com.br\/wp\/2019\/05\/31\/falta-de-empregos-atinge-r-132-milhoes-de-brasileiros\/"},"author":{"name":"admin","@id":"https:\/\/bahiaeconomica.com.br\/wp\/#\/schema\/person\/cb1ab5ba96ad3d9390805381c76284ec"},"headline":"FALTA DE EMPREGOS ATINGE R$ 13,2 MILH\u00d5ES DE BRASILEIROS","datePublished":"2019-05-31T12:15:32+00:00","dateModified":"2019-05-31T12:35:50+00:00","mainEntityOfPage":{"@id":"https:\/\/bahiaeconomica.com.br\/wp\/2019\/05\/31\/falta-de-empregos-atinge-r-132-milhoes-de-brasileiros\/"},"wordCount":296,"publisher":{"@id":"https:\/\/bahiaeconomica.com.br\/wp\/#organization"},"articleSection":["ECONOMIA \/ POL\u00cdTICA"],"inLanguage":"pt-BR"},{"@type":"WebPage","@id":"https:\/\/bahiaeconomica.com.br\/wp\/2019\/05\/31\/falta-de-empregos-atinge-r-132-milhoes-de-brasileiros\/","url":"https:\/\/bahiaeconomica.com.br\/wp\/2019\/05\/31\/falta-de-empregos-atinge-r-132-milhoes-de-brasileiros\/","name":"FALTA DE EMPREGOS ATINGE R$ 13,2 MILH\u00d5ES DE BRASILEIROS - Bahia Economica","isPartOf":{"@id":"https:\/\/bahiaeconomica.com.br\/wp\/#website"},"datePublished":"2019-05-31T12:15:32+00:00","dateModified":"2019-05-31T12:35:50+00:00","description":"O maior portal de Economia da Bahia ECONOMIA \/ POL\u00cdTICA Bahia Economica","breadcrumb":{"@id":"https:\/\/bahiaeconomica.com.br\/wp\/2019\/05\/31\/falta-de-empregos-atinge-r-132-milhoes-de-brasileiros\/#breadcrumb"},"inLanguage":"pt-BR","potentialAction":[{"@type":"ReadAction","target":["https:\/\/bahiaeconomica.com.br\/wp\/2019\/05\/31\/falta-de-empregos-atinge-r-132-milhoes-de-brasileiros\/"]}]},{"@type":"BreadcrumbList","@id":"https:\/\/bahiaeconomica.com.br\/wp\/2019\/05\/31\/falta-de-empregos-atinge-r-132-milhoes-de-brasileiros\/#breadcrumb","itemListElement":[{"@type":"ListItem","position":1,"name":"In\u00edcio","item":"https:\/\/bahiaeconomica.com.br\/wp\/"},{"@type":"ListItem","position":2,"name":"FALTA DE EMPREGOS ATINGE R$ 13,2 MILH\u00d5ES DE BRASILEIROS"}]},{"@type":"WebSite","@id":"https:\/\/bahiaeconomica.com.br\/wp\/#website","url":"https:\/\/bahiaeconomica.com.br\/wp\/","name":"Bahia Economica","description":"O maior portal de Economia da Bahia","publisher":{"@id":"https:\/\/bahiaeconomica.com.br\/wp\/#organization"},"potentialAction":[{"@type":"SearchAction","target":{"@type":"EntryPoint","urlTemplate":"https:\/\/bahiaeconomica.com.br\/wp\/?s={search_term_string}"},"query-input":"required name=search_term_string"}],"inLanguage":"pt-BR"},{"@type":"Organization","@id":"https:\/\/bahiaeconomica.com.br\/wp\/#organization","name":"Bahia Econ\u00f4mica","url":"https:\/\/bahiaeconomica.com.br\/wp\/","logo":{"@type":"ImageObject","inLanguage":"pt-BR","@id":"https:\/\/bahiaeconomica.com.br\/wp\/#\/schema\/logo\/image\/","url":"https:\/\/bahiaeconomica.com.br\/wp\/wp-content\/uploads\/2020\/12\/cropped-BE.png","contentUrl":"https:\/\/bahiaeconomica.com.br\/wp\/wp-content\/uploads\/2020\/12\/cropped-BE.png","width":512,"height":512,"caption":"Bahia Econ\u00f4mica"},"image":{"@id":"https:\/\/bahiaeconomica.com.br\/wp\/#\/schema\/logo\/image\/"},"sameAs":["https:\/\/www.facebook.com\/bahiaeconomica"]},{"@type":"Person","@id":"https:\/\/bahiaeconomica.com.br\/wp\/#\/schema\/person\/cb1ab5ba96ad3d9390805381c76284ec","name":"admin","url":"https:\/\/bahiaeconomica.com.br\/wp\/author\/admin\/"}]}},"views":0,"_links":{"self":[{"href":"https:\/\/bahiaeconomica.com.br\/wp\/wp-json\/wp\/v2\/posts\/339181"}],"collection":[{"href":"https:\/\/bahiaeconomica.com.br\/wp\/wp-json\/wp\/v2\/posts"}],"about":[{"href":"https:\/\/bahiaeconomica.com.br\/wp\/wp-json\/wp\/v2\/types\/post"}],"author":[{"embeddable":true,"href":"https:\/\/bahiaeconomica.com.br\/wp\/wp-json\/wp\/v2\/users\/1"}],"replies":[{"embeddable":true,"href":"https:\/\/bahiaeconomica.com.br\/wp\/wp-json\/wp\/v2\/comments?post=339181"}],"version-history":[{"count":1,"href":"https:\/\/bahiaeconomica.com.br\/wp\/wp-json\/wp\/v2\/posts\/339181\/revisions"}],"predecessor-version":[{"id":339188,"href":"https:\/\/bahiaeconomica.com.br\/wp\/wp-json\/wp\/v2\/posts\/339181\/revisions\/339188"}],"wp:featuredmedia":[{"embeddable":true,"href":"https:\/\/bahiaeconomica.com.br\/wp\/wp-json\/wp\/v2\/media\/198313"}],"wp:attachment":[{"href":"https:\/\/bahiaeconomica.com.br\/wp\/wp-json\/wp\/v2\/media?parent=339181"}],"wp:term":[{"taxonomy":"category","embeddable":true,"href":"https:\/\/bahiaeconomica.com.br\/wp\/wp-json\/wp\/v2\/categories?post=339181"},{"taxonomy":"post_tag","embeddable":true,"href":"https:\/\/bahiaeconomica.com.br\/wp\/wp-json\/wp\/v2\/tags?post=339181"}],"curies":[{"name":"wp","href":"https:\/\/api.w.org\/{rel}","templated":true}]}}