{"id":338477,"date":"2019-05-30T11:13:48","date_gmt":"2019-05-30T14:13:48","guid":{"rendered":"https:\/\/bahiaeconomica.com.br\/wp\/beta\/?p=338477"},"modified":"2019-05-30T11:13:48","modified_gmt":"2019-05-30T14:13:48","slug":"faculdade-em-salvador-sera-obrigada-a-devolver-valores-a-estudantes-apos-decisao-judicial","status":"publish","type":"post","link":"https:\/\/bahiaeconomica.com.br\/wp\/2019\/05\/30\/faculdade-em-salvador-sera-obrigada-a-devolver-valores-a-estudantes-apos-decisao-judicial\/","title":{"rendered":"FACULDADE EM SALVADOR SER\u00c1 OBRIGADA A DEVOLVER VALORES A ESTUDANTES AP\u00d3S DECIS\u00c3O JUDICIAL"},"content":{"rendered":"<p style=\"text-align: justify;\">A Faculdade Paulo Neto, do Mato Grosso do Sul, e o grupo Claretin Internacional, foram acionadas pelo Minist\u00e9rio P\u00fablico da Bahia para que devolvam os valores pagos e idenizem os estudantes de Salvador que se matricularam em cursos de p\u00f3s-gradua\u00e7\u00e3o semipresenciais, com mensalidades no valor de R$ 550, mas n\u00e3o tiveram o contrato cumprido pelas institui\u00e7\u00f5es.<\/p>\n<p style=\"text-align: justify;\">Segundo a a\u00e7\u00e3o civil p\u00fablica ajuizada na \u00faltima ter\u00e7a-feira (28), pela promotora de Justi\u00e7a Joseane Suzart, as institui\u00e7\u00f5es n\u00e3o cumpriram o contrato firmado com os consumidores, j\u00e1 que as atividades do curso n\u00e3o foram realizadas \u2013 as aulas ministradas em hotel localizado na capital baiana n\u00e3o passaram de duas por curso. A promotora afirma que houve pr\u00e1tica de oferta enganosa e que o\u00a0 contrato \u00e9 abusivo, elaborado por meio de \u201cuma engenharia forjada para evitar, ao m\u00e1ximo, a possibilidade de adimplemento das obriga\u00e7\u00f5es firmadas com os consumidores\u201d.<\/p>\n<p style=\"text-align: justify;\">Conforme a a\u00e7\u00e3o, as duas empresas n\u00e3o s\u00e3o Institui\u00e7\u00f5es de Ensino Superior (IES) reconhecidas pelo Minist\u00e9rio da Educa\u00e7\u00e3o (MEC), pois n\u00e3o est\u00e3o cadastradas e credenciadas no sistema, de acordo com informa\u00e7\u00e3o da coordenadoria de Legisla\u00e7\u00e3o e Normas de Regula\u00e7\u00e3o e Supervis\u00e3o da Educa\u00e7\u00e3o Superior do \u00f3rg\u00e3o.<\/p>\n<p style=\"text-align: justify;\">Joseane Suzart pede \u00e0 Justi\u00e7a que determine, por meio de liminar, a interrup\u00e7\u00e3o da oferta e formaliza\u00e7\u00e3o dos cursos at\u00e9 que haja o credenciamento da Faculdade no MEC como IES, e tamb\u00e9m a devolu\u00e7\u00e3o dos valores pagos pelos estudantes. Segundo a a\u00e7\u00e3o, era cobrada mensalidade de R$ 550 pelo curso semipresencial. A promotora pede ainda, em car\u00e1ter definitivo, a condena\u00e7\u00e3o das empresas para pagamento de indeniza\u00e7\u00e3o em raz\u00e3o do dano moral difuso causado \u00e0 coletividade.(Correio)<\/p>\n","protected":false},"excerpt":{"rendered":"<p>A Faculdade Paulo Neto, do Mato Grosso do Sul, e o grupo Claretin Internacional, foram acionadas pelo Minist\u00e9rio P\u00fablico da Bahia para que devolvam os valores pagos e idenizem os estudantes de Salvador que se matricularam em cursos de p\u00f3s-gradua\u00e7\u00e3o semipresenciais, com mensalidades no valor de R$ 550, mas n\u00e3o tiveram o contrato cumprido pelas [&hellip;]<\/p>\n","protected":false},"author":1,"featured_media":338479,"comment_status":"closed","ping_status":"closed","sticky":false,"template":"","format":"standard","meta":[],"categories":[3],"tags":[],"acf":[],"yoast_head":"<!-- This site is optimized with the Yoast SEO plugin v20.8 - https:\/\/yoast.com\/wordpress\/plugins\/seo\/ -->\n<title>FACULDADE EM SALVADOR SER\u00c1 OBRIGADA A DEVOLVER VALORES A ESTUDANTES AP\u00d3S DECIS\u00c3O JUDICIAL - Bahia Economica<\/title>\n<meta name=\"description\" content=\"O maior portal de Economia da Bahia ECONOMIA \/ POL\u00cdTICA Bahia Economica\" \/>\n<meta name=\"robots\" content=\"index, follow, max-snippet:-1, max-image-preview:large, max-video-preview:-1\" \/>\n<link rel=\"canonical\" href=\"https:\/\/bahiaeconomica.com.br\/wp\/2019\/05\/30\/faculdade-em-salvador-sera-obrigada-a-devolver-valores-a-estudantes-apos-decisao-judicial\/\" \/>\n<meta property=\"og:locale\" content=\"pt_BR\" \/>\n<meta property=\"og:type\" content=\"article\" \/>\n<meta property=\"og:title\" content=\"FACULDADE EM SALVADOR SER\u00c1 OBRIGADA A DEVOLVER VALORES A ESTUDANTES AP\u00d3S DECIS\u00c3O JUDICIAL - Bahia Economica\" \/>\n<meta property=\"og:description\" content=\"O maior portal de Economia da Bahia ECONOMIA \/ POL\u00cdTICA Bahia Economica\" \/>\n<meta property=\"og:url\" content=\"https:\/\/bahiaeconomica.com.br\/wp\/2019\/05\/30\/faculdade-em-salvador-sera-obrigada-a-devolver-valores-a-estudantes-apos-decisao-judicial\/\" \/>\n<meta property=\"og:site_name\" content=\"Bahia Economica\" \/>\n<meta property=\"article:publisher\" content=\"https:\/\/www.facebook.com\/bahiaeconomica\" \/>\n<meta property=\"article:published_time\" content=\"2019-05-30T14:13:48+00:00\" \/>\n<meta property=\"og:image\" content=\"https:\/\/bahiaeconomica.com.br\/wp\/wp-content\/uploads\/2019\/05\/MPDABAHIA2.jpg\" \/>\n\t<meta property=\"og:image:width\" content=\"500\" \/>\n\t<meta property=\"og:image:height\" content=\"300\" \/>\n\t<meta property=\"og:image:type\" content=\"image\/jpeg\" \/>\n<meta name=\"author\" content=\"admin\" \/>\n<meta name=\"twitter:card\" content=\"summary_large_image\" \/>\n<meta name=\"twitter:label1\" content=\"Escrito por\" \/>\n\t<meta name=\"twitter:data1\" content=\"admin\" \/>\n\t<meta name=\"twitter:label2\" content=\"Est. tempo de leitura\" \/>\n\t<meta name=\"twitter:data2\" content=\"1 minuto\" \/>\n<script type=\"application\/ld+json\" class=\"yoast-schema-graph\">{\"@context\":\"https:\/\/schema.org\",\"@graph\":[{\"@type\":\"Article\",\"@id\":\"https:\/\/bahiaeconomica.com.br\/wp\/2019\/05\/30\/faculdade-em-salvador-sera-obrigada-a-devolver-valores-a-estudantes-apos-decisao-judicial\/#article\",\"isPartOf\":{\"@id\":\"https:\/\/bahiaeconomica.com.br\/wp\/2019\/05\/30\/faculdade-em-salvador-sera-obrigada-a-devolver-valores-a-estudantes-apos-decisao-judicial\/\"},\"author\":{\"name\":\"admin\",\"@id\":\"https:\/\/bahiaeconomica.com.br\/wp\/#\/schema\/person\/cb1ab5ba96ad3d9390805381c76284ec\"},\"headline\":\"FACULDADE EM SALVADOR SER\u00c1 OBRIGADA A DEVOLVER VALORES A ESTUDANTES AP\u00d3S DECIS\u00c3O JUDICIAL\",\"datePublished\":\"2019-05-30T14:13:48+00:00\",\"dateModified\":\"2019-05-30T14:13:48+00:00\",\"mainEntityOfPage\":{\"@id\":\"https:\/\/bahiaeconomica.com.br\/wp\/2019\/05\/30\/faculdade-em-salvador-sera-obrigada-a-devolver-valores-a-estudantes-apos-decisao-judicial\/\"},\"wordCount\":314,\"publisher\":{\"@id\":\"https:\/\/bahiaeconomica.com.br\/wp\/#organization\"},\"articleSection\":[\"ECONOMIA \/ POL\u00cdTICA\"],\"inLanguage\":\"pt-BR\"},{\"@type\":\"WebPage\",\"@id\":\"https:\/\/bahiaeconomica.com.br\/wp\/2019\/05\/30\/faculdade-em-salvador-sera-obrigada-a-devolver-valores-a-estudantes-apos-decisao-judicial\/\",\"url\":\"https:\/\/bahiaeconomica.com.br\/wp\/2019\/05\/30\/faculdade-em-salvador-sera-obrigada-a-devolver-valores-a-estudantes-apos-decisao-judicial\/\",\"name\":\"FACULDADE EM SALVADOR SER\u00c1 OBRIGADA A DEVOLVER VALORES A ESTUDANTES AP\u00d3S DECIS\u00c3O JUDICIAL - Bahia Economica\",\"isPartOf\":{\"@id\":\"https:\/\/bahiaeconomica.com.br\/wp\/#website\"},\"datePublished\":\"2019-05-30T14:13:48+00:00\",\"dateModified\":\"2019-05-30T14:13:48+00:00\",\"description\":\"O maior portal de Economia da Bahia ECONOMIA \/ POL\u00cdTICA Bahia Economica\",\"breadcrumb\":{\"@id\":\"https:\/\/bahiaeconomica.com.br\/wp\/2019\/05\/30\/faculdade-em-salvador-sera-obrigada-a-devolver-valores-a-estudantes-apos-decisao-judicial\/#breadcrumb\"},\"inLanguage\":\"pt-BR\",\"potentialAction\":[{\"@type\":\"ReadAction\",\"target\":[\"https:\/\/bahiaeconomica.com.br\/wp\/2019\/05\/30\/faculdade-em-salvador-sera-obrigada-a-devolver-valores-a-estudantes-apos-decisao-judicial\/\"]}]},{\"@type\":\"BreadcrumbList\",\"@id\":\"https:\/\/bahiaeconomica.com.br\/wp\/2019\/05\/30\/faculdade-em-salvador-sera-obrigada-a-devolver-valores-a-estudantes-apos-decisao-judicial\/#breadcrumb\",\"itemListElement\":[{\"@type\":\"ListItem\",\"position\":1,\"name\":\"In\u00edcio\",\"item\":\"https:\/\/bahiaeconomica.com.br\/wp\/\"},{\"@type\":\"ListItem\",\"position\":2,\"name\":\"FACULDADE EM SALVADOR SER\u00c1 OBRIGADA A DEVOLVER VALORES A ESTUDANTES AP\u00d3S DECIS\u00c3O JUDICIAL\"}]},{\"@type\":\"WebSite\",\"@id\":\"https:\/\/bahiaeconomica.com.br\/wp\/#website\",\"url\":\"https:\/\/bahiaeconomica.com.br\/wp\/\",\"name\":\"Bahia Economica\",\"description\":\"O maior portal de Economia da Bahia\",\"publisher\":{\"@id\":\"https:\/\/bahiaeconomica.com.br\/wp\/#organization\"},\"potentialAction\":[{\"@type\":\"SearchAction\",\"target\":{\"@type\":\"EntryPoint\",\"urlTemplate\":\"https:\/\/bahiaeconomica.com.br\/wp\/?s={search_term_string}\"},\"query-input\":\"required name=search_term_string\"}],\"inLanguage\":\"pt-BR\"},{\"@type\":\"Organization\",\"@id\":\"https:\/\/bahiaeconomica.com.br\/wp\/#organization\",\"name\":\"Bahia Econ\u00f4mica\",\"url\":\"https:\/\/bahiaeconomica.com.br\/wp\/\",\"logo\":{\"@type\":\"ImageObject\",\"inLanguage\":\"pt-BR\",\"@id\":\"https:\/\/bahiaeconomica.com.br\/wp\/#\/schema\/logo\/image\/\",\"url\":\"https:\/\/bahiaeconomica.com.br\/wp\/wp-content\/uploads\/2020\/12\/cropped-BE.png\",\"contentUrl\":\"https:\/\/bahiaeconomica.com.br\/wp\/wp-content\/uploads\/2020\/12\/cropped-BE.png\",\"width\":512,\"height\":512,\"caption\":\"Bahia Econ\u00f4mica\"},\"image\":{\"@id\":\"https:\/\/bahiaeconomica.com.br\/wp\/#\/schema\/logo\/image\/\"},\"sameAs\":[\"https:\/\/www.facebook.com\/bahiaeconomica\"]},{\"@type\":\"Person\",\"@id\":\"https:\/\/bahiaeconomica.com.br\/wp\/#\/schema\/person\/cb1ab5ba96ad3d9390805381c76284ec\",\"name\":\"admin\",\"url\":\"https:\/\/bahiaeconomica.com.br\/wp\/author\/admin\/\"}]}<\/script>\n<!-- \/ Yoast SEO plugin. -->","yoast_head_json":{"title":"FACULDADE EM SALVADOR SER\u00c1 OBRIGADA A DEVOLVER VALORES A ESTUDANTES AP\u00d3S DECIS\u00c3O JUDICIAL - Bahia Economica","description":"O maior portal de Economia da Bahia ECONOMIA \/ POL\u00cdTICA Bahia Economica","robots":{"index":"index","follow":"follow","max-snippet":"max-snippet:-1","max-image-preview":"max-image-preview:large","max-video-preview":"max-video-preview:-1"},"canonical":"https:\/\/bahiaeconomica.com.br\/wp\/2019\/05\/30\/faculdade-em-salvador-sera-obrigada-a-devolver-valores-a-estudantes-apos-decisao-judicial\/","og_locale":"pt_BR","og_type":"article","og_title":"FACULDADE EM SALVADOR SER\u00c1 OBRIGADA A DEVOLVER VALORES A ESTUDANTES AP\u00d3S DECIS\u00c3O JUDICIAL - Bahia Economica","og_description":"O maior portal de Economia da Bahia ECONOMIA \/ POL\u00cdTICA Bahia Economica","og_url":"https:\/\/bahiaeconomica.com.br\/wp\/2019\/05\/30\/faculdade-em-salvador-sera-obrigada-a-devolver-valores-a-estudantes-apos-decisao-judicial\/","og_site_name":"Bahia Economica","article_publisher":"https:\/\/www.facebook.com\/bahiaeconomica","article_published_time":"2019-05-30T14:13:48+00:00","og_image":[{"width":500,"height":300,"url":"https:\/\/bahiaeconomica.com.br\/wp\/wp-content\/uploads\/2019\/05\/MPDABAHIA2.jpg","type":"image\/jpeg"}],"author":"admin","twitter_card":"summary_large_image","twitter_misc":{"Escrito por":"admin","Est. tempo de leitura":"1 minuto"},"schema":{"@context":"https:\/\/schema.org","@graph":[{"@type":"Article","@id":"https:\/\/bahiaeconomica.com.br\/wp\/2019\/05\/30\/faculdade-em-salvador-sera-obrigada-a-devolver-valores-a-estudantes-apos-decisao-judicial\/#article","isPartOf":{"@id":"https:\/\/bahiaeconomica.com.br\/wp\/2019\/05\/30\/faculdade-em-salvador-sera-obrigada-a-devolver-valores-a-estudantes-apos-decisao-judicial\/"},"author":{"name":"admin","@id":"https:\/\/bahiaeconomica.com.br\/wp\/#\/schema\/person\/cb1ab5ba96ad3d9390805381c76284ec"},"headline":"FACULDADE EM SALVADOR SER\u00c1 OBRIGADA A DEVOLVER VALORES A ESTUDANTES AP\u00d3S DECIS\u00c3O JUDICIAL","datePublished":"2019-05-30T14:13:48+00:00","dateModified":"2019-05-30T14:13:48+00:00","mainEntityOfPage":{"@id":"https:\/\/bahiaeconomica.com.br\/wp\/2019\/05\/30\/faculdade-em-salvador-sera-obrigada-a-devolver-valores-a-estudantes-apos-decisao-judicial\/"},"wordCount":314,"publisher":{"@id":"https:\/\/bahiaeconomica.com.br\/wp\/#organization"},"articleSection":["ECONOMIA \/ POL\u00cdTICA"],"inLanguage":"pt-BR"},{"@type":"WebPage","@id":"https:\/\/bahiaeconomica.com.br\/wp\/2019\/05\/30\/faculdade-em-salvador-sera-obrigada-a-devolver-valores-a-estudantes-apos-decisao-judicial\/","url":"https:\/\/bahiaeconomica.com.br\/wp\/2019\/05\/30\/faculdade-em-salvador-sera-obrigada-a-devolver-valores-a-estudantes-apos-decisao-judicial\/","name":"FACULDADE EM SALVADOR SER\u00c1 OBRIGADA A DEVOLVER VALORES A ESTUDANTES AP\u00d3S DECIS\u00c3O JUDICIAL - Bahia Economica","isPartOf":{"@id":"https:\/\/bahiaeconomica.com.br\/wp\/#website"},"datePublished":"2019-05-30T14:13:48+00:00","dateModified":"2019-05-30T14:13:48+00:00","description":"O maior portal de Economia da Bahia ECONOMIA \/ POL\u00cdTICA Bahia Economica","breadcrumb":{"@id":"https:\/\/bahiaeconomica.com.br\/wp\/2019\/05\/30\/faculdade-em-salvador-sera-obrigada-a-devolver-valores-a-estudantes-apos-decisao-judicial\/#breadcrumb"},"inLanguage":"pt-BR","potentialAction":[{"@type":"ReadAction","target":["https:\/\/bahiaeconomica.com.br\/wp\/2019\/05\/30\/faculdade-em-salvador-sera-obrigada-a-devolver-valores-a-estudantes-apos-decisao-judicial\/"]}]},{"@type":"BreadcrumbList","@id":"https:\/\/bahiaeconomica.com.br\/wp\/2019\/05\/30\/faculdade-em-salvador-sera-obrigada-a-devolver-valores-a-estudantes-apos-decisao-judicial\/#breadcrumb","itemListElement":[{"@type":"ListItem","position":1,"name":"In\u00edcio","item":"https:\/\/bahiaeconomica.com.br\/wp\/"},{"@type":"ListItem","position":2,"name":"FACULDADE EM SALVADOR SER\u00c1 OBRIGADA A DEVOLVER VALORES A ESTUDANTES AP\u00d3S DECIS\u00c3O JUDICIAL"}]},{"@type":"WebSite","@id":"https:\/\/bahiaeconomica.com.br\/wp\/#website","url":"https:\/\/bahiaeconomica.com.br\/wp\/","name":"Bahia Economica","description":"O maior portal de Economia da Bahia","publisher":{"@id":"https:\/\/bahiaeconomica.com.br\/wp\/#organization"},"potentialAction":[{"@type":"SearchAction","target":{"@type":"EntryPoint","urlTemplate":"https:\/\/bahiaeconomica.com.br\/wp\/?s={search_term_string}"},"query-input":"required name=search_term_string"}],"inLanguage":"pt-BR"},{"@type":"Organization","@id":"https:\/\/bahiaeconomica.com.br\/wp\/#organization","name":"Bahia Econ\u00f4mica","url":"https:\/\/bahiaeconomica.com.br\/wp\/","logo":{"@type":"ImageObject","inLanguage":"pt-BR","@id":"https:\/\/bahiaeconomica.com.br\/wp\/#\/schema\/logo\/image\/","url":"https:\/\/bahiaeconomica.com.br\/wp\/wp-content\/uploads\/2020\/12\/cropped-BE.png","contentUrl":"https:\/\/bahiaeconomica.com.br\/wp\/wp-content\/uploads\/2020\/12\/cropped-BE.png","width":512,"height":512,"caption":"Bahia Econ\u00f4mica"},"image":{"@id":"https:\/\/bahiaeconomica.com.br\/wp\/#\/schema\/logo\/image\/"},"sameAs":["https:\/\/www.facebook.com\/bahiaeconomica"]},{"@type":"Person","@id":"https:\/\/bahiaeconomica.com.br\/wp\/#\/schema\/person\/cb1ab5ba96ad3d9390805381c76284ec","name":"admin","url":"https:\/\/bahiaeconomica.com.br\/wp\/author\/admin\/"}]}},"views":1,"_links":{"self":[{"href":"https:\/\/bahiaeconomica.com.br\/wp\/wp-json\/wp\/v2\/posts\/338477"}],"collection":[{"href":"https:\/\/bahiaeconomica.com.br\/wp\/wp-json\/wp\/v2\/posts"}],"about":[{"href":"https:\/\/bahiaeconomica.com.br\/wp\/wp-json\/wp\/v2\/types\/post"}],"author":[{"embeddable":true,"href":"https:\/\/bahiaeconomica.com.br\/wp\/wp-json\/wp\/v2\/users\/1"}],"replies":[{"embeddable":true,"href":"https:\/\/bahiaeconomica.com.br\/wp\/wp-json\/wp\/v2\/comments?post=338477"}],"version-history":[{"count":1,"href":"https:\/\/bahiaeconomica.com.br\/wp\/wp-json\/wp\/v2\/posts\/338477\/revisions"}],"predecessor-version":[{"id":338487,"href":"https:\/\/bahiaeconomica.com.br\/wp\/wp-json\/wp\/v2\/posts\/338477\/revisions\/338487"}],"wp:featuredmedia":[{"embeddable":true,"href":"https:\/\/bahiaeconomica.com.br\/wp\/wp-json\/wp\/v2\/media\/338479"}],"wp:attachment":[{"href":"https:\/\/bahiaeconomica.com.br\/wp\/wp-json\/wp\/v2\/media?parent=338477"}],"wp:term":[{"taxonomy":"category","embeddable":true,"href":"https:\/\/bahiaeconomica.com.br\/wp\/wp-json\/wp\/v2\/categories?post=338477"},{"taxonomy":"post_tag","embeddable":true,"href":"https:\/\/bahiaeconomica.com.br\/wp\/wp-json\/wp\/v2\/tags?post=338477"}],"curies":[{"name":"wp","href":"https:\/\/api.w.org\/{rel}","templated":true}]}}