{"id":337175,"date":"2019-05-29T07:13:29","date_gmt":"2019-05-29T10:13:29","guid":{"rendered":"https:\/\/bahiaeconomica.com.br\/wp\/beta\/?p=337175"},"modified":"2019-05-29T08:18:31","modified_gmt":"2019-05-29T11:18:31","slug":"numero-de-inscritos-no-enem-e-o-menor-desde-de-2015","status":"publish","type":"post","link":"https:\/\/bahiaeconomica.com.br\/wp\/2019\/05\/29\/numero-de-inscritos-no-enem-e-o-menor-desde-de-2015\/","title":{"rendered":"N\u00daMERO DE INSCRITOS NO ENEM \u00c9 O MENOR DESDE 2015"},"content":{"rendered":"<p style=\"text-align: justify;\">O Exame Nacional do Ensino M\u00e9dio (Enem) 2019 teve 5,09 milh\u00f5es de inscri\u00e7\u00f5es confirmadas, de acordo com o Instituto Nacional de Estudos e Pesquisas Educacionais An\u00edsio Teixeira (Inep). O balan\u00e7o, divulgado nesta ter\u00e7a-feira (28), considera o total de isentos e de pessoas que pagaram o boleto de R$ 85 que venceu na quinta (23). O percentual de estudantes que confirmaram a inscri\u00e7\u00e3o, em rela\u00e7\u00e3o ao total de inscri\u00e7\u00f5es feitas, foi o menor registrado na s\u00e9rie hist\u00f3rica, que vai de 2015 a 2019. Em 2019, 79,8% dos inscritos confirmaram a participa\u00e7\u00e3o. O maior percentual de confirma\u00e7\u00e3o ocorreu em 2016, quando 93% dos participantes conclu\u00edram a inscri\u00e7\u00e3o.<\/p>\n<p style=\"text-align: justify;\">Os pagantes da taxa de inscri\u00e7\u00e3o representam 41,5% dos participantes em 2019. A taxa de inscri\u00e7\u00e3o custou R$ 85 neste ano. No ano passado, o percentual de pagantes foi menor: 36,1% do total. A propor\u00e7\u00e3o de estudantes isentos da taxa foi a menor registrada na s\u00e9rie hist\u00f3rica, que tem in\u00edcio em 2015. No ano de 2016 foi registrado o maior percentual de isen\u00e7\u00f5es: 76,81% dos estudantes n\u00e3o pagaram a taxa de inscri\u00e7\u00e3o naquele ano.<\/p>\n<p style=\"text-align: justify;\">As mulheres seguem sendo a maioria entre os candidatos do Enem: 59,5% dos participantes confirmados s\u00e3o do sexo feminino, contra 40,5% do sexo masculino. Em rela\u00e7\u00e3o \u00e0 faixa et\u00e1ria, o grupo mais prevalente (26,7%) tem de 21 a 30 anos. Neste ano, 17,8% das inscri\u00e7\u00f5es confirmadas s\u00e3o de estudantes de 17 anos e 15,9% de alunos com 18 anos. A maior parte dos candidatos confirmados \u00e9 negra: 46,4% se autodeclararam pardos e 12,7%, pretos. Brancos s\u00e3o 36% dos confirmados.<\/p>\n<p style=\"text-align: justify;\">Em rela\u00e7\u00e3o \u00e0 situa\u00e7\u00e3o escolar, 28,8% das inscri\u00e7\u00f5es s\u00e3o de estudantes que concluem o ensino m\u00e9dio neste ano. Os egressos, aqueles que j\u00e1 se formaram em anos anteriores, representam 58,7%. E os treineiros, participantes que n\u00e3o v\u00e3o concluir a educa\u00e7\u00e3o b\u00e1sica em 2019, s\u00e3o 12,1% dos inscritos. O Sudeste \u00e9 a regi\u00e3o com maior percentual de inscritos: 35% dos candidatos confirmados moram na regi\u00e3o. O Nordeste tem 34% dos inscritos, seguido do Norte, com 12% das candidaturas. O Sul tem 11% dos confirmados e o Centro-Oeste, 8%.<\/p>\n","protected":false},"excerpt":{"rendered":"<p>O Exame Nacional do Ensino M\u00e9dio (Enem) 2019 teve 5,09 milh\u00f5es de inscri\u00e7\u00f5es confirmadas, de acordo com o Instituto Nacional de Estudos e Pesquisas Educacionais An\u00edsio Teixeira (Inep). O balan\u00e7o, divulgado nesta ter\u00e7a-feira (28), considera o total de isentos e de pessoas que pagaram o boleto de R$ 85 que venceu na quinta (23). O [&hellip;]<\/p>\n","protected":false},"author":1,"featured_media":199348,"comment_status":"closed","ping_status":"closed","sticky":false,"template":"","format":"standard","meta":[],"categories":[14,3],"tags":[],"acf":[],"yoast_head":"<!-- This site is optimized with the Yoast SEO plugin v20.8 - https:\/\/yoast.com\/wordpress\/plugins\/seo\/ -->\n<title>N\u00daMERO DE INSCRITOS NO ENEM \u00c9 O MENOR DESDE 2015 - Bahia Economica<\/title>\n<meta name=\"description\" content=\"O maior portal de Economia da Bahia DESTAQUE DO DIA, ECONOMIA \/ POL\u00cdTICA Bahia Economica\" \/>\n<meta name=\"robots\" content=\"index, follow, max-snippet:-1, max-image-preview:large, max-video-preview:-1\" \/>\n<link rel=\"canonical\" href=\"https:\/\/bahiaeconomica.com.br\/wp\/2019\/05\/29\/numero-de-inscritos-no-enem-e-o-menor-desde-de-2015\/\" \/>\n<meta property=\"og:locale\" content=\"pt_BR\" \/>\n<meta property=\"og:type\" content=\"article\" \/>\n<meta property=\"og:title\" content=\"N\u00daMERO DE INSCRITOS NO ENEM \u00c9 O MENOR DESDE 2015 - Bahia Economica\" \/>\n<meta property=\"og:description\" content=\"O maior portal de Economia da Bahia DESTAQUE DO DIA, ECONOMIA \/ POL\u00cdTICA Bahia Economica\" \/>\n<meta property=\"og:url\" content=\"https:\/\/bahiaeconomica.com.br\/wp\/2019\/05\/29\/numero-de-inscritos-no-enem-e-o-menor-desde-de-2015\/\" \/>\n<meta property=\"og:site_name\" content=\"Bahia Economica\" \/>\n<meta property=\"article:publisher\" content=\"https:\/\/www.facebook.com\/bahiaeconomica\" \/>\n<meta property=\"article:published_time\" content=\"2019-05-29T10:13:29+00:00\" \/>\n<meta property=\"article:modified_time\" content=\"2019-05-29T11:18:31+00:00\" \/>\n<meta property=\"og:image\" content=\"https:\/\/bahiaeconomica.com.br\/wp\/wp-content\/uploads\/2018\/11\/veja-com-enem-editadas48.jpg\" \/>\n\t<meta property=\"og:image:width\" content=\"500\" \/>\n\t<meta property=\"og:image:height\" content=\"300\" \/>\n\t<meta property=\"og:image:type\" content=\"image\/jpeg\" \/>\n<meta name=\"author\" content=\"admin\" \/>\n<meta name=\"twitter:card\" content=\"summary_large_image\" \/>\n<meta name=\"twitter:label1\" content=\"Escrito por\" \/>\n\t<meta name=\"twitter:data1\" content=\"admin\" \/>\n\t<meta name=\"twitter:label2\" content=\"Est. tempo de leitura\" \/>\n\t<meta name=\"twitter:data2\" content=\"2 minutos\" \/>\n<script type=\"application\/ld+json\" class=\"yoast-schema-graph\">{\"@context\":\"https:\/\/schema.org\",\"@graph\":[{\"@type\":\"Article\",\"@id\":\"https:\/\/bahiaeconomica.com.br\/wp\/2019\/05\/29\/numero-de-inscritos-no-enem-e-o-menor-desde-de-2015\/#article\",\"isPartOf\":{\"@id\":\"https:\/\/bahiaeconomica.com.br\/wp\/2019\/05\/29\/numero-de-inscritos-no-enem-e-o-menor-desde-de-2015\/\"},\"author\":{\"name\":\"admin\",\"@id\":\"https:\/\/bahiaeconomica.com.br\/wp\/#\/schema\/person\/cb1ab5ba96ad3d9390805381c76284ec\"},\"headline\":\"N\u00daMERO DE INSCRITOS NO ENEM \u00c9 O MENOR DESDE 2015\",\"datePublished\":\"2019-05-29T10:13:29+00:00\",\"dateModified\":\"2019-05-29T11:18:31+00:00\",\"mainEntityOfPage\":{\"@id\":\"https:\/\/bahiaeconomica.com.br\/wp\/2019\/05\/29\/numero-de-inscritos-no-enem-e-o-menor-desde-de-2015\/\"},\"wordCount\":353,\"publisher\":{\"@id\":\"https:\/\/bahiaeconomica.com.br\/wp\/#organization\"},\"articleSection\":[\"DESTAQUE DO DIA\",\"ECONOMIA \/ POL\u00cdTICA\"],\"inLanguage\":\"pt-BR\"},{\"@type\":\"WebPage\",\"@id\":\"https:\/\/bahiaeconomica.com.br\/wp\/2019\/05\/29\/numero-de-inscritos-no-enem-e-o-menor-desde-de-2015\/\",\"url\":\"https:\/\/bahiaeconomica.com.br\/wp\/2019\/05\/29\/numero-de-inscritos-no-enem-e-o-menor-desde-de-2015\/\",\"name\":\"N\u00daMERO DE INSCRITOS NO ENEM \u00c9 O MENOR DESDE 2015 - Bahia Economica\",\"isPartOf\":{\"@id\":\"https:\/\/bahiaeconomica.com.br\/wp\/#website\"},\"datePublished\":\"2019-05-29T10:13:29+00:00\",\"dateModified\":\"2019-05-29T11:18:31+00:00\",\"description\":\"O maior portal de Economia da Bahia DESTAQUE DO DIA, ECONOMIA \/ POL\u00cdTICA Bahia Economica\",\"breadcrumb\":{\"@id\":\"https:\/\/bahiaeconomica.com.br\/wp\/2019\/05\/29\/numero-de-inscritos-no-enem-e-o-menor-desde-de-2015\/#breadcrumb\"},\"inLanguage\":\"pt-BR\",\"potentialAction\":[{\"@type\":\"ReadAction\",\"target\":[\"https:\/\/bahiaeconomica.com.br\/wp\/2019\/05\/29\/numero-de-inscritos-no-enem-e-o-menor-desde-de-2015\/\"]}]},{\"@type\":\"BreadcrumbList\",\"@id\":\"https:\/\/bahiaeconomica.com.br\/wp\/2019\/05\/29\/numero-de-inscritos-no-enem-e-o-menor-desde-de-2015\/#breadcrumb\",\"itemListElement\":[{\"@type\":\"ListItem\",\"position\":1,\"name\":\"In\u00edcio\",\"item\":\"https:\/\/bahiaeconomica.com.br\/wp\/\"},{\"@type\":\"ListItem\",\"position\":2,\"name\":\"N\u00daMERO DE INSCRITOS NO ENEM \u00c9 O MENOR DESDE 2015\"}]},{\"@type\":\"WebSite\",\"@id\":\"https:\/\/bahiaeconomica.com.br\/wp\/#website\",\"url\":\"https:\/\/bahiaeconomica.com.br\/wp\/\",\"name\":\"Bahia Economica\",\"description\":\"O maior portal de Economia da Bahia\",\"publisher\":{\"@id\":\"https:\/\/bahiaeconomica.com.br\/wp\/#organization\"},\"potentialAction\":[{\"@type\":\"SearchAction\",\"target\":{\"@type\":\"EntryPoint\",\"urlTemplate\":\"https:\/\/bahiaeconomica.com.br\/wp\/?s={search_term_string}\"},\"query-input\":\"required name=search_term_string\"}],\"inLanguage\":\"pt-BR\"},{\"@type\":\"Organization\",\"@id\":\"https:\/\/bahiaeconomica.com.br\/wp\/#organization\",\"name\":\"Bahia Econ\u00f4mica\",\"url\":\"https:\/\/bahiaeconomica.com.br\/wp\/\",\"logo\":{\"@type\":\"ImageObject\",\"inLanguage\":\"pt-BR\",\"@id\":\"https:\/\/bahiaeconomica.com.br\/wp\/#\/schema\/logo\/image\/\",\"url\":\"https:\/\/bahiaeconomica.com.br\/wp\/wp-content\/uploads\/2020\/12\/cropped-BE.png\",\"contentUrl\":\"https:\/\/bahiaeconomica.com.br\/wp\/wp-content\/uploads\/2020\/12\/cropped-BE.png\",\"width\":512,\"height\":512,\"caption\":\"Bahia Econ\u00f4mica\"},\"image\":{\"@id\":\"https:\/\/bahiaeconomica.com.br\/wp\/#\/schema\/logo\/image\/\"},\"sameAs\":[\"https:\/\/www.facebook.com\/bahiaeconomica\"]},{\"@type\":\"Person\",\"@id\":\"https:\/\/bahiaeconomica.com.br\/wp\/#\/schema\/person\/cb1ab5ba96ad3d9390805381c76284ec\",\"name\":\"admin\",\"url\":\"https:\/\/bahiaeconomica.com.br\/wp\/author\/admin\/\"}]}<\/script>\n<!-- \/ Yoast SEO plugin. -->","yoast_head_json":{"title":"N\u00daMERO DE INSCRITOS NO ENEM \u00c9 O MENOR DESDE 2015 - Bahia Economica","description":"O maior portal de Economia da Bahia DESTAQUE DO DIA, ECONOMIA \/ POL\u00cdTICA Bahia Economica","robots":{"index":"index","follow":"follow","max-snippet":"max-snippet:-1","max-image-preview":"max-image-preview:large","max-video-preview":"max-video-preview:-1"},"canonical":"https:\/\/bahiaeconomica.com.br\/wp\/2019\/05\/29\/numero-de-inscritos-no-enem-e-o-menor-desde-de-2015\/","og_locale":"pt_BR","og_type":"article","og_title":"N\u00daMERO DE INSCRITOS NO ENEM \u00c9 O MENOR DESDE 2015 - Bahia Economica","og_description":"O maior portal de Economia da Bahia DESTAQUE DO DIA, ECONOMIA \/ POL\u00cdTICA Bahia Economica","og_url":"https:\/\/bahiaeconomica.com.br\/wp\/2019\/05\/29\/numero-de-inscritos-no-enem-e-o-menor-desde-de-2015\/","og_site_name":"Bahia Economica","article_publisher":"https:\/\/www.facebook.com\/bahiaeconomica","article_published_time":"2019-05-29T10:13:29+00:00","article_modified_time":"2019-05-29T11:18:31+00:00","og_image":[{"width":500,"height":300,"url":"https:\/\/bahiaeconomica.com.br\/wp\/wp-content\/uploads\/2018\/11\/veja-com-enem-editadas48.jpg","type":"image\/jpeg"}],"author":"admin","twitter_card":"summary_large_image","twitter_misc":{"Escrito por":"admin","Est. tempo de leitura":"2 minutos"},"schema":{"@context":"https:\/\/schema.org","@graph":[{"@type":"Article","@id":"https:\/\/bahiaeconomica.com.br\/wp\/2019\/05\/29\/numero-de-inscritos-no-enem-e-o-menor-desde-de-2015\/#article","isPartOf":{"@id":"https:\/\/bahiaeconomica.com.br\/wp\/2019\/05\/29\/numero-de-inscritos-no-enem-e-o-menor-desde-de-2015\/"},"author":{"name":"admin","@id":"https:\/\/bahiaeconomica.com.br\/wp\/#\/schema\/person\/cb1ab5ba96ad3d9390805381c76284ec"},"headline":"N\u00daMERO DE INSCRITOS NO ENEM \u00c9 O MENOR DESDE 2015","datePublished":"2019-05-29T10:13:29+00:00","dateModified":"2019-05-29T11:18:31+00:00","mainEntityOfPage":{"@id":"https:\/\/bahiaeconomica.com.br\/wp\/2019\/05\/29\/numero-de-inscritos-no-enem-e-o-menor-desde-de-2015\/"},"wordCount":353,"publisher":{"@id":"https:\/\/bahiaeconomica.com.br\/wp\/#organization"},"articleSection":["DESTAQUE DO DIA","ECONOMIA \/ POL\u00cdTICA"],"inLanguage":"pt-BR"},{"@type":"WebPage","@id":"https:\/\/bahiaeconomica.com.br\/wp\/2019\/05\/29\/numero-de-inscritos-no-enem-e-o-menor-desde-de-2015\/","url":"https:\/\/bahiaeconomica.com.br\/wp\/2019\/05\/29\/numero-de-inscritos-no-enem-e-o-menor-desde-de-2015\/","name":"N\u00daMERO DE INSCRITOS NO ENEM \u00c9 O MENOR DESDE 2015 - Bahia Economica","isPartOf":{"@id":"https:\/\/bahiaeconomica.com.br\/wp\/#website"},"datePublished":"2019-05-29T10:13:29+00:00","dateModified":"2019-05-29T11:18:31+00:00","description":"O maior portal de Economia da Bahia DESTAQUE DO DIA, ECONOMIA \/ POL\u00cdTICA Bahia Economica","breadcrumb":{"@id":"https:\/\/bahiaeconomica.com.br\/wp\/2019\/05\/29\/numero-de-inscritos-no-enem-e-o-menor-desde-de-2015\/#breadcrumb"},"inLanguage":"pt-BR","potentialAction":[{"@type":"ReadAction","target":["https:\/\/bahiaeconomica.com.br\/wp\/2019\/05\/29\/numero-de-inscritos-no-enem-e-o-menor-desde-de-2015\/"]}]},{"@type":"BreadcrumbList","@id":"https:\/\/bahiaeconomica.com.br\/wp\/2019\/05\/29\/numero-de-inscritos-no-enem-e-o-menor-desde-de-2015\/#breadcrumb","itemListElement":[{"@type":"ListItem","position":1,"name":"In\u00edcio","item":"https:\/\/bahiaeconomica.com.br\/wp\/"},{"@type":"ListItem","position":2,"name":"N\u00daMERO DE INSCRITOS NO ENEM \u00c9 O MENOR DESDE 2015"}]},{"@type":"WebSite","@id":"https:\/\/bahiaeconomica.com.br\/wp\/#website","url":"https:\/\/bahiaeconomica.com.br\/wp\/","name":"Bahia Economica","description":"O maior portal de Economia da Bahia","publisher":{"@id":"https:\/\/bahiaeconomica.com.br\/wp\/#organization"},"potentialAction":[{"@type":"SearchAction","target":{"@type":"EntryPoint","urlTemplate":"https:\/\/bahiaeconomica.com.br\/wp\/?s={search_term_string}"},"query-input":"required name=search_term_string"}],"inLanguage":"pt-BR"},{"@type":"Organization","@id":"https:\/\/bahiaeconomica.com.br\/wp\/#organization","name":"Bahia Econ\u00f4mica","url":"https:\/\/bahiaeconomica.com.br\/wp\/","logo":{"@type":"ImageObject","inLanguage":"pt-BR","@id":"https:\/\/bahiaeconomica.com.br\/wp\/#\/schema\/logo\/image\/","url":"https:\/\/bahiaeconomica.com.br\/wp\/wp-content\/uploads\/2020\/12\/cropped-BE.png","contentUrl":"https:\/\/bahiaeconomica.com.br\/wp\/wp-content\/uploads\/2020\/12\/cropped-BE.png","width":512,"height":512,"caption":"Bahia Econ\u00f4mica"},"image":{"@id":"https:\/\/bahiaeconomica.com.br\/wp\/#\/schema\/logo\/image\/"},"sameAs":["https:\/\/www.facebook.com\/bahiaeconomica"]},{"@type":"Person","@id":"https:\/\/bahiaeconomica.com.br\/wp\/#\/schema\/person\/cb1ab5ba96ad3d9390805381c76284ec","name":"admin","url":"https:\/\/bahiaeconomica.com.br\/wp\/author\/admin\/"}]}},"views":2,"_links":{"self":[{"href":"https:\/\/bahiaeconomica.com.br\/wp\/wp-json\/wp\/v2\/posts\/337175"}],"collection":[{"href":"https:\/\/bahiaeconomica.com.br\/wp\/wp-json\/wp\/v2\/posts"}],"about":[{"href":"https:\/\/bahiaeconomica.com.br\/wp\/wp-json\/wp\/v2\/types\/post"}],"author":[{"embeddable":true,"href":"https:\/\/bahiaeconomica.com.br\/wp\/wp-json\/wp\/v2\/users\/1"}],"replies":[{"embeddable":true,"href":"https:\/\/bahiaeconomica.com.br\/wp\/wp-json\/wp\/v2\/comments?post=337175"}],"version-history":[{"count":2,"href":"https:\/\/bahiaeconomica.com.br\/wp\/wp-json\/wp\/v2\/posts\/337175\/revisions"}],"predecessor-version":[{"id":337344,"href":"https:\/\/bahiaeconomica.com.br\/wp\/wp-json\/wp\/v2\/posts\/337175\/revisions\/337344"}],"wp:featuredmedia":[{"embeddable":true,"href":"https:\/\/bahiaeconomica.com.br\/wp\/wp-json\/wp\/v2\/media\/199348"}],"wp:attachment":[{"href":"https:\/\/bahiaeconomica.com.br\/wp\/wp-json\/wp\/v2\/media?parent=337175"}],"wp:term":[{"taxonomy":"category","embeddable":true,"href":"https:\/\/bahiaeconomica.com.br\/wp\/wp-json\/wp\/v2\/categories?post=337175"},{"taxonomy":"post_tag","embeddable":true,"href":"https:\/\/bahiaeconomica.com.br\/wp\/wp-json\/wp\/v2\/tags?post=337175"}],"curies":[{"name":"wp","href":"https:\/\/api.w.org\/{rel}","templated":true}]}}