{"id":334918,"date":"2019-05-24T14:52:42","date_gmt":"2019-05-24T17:52:42","guid":{"rendered":"https:\/\/bahiaeconomica.com.br\/wp\/beta\/?p=334918"},"modified":"2019-05-24T14:52:42","modified_gmt":"2019-05-24T17:52:42","slug":"prefeitura-de-feira-da-mata-oferece-347-vagas-de-emprego","status":"publish","type":"post","link":"https:\/\/bahiaeconomica.com.br\/wp\/2019\/05\/24\/prefeitura-de-feira-da-mata-oferece-347-vagas-de-emprego\/","title":{"rendered":"PREFEITURA DE FEIRA DA MATA OFERECE 347 VAGAS DE EMPREGO"},"content":{"rendered":"<p style=\"text-align: justify;\">A prefeitura de Feira da Mata est\u00e1 oferecendo 347 vagas de emprego, as inscri\u00e7\u00f5es come\u00e7am nesta segunda-feira (27) e se encerram dia 5 de junho. Os interessados podem se inscrever atrav\u00e9s do site do certame e devem efetuar o pagamento da taxa de participa\u00e7\u00e3o que varia entre R$ 50 e R$ 95.<\/p>\n<p style=\"text-align: justify;\">As vagas s\u00e3o para pessoas com ensino fundamental, m\u00e9dio e superior, nas seguintes \u00e1reas: Agente administrativo (2); Agente Comunit\u00e1rio de Sa\u00fade (18); Agente de Controle Ambiental (2); Agente Fiscal (6); Agente de Vigil\u00e2ncia Sanit\u00e1ria\/ Epidemiol\u00f3gica (6); Almoxarife (1); Assistente Administrativo (9); Assistente de Mec\u00e2nico (1); Assistente Social (1); Atendente de Biblioteca (1); Atendente de Consult\u00f3rio Dent\u00e1rio (1); Auxiliar de Fisioterapia (1); Auxiliar de Laborat\u00f3rio (1); Auxiliar de servi\u00e7os Gerais (50); Cantineira (1); Calceteiro (1); Cirurgi\u00e3o Dentista (1); Cozinheiro Escolar (30); Digitador (2); Encarregado de Garagem (1); Enfermeiro (3); Psic\u00f3logo Escolar (1); Farmac\u00eautico\/ Bioqu\u00edmico (1); Fiscal de Limpeza P\u00fablica (1); Fisioterapeuta (1); Gari (18); Guarda Municipal (7); Jardineiro (1); Motorista (20); Mec\u00e2nico de Manuten\u00e7\u00e3o (2); M\u00e9dico Clinico Geral (3); Monitor de Esporte e Lazer (2); Nutricionista (2); Operador de Maquinas Pesadas &#8211; Retro escavadeira\/P\u00e1- Carregadeira\/Patrol\/Trator (4); Pedreiro (2); Porteiro (5); Fiscal de Tributos (2); Recepcionista\/ Telefonista (8); T\u00e9cnico Agr\u00edcola (1); T\u00e9cnico em Enfermagem (8); Vigia (4); e Professor do ensino fundamental (115).<\/p>\n","protected":false},"excerpt":{"rendered":"<p>A prefeitura de Feira da Mata est\u00e1 oferecendo 347 vagas de emprego, as inscri\u00e7\u00f5es come\u00e7am nesta segunda-feira (27) e se encerram dia 5 de junho. Os interessados podem se inscrever atrav\u00e9s do site do certame e devem efetuar o pagamento da taxa de participa\u00e7\u00e3o que varia entre R$ 50 e R$ 95. As vagas s\u00e3o [&hellip;]<\/p>\n","protected":false},"author":1,"featured_media":334938,"comment_status":"closed","ping_status":"closed","sticky":false,"template":"","format":"standard","meta":[],"categories":[8],"tags":[],"acf":[],"yoast_head":"<!-- This site is optimized with the Yoast SEO plugin v20.8 - https:\/\/yoast.com\/wordpress\/plugins\/seo\/ -->\n<title>PREFEITURA DE FEIRA DA MATA OFERECE 347 VAGAS DE EMPREGO - Bahia Economica<\/title>\n<meta name=\"description\" content=\"O maior portal de Economia da Bahia EMPREGOS \/ CONCURSOS Bahia Economica\" \/>\n<meta name=\"robots\" content=\"index, follow, max-snippet:-1, max-image-preview:large, max-video-preview:-1\" \/>\n<link rel=\"canonical\" href=\"https:\/\/bahiaeconomica.com.br\/wp\/2019\/05\/24\/prefeitura-de-feira-da-mata-oferece-347-vagas-de-emprego\/\" \/>\n<meta property=\"og:locale\" content=\"pt_BR\" \/>\n<meta property=\"og:type\" content=\"article\" \/>\n<meta property=\"og:title\" content=\"PREFEITURA DE FEIRA DA MATA OFERECE 347 VAGAS DE EMPREGO - Bahia Economica\" \/>\n<meta property=\"og:description\" content=\"O maior portal de Economia da Bahia EMPREGOS \/ CONCURSOS Bahia Economica\" \/>\n<meta property=\"og:url\" content=\"https:\/\/bahiaeconomica.com.br\/wp\/2019\/05\/24\/prefeitura-de-feira-da-mata-oferece-347-vagas-de-emprego\/\" \/>\n<meta property=\"og:site_name\" content=\"Bahia Economica\" \/>\n<meta property=\"article:publisher\" content=\"https:\/\/www.facebook.com\/bahiaeconomica\" \/>\n<meta property=\"article:published_time\" content=\"2019-05-24T17:52:42+00:00\" \/>\n<meta property=\"og:image\" content=\"https:\/\/bahiaeconomica.com.br\/wp\/wp-content\/uploads\/2019\/05\/Sem-t\u00edtulo-90.png\" \/>\n\t<meta property=\"og:image:width\" content=\"500\" \/>\n\t<meta property=\"og:image:height\" content=\"300\" \/>\n\t<meta property=\"og:image:type\" content=\"image\/png\" \/>\n<meta name=\"author\" content=\"admin\" \/>\n<meta name=\"twitter:card\" content=\"summary_large_image\" \/>\n<meta name=\"twitter:label1\" content=\"Escrito por\" \/>\n\t<meta name=\"twitter:data1\" content=\"admin\" \/>\n\t<meta name=\"twitter:label2\" content=\"Est. tempo de leitura\" \/>\n\t<meta name=\"twitter:data2\" content=\"1 minuto\" \/>\n<script type=\"application\/ld+json\" class=\"yoast-schema-graph\">{\"@context\":\"https:\/\/schema.org\",\"@graph\":[{\"@type\":\"Article\",\"@id\":\"https:\/\/bahiaeconomica.com.br\/wp\/2019\/05\/24\/prefeitura-de-feira-da-mata-oferece-347-vagas-de-emprego\/#article\",\"isPartOf\":{\"@id\":\"https:\/\/bahiaeconomica.com.br\/wp\/2019\/05\/24\/prefeitura-de-feira-da-mata-oferece-347-vagas-de-emprego\/\"},\"author\":{\"name\":\"admin\",\"@id\":\"https:\/\/bahiaeconomica.com.br\/wp\/#\/schema\/person\/cb1ab5ba96ad3d9390805381c76284ec\"},\"headline\":\"PREFEITURA DE FEIRA DA MATA OFERECE 347 VAGAS DE EMPREGO\",\"datePublished\":\"2019-05-24T17:52:42+00:00\",\"dateModified\":\"2019-05-24T17:52:42+00:00\",\"mainEntityOfPage\":{\"@id\":\"https:\/\/bahiaeconomica.com.br\/wp\/2019\/05\/24\/prefeitura-de-feira-da-mata-oferece-347-vagas-de-emprego\/\"},\"wordCount\":206,\"publisher\":{\"@id\":\"https:\/\/bahiaeconomica.com.br\/wp\/#organization\"},\"articleSection\":[\"EMPREGOS \/ CONCURSOS\"],\"inLanguage\":\"pt-BR\"},{\"@type\":\"WebPage\",\"@id\":\"https:\/\/bahiaeconomica.com.br\/wp\/2019\/05\/24\/prefeitura-de-feira-da-mata-oferece-347-vagas-de-emprego\/\",\"url\":\"https:\/\/bahiaeconomica.com.br\/wp\/2019\/05\/24\/prefeitura-de-feira-da-mata-oferece-347-vagas-de-emprego\/\",\"name\":\"PREFEITURA DE FEIRA DA MATA OFERECE 347 VAGAS DE EMPREGO - Bahia Economica\",\"isPartOf\":{\"@id\":\"https:\/\/bahiaeconomica.com.br\/wp\/#website\"},\"datePublished\":\"2019-05-24T17:52:42+00:00\",\"dateModified\":\"2019-05-24T17:52:42+00:00\",\"description\":\"O maior portal de Economia da Bahia EMPREGOS \/ CONCURSOS Bahia Economica\",\"breadcrumb\":{\"@id\":\"https:\/\/bahiaeconomica.com.br\/wp\/2019\/05\/24\/prefeitura-de-feira-da-mata-oferece-347-vagas-de-emprego\/#breadcrumb\"},\"inLanguage\":\"pt-BR\",\"potentialAction\":[{\"@type\":\"ReadAction\",\"target\":[\"https:\/\/bahiaeconomica.com.br\/wp\/2019\/05\/24\/prefeitura-de-feira-da-mata-oferece-347-vagas-de-emprego\/\"]}]},{\"@type\":\"BreadcrumbList\",\"@id\":\"https:\/\/bahiaeconomica.com.br\/wp\/2019\/05\/24\/prefeitura-de-feira-da-mata-oferece-347-vagas-de-emprego\/#breadcrumb\",\"itemListElement\":[{\"@type\":\"ListItem\",\"position\":1,\"name\":\"In\u00edcio\",\"item\":\"https:\/\/bahiaeconomica.com.br\/wp\/\"},{\"@type\":\"ListItem\",\"position\":2,\"name\":\"PREFEITURA DE FEIRA DA MATA OFERECE 347 VAGAS DE EMPREGO\"}]},{\"@type\":\"WebSite\",\"@id\":\"https:\/\/bahiaeconomica.com.br\/wp\/#website\",\"url\":\"https:\/\/bahiaeconomica.com.br\/wp\/\",\"name\":\"Bahia Economica\",\"description\":\"O maior portal de Economia da Bahia\",\"publisher\":{\"@id\":\"https:\/\/bahiaeconomica.com.br\/wp\/#organization\"},\"potentialAction\":[{\"@type\":\"SearchAction\",\"target\":{\"@type\":\"EntryPoint\",\"urlTemplate\":\"https:\/\/bahiaeconomica.com.br\/wp\/?s={search_term_string}\"},\"query-input\":\"required name=search_term_string\"}],\"inLanguage\":\"pt-BR\"},{\"@type\":\"Organization\",\"@id\":\"https:\/\/bahiaeconomica.com.br\/wp\/#organization\",\"name\":\"Bahia Econ\u00f4mica\",\"url\":\"https:\/\/bahiaeconomica.com.br\/wp\/\",\"logo\":{\"@type\":\"ImageObject\",\"inLanguage\":\"pt-BR\",\"@id\":\"https:\/\/bahiaeconomica.com.br\/wp\/#\/schema\/logo\/image\/\",\"url\":\"https:\/\/bahiaeconomica.com.br\/wp\/wp-content\/uploads\/2020\/12\/cropped-BE.png\",\"contentUrl\":\"https:\/\/bahiaeconomica.com.br\/wp\/wp-content\/uploads\/2020\/12\/cropped-BE.png\",\"width\":512,\"height\":512,\"caption\":\"Bahia Econ\u00f4mica\"},\"image\":{\"@id\":\"https:\/\/bahiaeconomica.com.br\/wp\/#\/schema\/logo\/image\/\"},\"sameAs\":[\"https:\/\/www.facebook.com\/bahiaeconomica\"]},{\"@type\":\"Person\",\"@id\":\"https:\/\/bahiaeconomica.com.br\/wp\/#\/schema\/person\/cb1ab5ba96ad3d9390805381c76284ec\",\"name\":\"admin\",\"url\":\"https:\/\/bahiaeconomica.com.br\/wp\/author\/admin\/\"}]}<\/script>\n<!-- \/ Yoast SEO plugin. -->","yoast_head_json":{"title":"PREFEITURA DE FEIRA DA MATA OFERECE 347 VAGAS DE EMPREGO - Bahia Economica","description":"O maior portal de Economia da Bahia EMPREGOS \/ CONCURSOS Bahia Economica","robots":{"index":"index","follow":"follow","max-snippet":"max-snippet:-1","max-image-preview":"max-image-preview:large","max-video-preview":"max-video-preview:-1"},"canonical":"https:\/\/bahiaeconomica.com.br\/wp\/2019\/05\/24\/prefeitura-de-feira-da-mata-oferece-347-vagas-de-emprego\/","og_locale":"pt_BR","og_type":"article","og_title":"PREFEITURA DE FEIRA DA MATA OFERECE 347 VAGAS DE EMPREGO - Bahia Economica","og_description":"O maior portal de Economia da Bahia EMPREGOS \/ CONCURSOS Bahia Economica","og_url":"https:\/\/bahiaeconomica.com.br\/wp\/2019\/05\/24\/prefeitura-de-feira-da-mata-oferece-347-vagas-de-emprego\/","og_site_name":"Bahia Economica","article_publisher":"https:\/\/www.facebook.com\/bahiaeconomica","article_published_time":"2019-05-24T17:52:42+00:00","og_image":[{"width":500,"height":300,"url":"https:\/\/bahiaeconomica.com.br\/wp\/wp-content\/uploads\/2019\/05\/Sem-t\u00edtulo-90.png","type":"image\/png"}],"author":"admin","twitter_card":"summary_large_image","twitter_misc":{"Escrito por":"admin","Est. tempo de leitura":"1 minuto"},"schema":{"@context":"https:\/\/schema.org","@graph":[{"@type":"Article","@id":"https:\/\/bahiaeconomica.com.br\/wp\/2019\/05\/24\/prefeitura-de-feira-da-mata-oferece-347-vagas-de-emprego\/#article","isPartOf":{"@id":"https:\/\/bahiaeconomica.com.br\/wp\/2019\/05\/24\/prefeitura-de-feira-da-mata-oferece-347-vagas-de-emprego\/"},"author":{"name":"admin","@id":"https:\/\/bahiaeconomica.com.br\/wp\/#\/schema\/person\/cb1ab5ba96ad3d9390805381c76284ec"},"headline":"PREFEITURA DE FEIRA DA MATA OFERECE 347 VAGAS DE EMPREGO","datePublished":"2019-05-24T17:52:42+00:00","dateModified":"2019-05-24T17:52:42+00:00","mainEntityOfPage":{"@id":"https:\/\/bahiaeconomica.com.br\/wp\/2019\/05\/24\/prefeitura-de-feira-da-mata-oferece-347-vagas-de-emprego\/"},"wordCount":206,"publisher":{"@id":"https:\/\/bahiaeconomica.com.br\/wp\/#organization"},"articleSection":["EMPREGOS \/ CONCURSOS"],"inLanguage":"pt-BR"},{"@type":"WebPage","@id":"https:\/\/bahiaeconomica.com.br\/wp\/2019\/05\/24\/prefeitura-de-feira-da-mata-oferece-347-vagas-de-emprego\/","url":"https:\/\/bahiaeconomica.com.br\/wp\/2019\/05\/24\/prefeitura-de-feira-da-mata-oferece-347-vagas-de-emprego\/","name":"PREFEITURA DE FEIRA DA MATA OFERECE 347 VAGAS DE EMPREGO - Bahia Economica","isPartOf":{"@id":"https:\/\/bahiaeconomica.com.br\/wp\/#website"},"datePublished":"2019-05-24T17:52:42+00:00","dateModified":"2019-05-24T17:52:42+00:00","description":"O maior portal de Economia da Bahia EMPREGOS \/ CONCURSOS Bahia Economica","breadcrumb":{"@id":"https:\/\/bahiaeconomica.com.br\/wp\/2019\/05\/24\/prefeitura-de-feira-da-mata-oferece-347-vagas-de-emprego\/#breadcrumb"},"inLanguage":"pt-BR","potentialAction":[{"@type":"ReadAction","target":["https:\/\/bahiaeconomica.com.br\/wp\/2019\/05\/24\/prefeitura-de-feira-da-mata-oferece-347-vagas-de-emprego\/"]}]},{"@type":"BreadcrumbList","@id":"https:\/\/bahiaeconomica.com.br\/wp\/2019\/05\/24\/prefeitura-de-feira-da-mata-oferece-347-vagas-de-emprego\/#breadcrumb","itemListElement":[{"@type":"ListItem","position":1,"name":"In\u00edcio","item":"https:\/\/bahiaeconomica.com.br\/wp\/"},{"@type":"ListItem","position":2,"name":"PREFEITURA DE FEIRA DA MATA OFERECE 347 VAGAS DE EMPREGO"}]},{"@type":"WebSite","@id":"https:\/\/bahiaeconomica.com.br\/wp\/#website","url":"https:\/\/bahiaeconomica.com.br\/wp\/","name":"Bahia Economica","description":"O maior portal de Economia da Bahia","publisher":{"@id":"https:\/\/bahiaeconomica.com.br\/wp\/#organization"},"potentialAction":[{"@type":"SearchAction","target":{"@type":"EntryPoint","urlTemplate":"https:\/\/bahiaeconomica.com.br\/wp\/?s={search_term_string}"},"query-input":"required name=search_term_string"}],"inLanguage":"pt-BR"},{"@type":"Organization","@id":"https:\/\/bahiaeconomica.com.br\/wp\/#organization","name":"Bahia Econ\u00f4mica","url":"https:\/\/bahiaeconomica.com.br\/wp\/","logo":{"@type":"ImageObject","inLanguage":"pt-BR","@id":"https:\/\/bahiaeconomica.com.br\/wp\/#\/schema\/logo\/image\/","url":"https:\/\/bahiaeconomica.com.br\/wp\/wp-content\/uploads\/2020\/12\/cropped-BE.png","contentUrl":"https:\/\/bahiaeconomica.com.br\/wp\/wp-content\/uploads\/2020\/12\/cropped-BE.png","width":512,"height":512,"caption":"Bahia Econ\u00f4mica"},"image":{"@id":"https:\/\/bahiaeconomica.com.br\/wp\/#\/schema\/logo\/image\/"},"sameAs":["https:\/\/www.facebook.com\/bahiaeconomica"]},{"@type":"Person","@id":"https:\/\/bahiaeconomica.com.br\/wp\/#\/schema\/person\/cb1ab5ba96ad3d9390805381c76284ec","name":"admin","url":"https:\/\/bahiaeconomica.com.br\/wp\/author\/admin\/"}]}},"views":1,"_links":{"self":[{"href":"https:\/\/bahiaeconomica.com.br\/wp\/wp-json\/wp\/v2\/posts\/334918"}],"collection":[{"href":"https:\/\/bahiaeconomica.com.br\/wp\/wp-json\/wp\/v2\/posts"}],"about":[{"href":"https:\/\/bahiaeconomica.com.br\/wp\/wp-json\/wp\/v2\/types\/post"}],"author":[{"embeddable":true,"href":"https:\/\/bahiaeconomica.com.br\/wp\/wp-json\/wp\/v2\/users\/1"}],"replies":[{"embeddable":true,"href":"https:\/\/bahiaeconomica.com.br\/wp\/wp-json\/wp\/v2\/comments?post=334918"}],"version-history":[{"count":1,"href":"https:\/\/bahiaeconomica.com.br\/wp\/wp-json\/wp\/v2\/posts\/334918\/revisions"}],"predecessor-version":[{"id":334960,"href":"https:\/\/bahiaeconomica.com.br\/wp\/wp-json\/wp\/v2\/posts\/334918\/revisions\/334960"}],"wp:featuredmedia":[{"embeddable":true,"href":"https:\/\/bahiaeconomica.com.br\/wp\/wp-json\/wp\/v2\/media\/334938"}],"wp:attachment":[{"href":"https:\/\/bahiaeconomica.com.br\/wp\/wp-json\/wp\/v2\/media?parent=334918"}],"wp:term":[{"taxonomy":"category","embeddable":true,"href":"https:\/\/bahiaeconomica.com.br\/wp\/wp-json\/wp\/v2\/categories?post=334918"},{"taxonomy":"post_tag","embeddable":true,"href":"https:\/\/bahiaeconomica.com.br\/wp\/wp-json\/wp\/v2\/tags?post=334918"}],"curies":[{"name":"wp","href":"https:\/\/api.w.org\/{rel}","templated":true}]}}