{"id":330650,"date":"2019-05-17T16:50:00","date_gmt":"2019-05-17T19:50:00","guid":{"rendered":"https:\/\/bahiaeconomica.com.br\/wp\/beta\/?p=330650"},"modified":"2019-05-17T16:37:54","modified_gmt":"2019-05-17T19:37:54","slug":"ex-ministro-jose-dirceu-nao-se-apresenta-no-horario-determinado-pela-justica","status":"publish","type":"post","link":"https:\/\/bahiaeconomica.com.br\/wp\/2019\/05\/17\/ex-ministro-jose-dirceu-nao-se-apresenta-no-horario-determinado-pela-justica\/","title":{"rendered":"EX-MINISTRO JOS\u00c9 DIRCEU N\u00c3O SE APRESENTA NO HOR\u00c1RIO DETERMINADO PELA JUSTI\u00c7A"},"content":{"rendered":"<p style=\"text-align: justify;\">O\u00a0prazo determinado pela Justi\u00e7a Federal para que o ex-ministro Jos\u00e9 Dirceu se apresente \u00e0 Pol\u00edcia Federal em Curitiba terminou \u00e0s 16h desta sexta-feira (17). De acordo com apura\u00e7\u00f5es da RPC com autoridades, o ex-ministro deve se apresentar mais tarde, entre as 19h e as 20h30, porque est\u00e1 viajando de carro de Bras\u00edlia para Curitiba. E que, neste per\u00edodo, ele n\u00e3o ser\u00e1 considerado foragido pela Pol\u00edcia Federal, uma vez que manifestou disposi\u00e7\u00e3o em se apresentar.<\/p>\n<p style=\"text-align: justify;\">A Justi\u00e7a do Paran\u00e1\u00a0mandou prend\u00ea-lo novamente\u00a0para cumprimento da pena da segunda condena\u00e7\u00e3o dele na Lava Jato. Na decis\u00e3o o juiz Luiz Ant\u00f4nio Bonat estipulou data e hor\u00e1rio limites para Dirceu se entregar, atendendo ao pedido da defesa, que solicitou que o ex-ministro se entregasse em Curitiba.<\/p>\n<p style=\"text-align: justify;\" data-track-category=\"Link no Texto\" data-track-links=\"\">Na quinta-feira (16), a defesa disse que Jos\u00e9 Dirceu iria se entregar. De acordo com o G1, procurado nesta sexta-feira, o advogado Roberto Podval disse que n\u00e3o poderia se confirmar o hor\u00e1rio em que Dirceu se apresentaria. O ex-ministro enviou mensagem de \u00e1udio a apoiadores afirmando que vai recorrer da decis\u00e3o.<\/p>\n","protected":false},"excerpt":{"rendered":"<p>O\u00a0prazo determinado pela Justi\u00e7a Federal para que o ex-ministro Jos\u00e9 Dirceu se apresente \u00e0 Pol\u00edcia Federal em Curitiba terminou \u00e0s 16h desta sexta-feira (17). De acordo com apura\u00e7\u00f5es da RPC com autoridades, o ex-ministro deve se apresentar mais tarde, entre as 19h e as 20h30, porque est\u00e1 viajando de carro de Bras\u00edlia para Curitiba. E [&hellip;]<\/p>\n","protected":false},"author":1,"featured_media":330666,"comment_status":"closed","ping_status":"closed","sticky":false,"template":"","format":"standard","meta":[],"categories":[3],"tags":[],"acf":[],"yoast_head":"<!-- This site is optimized with the Yoast SEO plugin v20.8 - https:\/\/yoast.com\/wordpress\/plugins\/seo\/ -->\n<title>EX-MINISTRO JOS\u00c9 DIRCEU N\u00c3O SE APRESENTA NO HOR\u00c1RIO DETERMINADO PELA JUSTI\u00c7A - Bahia Economica<\/title>\n<meta name=\"description\" content=\"O maior portal de Economia da Bahia ECONOMIA \/ POL\u00cdTICA Bahia Economica\" \/>\n<meta name=\"robots\" content=\"index, follow, max-snippet:-1, max-image-preview:large, max-video-preview:-1\" \/>\n<link rel=\"canonical\" href=\"https:\/\/bahiaeconomica.com.br\/wp\/2019\/05\/17\/ex-ministro-jose-dirceu-nao-se-apresenta-no-horario-determinado-pela-justica\/\" \/>\n<meta property=\"og:locale\" content=\"pt_BR\" \/>\n<meta property=\"og:type\" content=\"article\" \/>\n<meta property=\"og:title\" content=\"EX-MINISTRO JOS\u00c9 DIRCEU N\u00c3O SE APRESENTA NO HOR\u00c1RIO DETERMINADO PELA JUSTI\u00c7A - Bahia Economica\" \/>\n<meta property=\"og:description\" content=\"O maior portal de Economia da Bahia ECONOMIA \/ POL\u00cdTICA Bahia Economica\" \/>\n<meta property=\"og:url\" content=\"https:\/\/bahiaeconomica.com.br\/wp\/2019\/05\/17\/ex-ministro-jose-dirceu-nao-se-apresenta-no-horario-determinado-pela-justica\/\" \/>\n<meta property=\"og:site_name\" content=\"Bahia Economica\" \/>\n<meta property=\"article:publisher\" content=\"https:\/\/www.facebook.com\/bahiaeconomica\" \/>\n<meta property=\"article:published_time\" content=\"2019-05-17T19:50:00+00:00\" \/>\n<meta property=\"article:modified_time\" content=\"2019-05-17T19:37:54+00:00\" \/>\n<meta property=\"og:image\" content=\"https:\/\/bahiaeconomica.com.br\/wp\/wp-content\/uploads\/2019\/05\/dirceu-junho-2018.jpg\" \/>\n\t<meta property=\"og:image:width\" content=\"500\" \/>\n\t<meta property=\"og:image:height\" content=\"300\" \/>\n\t<meta property=\"og:image:type\" content=\"image\/jpeg\" \/>\n<meta name=\"author\" content=\"admin\" \/>\n<meta name=\"twitter:card\" content=\"summary_large_image\" \/>\n<meta name=\"twitter:label1\" content=\"Escrito por\" \/>\n\t<meta name=\"twitter:data1\" content=\"admin\" \/>\n\t<meta name=\"twitter:label2\" content=\"Est. tempo de leitura\" \/>\n\t<meta name=\"twitter:data2\" content=\"1 minuto\" \/>\n<script type=\"application\/ld+json\" class=\"yoast-schema-graph\">{\"@context\":\"https:\/\/schema.org\",\"@graph\":[{\"@type\":\"Article\",\"@id\":\"https:\/\/bahiaeconomica.com.br\/wp\/2019\/05\/17\/ex-ministro-jose-dirceu-nao-se-apresenta-no-horario-determinado-pela-justica\/#article\",\"isPartOf\":{\"@id\":\"https:\/\/bahiaeconomica.com.br\/wp\/2019\/05\/17\/ex-ministro-jose-dirceu-nao-se-apresenta-no-horario-determinado-pela-justica\/\"},\"author\":{\"name\":\"admin\",\"@id\":\"https:\/\/bahiaeconomica.com.br\/wp\/#\/schema\/person\/cb1ab5ba96ad3d9390805381c76284ec\"},\"headline\":\"EX-MINISTRO JOS\u00c9 DIRCEU N\u00c3O SE APRESENTA NO HOR\u00c1RIO DETERMINADO PELA JUSTI\u00c7A\",\"datePublished\":\"2019-05-17T19:50:00+00:00\",\"dateModified\":\"2019-05-17T19:37:54+00:00\",\"mainEntityOfPage\":{\"@id\":\"https:\/\/bahiaeconomica.com.br\/wp\/2019\/05\/17\/ex-ministro-jose-dirceu-nao-se-apresenta-no-horario-determinado-pela-justica\/\"},\"wordCount\":202,\"publisher\":{\"@id\":\"https:\/\/bahiaeconomica.com.br\/wp\/#organization\"},\"articleSection\":[\"ECONOMIA \/ POL\u00cdTICA\"],\"inLanguage\":\"pt-BR\"},{\"@type\":\"WebPage\",\"@id\":\"https:\/\/bahiaeconomica.com.br\/wp\/2019\/05\/17\/ex-ministro-jose-dirceu-nao-se-apresenta-no-horario-determinado-pela-justica\/\",\"url\":\"https:\/\/bahiaeconomica.com.br\/wp\/2019\/05\/17\/ex-ministro-jose-dirceu-nao-se-apresenta-no-horario-determinado-pela-justica\/\",\"name\":\"EX-MINISTRO JOS\u00c9 DIRCEU N\u00c3O SE APRESENTA NO HOR\u00c1RIO DETERMINADO PELA JUSTI\u00c7A - Bahia Economica\",\"isPartOf\":{\"@id\":\"https:\/\/bahiaeconomica.com.br\/wp\/#website\"},\"datePublished\":\"2019-05-17T19:50:00+00:00\",\"dateModified\":\"2019-05-17T19:37:54+00:00\",\"description\":\"O maior portal de Economia da Bahia ECONOMIA \/ POL\u00cdTICA Bahia Economica\",\"breadcrumb\":{\"@id\":\"https:\/\/bahiaeconomica.com.br\/wp\/2019\/05\/17\/ex-ministro-jose-dirceu-nao-se-apresenta-no-horario-determinado-pela-justica\/#breadcrumb\"},\"inLanguage\":\"pt-BR\",\"potentialAction\":[{\"@type\":\"ReadAction\",\"target\":[\"https:\/\/bahiaeconomica.com.br\/wp\/2019\/05\/17\/ex-ministro-jose-dirceu-nao-se-apresenta-no-horario-determinado-pela-justica\/\"]}]},{\"@type\":\"BreadcrumbList\",\"@id\":\"https:\/\/bahiaeconomica.com.br\/wp\/2019\/05\/17\/ex-ministro-jose-dirceu-nao-se-apresenta-no-horario-determinado-pela-justica\/#breadcrumb\",\"itemListElement\":[{\"@type\":\"ListItem\",\"position\":1,\"name\":\"In\u00edcio\",\"item\":\"https:\/\/bahiaeconomica.com.br\/wp\/\"},{\"@type\":\"ListItem\",\"position\":2,\"name\":\"EX-MINISTRO JOS\u00c9 DIRCEU N\u00c3O SE APRESENTA NO HOR\u00c1RIO DETERMINADO PELA JUSTI\u00c7A\"}]},{\"@type\":\"WebSite\",\"@id\":\"https:\/\/bahiaeconomica.com.br\/wp\/#website\",\"url\":\"https:\/\/bahiaeconomica.com.br\/wp\/\",\"name\":\"Bahia Economica\",\"description\":\"O maior portal de Economia da Bahia\",\"publisher\":{\"@id\":\"https:\/\/bahiaeconomica.com.br\/wp\/#organization\"},\"potentialAction\":[{\"@type\":\"SearchAction\",\"target\":{\"@type\":\"EntryPoint\",\"urlTemplate\":\"https:\/\/bahiaeconomica.com.br\/wp\/?s={search_term_string}\"},\"query-input\":\"required name=search_term_string\"}],\"inLanguage\":\"pt-BR\"},{\"@type\":\"Organization\",\"@id\":\"https:\/\/bahiaeconomica.com.br\/wp\/#organization\",\"name\":\"Bahia Econ\u00f4mica\",\"url\":\"https:\/\/bahiaeconomica.com.br\/wp\/\",\"logo\":{\"@type\":\"ImageObject\",\"inLanguage\":\"pt-BR\",\"@id\":\"https:\/\/bahiaeconomica.com.br\/wp\/#\/schema\/logo\/image\/\",\"url\":\"https:\/\/bahiaeconomica.com.br\/wp\/wp-content\/uploads\/2020\/12\/cropped-BE.png\",\"contentUrl\":\"https:\/\/bahiaeconomica.com.br\/wp\/wp-content\/uploads\/2020\/12\/cropped-BE.png\",\"width\":512,\"height\":512,\"caption\":\"Bahia Econ\u00f4mica\"},\"image\":{\"@id\":\"https:\/\/bahiaeconomica.com.br\/wp\/#\/schema\/logo\/image\/\"},\"sameAs\":[\"https:\/\/www.facebook.com\/bahiaeconomica\"]},{\"@type\":\"Person\",\"@id\":\"https:\/\/bahiaeconomica.com.br\/wp\/#\/schema\/person\/cb1ab5ba96ad3d9390805381c76284ec\",\"name\":\"admin\",\"url\":\"https:\/\/bahiaeconomica.com.br\/wp\/author\/admin\/\"}]}<\/script>\n<!-- \/ Yoast SEO plugin. -->","yoast_head_json":{"title":"EX-MINISTRO JOS\u00c9 DIRCEU N\u00c3O SE APRESENTA NO HOR\u00c1RIO DETERMINADO PELA JUSTI\u00c7A - Bahia Economica","description":"O maior portal de Economia da Bahia ECONOMIA \/ POL\u00cdTICA Bahia Economica","robots":{"index":"index","follow":"follow","max-snippet":"max-snippet:-1","max-image-preview":"max-image-preview:large","max-video-preview":"max-video-preview:-1"},"canonical":"https:\/\/bahiaeconomica.com.br\/wp\/2019\/05\/17\/ex-ministro-jose-dirceu-nao-se-apresenta-no-horario-determinado-pela-justica\/","og_locale":"pt_BR","og_type":"article","og_title":"EX-MINISTRO JOS\u00c9 DIRCEU N\u00c3O SE APRESENTA NO HOR\u00c1RIO DETERMINADO PELA JUSTI\u00c7A - Bahia Economica","og_description":"O maior portal de Economia da Bahia ECONOMIA \/ POL\u00cdTICA Bahia Economica","og_url":"https:\/\/bahiaeconomica.com.br\/wp\/2019\/05\/17\/ex-ministro-jose-dirceu-nao-se-apresenta-no-horario-determinado-pela-justica\/","og_site_name":"Bahia Economica","article_publisher":"https:\/\/www.facebook.com\/bahiaeconomica","article_published_time":"2019-05-17T19:50:00+00:00","article_modified_time":"2019-05-17T19:37:54+00:00","og_image":[{"width":500,"height":300,"url":"https:\/\/bahiaeconomica.com.br\/wp\/wp-content\/uploads\/2019\/05\/dirceu-junho-2018.jpg","type":"image\/jpeg"}],"author":"admin","twitter_card":"summary_large_image","twitter_misc":{"Escrito por":"admin","Est. tempo de leitura":"1 minuto"},"schema":{"@context":"https:\/\/schema.org","@graph":[{"@type":"Article","@id":"https:\/\/bahiaeconomica.com.br\/wp\/2019\/05\/17\/ex-ministro-jose-dirceu-nao-se-apresenta-no-horario-determinado-pela-justica\/#article","isPartOf":{"@id":"https:\/\/bahiaeconomica.com.br\/wp\/2019\/05\/17\/ex-ministro-jose-dirceu-nao-se-apresenta-no-horario-determinado-pela-justica\/"},"author":{"name":"admin","@id":"https:\/\/bahiaeconomica.com.br\/wp\/#\/schema\/person\/cb1ab5ba96ad3d9390805381c76284ec"},"headline":"EX-MINISTRO JOS\u00c9 DIRCEU N\u00c3O SE APRESENTA NO HOR\u00c1RIO DETERMINADO PELA JUSTI\u00c7A","datePublished":"2019-05-17T19:50:00+00:00","dateModified":"2019-05-17T19:37:54+00:00","mainEntityOfPage":{"@id":"https:\/\/bahiaeconomica.com.br\/wp\/2019\/05\/17\/ex-ministro-jose-dirceu-nao-se-apresenta-no-horario-determinado-pela-justica\/"},"wordCount":202,"publisher":{"@id":"https:\/\/bahiaeconomica.com.br\/wp\/#organization"},"articleSection":["ECONOMIA \/ POL\u00cdTICA"],"inLanguage":"pt-BR"},{"@type":"WebPage","@id":"https:\/\/bahiaeconomica.com.br\/wp\/2019\/05\/17\/ex-ministro-jose-dirceu-nao-se-apresenta-no-horario-determinado-pela-justica\/","url":"https:\/\/bahiaeconomica.com.br\/wp\/2019\/05\/17\/ex-ministro-jose-dirceu-nao-se-apresenta-no-horario-determinado-pela-justica\/","name":"EX-MINISTRO JOS\u00c9 DIRCEU N\u00c3O SE APRESENTA NO HOR\u00c1RIO DETERMINADO PELA JUSTI\u00c7A - Bahia Economica","isPartOf":{"@id":"https:\/\/bahiaeconomica.com.br\/wp\/#website"},"datePublished":"2019-05-17T19:50:00+00:00","dateModified":"2019-05-17T19:37:54+00:00","description":"O maior portal de Economia da Bahia ECONOMIA \/ POL\u00cdTICA Bahia Economica","breadcrumb":{"@id":"https:\/\/bahiaeconomica.com.br\/wp\/2019\/05\/17\/ex-ministro-jose-dirceu-nao-se-apresenta-no-horario-determinado-pela-justica\/#breadcrumb"},"inLanguage":"pt-BR","potentialAction":[{"@type":"ReadAction","target":["https:\/\/bahiaeconomica.com.br\/wp\/2019\/05\/17\/ex-ministro-jose-dirceu-nao-se-apresenta-no-horario-determinado-pela-justica\/"]}]},{"@type":"BreadcrumbList","@id":"https:\/\/bahiaeconomica.com.br\/wp\/2019\/05\/17\/ex-ministro-jose-dirceu-nao-se-apresenta-no-horario-determinado-pela-justica\/#breadcrumb","itemListElement":[{"@type":"ListItem","position":1,"name":"In\u00edcio","item":"https:\/\/bahiaeconomica.com.br\/wp\/"},{"@type":"ListItem","position":2,"name":"EX-MINISTRO JOS\u00c9 DIRCEU N\u00c3O SE APRESENTA NO HOR\u00c1RIO DETERMINADO PELA JUSTI\u00c7A"}]},{"@type":"WebSite","@id":"https:\/\/bahiaeconomica.com.br\/wp\/#website","url":"https:\/\/bahiaeconomica.com.br\/wp\/","name":"Bahia Economica","description":"O maior portal de Economia da Bahia","publisher":{"@id":"https:\/\/bahiaeconomica.com.br\/wp\/#organization"},"potentialAction":[{"@type":"SearchAction","target":{"@type":"EntryPoint","urlTemplate":"https:\/\/bahiaeconomica.com.br\/wp\/?s={search_term_string}"},"query-input":"required name=search_term_string"}],"inLanguage":"pt-BR"},{"@type":"Organization","@id":"https:\/\/bahiaeconomica.com.br\/wp\/#organization","name":"Bahia Econ\u00f4mica","url":"https:\/\/bahiaeconomica.com.br\/wp\/","logo":{"@type":"ImageObject","inLanguage":"pt-BR","@id":"https:\/\/bahiaeconomica.com.br\/wp\/#\/schema\/logo\/image\/","url":"https:\/\/bahiaeconomica.com.br\/wp\/wp-content\/uploads\/2020\/12\/cropped-BE.png","contentUrl":"https:\/\/bahiaeconomica.com.br\/wp\/wp-content\/uploads\/2020\/12\/cropped-BE.png","width":512,"height":512,"caption":"Bahia Econ\u00f4mica"},"image":{"@id":"https:\/\/bahiaeconomica.com.br\/wp\/#\/schema\/logo\/image\/"},"sameAs":["https:\/\/www.facebook.com\/bahiaeconomica"]},{"@type":"Person","@id":"https:\/\/bahiaeconomica.com.br\/wp\/#\/schema\/person\/cb1ab5ba96ad3d9390805381c76284ec","name":"admin","url":"https:\/\/bahiaeconomica.com.br\/wp\/author\/admin\/"}]}},"views":1,"_links":{"self":[{"href":"https:\/\/bahiaeconomica.com.br\/wp\/wp-json\/wp\/v2\/posts\/330650"}],"collection":[{"href":"https:\/\/bahiaeconomica.com.br\/wp\/wp-json\/wp\/v2\/posts"}],"about":[{"href":"https:\/\/bahiaeconomica.com.br\/wp\/wp-json\/wp\/v2\/types\/post"}],"author":[{"embeddable":true,"href":"https:\/\/bahiaeconomica.com.br\/wp\/wp-json\/wp\/v2\/users\/1"}],"replies":[{"embeddable":true,"href":"https:\/\/bahiaeconomica.com.br\/wp\/wp-json\/wp\/v2\/comments?post=330650"}],"version-history":[{"count":1,"href":"https:\/\/bahiaeconomica.com.br\/wp\/wp-json\/wp\/v2\/posts\/330650\/revisions"}],"predecessor-version":[{"id":330667,"href":"https:\/\/bahiaeconomica.com.br\/wp\/wp-json\/wp\/v2\/posts\/330650\/revisions\/330667"}],"wp:featuredmedia":[{"embeddable":true,"href":"https:\/\/bahiaeconomica.com.br\/wp\/wp-json\/wp\/v2\/media\/330666"}],"wp:attachment":[{"href":"https:\/\/bahiaeconomica.com.br\/wp\/wp-json\/wp\/v2\/media?parent=330650"}],"wp:term":[{"taxonomy":"category","embeddable":true,"href":"https:\/\/bahiaeconomica.com.br\/wp\/wp-json\/wp\/v2\/categories?post=330650"},{"taxonomy":"post_tag","embeddable":true,"href":"https:\/\/bahiaeconomica.com.br\/wp\/wp-json\/wp\/v2\/tags?post=330650"}],"curies":[{"name":"wp","href":"https:\/\/api.w.org\/{rel}","templated":true}]}}