{"id":330612,"date":"2019-05-17T15:50:48","date_gmt":"2019-05-17T18:50:48","guid":{"rendered":"https:\/\/bahiaeconomica.com.br\/wp\/beta\/?p=330612"},"modified":"2019-05-17T15:50:48","modified_gmt":"2019-05-17T18:50:48","slug":"governo-arrecada-r-12-milhao-com-leilao-de-carros-dos-ministerios","status":"publish","type":"post","link":"https:\/\/bahiaeconomica.com.br\/wp\/2019\/05\/17\/governo-arrecada-r-12-milhao-com-leilao-de-carros-dos-ministerios\/","title":{"rendered":"GOVERNO ARRECADA R$ 1,2 MILH\u00c3O COM LEIL\u00c3O DE CARROS DOS MINIST\u00c9RIOS"},"content":{"rendered":"<p>O Minist\u00e9rio da Economia arrecadou R$ 1,215 milh\u00e3o com o leil\u00e3o de venda de 86 carros usados realizado na \u00faltima quinta-feira (16). O montante \u00e9 49% superior \u00e0 avalia\u00e7\u00e3o dos ve\u00edculos, estimada em R$ 816 mil. O leil\u00e3o ocorreu simultaneamente, de forma presencial e eletr\u00f4nica. \u00c9 o segundo leil\u00e3o de ve\u00edculos feito ap\u00f3s a implanta\u00e7\u00e3o do T\u00e1xiGov. Em outubro de 2018, no primeiro leil\u00e3o, foram vendidos 35 ve\u00edculos, dos 47 ofertados, e arrecadados R$ 568 mil.<\/p>\n<p>Os carros colocados \u00e0 venda eram utilizados pelo Minist\u00e9rio das Rela\u00e7\u00f5es Exteriores, Minist\u00e9rio da Mulher, da Fam\u00edlia e dos Direitos Humanos e pelos extintos Minist\u00e9rio do Trabalho e Emprego, Minist\u00e9rio da Ind\u00fastria, Com\u00e9rcio Exterior e Servi\u00e7os e Minist\u00e9rio da Integra\u00e7\u00e3o Nacional. Outros ve\u00edculos leiloados foram da Advocacia-Geral da Uni\u00e3o (AGU) e do Instituto do Patrim\u00f4nio Hist\u00f3rico e Art\u00edstico Nacional (Iphan).<\/p>\n","protected":false},"excerpt":{"rendered":"<p>O Minist\u00e9rio da Economia arrecadou R$ 1,215 milh\u00e3o com o leil\u00e3o de venda de 86 carros usados realizado na \u00faltima quinta-feira (16). O montante \u00e9 49% superior \u00e0 avalia\u00e7\u00e3o dos ve\u00edculos, estimada em R$ 816 mil. O leil\u00e3o ocorreu simultaneamente, de forma presencial e eletr\u00f4nica. \u00c9 o segundo leil\u00e3o de ve\u00edculos feito ap\u00f3s a implanta\u00e7\u00e3o [&hellip;]<\/p>\n","protected":false},"author":1,"featured_media":330615,"comment_status":"closed","ping_status":"closed","sticky":false,"template":"","format":"standard","meta":[],"categories":[3],"tags":[],"acf":[],"yoast_head":"<!-- This site is optimized with the Yoast SEO plugin v20.8 - https:\/\/yoast.com\/wordpress\/plugins\/seo\/ -->\n<title>GOVERNO ARRECADA R$ 1,2 MILH\u00c3O COM LEIL\u00c3O DE CARROS DOS MINIST\u00c9RIOS - Bahia Economica<\/title>\n<meta name=\"description\" content=\"O maior portal de Economia da Bahia ECONOMIA \/ POL\u00cdTICA Bahia Economica\" \/>\n<meta name=\"robots\" content=\"index, follow, max-snippet:-1, max-image-preview:large, max-video-preview:-1\" \/>\n<link rel=\"canonical\" href=\"https:\/\/bahiaeconomica.com.br\/wp\/2019\/05\/17\/governo-arrecada-r-12-milhao-com-leilao-de-carros-dos-ministerios\/\" \/>\n<meta property=\"og:locale\" content=\"pt_BR\" \/>\n<meta property=\"og:type\" content=\"article\" \/>\n<meta property=\"og:title\" content=\"GOVERNO ARRECADA R$ 1,2 MILH\u00c3O COM LEIL\u00c3O DE CARROS DOS MINIST\u00c9RIOS - Bahia Economica\" \/>\n<meta property=\"og:description\" content=\"O maior portal de Economia da Bahia ECONOMIA \/ POL\u00cdTICA Bahia Economica\" \/>\n<meta property=\"og:url\" content=\"https:\/\/bahiaeconomica.com.br\/wp\/2019\/05\/17\/governo-arrecada-r-12-milhao-com-leilao-de-carros-dos-ministerios\/\" \/>\n<meta property=\"og:site_name\" content=\"Bahia Economica\" \/>\n<meta property=\"article:publisher\" content=\"https:\/\/www.facebook.com\/bahiaeconomica\" \/>\n<meta property=\"article:published_time\" content=\"2019-05-17T18:50:48+00:00\" \/>\n<meta property=\"og:image\" content=\"https:\/\/bahiaeconomica.com.br\/wp\/wp-content\/uploads\/2019\/05\/leilao_veiculos.jpg\" \/>\n\t<meta property=\"og:image:width\" content=\"500\" \/>\n\t<meta property=\"og:image:height\" content=\"300\" \/>\n\t<meta property=\"og:image:type\" content=\"image\/jpeg\" \/>\n<meta name=\"author\" content=\"admin\" \/>\n<meta name=\"twitter:card\" content=\"summary_large_image\" \/>\n<meta name=\"twitter:label1\" content=\"Escrito por\" \/>\n\t<meta name=\"twitter:data1\" content=\"admin\" \/>\n\t<meta name=\"twitter:label2\" content=\"Est. tempo de leitura\" \/>\n\t<meta name=\"twitter:data2\" content=\"1 minuto\" \/>\n<script type=\"application\/ld+json\" class=\"yoast-schema-graph\">{\"@context\":\"https:\/\/schema.org\",\"@graph\":[{\"@type\":\"Article\",\"@id\":\"https:\/\/bahiaeconomica.com.br\/wp\/2019\/05\/17\/governo-arrecada-r-12-milhao-com-leilao-de-carros-dos-ministerios\/#article\",\"isPartOf\":{\"@id\":\"https:\/\/bahiaeconomica.com.br\/wp\/2019\/05\/17\/governo-arrecada-r-12-milhao-com-leilao-de-carros-dos-ministerios\/\"},\"author\":{\"name\":\"admin\",\"@id\":\"https:\/\/bahiaeconomica.com.br\/wp\/#\/schema\/person\/cb1ab5ba96ad3d9390805381c76284ec\"},\"headline\":\"GOVERNO ARRECADA R$ 1,2 MILH\u00c3O COM LEIL\u00c3O DE CARROS DOS MINIST\u00c9RIOS\",\"datePublished\":\"2019-05-17T18:50:48+00:00\",\"dateModified\":\"2019-05-17T18:50:48+00:00\",\"mainEntityOfPage\":{\"@id\":\"https:\/\/bahiaeconomica.com.br\/wp\/2019\/05\/17\/governo-arrecada-r-12-milhao-com-leilao-de-carros-dos-ministerios\/\"},\"wordCount\":166,\"publisher\":{\"@id\":\"https:\/\/bahiaeconomica.com.br\/wp\/#organization\"},\"articleSection\":[\"ECONOMIA \/ POL\u00cdTICA\"],\"inLanguage\":\"pt-BR\"},{\"@type\":\"WebPage\",\"@id\":\"https:\/\/bahiaeconomica.com.br\/wp\/2019\/05\/17\/governo-arrecada-r-12-milhao-com-leilao-de-carros-dos-ministerios\/\",\"url\":\"https:\/\/bahiaeconomica.com.br\/wp\/2019\/05\/17\/governo-arrecada-r-12-milhao-com-leilao-de-carros-dos-ministerios\/\",\"name\":\"GOVERNO ARRECADA R$ 1,2 MILH\u00c3O COM LEIL\u00c3O DE CARROS DOS MINIST\u00c9RIOS - Bahia Economica\",\"isPartOf\":{\"@id\":\"https:\/\/bahiaeconomica.com.br\/wp\/#website\"},\"datePublished\":\"2019-05-17T18:50:48+00:00\",\"dateModified\":\"2019-05-17T18:50:48+00:00\",\"description\":\"O maior portal de Economia da Bahia ECONOMIA \/ POL\u00cdTICA Bahia Economica\",\"breadcrumb\":{\"@id\":\"https:\/\/bahiaeconomica.com.br\/wp\/2019\/05\/17\/governo-arrecada-r-12-milhao-com-leilao-de-carros-dos-ministerios\/#breadcrumb\"},\"inLanguage\":\"pt-BR\",\"potentialAction\":[{\"@type\":\"ReadAction\",\"target\":[\"https:\/\/bahiaeconomica.com.br\/wp\/2019\/05\/17\/governo-arrecada-r-12-milhao-com-leilao-de-carros-dos-ministerios\/\"]}]},{\"@type\":\"BreadcrumbList\",\"@id\":\"https:\/\/bahiaeconomica.com.br\/wp\/2019\/05\/17\/governo-arrecada-r-12-milhao-com-leilao-de-carros-dos-ministerios\/#breadcrumb\",\"itemListElement\":[{\"@type\":\"ListItem\",\"position\":1,\"name\":\"In\u00edcio\",\"item\":\"https:\/\/bahiaeconomica.com.br\/wp\/\"},{\"@type\":\"ListItem\",\"position\":2,\"name\":\"GOVERNO ARRECADA R$ 1,2 MILH\u00c3O COM LEIL\u00c3O DE CARROS DOS MINIST\u00c9RIOS\"}]},{\"@type\":\"WebSite\",\"@id\":\"https:\/\/bahiaeconomica.com.br\/wp\/#website\",\"url\":\"https:\/\/bahiaeconomica.com.br\/wp\/\",\"name\":\"Bahia Economica\",\"description\":\"O maior portal de Economia da Bahia\",\"publisher\":{\"@id\":\"https:\/\/bahiaeconomica.com.br\/wp\/#organization\"},\"potentialAction\":[{\"@type\":\"SearchAction\",\"target\":{\"@type\":\"EntryPoint\",\"urlTemplate\":\"https:\/\/bahiaeconomica.com.br\/wp\/?s={search_term_string}\"},\"query-input\":\"required name=search_term_string\"}],\"inLanguage\":\"pt-BR\"},{\"@type\":\"Organization\",\"@id\":\"https:\/\/bahiaeconomica.com.br\/wp\/#organization\",\"name\":\"Bahia Econ\u00f4mica\",\"url\":\"https:\/\/bahiaeconomica.com.br\/wp\/\",\"logo\":{\"@type\":\"ImageObject\",\"inLanguage\":\"pt-BR\",\"@id\":\"https:\/\/bahiaeconomica.com.br\/wp\/#\/schema\/logo\/image\/\",\"url\":\"https:\/\/bahiaeconomica.com.br\/wp\/wp-content\/uploads\/2020\/12\/cropped-BE.png\",\"contentUrl\":\"https:\/\/bahiaeconomica.com.br\/wp\/wp-content\/uploads\/2020\/12\/cropped-BE.png\",\"width\":512,\"height\":512,\"caption\":\"Bahia Econ\u00f4mica\"},\"image\":{\"@id\":\"https:\/\/bahiaeconomica.com.br\/wp\/#\/schema\/logo\/image\/\"},\"sameAs\":[\"https:\/\/www.facebook.com\/bahiaeconomica\"]},{\"@type\":\"Person\",\"@id\":\"https:\/\/bahiaeconomica.com.br\/wp\/#\/schema\/person\/cb1ab5ba96ad3d9390805381c76284ec\",\"name\":\"admin\",\"url\":\"https:\/\/bahiaeconomica.com.br\/wp\/author\/admin\/\"}]}<\/script>\n<!-- \/ Yoast SEO plugin. -->","yoast_head_json":{"title":"GOVERNO ARRECADA R$ 1,2 MILH\u00c3O COM LEIL\u00c3O DE CARROS DOS MINIST\u00c9RIOS - Bahia Economica","description":"O maior portal de Economia da Bahia ECONOMIA \/ POL\u00cdTICA Bahia Economica","robots":{"index":"index","follow":"follow","max-snippet":"max-snippet:-1","max-image-preview":"max-image-preview:large","max-video-preview":"max-video-preview:-1"},"canonical":"https:\/\/bahiaeconomica.com.br\/wp\/2019\/05\/17\/governo-arrecada-r-12-milhao-com-leilao-de-carros-dos-ministerios\/","og_locale":"pt_BR","og_type":"article","og_title":"GOVERNO ARRECADA R$ 1,2 MILH\u00c3O COM LEIL\u00c3O DE CARROS DOS MINIST\u00c9RIOS - Bahia Economica","og_description":"O maior portal de Economia da Bahia ECONOMIA \/ POL\u00cdTICA Bahia Economica","og_url":"https:\/\/bahiaeconomica.com.br\/wp\/2019\/05\/17\/governo-arrecada-r-12-milhao-com-leilao-de-carros-dos-ministerios\/","og_site_name":"Bahia Economica","article_publisher":"https:\/\/www.facebook.com\/bahiaeconomica","article_published_time":"2019-05-17T18:50:48+00:00","og_image":[{"width":500,"height":300,"url":"https:\/\/bahiaeconomica.com.br\/wp\/wp-content\/uploads\/2019\/05\/leilao_veiculos.jpg","type":"image\/jpeg"}],"author":"admin","twitter_card":"summary_large_image","twitter_misc":{"Escrito por":"admin","Est. tempo de leitura":"1 minuto"},"schema":{"@context":"https:\/\/schema.org","@graph":[{"@type":"Article","@id":"https:\/\/bahiaeconomica.com.br\/wp\/2019\/05\/17\/governo-arrecada-r-12-milhao-com-leilao-de-carros-dos-ministerios\/#article","isPartOf":{"@id":"https:\/\/bahiaeconomica.com.br\/wp\/2019\/05\/17\/governo-arrecada-r-12-milhao-com-leilao-de-carros-dos-ministerios\/"},"author":{"name":"admin","@id":"https:\/\/bahiaeconomica.com.br\/wp\/#\/schema\/person\/cb1ab5ba96ad3d9390805381c76284ec"},"headline":"GOVERNO ARRECADA R$ 1,2 MILH\u00c3O COM LEIL\u00c3O DE CARROS DOS MINIST\u00c9RIOS","datePublished":"2019-05-17T18:50:48+00:00","dateModified":"2019-05-17T18:50:48+00:00","mainEntityOfPage":{"@id":"https:\/\/bahiaeconomica.com.br\/wp\/2019\/05\/17\/governo-arrecada-r-12-milhao-com-leilao-de-carros-dos-ministerios\/"},"wordCount":166,"publisher":{"@id":"https:\/\/bahiaeconomica.com.br\/wp\/#organization"},"articleSection":["ECONOMIA \/ POL\u00cdTICA"],"inLanguage":"pt-BR"},{"@type":"WebPage","@id":"https:\/\/bahiaeconomica.com.br\/wp\/2019\/05\/17\/governo-arrecada-r-12-milhao-com-leilao-de-carros-dos-ministerios\/","url":"https:\/\/bahiaeconomica.com.br\/wp\/2019\/05\/17\/governo-arrecada-r-12-milhao-com-leilao-de-carros-dos-ministerios\/","name":"GOVERNO ARRECADA R$ 1,2 MILH\u00c3O COM LEIL\u00c3O DE CARROS DOS MINIST\u00c9RIOS - Bahia Economica","isPartOf":{"@id":"https:\/\/bahiaeconomica.com.br\/wp\/#website"},"datePublished":"2019-05-17T18:50:48+00:00","dateModified":"2019-05-17T18:50:48+00:00","description":"O maior portal de Economia da Bahia ECONOMIA \/ POL\u00cdTICA Bahia Economica","breadcrumb":{"@id":"https:\/\/bahiaeconomica.com.br\/wp\/2019\/05\/17\/governo-arrecada-r-12-milhao-com-leilao-de-carros-dos-ministerios\/#breadcrumb"},"inLanguage":"pt-BR","potentialAction":[{"@type":"ReadAction","target":["https:\/\/bahiaeconomica.com.br\/wp\/2019\/05\/17\/governo-arrecada-r-12-milhao-com-leilao-de-carros-dos-ministerios\/"]}]},{"@type":"BreadcrumbList","@id":"https:\/\/bahiaeconomica.com.br\/wp\/2019\/05\/17\/governo-arrecada-r-12-milhao-com-leilao-de-carros-dos-ministerios\/#breadcrumb","itemListElement":[{"@type":"ListItem","position":1,"name":"In\u00edcio","item":"https:\/\/bahiaeconomica.com.br\/wp\/"},{"@type":"ListItem","position":2,"name":"GOVERNO ARRECADA R$ 1,2 MILH\u00c3O COM LEIL\u00c3O DE CARROS DOS MINIST\u00c9RIOS"}]},{"@type":"WebSite","@id":"https:\/\/bahiaeconomica.com.br\/wp\/#website","url":"https:\/\/bahiaeconomica.com.br\/wp\/","name":"Bahia Economica","description":"O maior portal de Economia da Bahia","publisher":{"@id":"https:\/\/bahiaeconomica.com.br\/wp\/#organization"},"potentialAction":[{"@type":"SearchAction","target":{"@type":"EntryPoint","urlTemplate":"https:\/\/bahiaeconomica.com.br\/wp\/?s={search_term_string}"},"query-input":"required name=search_term_string"}],"inLanguage":"pt-BR"},{"@type":"Organization","@id":"https:\/\/bahiaeconomica.com.br\/wp\/#organization","name":"Bahia Econ\u00f4mica","url":"https:\/\/bahiaeconomica.com.br\/wp\/","logo":{"@type":"ImageObject","inLanguage":"pt-BR","@id":"https:\/\/bahiaeconomica.com.br\/wp\/#\/schema\/logo\/image\/","url":"https:\/\/bahiaeconomica.com.br\/wp\/wp-content\/uploads\/2020\/12\/cropped-BE.png","contentUrl":"https:\/\/bahiaeconomica.com.br\/wp\/wp-content\/uploads\/2020\/12\/cropped-BE.png","width":512,"height":512,"caption":"Bahia Econ\u00f4mica"},"image":{"@id":"https:\/\/bahiaeconomica.com.br\/wp\/#\/schema\/logo\/image\/"},"sameAs":["https:\/\/www.facebook.com\/bahiaeconomica"]},{"@type":"Person","@id":"https:\/\/bahiaeconomica.com.br\/wp\/#\/schema\/person\/cb1ab5ba96ad3d9390805381c76284ec","name":"admin","url":"https:\/\/bahiaeconomica.com.br\/wp\/author\/admin\/"}]}},"views":2,"_links":{"self":[{"href":"https:\/\/bahiaeconomica.com.br\/wp\/wp-json\/wp\/v2\/posts\/330612"}],"collection":[{"href":"https:\/\/bahiaeconomica.com.br\/wp\/wp-json\/wp\/v2\/posts"}],"about":[{"href":"https:\/\/bahiaeconomica.com.br\/wp\/wp-json\/wp\/v2\/types\/post"}],"author":[{"embeddable":true,"href":"https:\/\/bahiaeconomica.com.br\/wp\/wp-json\/wp\/v2\/users\/1"}],"replies":[{"embeddable":true,"href":"https:\/\/bahiaeconomica.com.br\/wp\/wp-json\/wp\/v2\/comments?post=330612"}],"version-history":[{"count":1,"href":"https:\/\/bahiaeconomica.com.br\/wp\/wp-json\/wp\/v2\/posts\/330612\/revisions"}],"predecessor-version":[{"id":330622,"href":"https:\/\/bahiaeconomica.com.br\/wp\/wp-json\/wp\/v2\/posts\/330612\/revisions\/330622"}],"wp:featuredmedia":[{"embeddable":true,"href":"https:\/\/bahiaeconomica.com.br\/wp\/wp-json\/wp\/v2\/media\/330615"}],"wp:attachment":[{"href":"https:\/\/bahiaeconomica.com.br\/wp\/wp-json\/wp\/v2\/media?parent=330612"}],"wp:term":[{"taxonomy":"category","embeddable":true,"href":"https:\/\/bahiaeconomica.com.br\/wp\/wp-json\/wp\/v2\/categories?post=330612"},{"taxonomy":"post_tag","embeddable":true,"href":"https:\/\/bahiaeconomica.com.br\/wp\/wp-json\/wp\/v2\/tags?post=330612"}],"curies":[{"name":"wp","href":"https:\/\/api.w.org\/{rel}","templated":true}]}}