{"id":330088,"date":"2019-05-17T07:59:17","date_gmt":"2019-05-17T10:59:17","guid":{"rendered":"https:\/\/bahiaeconomica.com.br\/wp\/beta\/?p=330088"},"modified":"2019-05-17T07:59:17","modified_gmt":"2019-05-17T10:59:17","slug":"armando-avena-cimatec-uma-vantagem-da-bahia","status":"publish","type":"post","link":"https:\/\/bahiaeconomica.com.br\/wp\/2019\/05\/17\/armando-avena-cimatec-uma-vantagem-da-bahia\/","title":{"rendered":"ARMANDO AVENA: CIMATEC: \u00a0UMA VANTAGEM DA BAHIA"},"content":{"rendered":"<p style=\"font-weight: 400; text-align: justify;\">A Bahia tem uma vantagem competitiva na atra\u00e7\u00e3o de empresas industriais e tecnol\u00f3gicas que se destaca entre os estados brasileiros. Trata-se do Senai\/Cimatec, um centro de tecnologia e inova\u00e7\u00e3o dos mais modernos do mundo e que d\u00e1 ao empres\u00e1rio baiano enorme vantagem quando se trata de montar uma empresa, desenvolver uma ideia ou inova\u00e7\u00e3o ou mesmo aumentar a produtividade de um neg\u00f3cio. O Senai\/Cimatec \u00e9 uma esp\u00e9cie de Posto Ipiranga do empres\u00e1rio industrial, uma loja de solu\u00e7\u00f5es com 42 \u00e1reas de compet\u00eancia e que estabelece um verdadeiro diferencial em rela\u00e7\u00e3o a outros estados da federa\u00e7\u00e3o. A \u00e1rea de atua\u00e7\u00e3o desse centro de tecnologia, que \u00e9 ligado ao sistema Fieb, \u00e9 muito ampla\u00a0 possuindo, por exemplo, um centro educacional que viabiliza a forma\u00e7\u00e3o b\u00e1sica e superior, de tal modo que ali se forma desde o soldador at\u00e9 o doutor em engenharia. Al\u00e9m da forma\u00e7\u00e3o\u00a0 e qualifica\u00e7\u00e3o de m\u00e3o-de-obra, o centro tem expertise na \u00e1rea de pesquisa, inova\u00e7\u00e3o e otimiza\u00e7\u00e3o de processos e l\u00e1 est\u00e3o presentes os mais avan\u00e7ados equipamentos, a exemplo de 5 supercomputadores, um deles o maior da Am\u00e9rica Latina, e que podem viabilizar todo tipo de procedimento a exemplo simula\u00e7\u00f5es do processo de produ\u00e7\u00e3o e modelos de produ\u00e7\u00e3o e produtividade, incluindo um Big Data, que pode agregar os dados isolados de v\u00e1rias \u00e1reas e segmentos viabilizando simula\u00e7\u00f5es \u00fanicas. O centro de tecnologia presta servi\u00e7os diretamente\u00a0 \u00e0s empresas, pois possui laborat\u00f3rios que avaliam a qualidade, prop\u00f5em novos modelos de produ\u00e7\u00e3o, viabilizam maior produtividade e por a\u00ed vai. As empresas que usam alguns dos servi\u00e7os do Senai\/Cimatec registram em m\u00e9dia um aumento de mais de 60% na produtividade e, neste momento, existem 95 projetos de inova\u00e7\u00e3o rodando ao mesmo tempo entre as 400 empresas que o centro atende por ano. \u00c9, sem d\u00favida, uma vantagem competitiva da Bahia e se constitu\u00ed num est\u00edmulo fort\u00edssimo \u00e0 atra\u00e7\u00e3o de empresas. E essa vantagem vai se ampliar, pois no inicio do segundo semestre ser\u00e1 inaugurado o Cimatec Industrial, uma nova unidade do centro, localizada em uma \u00e1rea de 4 milh\u00f5es de m2 no Polo Industrial de Cama\u00e7ari, onde ser\u00e1 poss\u00edvel a implanta\u00e7\u00e3o de plantas pilotos daqueles projetos desenvolvidos em bancadas\u00a0 e que poder\u00e3o ser testados e come\u00e7ar a produzir em escala de mercado, algo \u00fanico no Brasil. E o Senai\/Cimatec presta servi\u00e7os \u00e0s empresas n\u00e3o apenas no \u00e2mbito tecnol\u00f3gico, mas no apoio ao desenvolvimento de ideias, na gera\u00e7\u00e3o e aceleramento de startups e no acesso a fundos de fomento e a investidores. E o mais importante \u00e9 que esse centro, oriundo do setor privado, \u00e9 autossustent\u00e1vel e 90% dos seus recursos s\u00e3o provenientes dos servi\u00e7os que presta.\u00a0 O Senai\/Cimatec \u00e9 um exemplo de a\u00e7\u00e3o profissional e estrat\u00e9gica e mostra como a Bahia pode se inserir de forma competitiva nos mercados nacionais e internacionais.<\/p>\n<p style=\"font-weight: 400;\">\u00a0\u00a0\u00a0\u00a0\u00a0\u00a0\u00a0\u00a0\u00a0\u00a0\u00a0\u00a0\u00a0\u00a0\u00a0\u00a0\u00a0\u00a0\u00a0\u00a0\u00a0\u00a0\u00a0\u00a0\u00a0\u00a0\u00a0\u00a0\u00a0\u00a0\u00a0\u00a0\u00a0\u00a0\u00a0\u00a0\u00a0\u00a0\u00a0\u00a0\u00a0\u00a0\u00a0 BOLSONARO E O IMPEACHMENT<\/p>\n<p style=\"font-weight: 400; text-align: justify;\">O tra\u00e7ado de Bras\u00edlia \u00e9 uma aula de Ci\u00eancia Pol\u00edtica ministrada por Oscar Niemayer. Quando desenhou a capital do pa\u00eds, o arquiteto colocou no centro da Pra\u00e7a dos Tr\u00eas Poderes o Parlamento, a fonte de todo poder.\u00a0 Na hist\u00f3ria recente da fr\u00e1gil democracia brasileira, todos os presidentes que n\u00e3o tiveram maioria no Congresso Nacional ca\u00edram, de uma forma ou de outra. Get\u00falio Vargas suicidou-se, J\u00e2nio Quadros renunciou, Jo\u00e3o Goulart foi deposto e Fernando Collor e Dilma Rousseff sofreram o impeachment. Fernando Henrique Cardoso \u2013\u00a0 com muita l\u00e1bia, muita distribui\u00e7\u00e3o de cargos e engolindo todo tipo de sapo \u2013 e Lu\u00eds In\u00e1cio Lula da Silva \u2013 com muita l\u00e1bia e muita corrup\u00e7\u00e3o \u2013 mantiveram a maioria no Congresso e terminaram seus mandatos. No Brasil, presidente que n\u00e3o estabelece uma base no Congresso Nacional ca\u00ed. Simples assim. A n\u00e3o ser que a economia esteja em alta e o desemprego em baixa, mas para isso acontecer os projetos precisam ser\u00a0 aprovados no Congresso Nacional. Algu\u00e9m precisa avisar ao Presidente Jair Bolsonaro.<\/p>\n<p style=\"font-weight: 400;\">\u00a0\u00a0\u00a0\u00a0\u00a0\u00a0\u00a0\u00a0\u00a0\u00a0\u00a0\u00a0\u00a0\u00a0\u00a0\u00a0\u00a0\u00a0\u00a0\u00a0\u00a0\u00a0\u00a0\u00a0\u00a0\u00a0\u00a0\u00a0\u00a0\u00a0\u00a0\u00a0\u00a0\u00a0\u00a0\u00a0\u00a0\u00a0\u00a0\u00a0\u00a0\u00a0\u00a0\u00a0\u00a0\u00a0\u00a0\u00a0\u00a0\u00a0\u00a0 \u00c9 HORA DE GOVERNAR<\/p>\n<p style=\"font-weight: 400; text-align: justify;\">A economia brasileira caiu 0,68% no trimestre relativo ao per\u00edodo dezembro\/fevereiro, medido pelo IBC-Br do Banco Central, que \u00e9 uma pr\u00e9via do PIB. O PIB do primeiro trimestre de 2019, que ser\u00e1 divulgado pelo IBGE at\u00e9 o final deste m\u00eas, dever\u00e1 mostrar a estagna\u00e7\u00e3o da economia ou uma leve queda. \u00c9 preciso avisar ao Presidente Bolsonaro que n\u00e3o \u00e9 hora de brigar, \u00e9 hora de governar.<\/p>\n<p style=\"font-weight: 400;\">\u00a0\u00a0\u00a0\u00a0\u00a0\u00a0\u00a0\u00a0\u00a0\u00a0\u00a0\u00a0\u00a0\u00a0\u00a0\u00a0\u00a0\u00a0\u00a0\u00a0\u00a0\u00a0\u00a0\u00a0\u00a0\u00a0\u00a0\u00a0\u00a0\u00a0\u00a0\u00a0\u00a0\u00a0\u00a0\u00a0\u00a0\u00a0\u00a0 BAHIA: \u00c9 HORA DE AVAN\u00c7AR<\/p>\n<p style=\"font-weight: 400; text-align: justify;\">A TV Bahia lan\u00e7ou esta semana o projeto \u201cAvan\u00e7a: Nosso caminho \u00e9 o desenvolvimento\u201d, uma campanha extremamente oportuna cujo objetivo \u00e9 ressaltar as potencialidades econ\u00f4micas da Bahia e as oportunidades de neg\u00f3cios que j\u00e1 se concretizaram e que podem se concretizar. O mais importante \u00e9 o timing da campanha, pois se adotarmos como par\u00e2metro a aprova\u00e7\u00e3o da reforma da Previd\u00eancia, o momento de investir \u00e9 agora. No lan\u00e7amento da campanha, o economista Ricardo Amorim, disse o que est\u00e1 coluna vem reiterando: o Brasil est\u00e1 pronto para crescer, pois os dois pilares de sustenta\u00e7\u00e3o da economia j\u00e1 est\u00e3o de p\u00e9 \u2013 os juros baixo\u00a0 e a\u00a0 infla\u00e7\u00e3o sob controle \u2013 bastando apenas construir o terceiro pilar fundado na reforma da Previd\u00eancia,\u00a0 e no ajuste fiscal da\u00ed decorrente, para que a economia brasileira possa embicar em dire\u00e7\u00e3o ao crescimento ainda este ano.\u00a0 Se a reforma for aprovada no primeiro semestre, quem come\u00e7ou a investir agora vai levar vantagem. \u00c9 verdade que o governo Bolsonaro tem se mostrado uma m\u00e1quina de gerar crises in\u00fateis e demonstra total falta de articula\u00e7\u00e3o pol\u00edtica, mas a responsabilidade de governo \u00e9 tamb\u00e9m do Congresso Nacional que, pelo bem do Brasil, tem obriga\u00e7\u00e3o de aprovar a reforma da Previd\u00eancia.<\/p>\n<p style=\"font-weight: 400;\">\u00a0\u00a0\u00a0\u00a0\u00a0\u00a0\u00a0\u00a0\u00a0\u00a0\u00a0\u00a0\u00a0\u00a0\u00a0\u00a0\u00a0\u00a0\u00a0\u00a0\u00a0\u00a0\u00a0\u00a0\u00a0\u00a0\u00a0\u00a0\u00a0\u00a0\u00a0\u00a0\u00a0\u00a0\u00a0\u00a0\u00a0\u00a0\u00a0\u00a0\u00a0\u00a0\u00a0\u00a0\u00a0\u00a0\u00a0\u00a0\u00a0\u00a0\u00a0\u00a0\u00a0\u00a0\u00a0\u00a0 MILAGRES NO TURISMO<\/p>\n<p style=\"font-weight: 400; text-align: justify;\">A canoniza\u00e7\u00e3o de Irm\u00e3 Dulce pode fazer milagres para o turismo baiano, atrav\u00e9s do chamado\u00a0 turismo religioso, que n\u00e3o tem sazonalidade, n\u00e3o precisa de Centro de Conven\u00e7\u00f5es e cresce em todo mundo, inclusive no Brasil. E Salvador vai passar a ter um \u201cCaminho da f\u00e9\u201d, que liga\u00a0 o Santu\u00e1rio de Irm\u00e3 Dulce, no Largo de Roma, a Igreja do Bonfim, na colina sagrada, um espa\u00e7o de 1km para peregrina\u00e7\u00e3o de fi\u00e9is. A Prefeitura j\u00e1 lan\u00e7ou a licita\u00e7\u00e3o para a requalifica\u00e7\u00e3o da Avenida Dendezeiros, no bairro do Bonfim, prevendo cal\u00e7adas mais largas, arboriza\u00e7\u00e3o, ilumina\u00e7\u00e3o p\u00fablica e implanta\u00e7\u00e3o de 14 totens informativos e acessibilidade. Ser\u00e1 preciso, no entanto, que haja a promo\u00e7\u00e3o do novo destino e que a inciativa privada se mobilize para potencializar a atra\u00e7\u00e3o tur\u00edstica com o oferecimento de produtos e servi\u00e7os para turistas e fies.<\/p>\n<p style=\"font-weight: 400;\">\u00a0\u00a0\u00a0\u00a0\u00a0\u00a0\u00a0 \u00a0\u00a0\u00a0\u00a0\u00a0\u00a0\u00a0\u00a0\u00a0\u00a0\u00a0\u00a0\u00a0\u00a0\u00a0\u00a0\u00a0\u00a0\u00a0\u00a0\u00a0\u00a0\u00a0\u00a0\u00a0\u00a0\u00a0\u00a0\u00a0\u00a0\u00a0\u00a0\u00a0\u00a0\u00a0\u00a0\u00a0\u00a0\u00a0\u00a0\u00a0\u00a0\u00a0\u00a0\u00a0\u00a0\u00a0BAHIA 40 ANOS<\/p>\n<p style=\"font-weight: 400; text-align: justify;\">Ocorre na pr\u00f3ximo ter\u00e7a-feira, 21 de maio, no audit\u00f3rio da Federa\u00e7\u00e3o das Ind\u00fastrias do Estado da Bahia, o semin\u00e1rio Bahia 40+: O futuro da economia.\u00a0 O evento faz parte das comemora\u00e7\u00f5es dos 40 anos do Correio e ser\u00e1 uma oportunidade para discutir as transforma\u00e7\u00f5es da economia do nosso estado e avaliar a melhor maneira da Bahia se desenvolver durante os pr\u00f3ximos 40 anos. Na oportunidade terei o prazer de proferir a palestra \u201cOs \u00faltimos 40 anos: O outro lado da economia baiana de 1979 a 2019\u201d e debater os caminhos que Bahia seguiu at\u00e9 aqui e seus desafios para o futuro.<\/p>\n","protected":false},"excerpt":{"rendered":"<p>A Bahia tem uma vantagem competitiva na atra\u00e7\u00e3o de empresas industriais e tecnol\u00f3gicas que se destaca entre os estados brasileiros. Trata-se do Senai\/Cimatec, um centro de tecnologia e inova\u00e7\u00e3o dos mais modernos do mundo e que d\u00e1 ao empres\u00e1rio baiano enorme vantagem quando se trata de montar uma empresa, desenvolver uma ideia ou inova\u00e7\u00e3o ou [&hellip;]<\/p>\n","protected":false},"author":1,"featured_media":417,"comment_status":"closed","ping_status":"closed","sticky":false,"template":"","format":"standard","meta":[],"categories":[6,22],"tags":[],"acf":[],"yoast_head":"<!-- This site is optimized with the Yoast SEO plugin v20.8 - https:\/\/yoast.com\/wordpress\/plugins\/seo\/ -->\n<title>ARMANDO AVENA: CIMATEC: \u00a0UMA VANTAGEM DA BAHIA - Bahia Economica<\/title>\n<meta name=\"description\" content=\"O maior portal de Economia da Bahia ARTIGOS, COLUNISTAS Bahia Economica\" \/>\n<meta name=\"robots\" content=\"index, follow, max-snippet:-1, max-image-preview:large, max-video-preview:-1\" \/>\n<link rel=\"canonical\" href=\"https:\/\/bahiaeconomica.com.br\/wp\/2019\/05\/17\/armando-avena-cimatec-uma-vantagem-da-bahia\/\" \/>\n<meta property=\"og:locale\" content=\"pt_BR\" \/>\n<meta property=\"og:type\" content=\"article\" \/>\n<meta property=\"og:title\" content=\"ARMANDO AVENA: CIMATEC: \u00a0UMA VANTAGEM DA BAHIA - Bahia Economica\" \/>\n<meta property=\"og:description\" content=\"O maior portal de Economia da Bahia ARTIGOS, COLUNISTAS Bahia Economica\" \/>\n<meta property=\"og:url\" content=\"https:\/\/bahiaeconomica.com.br\/wp\/2019\/05\/17\/armando-avena-cimatec-uma-vantagem-da-bahia\/\" \/>\n<meta property=\"og:site_name\" content=\"Bahia Economica\" \/>\n<meta property=\"article:publisher\" content=\"https:\/\/www.facebook.com\/bahiaeconomica\" \/>\n<meta property=\"article:published_time\" content=\"2019-05-17T10:59:17+00:00\" \/>\n<meta property=\"og:image\" content=\"https:\/\/bahiaeconomica.com.br\/wp\/wp-content\/uploads\/2018\/03\/Armando-Avena-2.png\" \/>\n\t<meta property=\"og:image:width\" content=\"500\" \/>\n\t<meta property=\"og:image:height\" content=\"400\" \/>\n\t<meta property=\"og:image:type\" content=\"image\/png\" \/>\n<meta name=\"author\" content=\"admin\" \/>\n<meta name=\"twitter:card\" content=\"summary_large_image\" \/>\n<meta name=\"twitter:label1\" content=\"Escrito por\" \/>\n\t<meta name=\"twitter:data1\" content=\"admin\" \/>\n\t<meta name=\"twitter:label2\" content=\"Est. tempo de leitura\" \/>\n\t<meta name=\"twitter:data2\" content=\"6 minutos\" \/>\n<script type=\"application\/ld+json\" class=\"yoast-schema-graph\">{\"@context\":\"https:\/\/schema.org\",\"@graph\":[{\"@type\":\"Article\",\"@id\":\"https:\/\/bahiaeconomica.com.br\/wp\/2019\/05\/17\/armando-avena-cimatec-uma-vantagem-da-bahia\/#article\",\"isPartOf\":{\"@id\":\"https:\/\/bahiaeconomica.com.br\/wp\/2019\/05\/17\/armando-avena-cimatec-uma-vantagem-da-bahia\/\"},\"author\":{\"name\":\"admin\",\"@id\":\"https:\/\/bahiaeconomica.com.br\/wp\/#\/schema\/person\/cb1ab5ba96ad3d9390805381c76284ec\"},\"headline\":\"ARMANDO AVENA: CIMATEC: \u00a0UMA VANTAGEM DA BAHIA\",\"datePublished\":\"2019-05-17T10:59:17+00:00\",\"dateModified\":\"2019-05-17T10:59:17+00:00\",\"mainEntityOfPage\":{\"@id\":\"https:\/\/bahiaeconomica.com.br\/wp\/2019\/05\/17\/armando-avena-cimatec-uma-vantagem-da-bahia\/\"},\"wordCount\":1253,\"publisher\":{\"@id\":\"https:\/\/bahiaeconomica.com.br\/wp\/#organization\"},\"articleSection\":[\"ARTIGOS\",\"COLUNISTAS\"],\"inLanguage\":\"pt-BR\"},{\"@type\":\"WebPage\",\"@id\":\"https:\/\/bahiaeconomica.com.br\/wp\/2019\/05\/17\/armando-avena-cimatec-uma-vantagem-da-bahia\/\",\"url\":\"https:\/\/bahiaeconomica.com.br\/wp\/2019\/05\/17\/armando-avena-cimatec-uma-vantagem-da-bahia\/\",\"name\":\"ARMANDO AVENA: CIMATEC: \u00a0UMA VANTAGEM DA BAHIA - Bahia Economica\",\"isPartOf\":{\"@id\":\"https:\/\/bahiaeconomica.com.br\/wp\/#website\"},\"datePublished\":\"2019-05-17T10:59:17+00:00\",\"dateModified\":\"2019-05-17T10:59:17+00:00\",\"description\":\"O maior portal de Economia da Bahia ARTIGOS, COLUNISTAS Bahia Economica\",\"breadcrumb\":{\"@id\":\"https:\/\/bahiaeconomica.com.br\/wp\/2019\/05\/17\/armando-avena-cimatec-uma-vantagem-da-bahia\/#breadcrumb\"},\"inLanguage\":\"pt-BR\",\"potentialAction\":[{\"@type\":\"ReadAction\",\"target\":[\"https:\/\/bahiaeconomica.com.br\/wp\/2019\/05\/17\/armando-avena-cimatec-uma-vantagem-da-bahia\/\"]}]},{\"@type\":\"BreadcrumbList\",\"@id\":\"https:\/\/bahiaeconomica.com.br\/wp\/2019\/05\/17\/armando-avena-cimatec-uma-vantagem-da-bahia\/#breadcrumb\",\"itemListElement\":[{\"@type\":\"ListItem\",\"position\":1,\"name\":\"In\u00edcio\",\"item\":\"https:\/\/bahiaeconomica.com.br\/wp\/\"},{\"@type\":\"ListItem\",\"position\":2,\"name\":\"ARMANDO AVENA: CIMATEC: \u00a0UMA VANTAGEM DA BAHIA\"}]},{\"@type\":\"WebSite\",\"@id\":\"https:\/\/bahiaeconomica.com.br\/wp\/#website\",\"url\":\"https:\/\/bahiaeconomica.com.br\/wp\/\",\"name\":\"Bahia Economica\",\"description\":\"O maior portal de Economia da Bahia\",\"publisher\":{\"@id\":\"https:\/\/bahiaeconomica.com.br\/wp\/#organization\"},\"potentialAction\":[{\"@type\":\"SearchAction\",\"target\":{\"@type\":\"EntryPoint\",\"urlTemplate\":\"https:\/\/bahiaeconomica.com.br\/wp\/?s={search_term_string}\"},\"query-input\":\"required name=search_term_string\"}],\"inLanguage\":\"pt-BR\"},{\"@type\":\"Organization\",\"@id\":\"https:\/\/bahiaeconomica.com.br\/wp\/#organization\",\"name\":\"Bahia Econ\u00f4mica\",\"url\":\"https:\/\/bahiaeconomica.com.br\/wp\/\",\"logo\":{\"@type\":\"ImageObject\",\"inLanguage\":\"pt-BR\",\"@id\":\"https:\/\/bahiaeconomica.com.br\/wp\/#\/schema\/logo\/image\/\",\"url\":\"https:\/\/bahiaeconomica.com.br\/wp\/wp-content\/uploads\/2020\/12\/cropped-BE.png\",\"contentUrl\":\"https:\/\/bahiaeconomica.com.br\/wp\/wp-content\/uploads\/2020\/12\/cropped-BE.png\",\"width\":512,\"height\":512,\"caption\":\"Bahia Econ\u00f4mica\"},\"image\":{\"@id\":\"https:\/\/bahiaeconomica.com.br\/wp\/#\/schema\/logo\/image\/\"},\"sameAs\":[\"https:\/\/www.facebook.com\/bahiaeconomica\"]},{\"@type\":\"Person\",\"@id\":\"https:\/\/bahiaeconomica.com.br\/wp\/#\/schema\/person\/cb1ab5ba96ad3d9390805381c76284ec\",\"name\":\"admin\",\"url\":\"https:\/\/bahiaeconomica.com.br\/wp\/author\/admin\/\"}]}<\/script>\n<!-- \/ Yoast SEO plugin. -->","yoast_head_json":{"title":"ARMANDO AVENA: CIMATEC: \u00a0UMA VANTAGEM DA BAHIA - Bahia Economica","description":"O maior portal de Economia da Bahia ARTIGOS, COLUNISTAS Bahia Economica","robots":{"index":"index","follow":"follow","max-snippet":"max-snippet:-1","max-image-preview":"max-image-preview:large","max-video-preview":"max-video-preview:-1"},"canonical":"https:\/\/bahiaeconomica.com.br\/wp\/2019\/05\/17\/armando-avena-cimatec-uma-vantagem-da-bahia\/","og_locale":"pt_BR","og_type":"article","og_title":"ARMANDO AVENA: CIMATEC: \u00a0UMA VANTAGEM DA BAHIA - Bahia Economica","og_description":"O maior portal de Economia da Bahia ARTIGOS, COLUNISTAS Bahia Economica","og_url":"https:\/\/bahiaeconomica.com.br\/wp\/2019\/05\/17\/armando-avena-cimatec-uma-vantagem-da-bahia\/","og_site_name":"Bahia Economica","article_publisher":"https:\/\/www.facebook.com\/bahiaeconomica","article_published_time":"2019-05-17T10:59:17+00:00","og_image":[{"width":500,"height":400,"url":"https:\/\/bahiaeconomica.com.br\/wp\/wp-content\/uploads\/2018\/03\/Armando-Avena-2.png","type":"image\/png"}],"author":"admin","twitter_card":"summary_large_image","twitter_misc":{"Escrito por":"admin","Est. tempo de leitura":"6 minutos"},"schema":{"@context":"https:\/\/schema.org","@graph":[{"@type":"Article","@id":"https:\/\/bahiaeconomica.com.br\/wp\/2019\/05\/17\/armando-avena-cimatec-uma-vantagem-da-bahia\/#article","isPartOf":{"@id":"https:\/\/bahiaeconomica.com.br\/wp\/2019\/05\/17\/armando-avena-cimatec-uma-vantagem-da-bahia\/"},"author":{"name":"admin","@id":"https:\/\/bahiaeconomica.com.br\/wp\/#\/schema\/person\/cb1ab5ba96ad3d9390805381c76284ec"},"headline":"ARMANDO AVENA: CIMATEC: \u00a0UMA VANTAGEM DA BAHIA","datePublished":"2019-05-17T10:59:17+00:00","dateModified":"2019-05-17T10:59:17+00:00","mainEntityOfPage":{"@id":"https:\/\/bahiaeconomica.com.br\/wp\/2019\/05\/17\/armando-avena-cimatec-uma-vantagem-da-bahia\/"},"wordCount":1253,"publisher":{"@id":"https:\/\/bahiaeconomica.com.br\/wp\/#organization"},"articleSection":["ARTIGOS","COLUNISTAS"],"inLanguage":"pt-BR"},{"@type":"WebPage","@id":"https:\/\/bahiaeconomica.com.br\/wp\/2019\/05\/17\/armando-avena-cimatec-uma-vantagem-da-bahia\/","url":"https:\/\/bahiaeconomica.com.br\/wp\/2019\/05\/17\/armando-avena-cimatec-uma-vantagem-da-bahia\/","name":"ARMANDO AVENA: CIMATEC: \u00a0UMA VANTAGEM DA BAHIA - Bahia Economica","isPartOf":{"@id":"https:\/\/bahiaeconomica.com.br\/wp\/#website"},"datePublished":"2019-05-17T10:59:17+00:00","dateModified":"2019-05-17T10:59:17+00:00","description":"O maior portal de Economia da Bahia ARTIGOS, COLUNISTAS Bahia Economica","breadcrumb":{"@id":"https:\/\/bahiaeconomica.com.br\/wp\/2019\/05\/17\/armando-avena-cimatec-uma-vantagem-da-bahia\/#breadcrumb"},"inLanguage":"pt-BR","potentialAction":[{"@type":"ReadAction","target":["https:\/\/bahiaeconomica.com.br\/wp\/2019\/05\/17\/armando-avena-cimatec-uma-vantagem-da-bahia\/"]}]},{"@type":"BreadcrumbList","@id":"https:\/\/bahiaeconomica.com.br\/wp\/2019\/05\/17\/armando-avena-cimatec-uma-vantagem-da-bahia\/#breadcrumb","itemListElement":[{"@type":"ListItem","position":1,"name":"In\u00edcio","item":"https:\/\/bahiaeconomica.com.br\/wp\/"},{"@type":"ListItem","position":2,"name":"ARMANDO AVENA: CIMATEC: \u00a0UMA VANTAGEM DA BAHIA"}]},{"@type":"WebSite","@id":"https:\/\/bahiaeconomica.com.br\/wp\/#website","url":"https:\/\/bahiaeconomica.com.br\/wp\/","name":"Bahia Economica","description":"O maior portal de Economia da Bahia","publisher":{"@id":"https:\/\/bahiaeconomica.com.br\/wp\/#organization"},"potentialAction":[{"@type":"SearchAction","target":{"@type":"EntryPoint","urlTemplate":"https:\/\/bahiaeconomica.com.br\/wp\/?s={search_term_string}"},"query-input":"required name=search_term_string"}],"inLanguage":"pt-BR"},{"@type":"Organization","@id":"https:\/\/bahiaeconomica.com.br\/wp\/#organization","name":"Bahia Econ\u00f4mica","url":"https:\/\/bahiaeconomica.com.br\/wp\/","logo":{"@type":"ImageObject","inLanguage":"pt-BR","@id":"https:\/\/bahiaeconomica.com.br\/wp\/#\/schema\/logo\/image\/","url":"https:\/\/bahiaeconomica.com.br\/wp\/wp-content\/uploads\/2020\/12\/cropped-BE.png","contentUrl":"https:\/\/bahiaeconomica.com.br\/wp\/wp-content\/uploads\/2020\/12\/cropped-BE.png","width":512,"height":512,"caption":"Bahia Econ\u00f4mica"},"image":{"@id":"https:\/\/bahiaeconomica.com.br\/wp\/#\/schema\/logo\/image\/"},"sameAs":["https:\/\/www.facebook.com\/bahiaeconomica"]},{"@type":"Person","@id":"https:\/\/bahiaeconomica.com.br\/wp\/#\/schema\/person\/cb1ab5ba96ad3d9390805381c76284ec","name":"admin","url":"https:\/\/bahiaeconomica.com.br\/wp\/author\/admin\/"}]}},"views":23,"_links":{"self":[{"href":"https:\/\/bahiaeconomica.com.br\/wp\/wp-json\/wp\/v2\/posts\/330088"}],"collection":[{"href":"https:\/\/bahiaeconomica.com.br\/wp\/wp-json\/wp\/v2\/posts"}],"about":[{"href":"https:\/\/bahiaeconomica.com.br\/wp\/wp-json\/wp\/v2\/types\/post"}],"author":[{"embeddable":true,"href":"https:\/\/bahiaeconomica.com.br\/wp\/wp-json\/wp\/v2\/users\/1"}],"replies":[{"embeddable":true,"href":"https:\/\/bahiaeconomica.com.br\/wp\/wp-json\/wp\/v2\/comments?post=330088"}],"version-history":[{"count":1,"href":"https:\/\/bahiaeconomica.com.br\/wp\/wp-json\/wp\/v2\/posts\/330088\/revisions"}],"predecessor-version":[{"id":330095,"href":"https:\/\/bahiaeconomica.com.br\/wp\/wp-json\/wp\/v2\/posts\/330088\/revisions\/330095"}],"wp:featuredmedia":[{"embeddable":true,"href":"https:\/\/bahiaeconomica.com.br\/wp\/wp-json\/wp\/v2\/media\/417"}],"wp:attachment":[{"href":"https:\/\/bahiaeconomica.com.br\/wp\/wp-json\/wp\/v2\/media?parent=330088"}],"wp:term":[{"taxonomy":"category","embeddable":true,"href":"https:\/\/bahiaeconomica.com.br\/wp\/wp-json\/wp\/v2\/categories?post=330088"},{"taxonomy":"post_tag","embeddable":true,"href":"https:\/\/bahiaeconomica.com.br\/wp\/wp-json\/wp\/v2\/tags?post=330088"}],"curies":[{"name":"wp","href":"https:\/\/api.w.org\/{rel}","templated":true}]}}