{"id":329628,"date":"2019-05-16T14:36:53","date_gmt":"2019-05-16T17:36:53","guid":{"rendered":"https:\/\/bahiaeconomica.com.br\/wp\/beta\/?p=329628"},"modified":"2019-05-16T14:09:55","modified_gmt":"2019-05-16T17:09:55","slug":"bolsonaro-critica-quebra-de-sigilo-do-filho","status":"publish","type":"post","link":"https:\/\/bahiaeconomica.com.br\/wp\/2019\/05\/16\/bolsonaro-critica-quebra-de-sigilo-do-filho\/","title":{"rendered":"BOLSONARO CRITICA QUEBRA DE SIGILO DO FILHO"},"content":{"rendered":"<p style=\"text-align: justify;\">O presidente Jair Bolsonaro afirmou na manh\u00e3 desta quinta-feira que seu filho, o senador Fl\u00e1vio Bolsonaro , est\u00e1 sendo perseguido pelo Minist\u00e9rio P\u00fablico (MP) atrav\u00e9s das investiga\u00e7\u00f5es que apuram poss\u00edveis irregularidades financeiras a partir de pistas apontadas pelo Conselho de Controle de Atividades Financeiras (Coaf) . \u2014 Agora, est\u00e3o fazendo esculacho em cima do meu filho. Querem me atingir? Venham para cima de mim! Querem quebrar meu sigilo, eu sei que tem que ter um fato, mas eu abro o meu sigilo. N\u00e3o v\u00e3o me pegar \u2014 afirmou o presidente durante no \u00faltimo dia de agenda em Dallas, no Texas, para onde viajou na ter\u00e7a-feira.<\/p>\n<p style=\"text-align: justify;\">Em material apresentado \u00e0 Justi\u00e7a do Rio para pedir a quebra do sigilo de Fl\u00e1vio e de outras 94 pessoas, o MP apontou ind\u00edcios da exist\u00eancia de uma \u201corganiza\u00e7\u00e3o criminosa\u201d no gabinete dele enquanto deputado estadual na Assembleia Legislativa do Rio (Alerj).Al\u00e9m do MP, Bolsonaro estendeu as cr\u00edticas \u00e0 imprensa pela divulga\u00e7\u00e3o de informa\u00e7\u00f5es que envolvem a investiga\u00e7\u00e3o: \u2014 Mas grandes setores da m\u00eddia n\u00e3o est\u00e3o satisfeitos com o meu governo. \u00c9 governo de austeridade, de responsabilidade com o dinheiro p\u00fablico. \u00c9 um governo que n\u00e3o vai mentir e n\u00e3o vai aceitar negocia\u00e7\u00f5es, n\u00e3o vai aceitar conchavos para atender interesse de quem quer que seja. E ponto final.<\/p>\n<p style=\"text-align: justify;\">Bolsonaro tamb\u00e9m recomendou que os jornalistas procurassem Fl\u00e1vio se quisessem saber detalhes sobre o caso e reclamou sobre a &#8220;carga desproporcional e descomunal&#8221; que, segundo ele, pesa sob o filho.<\/p>\n","protected":false},"excerpt":{"rendered":"<p>O presidente Jair Bolsonaro afirmou na manh\u00e3 desta quinta-feira que seu filho, o senador Fl\u00e1vio Bolsonaro , est\u00e1 sendo perseguido pelo Minist\u00e9rio P\u00fablico (MP) atrav\u00e9s das investiga\u00e7\u00f5es que apuram poss\u00edveis irregularidades financeiras a partir de pistas apontadas pelo Conselho de Controle de Atividades Financeiras (Coaf) . \u2014 Agora, est\u00e3o fazendo esculacho em cima do meu [&hellip;]<\/p>\n","protected":false},"author":1,"featured_media":321505,"comment_status":"closed","ping_status":"closed","sticky":false,"template":"","format":"standard","meta":[],"categories":[14,3],"tags":[],"acf":[],"yoast_head":"<!-- This site is optimized with the Yoast SEO plugin v20.8 - https:\/\/yoast.com\/wordpress\/plugins\/seo\/ -->\n<title>BOLSONARO CRITICA QUEBRA DE SIGILO DO FILHO - Bahia Economica<\/title>\n<meta name=\"description\" content=\"O maior portal de Economia da Bahia DESTAQUE DO DIA, ECONOMIA \/ POL\u00cdTICA Bahia Economica\" \/>\n<meta name=\"robots\" content=\"index, follow, max-snippet:-1, max-image-preview:large, max-video-preview:-1\" \/>\n<link rel=\"canonical\" href=\"https:\/\/bahiaeconomica.com.br\/wp\/2019\/05\/16\/bolsonaro-critica-quebra-de-sigilo-do-filho\/\" \/>\n<meta property=\"og:locale\" content=\"pt_BR\" \/>\n<meta property=\"og:type\" content=\"article\" \/>\n<meta property=\"og:title\" content=\"BOLSONARO CRITICA QUEBRA DE SIGILO DO FILHO - Bahia Economica\" \/>\n<meta property=\"og:description\" content=\"O maior portal de Economia da Bahia DESTAQUE DO DIA, ECONOMIA \/ POL\u00cdTICA Bahia Economica\" \/>\n<meta property=\"og:url\" content=\"https:\/\/bahiaeconomica.com.br\/wp\/2019\/05\/16\/bolsonaro-critica-quebra-de-sigilo-do-filho\/\" \/>\n<meta property=\"og:site_name\" content=\"Bahia Economica\" \/>\n<meta property=\"article:publisher\" content=\"https:\/\/www.facebook.com\/bahiaeconomica\" \/>\n<meta property=\"article:published_time\" content=\"2019-05-16T17:36:53+00:00\" \/>\n<meta property=\"article:modified_time\" content=\"2019-05-16T17:09:55+00:00\" \/>\n<meta property=\"og:image\" content=\"https:\/\/bahiaeconomica.com.br\/wp\/wp-content\/uploads\/2019\/05\/B-e1556919867835.jpg\" \/>\n\t<meta property=\"og:image:width\" content=\"500\" \/>\n\t<meta property=\"og:image:height\" content=\"333\" \/>\n\t<meta property=\"og:image:type\" content=\"image\/jpeg\" \/>\n<meta name=\"author\" content=\"admin\" \/>\n<meta name=\"twitter:card\" content=\"summary_large_image\" \/>\n<meta name=\"twitter:label1\" content=\"Escrito por\" \/>\n\t<meta name=\"twitter:data1\" content=\"admin\" \/>\n\t<meta name=\"twitter:label2\" content=\"Est. tempo de leitura\" \/>\n\t<meta name=\"twitter:data2\" content=\"1 minuto\" \/>\n<script type=\"application\/ld+json\" class=\"yoast-schema-graph\">{\"@context\":\"https:\/\/schema.org\",\"@graph\":[{\"@type\":\"Article\",\"@id\":\"https:\/\/bahiaeconomica.com.br\/wp\/2019\/05\/16\/bolsonaro-critica-quebra-de-sigilo-do-filho\/#article\",\"isPartOf\":{\"@id\":\"https:\/\/bahiaeconomica.com.br\/wp\/2019\/05\/16\/bolsonaro-critica-quebra-de-sigilo-do-filho\/\"},\"author\":{\"name\":\"admin\",\"@id\":\"https:\/\/bahiaeconomica.com.br\/wp\/#\/schema\/person\/cb1ab5ba96ad3d9390805381c76284ec\"},\"headline\":\"BOLSONARO CRITICA QUEBRA DE SIGILO DO FILHO\",\"datePublished\":\"2019-05-16T17:36:53+00:00\",\"dateModified\":\"2019-05-16T17:09:55+00:00\",\"mainEntityOfPage\":{\"@id\":\"https:\/\/bahiaeconomica.com.br\/wp\/2019\/05\/16\/bolsonaro-critica-quebra-de-sigilo-do-filho\/\"},\"wordCount\":271,\"publisher\":{\"@id\":\"https:\/\/bahiaeconomica.com.br\/wp\/#organization\"},\"articleSection\":[\"DESTAQUE DO DIA\",\"ECONOMIA \/ POL\u00cdTICA\"],\"inLanguage\":\"pt-BR\"},{\"@type\":\"WebPage\",\"@id\":\"https:\/\/bahiaeconomica.com.br\/wp\/2019\/05\/16\/bolsonaro-critica-quebra-de-sigilo-do-filho\/\",\"url\":\"https:\/\/bahiaeconomica.com.br\/wp\/2019\/05\/16\/bolsonaro-critica-quebra-de-sigilo-do-filho\/\",\"name\":\"BOLSONARO CRITICA QUEBRA DE SIGILO DO FILHO - Bahia Economica\",\"isPartOf\":{\"@id\":\"https:\/\/bahiaeconomica.com.br\/wp\/#website\"},\"datePublished\":\"2019-05-16T17:36:53+00:00\",\"dateModified\":\"2019-05-16T17:09:55+00:00\",\"description\":\"O maior portal de Economia da Bahia DESTAQUE DO DIA, ECONOMIA \/ POL\u00cdTICA Bahia Economica\",\"breadcrumb\":{\"@id\":\"https:\/\/bahiaeconomica.com.br\/wp\/2019\/05\/16\/bolsonaro-critica-quebra-de-sigilo-do-filho\/#breadcrumb\"},\"inLanguage\":\"pt-BR\",\"potentialAction\":[{\"@type\":\"ReadAction\",\"target\":[\"https:\/\/bahiaeconomica.com.br\/wp\/2019\/05\/16\/bolsonaro-critica-quebra-de-sigilo-do-filho\/\"]}]},{\"@type\":\"BreadcrumbList\",\"@id\":\"https:\/\/bahiaeconomica.com.br\/wp\/2019\/05\/16\/bolsonaro-critica-quebra-de-sigilo-do-filho\/#breadcrumb\",\"itemListElement\":[{\"@type\":\"ListItem\",\"position\":1,\"name\":\"In\u00edcio\",\"item\":\"https:\/\/bahiaeconomica.com.br\/wp\/\"},{\"@type\":\"ListItem\",\"position\":2,\"name\":\"BOLSONARO CRITICA QUEBRA DE SIGILO DO FILHO\"}]},{\"@type\":\"WebSite\",\"@id\":\"https:\/\/bahiaeconomica.com.br\/wp\/#website\",\"url\":\"https:\/\/bahiaeconomica.com.br\/wp\/\",\"name\":\"Bahia Economica\",\"description\":\"O maior portal de Economia da Bahia\",\"publisher\":{\"@id\":\"https:\/\/bahiaeconomica.com.br\/wp\/#organization\"},\"potentialAction\":[{\"@type\":\"SearchAction\",\"target\":{\"@type\":\"EntryPoint\",\"urlTemplate\":\"https:\/\/bahiaeconomica.com.br\/wp\/?s={search_term_string}\"},\"query-input\":\"required name=search_term_string\"}],\"inLanguage\":\"pt-BR\"},{\"@type\":\"Organization\",\"@id\":\"https:\/\/bahiaeconomica.com.br\/wp\/#organization\",\"name\":\"Bahia Econ\u00f4mica\",\"url\":\"https:\/\/bahiaeconomica.com.br\/wp\/\",\"logo\":{\"@type\":\"ImageObject\",\"inLanguage\":\"pt-BR\",\"@id\":\"https:\/\/bahiaeconomica.com.br\/wp\/#\/schema\/logo\/image\/\",\"url\":\"https:\/\/bahiaeconomica.com.br\/wp\/wp-content\/uploads\/2020\/12\/cropped-BE.png\",\"contentUrl\":\"https:\/\/bahiaeconomica.com.br\/wp\/wp-content\/uploads\/2020\/12\/cropped-BE.png\",\"width\":512,\"height\":512,\"caption\":\"Bahia Econ\u00f4mica\"},\"image\":{\"@id\":\"https:\/\/bahiaeconomica.com.br\/wp\/#\/schema\/logo\/image\/\"},\"sameAs\":[\"https:\/\/www.facebook.com\/bahiaeconomica\"]},{\"@type\":\"Person\",\"@id\":\"https:\/\/bahiaeconomica.com.br\/wp\/#\/schema\/person\/cb1ab5ba96ad3d9390805381c76284ec\",\"name\":\"admin\",\"url\":\"https:\/\/bahiaeconomica.com.br\/wp\/author\/admin\/\"}]}<\/script>\n<!-- \/ Yoast SEO plugin. -->","yoast_head_json":{"title":"BOLSONARO CRITICA QUEBRA DE SIGILO DO FILHO - Bahia Economica","description":"O maior portal de Economia da Bahia DESTAQUE DO DIA, ECONOMIA \/ POL\u00cdTICA Bahia Economica","robots":{"index":"index","follow":"follow","max-snippet":"max-snippet:-1","max-image-preview":"max-image-preview:large","max-video-preview":"max-video-preview:-1"},"canonical":"https:\/\/bahiaeconomica.com.br\/wp\/2019\/05\/16\/bolsonaro-critica-quebra-de-sigilo-do-filho\/","og_locale":"pt_BR","og_type":"article","og_title":"BOLSONARO CRITICA QUEBRA DE SIGILO DO FILHO - Bahia Economica","og_description":"O maior portal de Economia da Bahia DESTAQUE DO DIA, ECONOMIA \/ POL\u00cdTICA Bahia Economica","og_url":"https:\/\/bahiaeconomica.com.br\/wp\/2019\/05\/16\/bolsonaro-critica-quebra-de-sigilo-do-filho\/","og_site_name":"Bahia Economica","article_publisher":"https:\/\/www.facebook.com\/bahiaeconomica","article_published_time":"2019-05-16T17:36:53+00:00","article_modified_time":"2019-05-16T17:09:55+00:00","og_image":[{"width":500,"height":333,"url":"https:\/\/bahiaeconomica.com.br\/wp\/wp-content\/uploads\/2019\/05\/B-e1556919867835.jpg","type":"image\/jpeg"}],"author":"admin","twitter_card":"summary_large_image","twitter_misc":{"Escrito por":"admin","Est. tempo de leitura":"1 minuto"},"schema":{"@context":"https:\/\/schema.org","@graph":[{"@type":"Article","@id":"https:\/\/bahiaeconomica.com.br\/wp\/2019\/05\/16\/bolsonaro-critica-quebra-de-sigilo-do-filho\/#article","isPartOf":{"@id":"https:\/\/bahiaeconomica.com.br\/wp\/2019\/05\/16\/bolsonaro-critica-quebra-de-sigilo-do-filho\/"},"author":{"name":"admin","@id":"https:\/\/bahiaeconomica.com.br\/wp\/#\/schema\/person\/cb1ab5ba96ad3d9390805381c76284ec"},"headline":"BOLSONARO CRITICA QUEBRA DE SIGILO DO FILHO","datePublished":"2019-05-16T17:36:53+00:00","dateModified":"2019-05-16T17:09:55+00:00","mainEntityOfPage":{"@id":"https:\/\/bahiaeconomica.com.br\/wp\/2019\/05\/16\/bolsonaro-critica-quebra-de-sigilo-do-filho\/"},"wordCount":271,"publisher":{"@id":"https:\/\/bahiaeconomica.com.br\/wp\/#organization"},"articleSection":["DESTAQUE DO DIA","ECONOMIA \/ POL\u00cdTICA"],"inLanguage":"pt-BR"},{"@type":"WebPage","@id":"https:\/\/bahiaeconomica.com.br\/wp\/2019\/05\/16\/bolsonaro-critica-quebra-de-sigilo-do-filho\/","url":"https:\/\/bahiaeconomica.com.br\/wp\/2019\/05\/16\/bolsonaro-critica-quebra-de-sigilo-do-filho\/","name":"BOLSONARO CRITICA QUEBRA DE SIGILO DO FILHO - Bahia Economica","isPartOf":{"@id":"https:\/\/bahiaeconomica.com.br\/wp\/#website"},"datePublished":"2019-05-16T17:36:53+00:00","dateModified":"2019-05-16T17:09:55+00:00","description":"O maior portal de Economia da Bahia DESTAQUE DO DIA, ECONOMIA \/ POL\u00cdTICA Bahia Economica","breadcrumb":{"@id":"https:\/\/bahiaeconomica.com.br\/wp\/2019\/05\/16\/bolsonaro-critica-quebra-de-sigilo-do-filho\/#breadcrumb"},"inLanguage":"pt-BR","potentialAction":[{"@type":"ReadAction","target":["https:\/\/bahiaeconomica.com.br\/wp\/2019\/05\/16\/bolsonaro-critica-quebra-de-sigilo-do-filho\/"]}]},{"@type":"BreadcrumbList","@id":"https:\/\/bahiaeconomica.com.br\/wp\/2019\/05\/16\/bolsonaro-critica-quebra-de-sigilo-do-filho\/#breadcrumb","itemListElement":[{"@type":"ListItem","position":1,"name":"In\u00edcio","item":"https:\/\/bahiaeconomica.com.br\/wp\/"},{"@type":"ListItem","position":2,"name":"BOLSONARO CRITICA QUEBRA DE SIGILO DO FILHO"}]},{"@type":"WebSite","@id":"https:\/\/bahiaeconomica.com.br\/wp\/#website","url":"https:\/\/bahiaeconomica.com.br\/wp\/","name":"Bahia Economica","description":"O maior portal de Economia da Bahia","publisher":{"@id":"https:\/\/bahiaeconomica.com.br\/wp\/#organization"},"potentialAction":[{"@type":"SearchAction","target":{"@type":"EntryPoint","urlTemplate":"https:\/\/bahiaeconomica.com.br\/wp\/?s={search_term_string}"},"query-input":"required name=search_term_string"}],"inLanguage":"pt-BR"},{"@type":"Organization","@id":"https:\/\/bahiaeconomica.com.br\/wp\/#organization","name":"Bahia Econ\u00f4mica","url":"https:\/\/bahiaeconomica.com.br\/wp\/","logo":{"@type":"ImageObject","inLanguage":"pt-BR","@id":"https:\/\/bahiaeconomica.com.br\/wp\/#\/schema\/logo\/image\/","url":"https:\/\/bahiaeconomica.com.br\/wp\/wp-content\/uploads\/2020\/12\/cropped-BE.png","contentUrl":"https:\/\/bahiaeconomica.com.br\/wp\/wp-content\/uploads\/2020\/12\/cropped-BE.png","width":512,"height":512,"caption":"Bahia Econ\u00f4mica"},"image":{"@id":"https:\/\/bahiaeconomica.com.br\/wp\/#\/schema\/logo\/image\/"},"sameAs":["https:\/\/www.facebook.com\/bahiaeconomica"]},{"@type":"Person","@id":"https:\/\/bahiaeconomica.com.br\/wp\/#\/schema\/person\/cb1ab5ba96ad3d9390805381c76284ec","name":"admin","url":"https:\/\/bahiaeconomica.com.br\/wp\/author\/admin\/"}]}},"views":4,"_links":{"self":[{"href":"https:\/\/bahiaeconomica.com.br\/wp\/wp-json\/wp\/v2\/posts\/329628"}],"collection":[{"href":"https:\/\/bahiaeconomica.com.br\/wp\/wp-json\/wp\/v2\/posts"}],"about":[{"href":"https:\/\/bahiaeconomica.com.br\/wp\/wp-json\/wp\/v2\/types\/post"}],"author":[{"embeddable":true,"href":"https:\/\/bahiaeconomica.com.br\/wp\/wp-json\/wp\/v2\/users\/1"}],"replies":[{"embeddable":true,"href":"https:\/\/bahiaeconomica.com.br\/wp\/wp-json\/wp\/v2\/comments?post=329628"}],"version-history":[{"count":1,"href":"https:\/\/bahiaeconomica.com.br\/wp\/wp-json\/wp\/v2\/posts\/329628\/revisions"}],"predecessor-version":[{"id":329629,"href":"https:\/\/bahiaeconomica.com.br\/wp\/wp-json\/wp\/v2\/posts\/329628\/revisions\/329629"}],"wp:featuredmedia":[{"embeddable":true,"href":"https:\/\/bahiaeconomica.com.br\/wp\/wp-json\/wp\/v2\/media\/321505"}],"wp:attachment":[{"href":"https:\/\/bahiaeconomica.com.br\/wp\/wp-json\/wp\/v2\/media?parent=329628"}],"wp:term":[{"taxonomy":"category","embeddable":true,"href":"https:\/\/bahiaeconomica.com.br\/wp\/wp-json\/wp\/v2\/categories?post=329628"},{"taxonomy":"post_tag","embeddable":true,"href":"https:\/\/bahiaeconomica.com.br\/wp\/wp-json\/wp\/v2\/tags?post=329628"}],"curies":[{"name":"wp","href":"https:\/\/api.w.org\/{rel}","templated":true}]}}