{"id":328464,"date":"2019-05-15T11:00:31","date_gmt":"2019-05-15T14:00:31","guid":{"rendered":"https:\/\/bahiaeconomica.com.br\/wp\/beta\/?p=328464"},"modified":"2019-05-15T11:12:20","modified_gmt":"2019-05-15T14:12:20","slug":"lider-do-psol-bahia-afirma-que-educacao-nunca-foi-tao-atacada-no-brasil","status":"publish","type":"post","link":"https:\/\/bahiaeconomica.com.br\/wp\/2019\/05\/15\/lider-do-psol-bahia-afirma-que-educacao-nunca-foi-tao-atacada-no-brasil\/","title":{"rendered":"EM MANIFESTA\u00c7\u00c3O NO CAMPO GRANDE L\u00cdDER DO PSOL CRITICA CORTES NA EDUCA\u00c7\u00c3O\u00a0"},"content":{"rendered":"<p><strong>Por Jo\u00e3o Paulo Almeida\u00a0<\/strong><\/p>\n<p style=\"text-align: justify;\"><strong>Em contato com o portal Bahia Econ\u00f4mica<\/strong>, o l\u00edder do Psol na Bahia o professor F\u00e1bio Nogueira, que foi candidato ao senado nas elei\u00e7\u00f5es de 2018, condenou a seria de medidas que o governo federal tomou em rela\u00e7\u00e3o \u00e0 educa\u00e7\u00e3o no estado e no pa\u00eds. Segundo F\u00e1bio, esse \u00e9 um momento muito ruim para a educa\u00e7\u00e3o no Brasil.<\/p>\n<p style=\"text-align: justify;\">\u201cNunca na hist\u00f3ria do Brasil a educa\u00e7\u00e3o foi t\u00e3o atacada por um governo. As universidades federais perderam trinta por cento do seu or\u00e7amento, os professores da UNEB est\u00e3o parados numa greve leg\u00edtima e o governador insiste em manter os sal\u00e1rios cortados, e o governo n\u00e3o esclarece a falta de di\u00e1logo para o cancelamento do FUNCEB, atingindo a educa\u00e7\u00e3o b\u00e1sica. Ent\u00e3o n\u00f3s estamos aqui na rua em protesto para mostra a popula\u00e7\u00e3o que a educa\u00e7\u00e3o n\u00e3o pode ser t\u00e3o maltratada assim\u201d.<\/p>\n<p>De acordo com a organiza\u00e7\u00e3o, cerca de 25 mil pessoas participam do protesto. A Pol\u00edcia Militar n\u00e3o informou o n\u00famero de participantes. A concentra\u00e7\u00e3o come\u00e7ou por volta das 9h, e os manifestantes sa\u00edram em caminhada por volta das 10h. Pelo menos 75 das 102 universidades e institutos federais do Pa\u00eds convocaram protestos para esta quarta-feira (15), em resposta ao bloqueio de 30% dos or\u00e7amentos determinado pelo Minist\u00e9rio da Educa\u00e7\u00e3o (MEC).<\/p>\n<p>Eles ter\u00e3o apoio de universidades p\u00fablicas estaduais de diversos Estados &#8211; incluindo S\u00e3o Paulo, onde os reitores de USP, Unicamp e Unesp convocaram docentes e alunos para &#8220;debater&#8221; os rumos da \u00e1rea. Um dos alvos do protesto, o ministro da Educa\u00e7\u00e3o, Abraham Weintraub, disse nesta ter\u00e7a-feira, 14, que as universidades precisam deixar de ser tratadas como &#8220;torres de marfim&#8221; e n\u00e3o descartou novos contingenciamentos.<\/p>\n<p>Cientistas e pesquisadores de diversas institui\u00e7\u00f5es e estudantes de faculdades privadas tamb\u00e9m v\u00e3o aos protestos convocados. \u00c9 o caso, por exemplo, de PUC-SP e Mackenzie. Al\u00e9m da comunidade do ensino superior, a rede b\u00e1sica tamb\u00e9m aderiu \u00e0 paralisa\u00e7\u00e3o. Pelo menos 33 dos principais col\u00e9gios particulares de S\u00e3o Paulo v\u00e3o integrar o movimento, apesar da federa\u00e7\u00e3o nacional das escolas sugerir corte de ponto de funcion\u00e1rios faltosos.<\/p>\n","protected":false},"excerpt":{"rendered":"<p>Por Jo\u00e3o Paulo Almeida\u00a0 Em contato com o portal Bahia Econ\u00f4mica, o l\u00edder do Psol na Bahia o professor F\u00e1bio Nogueira, que foi candidato ao senado nas elei\u00e7\u00f5es de 2018, condenou a seria de medidas que o governo federal tomou em rela\u00e7\u00e3o \u00e0 educa\u00e7\u00e3o no estado e no pa\u00eds. Segundo F\u00e1bio, esse \u00e9 um momento [&hellip;]<\/p>\n","protected":false},"author":1,"featured_media":328466,"comment_status":"closed","ping_status":"closed","sticky":false,"template":"","format":"standard","meta":[],"categories":[3],"tags":[],"acf":[],"yoast_head":"<!-- This site is optimized with the Yoast SEO plugin v20.8 - https:\/\/yoast.com\/wordpress\/plugins\/seo\/ -->\n<title>EM MANIFESTA\u00c7\u00c3O NO CAMPO GRANDE L\u00cdDER DO PSOL CRITICA CORTES NA EDUCA\u00c7\u00c3O\u00a0 - Bahia Economica<\/title>\n<meta name=\"description\" content=\"O maior portal de Economia da Bahia ECONOMIA \/ POL\u00cdTICA Bahia Economica\" \/>\n<meta name=\"robots\" content=\"index, follow, max-snippet:-1, max-image-preview:large, max-video-preview:-1\" \/>\n<link rel=\"canonical\" href=\"https:\/\/bahiaeconomica.com.br\/wp\/2019\/05\/15\/lider-do-psol-bahia-afirma-que-educacao-nunca-foi-tao-atacada-no-brasil\/\" \/>\n<meta property=\"og:locale\" content=\"pt_BR\" \/>\n<meta property=\"og:type\" content=\"article\" \/>\n<meta property=\"og:title\" content=\"EM MANIFESTA\u00c7\u00c3O NO CAMPO GRANDE L\u00cdDER DO PSOL CRITICA CORTES NA EDUCA\u00c7\u00c3O\u00a0 - Bahia Economica\" \/>\n<meta property=\"og:description\" content=\"O maior portal de Economia da Bahia ECONOMIA \/ POL\u00cdTICA Bahia Economica\" \/>\n<meta property=\"og:url\" content=\"https:\/\/bahiaeconomica.com.br\/wp\/2019\/05\/15\/lider-do-psol-bahia-afirma-que-educacao-nunca-foi-tao-atacada-no-brasil\/\" \/>\n<meta property=\"og:site_name\" content=\"Bahia Economica\" \/>\n<meta property=\"article:publisher\" content=\"https:\/\/www.facebook.com\/bahiaeconomica\" \/>\n<meta property=\"article:published_time\" content=\"2019-05-15T14:00:31+00:00\" \/>\n<meta property=\"article:modified_time\" content=\"2019-05-15T14:12:20+00:00\" \/>\n<meta property=\"og:image\" content=\"https:\/\/bahiaeconomica.com.br\/wp\/wp-content\/uploads\/2019\/05\/650x375_fabio-nogueira_1670717fffffffffffffffff.jpg\" \/>\n\t<meta property=\"og:image:width\" content=\"500\" \/>\n\t<meta property=\"og:image:height\" content=\"300\" \/>\n\t<meta property=\"og:image:type\" content=\"image\/jpeg\" \/>\n<meta name=\"author\" content=\"admin\" \/>\n<meta name=\"twitter:card\" content=\"summary_large_image\" \/>\n<meta name=\"twitter:label1\" content=\"Escrito por\" \/>\n\t<meta name=\"twitter:data1\" content=\"admin\" \/>\n\t<meta name=\"twitter:label2\" content=\"Est. tempo de leitura\" \/>\n\t<meta name=\"twitter:data2\" content=\"2 minutos\" \/>\n<script type=\"application\/ld+json\" class=\"yoast-schema-graph\">{\"@context\":\"https:\/\/schema.org\",\"@graph\":[{\"@type\":\"Article\",\"@id\":\"https:\/\/bahiaeconomica.com.br\/wp\/2019\/05\/15\/lider-do-psol-bahia-afirma-que-educacao-nunca-foi-tao-atacada-no-brasil\/#article\",\"isPartOf\":{\"@id\":\"https:\/\/bahiaeconomica.com.br\/wp\/2019\/05\/15\/lider-do-psol-bahia-afirma-que-educacao-nunca-foi-tao-atacada-no-brasil\/\"},\"author\":{\"name\":\"admin\",\"@id\":\"https:\/\/bahiaeconomica.com.br\/wp\/#\/schema\/person\/cb1ab5ba96ad3d9390805381c76284ec\"},\"headline\":\"EM MANIFESTA\u00c7\u00c3O NO CAMPO GRANDE L\u00cdDER DO PSOL CRITICA CORTES NA EDUCA\u00c7\u00c3O\u00a0\",\"datePublished\":\"2019-05-15T14:00:31+00:00\",\"dateModified\":\"2019-05-15T14:12:20+00:00\",\"mainEntityOfPage\":{\"@id\":\"https:\/\/bahiaeconomica.com.br\/wp\/2019\/05\/15\/lider-do-psol-bahia-afirma-que-educacao-nunca-foi-tao-atacada-no-brasil\/\"},\"wordCount\":400,\"publisher\":{\"@id\":\"https:\/\/bahiaeconomica.com.br\/wp\/#organization\"},\"articleSection\":[\"ECONOMIA \/ POL\u00cdTICA\"],\"inLanguage\":\"pt-BR\"},{\"@type\":\"WebPage\",\"@id\":\"https:\/\/bahiaeconomica.com.br\/wp\/2019\/05\/15\/lider-do-psol-bahia-afirma-que-educacao-nunca-foi-tao-atacada-no-brasil\/\",\"url\":\"https:\/\/bahiaeconomica.com.br\/wp\/2019\/05\/15\/lider-do-psol-bahia-afirma-que-educacao-nunca-foi-tao-atacada-no-brasil\/\",\"name\":\"EM MANIFESTA\u00c7\u00c3O NO CAMPO GRANDE L\u00cdDER DO PSOL CRITICA CORTES NA EDUCA\u00c7\u00c3O\u00a0 - Bahia Economica\",\"isPartOf\":{\"@id\":\"https:\/\/bahiaeconomica.com.br\/wp\/#website\"},\"datePublished\":\"2019-05-15T14:00:31+00:00\",\"dateModified\":\"2019-05-15T14:12:20+00:00\",\"description\":\"O maior portal de Economia da Bahia ECONOMIA \/ POL\u00cdTICA Bahia Economica\",\"breadcrumb\":{\"@id\":\"https:\/\/bahiaeconomica.com.br\/wp\/2019\/05\/15\/lider-do-psol-bahia-afirma-que-educacao-nunca-foi-tao-atacada-no-brasil\/#breadcrumb\"},\"inLanguage\":\"pt-BR\",\"potentialAction\":[{\"@type\":\"ReadAction\",\"target\":[\"https:\/\/bahiaeconomica.com.br\/wp\/2019\/05\/15\/lider-do-psol-bahia-afirma-que-educacao-nunca-foi-tao-atacada-no-brasil\/\"]}]},{\"@type\":\"BreadcrumbList\",\"@id\":\"https:\/\/bahiaeconomica.com.br\/wp\/2019\/05\/15\/lider-do-psol-bahia-afirma-que-educacao-nunca-foi-tao-atacada-no-brasil\/#breadcrumb\",\"itemListElement\":[{\"@type\":\"ListItem\",\"position\":1,\"name\":\"In\u00edcio\",\"item\":\"https:\/\/bahiaeconomica.com.br\/wp\/\"},{\"@type\":\"ListItem\",\"position\":2,\"name\":\"EM MANIFESTA\u00c7\u00c3O NO CAMPO GRANDE L\u00cdDER DO PSOL CRITICA CORTES NA EDUCA\u00c7\u00c3O\u00a0\"}]},{\"@type\":\"WebSite\",\"@id\":\"https:\/\/bahiaeconomica.com.br\/wp\/#website\",\"url\":\"https:\/\/bahiaeconomica.com.br\/wp\/\",\"name\":\"Bahia Economica\",\"description\":\"O maior portal de Economia da Bahia\",\"publisher\":{\"@id\":\"https:\/\/bahiaeconomica.com.br\/wp\/#organization\"},\"potentialAction\":[{\"@type\":\"SearchAction\",\"target\":{\"@type\":\"EntryPoint\",\"urlTemplate\":\"https:\/\/bahiaeconomica.com.br\/wp\/?s={search_term_string}\"},\"query-input\":\"required name=search_term_string\"}],\"inLanguage\":\"pt-BR\"},{\"@type\":\"Organization\",\"@id\":\"https:\/\/bahiaeconomica.com.br\/wp\/#organization\",\"name\":\"Bahia Econ\u00f4mica\",\"url\":\"https:\/\/bahiaeconomica.com.br\/wp\/\",\"logo\":{\"@type\":\"ImageObject\",\"inLanguage\":\"pt-BR\",\"@id\":\"https:\/\/bahiaeconomica.com.br\/wp\/#\/schema\/logo\/image\/\",\"url\":\"https:\/\/bahiaeconomica.com.br\/wp\/wp-content\/uploads\/2020\/12\/cropped-BE.png\",\"contentUrl\":\"https:\/\/bahiaeconomica.com.br\/wp\/wp-content\/uploads\/2020\/12\/cropped-BE.png\",\"width\":512,\"height\":512,\"caption\":\"Bahia Econ\u00f4mica\"},\"image\":{\"@id\":\"https:\/\/bahiaeconomica.com.br\/wp\/#\/schema\/logo\/image\/\"},\"sameAs\":[\"https:\/\/www.facebook.com\/bahiaeconomica\"]},{\"@type\":\"Person\",\"@id\":\"https:\/\/bahiaeconomica.com.br\/wp\/#\/schema\/person\/cb1ab5ba96ad3d9390805381c76284ec\",\"name\":\"admin\",\"url\":\"https:\/\/bahiaeconomica.com.br\/wp\/author\/admin\/\"}]}<\/script>\n<!-- \/ Yoast SEO plugin. -->","yoast_head_json":{"title":"EM MANIFESTA\u00c7\u00c3O NO CAMPO GRANDE L\u00cdDER DO PSOL CRITICA CORTES NA EDUCA\u00c7\u00c3O\u00a0 - Bahia Economica","description":"O maior portal de Economia da Bahia ECONOMIA \/ POL\u00cdTICA Bahia Economica","robots":{"index":"index","follow":"follow","max-snippet":"max-snippet:-1","max-image-preview":"max-image-preview:large","max-video-preview":"max-video-preview:-1"},"canonical":"https:\/\/bahiaeconomica.com.br\/wp\/2019\/05\/15\/lider-do-psol-bahia-afirma-que-educacao-nunca-foi-tao-atacada-no-brasil\/","og_locale":"pt_BR","og_type":"article","og_title":"EM MANIFESTA\u00c7\u00c3O NO CAMPO GRANDE L\u00cdDER DO PSOL CRITICA CORTES NA EDUCA\u00c7\u00c3O\u00a0 - Bahia Economica","og_description":"O maior portal de Economia da Bahia ECONOMIA \/ POL\u00cdTICA Bahia Economica","og_url":"https:\/\/bahiaeconomica.com.br\/wp\/2019\/05\/15\/lider-do-psol-bahia-afirma-que-educacao-nunca-foi-tao-atacada-no-brasil\/","og_site_name":"Bahia Economica","article_publisher":"https:\/\/www.facebook.com\/bahiaeconomica","article_published_time":"2019-05-15T14:00:31+00:00","article_modified_time":"2019-05-15T14:12:20+00:00","og_image":[{"width":500,"height":300,"url":"https:\/\/bahiaeconomica.com.br\/wp\/wp-content\/uploads\/2019\/05\/650x375_fabio-nogueira_1670717fffffffffffffffff.jpg","type":"image\/jpeg"}],"author":"admin","twitter_card":"summary_large_image","twitter_misc":{"Escrito por":"admin","Est. tempo de leitura":"2 minutos"},"schema":{"@context":"https:\/\/schema.org","@graph":[{"@type":"Article","@id":"https:\/\/bahiaeconomica.com.br\/wp\/2019\/05\/15\/lider-do-psol-bahia-afirma-que-educacao-nunca-foi-tao-atacada-no-brasil\/#article","isPartOf":{"@id":"https:\/\/bahiaeconomica.com.br\/wp\/2019\/05\/15\/lider-do-psol-bahia-afirma-que-educacao-nunca-foi-tao-atacada-no-brasil\/"},"author":{"name":"admin","@id":"https:\/\/bahiaeconomica.com.br\/wp\/#\/schema\/person\/cb1ab5ba96ad3d9390805381c76284ec"},"headline":"EM MANIFESTA\u00c7\u00c3O NO CAMPO GRANDE L\u00cdDER DO PSOL CRITICA CORTES NA EDUCA\u00c7\u00c3O\u00a0","datePublished":"2019-05-15T14:00:31+00:00","dateModified":"2019-05-15T14:12:20+00:00","mainEntityOfPage":{"@id":"https:\/\/bahiaeconomica.com.br\/wp\/2019\/05\/15\/lider-do-psol-bahia-afirma-que-educacao-nunca-foi-tao-atacada-no-brasil\/"},"wordCount":400,"publisher":{"@id":"https:\/\/bahiaeconomica.com.br\/wp\/#organization"},"articleSection":["ECONOMIA \/ POL\u00cdTICA"],"inLanguage":"pt-BR"},{"@type":"WebPage","@id":"https:\/\/bahiaeconomica.com.br\/wp\/2019\/05\/15\/lider-do-psol-bahia-afirma-que-educacao-nunca-foi-tao-atacada-no-brasil\/","url":"https:\/\/bahiaeconomica.com.br\/wp\/2019\/05\/15\/lider-do-psol-bahia-afirma-que-educacao-nunca-foi-tao-atacada-no-brasil\/","name":"EM MANIFESTA\u00c7\u00c3O NO CAMPO GRANDE L\u00cdDER DO PSOL CRITICA CORTES NA EDUCA\u00c7\u00c3O\u00a0 - Bahia Economica","isPartOf":{"@id":"https:\/\/bahiaeconomica.com.br\/wp\/#website"},"datePublished":"2019-05-15T14:00:31+00:00","dateModified":"2019-05-15T14:12:20+00:00","description":"O maior portal de Economia da Bahia ECONOMIA \/ POL\u00cdTICA Bahia Economica","breadcrumb":{"@id":"https:\/\/bahiaeconomica.com.br\/wp\/2019\/05\/15\/lider-do-psol-bahia-afirma-que-educacao-nunca-foi-tao-atacada-no-brasil\/#breadcrumb"},"inLanguage":"pt-BR","potentialAction":[{"@type":"ReadAction","target":["https:\/\/bahiaeconomica.com.br\/wp\/2019\/05\/15\/lider-do-psol-bahia-afirma-que-educacao-nunca-foi-tao-atacada-no-brasil\/"]}]},{"@type":"BreadcrumbList","@id":"https:\/\/bahiaeconomica.com.br\/wp\/2019\/05\/15\/lider-do-psol-bahia-afirma-que-educacao-nunca-foi-tao-atacada-no-brasil\/#breadcrumb","itemListElement":[{"@type":"ListItem","position":1,"name":"In\u00edcio","item":"https:\/\/bahiaeconomica.com.br\/wp\/"},{"@type":"ListItem","position":2,"name":"EM MANIFESTA\u00c7\u00c3O NO CAMPO GRANDE L\u00cdDER DO PSOL CRITICA CORTES NA EDUCA\u00c7\u00c3O\u00a0"}]},{"@type":"WebSite","@id":"https:\/\/bahiaeconomica.com.br\/wp\/#website","url":"https:\/\/bahiaeconomica.com.br\/wp\/","name":"Bahia Economica","description":"O maior portal de Economia da Bahia","publisher":{"@id":"https:\/\/bahiaeconomica.com.br\/wp\/#organization"},"potentialAction":[{"@type":"SearchAction","target":{"@type":"EntryPoint","urlTemplate":"https:\/\/bahiaeconomica.com.br\/wp\/?s={search_term_string}"},"query-input":"required name=search_term_string"}],"inLanguage":"pt-BR"},{"@type":"Organization","@id":"https:\/\/bahiaeconomica.com.br\/wp\/#organization","name":"Bahia Econ\u00f4mica","url":"https:\/\/bahiaeconomica.com.br\/wp\/","logo":{"@type":"ImageObject","inLanguage":"pt-BR","@id":"https:\/\/bahiaeconomica.com.br\/wp\/#\/schema\/logo\/image\/","url":"https:\/\/bahiaeconomica.com.br\/wp\/wp-content\/uploads\/2020\/12\/cropped-BE.png","contentUrl":"https:\/\/bahiaeconomica.com.br\/wp\/wp-content\/uploads\/2020\/12\/cropped-BE.png","width":512,"height":512,"caption":"Bahia Econ\u00f4mica"},"image":{"@id":"https:\/\/bahiaeconomica.com.br\/wp\/#\/schema\/logo\/image\/"},"sameAs":["https:\/\/www.facebook.com\/bahiaeconomica"]},{"@type":"Person","@id":"https:\/\/bahiaeconomica.com.br\/wp\/#\/schema\/person\/cb1ab5ba96ad3d9390805381c76284ec","name":"admin","url":"https:\/\/bahiaeconomica.com.br\/wp\/author\/admin\/"}]}},"views":1,"_links":{"self":[{"href":"https:\/\/bahiaeconomica.com.br\/wp\/wp-json\/wp\/v2\/posts\/328464"}],"collection":[{"href":"https:\/\/bahiaeconomica.com.br\/wp\/wp-json\/wp\/v2\/posts"}],"about":[{"href":"https:\/\/bahiaeconomica.com.br\/wp\/wp-json\/wp\/v2\/types\/post"}],"author":[{"embeddable":true,"href":"https:\/\/bahiaeconomica.com.br\/wp\/wp-json\/wp\/v2\/users\/1"}],"replies":[{"embeddable":true,"href":"https:\/\/bahiaeconomica.com.br\/wp\/wp-json\/wp\/v2\/comments?post=328464"}],"version-history":[{"count":4,"href":"https:\/\/bahiaeconomica.com.br\/wp\/wp-json\/wp\/v2\/posts\/328464\/revisions"}],"predecessor-version":[{"id":328537,"href":"https:\/\/bahiaeconomica.com.br\/wp\/wp-json\/wp\/v2\/posts\/328464\/revisions\/328537"}],"wp:featuredmedia":[{"embeddable":true,"href":"https:\/\/bahiaeconomica.com.br\/wp\/wp-json\/wp\/v2\/media\/328466"}],"wp:attachment":[{"href":"https:\/\/bahiaeconomica.com.br\/wp\/wp-json\/wp\/v2\/media?parent=328464"}],"wp:term":[{"taxonomy":"category","embeddable":true,"href":"https:\/\/bahiaeconomica.com.br\/wp\/wp-json\/wp\/v2\/categories?post=328464"},{"taxonomy":"post_tag","embeddable":true,"href":"https:\/\/bahiaeconomica.com.br\/wp\/wp-json\/wp\/v2\/tags?post=328464"}],"curies":[{"name":"wp","href":"https:\/\/api.w.org\/{rel}","templated":true}]}}