{"id":325703,"date":"2019-05-10T13:25:24","date_gmt":"2019-05-10T16:25:24","guid":{"rendered":"https:\/\/bahiaeconomica.com.br\/wp\/beta\/?p=325703"},"modified":"2019-05-10T13:42:37","modified_gmt":"2019-05-10T16:42:37","slug":"rodoviarios-e-empresarios-nao-chegam-a-acordo-e-greve-pode-acontecer-na-proxima-semana","status":"publish","type":"post","link":"https:\/\/bahiaeconomica.com.br\/wp\/2019\/05\/10\/rodoviarios-e-empresarios-nao-chegam-a-acordo-e-greve-pode-acontecer-na-proxima-semana\/","title":{"rendered":"RODOVI\u00c1RIOS E EMPRES\u00c1RIOS N\u00c3O CHEGAM A ACORDO E GREVE PODE ACONTECER NA PR\u00d3XIMA SEMANA"},"content":{"rendered":"<p style=\"text-align: justify;\">Rodovi\u00e1rios de Salvador e empres\u00e1rios do sistema de transporte n\u00e3o chegaram a um acordo na reuni\u00e3o realizada hoje (10), na sede do Minist\u00e9rio do Trabalho e Emprego (MTE). A categoria cobra um reajuste de 8% nos sal\u00e1rios e 15% de aumento no ticket refei\u00e7\u00e3o. No entanto, o patronato se comprometeu apenas a conceder um aumento de 3,3%. Sem acordo, os rodovi\u00e1rios prometem definir uma data para iniciar a greve da categoria na pr\u00f3xima semana. A negocia\u00e7\u00e3o teve in\u00edcio em abril deste ano. Uma nova reuni\u00e3o ainda foi marcada pelos representantes do MTE, mas deve acontecer na v\u00e9spera da data anunciada pelos rodovi\u00e1rios para a greve.<\/p>\n","protected":false},"excerpt":{"rendered":"<p>Rodovi\u00e1rios de Salvador e empres\u00e1rios do sistema de transporte n\u00e3o chegaram a um acordo na reuni\u00e3o realizada hoje (10), na sede do Minist\u00e9rio do Trabalho e Emprego (MTE). A categoria cobra um reajuste de 8% nos sal\u00e1rios e 15% de aumento no ticket refei\u00e7\u00e3o. No entanto, o patronato se comprometeu apenas a conceder um aumento [&hellip;]<\/p>\n","protected":false},"author":1,"featured_media":47454,"comment_status":"closed","ping_status":"closed","sticky":false,"template":"","format":"standard","meta":[],"categories":[3],"tags":[],"acf":[],"yoast_head":"<!-- This site is optimized with the Yoast SEO plugin v20.8 - https:\/\/yoast.com\/wordpress\/plugins\/seo\/ -->\n<title>RODOVI\u00c1RIOS E EMPRES\u00c1RIOS N\u00c3O CHEGAM A ACORDO E GREVE PODE ACONTECER NA PR\u00d3XIMA SEMANA - Bahia Economica<\/title>\n<meta name=\"description\" content=\"O maior portal de Economia da Bahia ECONOMIA \/ POL\u00cdTICA Bahia Economica\" \/>\n<meta name=\"robots\" content=\"index, follow, max-snippet:-1, max-image-preview:large, max-video-preview:-1\" \/>\n<link rel=\"canonical\" href=\"https:\/\/bahiaeconomica.com.br\/wp\/2019\/05\/10\/rodoviarios-e-empresarios-nao-chegam-a-acordo-e-greve-pode-acontecer-na-proxima-semana\/\" \/>\n<meta property=\"og:locale\" content=\"pt_BR\" \/>\n<meta property=\"og:type\" content=\"article\" \/>\n<meta property=\"og:title\" content=\"RODOVI\u00c1RIOS E EMPRES\u00c1RIOS N\u00c3O CHEGAM A ACORDO E GREVE PODE ACONTECER NA PR\u00d3XIMA SEMANA - Bahia Economica\" \/>\n<meta property=\"og:description\" content=\"O maior portal de Economia da Bahia ECONOMIA \/ POL\u00cdTICA Bahia Economica\" \/>\n<meta property=\"og:url\" content=\"https:\/\/bahiaeconomica.com.br\/wp\/2019\/05\/10\/rodoviarios-e-empresarios-nao-chegam-a-acordo-e-greve-pode-acontecer-na-proxima-semana\/\" \/>\n<meta property=\"og:site_name\" content=\"Bahia Economica\" \/>\n<meta property=\"article:publisher\" content=\"https:\/\/www.facebook.com\/bahiaeconomica\" \/>\n<meta property=\"article:published_time\" content=\"2019-05-10T16:25:24+00:00\" \/>\n<meta property=\"article:modified_time\" content=\"2019-05-10T16:42:37+00:00\" \/>\n<meta property=\"og:image\" content=\"https:\/\/bahiaeconomica.com.br\/wp\/wp-content\/uploads\/2018\/05\/750_microonibus-greve-rodoviarios-prefeitura-onibus-transporte_2018522185612130-e1527079231525.jpg\" \/>\n\t<meta property=\"og:image:width\" content=\"500\" \/>\n\t<meta property=\"og:image:height\" content=\"335\" \/>\n\t<meta property=\"og:image:type\" content=\"image\/jpeg\" \/>\n<meta name=\"author\" content=\"admin\" \/>\n<meta name=\"twitter:card\" content=\"summary_large_image\" \/>\n<meta name=\"twitter:label1\" content=\"Escrito por\" \/>\n\t<meta name=\"twitter:data1\" content=\"admin\" \/>\n\t<meta name=\"twitter:label2\" content=\"Est. tempo de leitura\" \/>\n\t<meta name=\"twitter:data2\" content=\"1 minuto\" \/>\n<script type=\"application\/ld+json\" class=\"yoast-schema-graph\">{\"@context\":\"https:\/\/schema.org\",\"@graph\":[{\"@type\":\"Article\",\"@id\":\"https:\/\/bahiaeconomica.com.br\/wp\/2019\/05\/10\/rodoviarios-e-empresarios-nao-chegam-a-acordo-e-greve-pode-acontecer-na-proxima-semana\/#article\",\"isPartOf\":{\"@id\":\"https:\/\/bahiaeconomica.com.br\/wp\/2019\/05\/10\/rodoviarios-e-empresarios-nao-chegam-a-acordo-e-greve-pode-acontecer-na-proxima-semana\/\"},\"author\":{\"name\":\"admin\",\"@id\":\"https:\/\/bahiaeconomica.com.br\/wp\/#\/schema\/person\/cb1ab5ba96ad3d9390805381c76284ec\"},\"headline\":\"RODOVI\u00c1RIOS E EMPRES\u00c1RIOS N\u00c3O CHEGAM A ACORDO E GREVE PODE ACONTECER NA PR\u00d3XIMA SEMANA\",\"datePublished\":\"2019-05-10T16:25:24+00:00\",\"dateModified\":\"2019-05-10T16:42:37+00:00\",\"mainEntityOfPage\":{\"@id\":\"https:\/\/bahiaeconomica.com.br\/wp\/2019\/05\/10\/rodoviarios-e-empresarios-nao-chegam-a-acordo-e-greve-pode-acontecer-na-proxima-semana\/\"},\"wordCount\":133,\"publisher\":{\"@id\":\"https:\/\/bahiaeconomica.com.br\/wp\/#organization\"},\"articleSection\":[\"ECONOMIA \/ POL\u00cdTICA\"],\"inLanguage\":\"pt-BR\"},{\"@type\":\"WebPage\",\"@id\":\"https:\/\/bahiaeconomica.com.br\/wp\/2019\/05\/10\/rodoviarios-e-empresarios-nao-chegam-a-acordo-e-greve-pode-acontecer-na-proxima-semana\/\",\"url\":\"https:\/\/bahiaeconomica.com.br\/wp\/2019\/05\/10\/rodoviarios-e-empresarios-nao-chegam-a-acordo-e-greve-pode-acontecer-na-proxima-semana\/\",\"name\":\"RODOVI\u00c1RIOS E EMPRES\u00c1RIOS N\u00c3O CHEGAM A ACORDO E GREVE PODE ACONTECER NA PR\u00d3XIMA SEMANA - Bahia Economica\",\"isPartOf\":{\"@id\":\"https:\/\/bahiaeconomica.com.br\/wp\/#website\"},\"datePublished\":\"2019-05-10T16:25:24+00:00\",\"dateModified\":\"2019-05-10T16:42:37+00:00\",\"description\":\"O maior portal de Economia da Bahia ECONOMIA \/ POL\u00cdTICA Bahia Economica\",\"breadcrumb\":{\"@id\":\"https:\/\/bahiaeconomica.com.br\/wp\/2019\/05\/10\/rodoviarios-e-empresarios-nao-chegam-a-acordo-e-greve-pode-acontecer-na-proxima-semana\/#breadcrumb\"},\"inLanguage\":\"pt-BR\",\"potentialAction\":[{\"@type\":\"ReadAction\",\"target\":[\"https:\/\/bahiaeconomica.com.br\/wp\/2019\/05\/10\/rodoviarios-e-empresarios-nao-chegam-a-acordo-e-greve-pode-acontecer-na-proxima-semana\/\"]}]},{\"@type\":\"BreadcrumbList\",\"@id\":\"https:\/\/bahiaeconomica.com.br\/wp\/2019\/05\/10\/rodoviarios-e-empresarios-nao-chegam-a-acordo-e-greve-pode-acontecer-na-proxima-semana\/#breadcrumb\",\"itemListElement\":[{\"@type\":\"ListItem\",\"position\":1,\"name\":\"In\u00edcio\",\"item\":\"https:\/\/bahiaeconomica.com.br\/wp\/\"},{\"@type\":\"ListItem\",\"position\":2,\"name\":\"RODOVI\u00c1RIOS E EMPRES\u00c1RIOS N\u00c3O CHEGAM A ACORDO E GREVE PODE ACONTECER NA PR\u00d3XIMA SEMANA\"}]},{\"@type\":\"WebSite\",\"@id\":\"https:\/\/bahiaeconomica.com.br\/wp\/#website\",\"url\":\"https:\/\/bahiaeconomica.com.br\/wp\/\",\"name\":\"Bahia Economica\",\"description\":\"O maior portal de Economia da Bahia\",\"publisher\":{\"@id\":\"https:\/\/bahiaeconomica.com.br\/wp\/#organization\"},\"potentialAction\":[{\"@type\":\"SearchAction\",\"target\":{\"@type\":\"EntryPoint\",\"urlTemplate\":\"https:\/\/bahiaeconomica.com.br\/wp\/?s={search_term_string}\"},\"query-input\":\"required name=search_term_string\"}],\"inLanguage\":\"pt-BR\"},{\"@type\":\"Organization\",\"@id\":\"https:\/\/bahiaeconomica.com.br\/wp\/#organization\",\"name\":\"Bahia Econ\u00f4mica\",\"url\":\"https:\/\/bahiaeconomica.com.br\/wp\/\",\"logo\":{\"@type\":\"ImageObject\",\"inLanguage\":\"pt-BR\",\"@id\":\"https:\/\/bahiaeconomica.com.br\/wp\/#\/schema\/logo\/image\/\",\"url\":\"https:\/\/bahiaeconomica.com.br\/wp\/wp-content\/uploads\/2020\/12\/cropped-BE.png\",\"contentUrl\":\"https:\/\/bahiaeconomica.com.br\/wp\/wp-content\/uploads\/2020\/12\/cropped-BE.png\",\"width\":512,\"height\":512,\"caption\":\"Bahia Econ\u00f4mica\"},\"image\":{\"@id\":\"https:\/\/bahiaeconomica.com.br\/wp\/#\/schema\/logo\/image\/\"},\"sameAs\":[\"https:\/\/www.facebook.com\/bahiaeconomica\"]},{\"@type\":\"Person\",\"@id\":\"https:\/\/bahiaeconomica.com.br\/wp\/#\/schema\/person\/cb1ab5ba96ad3d9390805381c76284ec\",\"name\":\"admin\",\"url\":\"https:\/\/bahiaeconomica.com.br\/wp\/author\/admin\/\"}]}<\/script>\n<!-- \/ Yoast SEO plugin. -->","yoast_head_json":{"title":"RODOVI\u00c1RIOS E EMPRES\u00c1RIOS N\u00c3O CHEGAM A ACORDO E GREVE PODE ACONTECER NA PR\u00d3XIMA SEMANA - Bahia Economica","description":"O maior portal de Economia da Bahia ECONOMIA \/ POL\u00cdTICA Bahia Economica","robots":{"index":"index","follow":"follow","max-snippet":"max-snippet:-1","max-image-preview":"max-image-preview:large","max-video-preview":"max-video-preview:-1"},"canonical":"https:\/\/bahiaeconomica.com.br\/wp\/2019\/05\/10\/rodoviarios-e-empresarios-nao-chegam-a-acordo-e-greve-pode-acontecer-na-proxima-semana\/","og_locale":"pt_BR","og_type":"article","og_title":"RODOVI\u00c1RIOS E EMPRES\u00c1RIOS N\u00c3O CHEGAM A ACORDO E GREVE PODE ACONTECER NA PR\u00d3XIMA SEMANA - Bahia Economica","og_description":"O maior portal de Economia da Bahia ECONOMIA \/ POL\u00cdTICA Bahia Economica","og_url":"https:\/\/bahiaeconomica.com.br\/wp\/2019\/05\/10\/rodoviarios-e-empresarios-nao-chegam-a-acordo-e-greve-pode-acontecer-na-proxima-semana\/","og_site_name":"Bahia Economica","article_publisher":"https:\/\/www.facebook.com\/bahiaeconomica","article_published_time":"2019-05-10T16:25:24+00:00","article_modified_time":"2019-05-10T16:42:37+00:00","og_image":[{"width":500,"height":335,"url":"https:\/\/bahiaeconomica.com.br\/wp\/wp-content\/uploads\/2018\/05\/750_microonibus-greve-rodoviarios-prefeitura-onibus-transporte_2018522185612130-e1527079231525.jpg","type":"image\/jpeg"}],"author":"admin","twitter_card":"summary_large_image","twitter_misc":{"Escrito por":"admin","Est. tempo de leitura":"1 minuto"},"schema":{"@context":"https:\/\/schema.org","@graph":[{"@type":"Article","@id":"https:\/\/bahiaeconomica.com.br\/wp\/2019\/05\/10\/rodoviarios-e-empresarios-nao-chegam-a-acordo-e-greve-pode-acontecer-na-proxima-semana\/#article","isPartOf":{"@id":"https:\/\/bahiaeconomica.com.br\/wp\/2019\/05\/10\/rodoviarios-e-empresarios-nao-chegam-a-acordo-e-greve-pode-acontecer-na-proxima-semana\/"},"author":{"name":"admin","@id":"https:\/\/bahiaeconomica.com.br\/wp\/#\/schema\/person\/cb1ab5ba96ad3d9390805381c76284ec"},"headline":"RODOVI\u00c1RIOS E EMPRES\u00c1RIOS N\u00c3O CHEGAM A ACORDO E GREVE PODE ACONTECER NA PR\u00d3XIMA SEMANA","datePublished":"2019-05-10T16:25:24+00:00","dateModified":"2019-05-10T16:42:37+00:00","mainEntityOfPage":{"@id":"https:\/\/bahiaeconomica.com.br\/wp\/2019\/05\/10\/rodoviarios-e-empresarios-nao-chegam-a-acordo-e-greve-pode-acontecer-na-proxima-semana\/"},"wordCount":133,"publisher":{"@id":"https:\/\/bahiaeconomica.com.br\/wp\/#organization"},"articleSection":["ECONOMIA \/ POL\u00cdTICA"],"inLanguage":"pt-BR"},{"@type":"WebPage","@id":"https:\/\/bahiaeconomica.com.br\/wp\/2019\/05\/10\/rodoviarios-e-empresarios-nao-chegam-a-acordo-e-greve-pode-acontecer-na-proxima-semana\/","url":"https:\/\/bahiaeconomica.com.br\/wp\/2019\/05\/10\/rodoviarios-e-empresarios-nao-chegam-a-acordo-e-greve-pode-acontecer-na-proxima-semana\/","name":"RODOVI\u00c1RIOS E EMPRES\u00c1RIOS N\u00c3O CHEGAM A ACORDO E GREVE PODE ACONTECER NA PR\u00d3XIMA SEMANA - Bahia Economica","isPartOf":{"@id":"https:\/\/bahiaeconomica.com.br\/wp\/#website"},"datePublished":"2019-05-10T16:25:24+00:00","dateModified":"2019-05-10T16:42:37+00:00","description":"O maior portal de Economia da Bahia ECONOMIA \/ POL\u00cdTICA Bahia Economica","breadcrumb":{"@id":"https:\/\/bahiaeconomica.com.br\/wp\/2019\/05\/10\/rodoviarios-e-empresarios-nao-chegam-a-acordo-e-greve-pode-acontecer-na-proxima-semana\/#breadcrumb"},"inLanguage":"pt-BR","potentialAction":[{"@type":"ReadAction","target":["https:\/\/bahiaeconomica.com.br\/wp\/2019\/05\/10\/rodoviarios-e-empresarios-nao-chegam-a-acordo-e-greve-pode-acontecer-na-proxima-semana\/"]}]},{"@type":"BreadcrumbList","@id":"https:\/\/bahiaeconomica.com.br\/wp\/2019\/05\/10\/rodoviarios-e-empresarios-nao-chegam-a-acordo-e-greve-pode-acontecer-na-proxima-semana\/#breadcrumb","itemListElement":[{"@type":"ListItem","position":1,"name":"In\u00edcio","item":"https:\/\/bahiaeconomica.com.br\/wp\/"},{"@type":"ListItem","position":2,"name":"RODOVI\u00c1RIOS E EMPRES\u00c1RIOS N\u00c3O CHEGAM A ACORDO E GREVE PODE ACONTECER NA PR\u00d3XIMA SEMANA"}]},{"@type":"WebSite","@id":"https:\/\/bahiaeconomica.com.br\/wp\/#website","url":"https:\/\/bahiaeconomica.com.br\/wp\/","name":"Bahia Economica","description":"O maior portal de Economia da Bahia","publisher":{"@id":"https:\/\/bahiaeconomica.com.br\/wp\/#organization"},"potentialAction":[{"@type":"SearchAction","target":{"@type":"EntryPoint","urlTemplate":"https:\/\/bahiaeconomica.com.br\/wp\/?s={search_term_string}"},"query-input":"required name=search_term_string"}],"inLanguage":"pt-BR"},{"@type":"Organization","@id":"https:\/\/bahiaeconomica.com.br\/wp\/#organization","name":"Bahia Econ\u00f4mica","url":"https:\/\/bahiaeconomica.com.br\/wp\/","logo":{"@type":"ImageObject","inLanguage":"pt-BR","@id":"https:\/\/bahiaeconomica.com.br\/wp\/#\/schema\/logo\/image\/","url":"https:\/\/bahiaeconomica.com.br\/wp\/wp-content\/uploads\/2020\/12\/cropped-BE.png","contentUrl":"https:\/\/bahiaeconomica.com.br\/wp\/wp-content\/uploads\/2020\/12\/cropped-BE.png","width":512,"height":512,"caption":"Bahia Econ\u00f4mica"},"image":{"@id":"https:\/\/bahiaeconomica.com.br\/wp\/#\/schema\/logo\/image\/"},"sameAs":["https:\/\/www.facebook.com\/bahiaeconomica"]},{"@type":"Person","@id":"https:\/\/bahiaeconomica.com.br\/wp\/#\/schema\/person\/cb1ab5ba96ad3d9390805381c76284ec","name":"admin","url":"https:\/\/bahiaeconomica.com.br\/wp\/author\/admin\/"}]}},"views":1,"_links":{"self":[{"href":"https:\/\/bahiaeconomica.com.br\/wp\/wp-json\/wp\/v2\/posts\/325703"}],"collection":[{"href":"https:\/\/bahiaeconomica.com.br\/wp\/wp-json\/wp\/v2\/posts"}],"about":[{"href":"https:\/\/bahiaeconomica.com.br\/wp\/wp-json\/wp\/v2\/types\/post"}],"author":[{"embeddable":true,"href":"https:\/\/bahiaeconomica.com.br\/wp\/wp-json\/wp\/v2\/users\/1"}],"replies":[{"embeddable":true,"href":"https:\/\/bahiaeconomica.com.br\/wp\/wp-json\/wp\/v2\/comments?post=325703"}],"version-history":[{"count":1,"href":"https:\/\/bahiaeconomica.com.br\/wp\/wp-json\/wp\/v2\/posts\/325703\/revisions"}],"predecessor-version":[{"id":325716,"href":"https:\/\/bahiaeconomica.com.br\/wp\/wp-json\/wp\/v2\/posts\/325703\/revisions\/325716"}],"wp:featuredmedia":[{"embeddable":true,"href":"https:\/\/bahiaeconomica.com.br\/wp\/wp-json\/wp\/v2\/media\/47454"}],"wp:attachment":[{"href":"https:\/\/bahiaeconomica.com.br\/wp\/wp-json\/wp\/v2\/media?parent=325703"}],"wp:term":[{"taxonomy":"category","embeddable":true,"href":"https:\/\/bahiaeconomica.com.br\/wp\/wp-json\/wp\/v2\/categories?post=325703"},{"taxonomy":"post_tag","embeddable":true,"href":"https:\/\/bahiaeconomica.com.br\/wp\/wp-json\/wp\/v2\/tags?post=325703"}],"curies":[{"name":"wp","href":"https:\/\/api.w.org\/{rel}","templated":true}]}}