{"id":322897,"date":"2019-05-07T08:26:41","date_gmt":"2019-05-07T11:26:41","guid":{"rendered":"https:\/\/bahiaeconomica.com.br\/wp\/beta\/?p=322897"},"modified":"2019-05-07T08:26:41","modified_gmt":"2019-05-07T11:26:41","slug":"preco-medio-dos-imoveis-residenciais-sobe-014-em-abril-revela-fipe","status":"publish","type":"post","link":"https:\/\/bahiaeconomica.com.br\/wp\/2019\/05\/07\/preco-medio-dos-imoveis-residenciais-sobe-014-em-abril-revela-fipe\/","title":{"rendered":"PRE\u00c7O M\u00c9DIO DOS IM\u00d3VEIS RESIDENCIAIS SOBE 0,14% EM ABRIL, REVELA FIPE"},"content":{"rendered":"<p>Ap\u00f3s subir 0,02% em mar\u00e7o, o pre\u00e7o m\u00e9dio dos im\u00f3veis residenciais no Pa\u00eds mostrou uma acelera\u00e7\u00e3o e cresceu 0,14% em abril. Os dados s\u00e3o da pesquisa da Funda\u00e7\u00e3o Instituto de Pesquisas Econ\u00f4micas (Fipe), que \u00e9 feita a partir do levantamento de an\u00fancios de moradias de 50 cidades no site Zap. O levantamento apontou tamb\u00e9m que os pre\u00e7os m\u00e9dios avan\u00e7aram 0,38% nos primeiros quatro meses do ano e acumularam alta de 0,26% nos \u00faltimos 12 meses.<\/p>\n<p>Apesar da acelera\u00e7\u00e3o nos pre\u00e7os para 0,14% registrada em abril, o porcentual ainda \u00e9 inferior ao comportamento esperado para a infla\u00e7\u00e3o (medida pelo IPCA) para o m\u00eas, prevista em 0,60%, segundo o Boletim Focus do Banco Central do Brasil. Tendo por base essa expectativa, o pre\u00e7o m\u00e9dio de venda de im\u00f3veis residenciais encerraria o m\u00eas com queda real de 0,45%, pelos c\u00e1lculos da Fipe.<\/p>\n<p>No caso das 16 capitais que fazem parte da pesquisa, o comportamento dos pre\u00e7os foi bem distinto no m\u00eas. Em oito capitais foram registradas altas, como s\u00e3o os casos de Bras\u00edlia (2,00%), Macei\u00f3 (1,13%), Campo Grande (1,08%), Goi\u00e2nia (0,78%), Manaus (0,74%), Florian\u00f3polis (0,24%), S\u00e3o Paulo (0,21%) e Rio de Janeiro (0,03%).<\/p>\n<p>J\u00e1 nas outras oito capitais, houve recuo nos pre\u00e7os: Curitiba (-1,25%), Jo\u00e3o Pessoa (-0,80%), Salvador (-0,40%), Porto Alegre (-0,19%), Recife (-0,15%), Fortaleza (-0,12%), Vit\u00f3ria (-0,04%) e Belo Horizonte (-0,01%). Com os resultados do m\u00eas, o valor m\u00e9dio do metro quadrado anunciado dos im\u00f3veis residenciais foi a R$ 7.187. O Rio de Janeiro se manteve como a cidade com o pre\u00e7o mais alto do Pa\u00eds (R$ 9.476), seguida por S\u00e3o Paulo (R$ 8.899) e Bras\u00edlia (R$ 7.312).<\/p>\n","protected":false},"excerpt":{"rendered":"<p>Ap\u00f3s subir 0,02% em mar\u00e7o, o pre\u00e7o m\u00e9dio dos im\u00f3veis residenciais no Pa\u00eds mostrou uma acelera\u00e7\u00e3o e cresceu 0,14% em abril. Os dados s\u00e3o da pesquisa da Funda\u00e7\u00e3o Instituto de Pesquisas Econ\u00f4micas (Fipe), que \u00e9 feita a partir do levantamento de an\u00fancios de moradias de 50 cidades no site Zap. O levantamento apontou tamb\u00e9m que [&hellip;]<\/p>\n","protected":false},"author":1,"featured_media":133350,"comment_status":"closed","ping_status":"closed","sticky":false,"template":"","format":"standard","meta":[],"categories":[14,3],"tags":[],"acf":[],"yoast_head":"<!-- This site is optimized with the Yoast SEO plugin v20.8 - https:\/\/yoast.com\/wordpress\/plugins\/seo\/ -->\n<title>PRE\u00c7O M\u00c9DIO DOS IM\u00d3VEIS RESIDENCIAIS SOBE 0,14% EM ABRIL, REVELA FIPE - Bahia Economica<\/title>\n<meta name=\"description\" content=\"O maior portal de Economia da Bahia DESTAQUE DO DIA, ECONOMIA \/ POL\u00cdTICA Bahia Economica\" \/>\n<meta name=\"robots\" content=\"index, follow, max-snippet:-1, max-image-preview:large, max-video-preview:-1\" \/>\n<link rel=\"canonical\" href=\"https:\/\/bahiaeconomica.com.br\/wp\/2019\/05\/07\/preco-medio-dos-imoveis-residenciais-sobe-014-em-abril-revela-fipe\/\" \/>\n<meta property=\"og:locale\" content=\"pt_BR\" \/>\n<meta property=\"og:type\" content=\"article\" \/>\n<meta property=\"og:title\" content=\"PRE\u00c7O M\u00c9DIO DOS IM\u00d3VEIS RESIDENCIAIS SOBE 0,14% EM ABRIL, REVELA FIPE - Bahia Economica\" \/>\n<meta property=\"og:description\" content=\"O maior portal de Economia da Bahia DESTAQUE DO DIA, ECONOMIA \/ POL\u00cdTICA Bahia Economica\" \/>\n<meta property=\"og:url\" content=\"https:\/\/bahiaeconomica.com.br\/wp\/2019\/05\/07\/preco-medio-dos-imoveis-residenciais-sobe-014-em-abril-revela-fipe\/\" \/>\n<meta property=\"og:site_name\" content=\"Bahia Economica\" \/>\n<meta property=\"article:publisher\" content=\"https:\/\/www.facebook.com\/bahiaeconomica\" \/>\n<meta property=\"article:published_time\" content=\"2019-05-07T11:26:41+00:00\" \/>\n<meta property=\"og:image\" content=\"https:\/\/bahiaeconomica.com.br\/wp\/wp-content\/uploads\/2018\/08\/imoveis-2.jpg\" \/>\n\t<meta property=\"og:image:width\" content=\"360\" \/>\n\t<meta property=\"og:image:height\" content=\"220\" \/>\n\t<meta property=\"og:image:type\" content=\"image\/jpeg\" \/>\n<meta name=\"author\" content=\"admin\" \/>\n<meta name=\"twitter:card\" content=\"summary_large_image\" \/>\n<meta name=\"twitter:label1\" content=\"Escrito por\" \/>\n\t<meta name=\"twitter:data1\" content=\"admin\" \/>\n\t<meta name=\"twitter:label2\" content=\"Est. tempo de leitura\" \/>\n\t<meta name=\"twitter:data2\" content=\"1 minuto\" \/>\n<script type=\"application\/ld+json\" class=\"yoast-schema-graph\">{\"@context\":\"https:\/\/schema.org\",\"@graph\":[{\"@type\":\"Article\",\"@id\":\"https:\/\/bahiaeconomica.com.br\/wp\/2019\/05\/07\/preco-medio-dos-imoveis-residenciais-sobe-014-em-abril-revela-fipe\/#article\",\"isPartOf\":{\"@id\":\"https:\/\/bahiaeconomica.com.br\/wp\/2019\/05\/07\/preco-medio-dos-imoveis-residenciais-sobe-014-em-abril-revela-fipe\/\"},\"author\":{\"name\":\"admin\",\"@id\":\"https:\/\/bahiaeconomica.com.br\/wp\/#\/schema\/person\/cb1ab5ba96ad3d9390805381c76284ec\"},\"headline\":\"PRE\u00c7O M\u00c9DIO DOS IM\u00d3VEIS RESIDENCIAIS SOBE 0,14% EM ABRIL, REVELA FIPE\",\"datePublished\":\"2019-05-07T11:26:41+00:00\",\"dateModified\":\"2019-05-07T11:26:41+00:00\",\"mainEntityOfPage\":{\"@id\":\"https:\/\/bahiaeconomica.com.br\/wp\/2019\/05\/07\/preco-medio-dos-imoveis-residenciais-sobe-014-em-abril-revela-fipe\/\"},\"wordCount\":296,\"publisher\":{\"@id\":\"https:\/\/bahiaeconomica.com.br\/wp\/#organization\"},\"articleSection\":[\"DESTAQUE DO DIA\",\"ECONOMIA \/ POL\u00cdTICA\"],\"inLanguage\":\"pt-BR\"},{\"@type\":\"WebPage\",\"@id\":\"https:\/\/bahiaeconomica.com.br\/wp\/2019\/05\/07\/preco-medio-dos-imoveis-residenciais-sobe-014-em-abril-revela-fipe\/\",\"url\":\"https:\/\/bahiaeconomica.com.br\/wp\/2019\/05\/07\/preco-medio-dos-imoveis-residenciais-sobe-014-em-abril-revela-fipe\/\",\"name\":\"PRE\u00c7O M\u00c9DIO DOS IM\u00d3VEIS RESIDENCIAIS SOBE 0,14% EM ABRIL, REVELA FIPE - Bahia Economica\",\"isPartOf\":{\"@id\":\"https:\/\/bahiaeconomica.com.br\/wp\/#website\"},\"datePublished\":\"2019-05-07T11:26:41+00:00\",\"dateModified\":\"2019-05-07T11:26:41+00:00\",\"description\":\"O maior portal de Economia da Bahia DESTAQUE DO DIA, ECONOMIA \/ POL\u00cdTICA Bahia Economica\",\"breadcrumb\":{\"@id\":\"https:\/\/bahiaeconomica.com.br\/wp\/2019\/05\/07\/preco-medio-dos-imoveis-residenciais-sobe-014-em-abril-revela-fipe\/#breadcrumb\"},\"inLanguage\":\"pt-BR\",\"potentialAction\":[{\"@type\":\"ReadAction\",\"target\":[\"https:\/\/bahiaeconomica.com.br\/wp\/2019\/05\/07\/preco-medio-dos-imoveis-residenciais-sobe-014-em-abril-revela-fipe\/\"]}]},{\"@type\":\"BreadcrumbList\",\"@id\":\"https:\/\/bahiaeconomica.com.br\/wp\/2019\/05\/07\/preco-medio-dos-imoveis-residenciais-sobe-014-em-abril-revela-fipe\/#breadcrumb\",\"itemListElement\":[{\"@type\":\"ListItem\",\"position\":1,\"name\":\"In\u00edcio\",\"item\":\"https:\/\/bahiaeconomica.com.br\/wp\/\"},{\"@type\":\"ListItem\",\"position\":2,\"name\":\"PRE\u00c7O M\u00c9DIO DOS IM\u00d3VEIS RESIDENCIAIS SOBE 0,14% EM ABRIL, REVELA FIPE\"}]},{\"@type\":\"WebSite\",\"@id\":\"https:\/\/bahiaeconomica.com.br\/wp\/#website\",\"url\":\"https:\/\/bahiaeconomica.com.br\/wp\/\",\"name\":\"Bahia Economica\",\"description\":\"O maior portal de Economia da Bahia\",\"publisher\":{\"@id\":\"https:\/\/bahiaeconomica.com.br\/wp\/#organization\"},\"potentialAction\":[{\"@type\":\"SearchAction\",\"target\":{\"@type\":\"EntryPoint\",\"urlTemplate\":\"https:\/\/bahiaeconomica.com.br\/wp\/?s={search_term_string}\"},\"query-input\":\"required name=search_term_string\"}],\"inLanguage\":\"pt-BR\"},{\"@type\":\"Organization\",\"@id\":\"https:\/\/bahiaeconomica.com.br\/wp\/#organization\",\"name\":\"Bahia Econ\u00f4mica\",\"url\":\"https:\/\/bahiaeconomica.com.br\/wp\/\",\"logo\":{\"@type\":\"ImageObject\",\"inLanguage\":\"pt-BR\",\"@id\":\"https:\/\/bahiaeconomica.com.br\/wp\/#\/schema\/logo\/image\/\",\"url\":\"https:\/\/bahiaeconomica.com.br\/wp\/wp-content\/uploads\/2020\/12\/cropped-BE.png\",\"contentUrl\":\"https:\/\/bahiaeconomica.com.br\/wp\/wp-content\/uploads\/2020\/12\/cropped-BE.png\",\"width\":512,\"height\":512,\"caption\":\"Bahia Econ\u00f4mica\"},\"image\":{\"@id\":\"https:\/\/bahiaeconomica.com.br\/wp\/#\/schema\/logo\/image\/\"},\"sameAs\":[\"https:\/\/www.facebook.com\/bahiaeconomica\"]},{\"@type\":\"Person\",\"@id\":\"https:\/\/bahiaeconomica.com.br\/wp\/#\/schema\/person\/cb1ab5ba96ad3d9390805381c76284ec\",\"name\":\"admin\",\"url\":\"https:\/\/bahiaeconomica.com.br\/wp\/author\/admin\/\"}]}<\/script>\n<!-- \/ Yoast SEO plugin. -->","yoast_head_json":{"title":"PRE\u00c7O M\u00c9DIO DOS IM\u00d3VEIS RESIDENCIAIS SOBE 0,14% EM ABRIL, REVELA FIPE - Bahia Economica","description":"O maior portal de Economia da Bahia DESTAQUE DO DIA, ECONOMIA \/ POL\u00cdTICA Bahia Economica","robots":{"index":"index","follow":"follow","max-snippet":"max-snippet:-1","max-image-preview":"max-image-preview:large","max-video-preview":"max-video-preview:-1"},"canonical":"https:\/\/bahiaeconomica.com.br\/wp\/2019\/05\/07\/preco-medio-dos-imoveis-residenciais-sobe-014-em-abril-revela-fipe\/","og_locale":"pt_BR","og_type":"article","og_title":"PRE\u00c7O M\u00c9DIO DOS IM\u00d3VEIS RESIDENCIAIS SOBE 0,14% EM ABRIL, REVELA FIPE - Bahia Economica","og_description":"O maior portal de Economia da Bahia DESTAQUE DO DIA, ECONOMIA \/ POL\u00cdTICA Bahia Economica","og_url":"https:\/\/bahiaeconomica.com.br\/wp\/2019\/05\/07\/preco-medio-dos-imoveis-residenciais-sobe-014-em-abril-revela-fipe\/","og_site_name":"Bahia Economica","article_publisher":"https:\/\/www.facebook.com\/bahiaeconomica","article_published_time":"2019-05-07T11:26:41+00:00","og_image":[{"width":360,"height":220,"url":"https:\/\/bahiaeconomica.com.br\/wp\/wp-content\/uploads\/2018\/08\/imoveis-2.jpg","type":"image\/jpeg"}],"author":"admin","twitter_card":"summary_large_image","twitter_misc":{"Escrito por":"admin","Est. tempo de leitura":"1 minuto"},"schema":{"@context":"https:\/\/schema.org","@graph":[{"@type":"Article","@id":"https:\/\/bahiaeconomica.com.br\/wp\/2019\/05\/07\/preco-medio-dos-imoveis-residenciais-sobe-014-em-abril-revela-fipe\/#article","isPartOf":{"@id":"https:\/\/bahiaeconomica.com.br\/wp\/2019\/05\/07\/preco-medio-dos-imoveis-residenciais-sobe-014-em-abril-revela-fipe\/"},"author":{"name":"admin","@id":"https:\/\/bahiaeconomica.com.br\/wp\/#\/schema\/person\/cb1ab5ba96ad3d9390805381c76284ec"},"headline":"PRE\u00c7O M\u00c9DIO DOS IM\u00d3VEIS RESIDENCIAIS SOBE 0,14% EM ABRIL, REVELA FIPE","datePublished":"2019-05-07T11:26:41+00:00","dateModified":"2019-05-07T11:26:41+00:00","mainEntityOfPage":{"@id":"https:\/\/bahiaeconomica.com.br\/wp\/2019\/05\/07\/preco-medio-dos-imoveis-residenciais-sobe-014-em-abril-revela-fipe\/"},"wordCount":296,"publisher":{"@id":"https:\/\/bahiaeconomica.com.br\/wp\/#organization"},"articleSection":["DESTAQUE DO DIA","ECONOMIA \/ POL\u00cdTICA"],"inLanguage":"pt-BR"},{"@type":"WebPage","@id":"https:\/\/bahiaeconomica.com.br\/wp\/2019\/05\/07\/preco-medio-dos-imoveis-residenciais-sobe-014-em-abril-revela-fipe\/","url":"https:\/\/bahiaeconomica.com.br\/wp\/2019\/05\/07\/preco-medio-dos-imoveis-residenciais-sobe-014-em-abril-revela-fipe\/","name":"PRE\u00c7O M\u00c9DIO DOS IM\u00d3VEIS RESIDENCIAIS SOBE 0,14% EM ABRIL, REVELA FIPE - Bahia Economica","isPartOf":{"@id":"https:\/\/bahiaeconomica.com.br\/wp\/#website"},"datePublished":"2019-05-07T11:26:41+00:00","dateModified":"2019-05-07T11:26:41+00:00","description":"O maior portal de Economia da Bahia DESTAQUE DO DIA, ECONOMIA \/ POL\u00cdTICA Bahia Economica","breadcrumb":{"@id":"https:\/\/bahiaeconomica.com.br\/wp\/2019\/05\/07\/preco-medio-dos-imoveis-residenciais-sobe-014-em-abril-revela-fipe\/#breadcrumb"},"inLanguage":"pt-BR","potentialAction":[{"@type":"ReadAction","target":["https:\/\/bahiaeconomica.com.br\/wp\/2019\/05\/07\/preco-medio-dos-imoveis-residenciais-sobe-014-em-abril-revela-fipe\/"]}]},{"@type":"BreadcrumbList","@id":"https:\/\/bahiaeconomica.com.br\/wp\/2019\/05\/07\/preco-medio-dos-imoveis-residenciais-sobe-014-em-abril-revela-fipe\/#breadcrumb","itemListElement":[{"@type":"ListItem","position":1,"name":"In\u00edcio","item":"https:\/\/bahiaeconomica.com.br\/wp\/"},{"@type":"ListItem","position":2,"name":"PRE\u00c7O M\u00c9DIO DOS IM\u00d3VEIS RESIDENCIAIS SOBE 0,14% EM ABRIL, REVELA FIPE"}]},{"@type":"WebSite","@id":"https:\/\/bahiaeconomica.com.br\/wp\/#website","url":"https:\/\/bahiaeconomica.com.br\/wp\/","name":"Bahia Economica","description":"O maior portal de Economia da Bahia","publisher":{"@id":"https:\/\/bahiaeconomica.com.br\/wp\/#organization"},"potentialAction":[{"@type":"SearchAction","target":{"@type":"EntryPoint","urlTemplate":"https:\/\/bahiaeconomica.com.br\/wp\/?s={search_term_string}"},"query-input":"required name=search_term_string"}],"inLanguage":"pt-BR"},{"@type":"Organization","@id":"https:\/\/bahiaeconomica.com.br\/wp\/#organization","name":"Bahia Econ\u00f4mica","url":"https:\/\/bahiaeconomica.com.br\/wp\/","logo":{"@type":"ImageObject","inLanguage":"pt-BR","@id":"https:\/\/bahiaeconomica.com.br\/wp\/#\/schema\/logo\/image\/","url":"https:\/\/bahiaeconomica.com.br\/wp\/wp-content\/uploads\/2020\/12\/cropped-BE.png","contentUrl":"https:\/\/bahiaeconomica.com.br\/wp\/wp-content\/uploads\/2020\/12\/cropped-BE.png","width":512,"height":512,"caption":"Bahia Econ\u00f4mica"},"image":{"@id":"https:\/\/bahiaeconomica.com.br\/wp\/#\/schema\/logo\/image\/"},"sameAs":["https:\/\/www.facebook.com\/bahiaeconomica"]},{"@type":"Person","@id":"https:\/\/bahiaeconomica.com.br\/wp\/#\/schema\/person\/cb1ab5ba96ad3d9390805381c76284ec","name":"admin","url":"https:\/\/bahiaeconomica.com.br\/wp\/author\/admin\/"}]}},"views":1,"_links":{"self":[{"href":"https:\/\/bahiaeconomica.com.br\/wp\/wp-json\/wp\/v2\/posts\/322897"}],"collection":[{"href":"https:\/\/bahiaeconomica.com.br\/wp\/wp-json\/wp\/v2\/posts"}],"about":[{"href":"https:\/\/bahiaeconomica.com.br\/wp\/wp-json\/wp\/v2\/types\/post"}],"author":[{"embeddable":true,"href":"https:\/\/bahiaeconomica.com.br\/wp\/wp-json\/wp\/v2\/users\/1"}],"replies":[{"embeddable":true,"href":"https:\/\/bahiaeconomica.com.br\/wp\/wp-json\/wp\/v2\/comments?post=322897"}],"version-history":[{"count":1,"href":"https:\/\/bahiaeconomica.com.br\/wp\/wp-json\/wp\/v2\/posts\/322897\/revisions"}],"predecessor-version":[{"id":322915,"href":"https:\/\/bahiaeconomica.com.br\/wp\/wp-json\/wp\/v2\/posts\/322897\/revisions\/322915"}],"wp:featuredmedia":[{"embeddable":true,"href":"https:\/\/bahiaeconomica.com.br\/wp\/wp-json\/wp\/v2\/media\/133350"}],"wp:attachment":[{"href":"https:\/\/bahiaeconomica.com.br\/wp\/wp-json\/wp\/v2\/media?parent=322897"}],"wp:term":[{"taxonomy":"category","embeddable":true,"href":"https:\/\/bahiaeconomica.com.br\/wp\/wp-json\/wp\/v2\/categories?post=322897"},{"taxonomy":"post_tag","embeddable":true,"href":"https:\/\/bahiaeconomica.com.br\/wp\/wp-json\/wp\/v2\/tags?post=322897"}],"curies":[{"name":"wp","href":"https:\/\/api.w.org\/{rel}","templated":true}]}}