{"id":316805,"date":"2019-04-25T18:00:54","date_gmt":"2019-04-25T21:00:54","guid":{"rendered":"https:\/\/bahiaeconomica.com.br\/wp\/beta\/?p=316805"},"modified":"2019-04-25T17:49:28","modified_gmt":"2019-04-25T20:49:28","slug":"bolsonaro-diz-que-decidira-sobre-indicacao-ao-tse-assim-que-lista-chegar-ate-ele","status":"publish","type":"post","link":"https:\/\/bahiaeconomica.com.br\/wp\/2019\/04\/25\/bolsonaro-diz-que-decidira-sobre-indicacao-ao-tse-assim-que-lista-chegar-ate-ele\/","title":{"rendered":"BOLSONARO DIZ QUE DECIDIR\u00c1 SOBRE INDICA\u00c7\u00c3O AO TSE ASSIM QUE LISTA CHEGAR AT\u00c9 ELE"},"content":{"rendered":"<p>O presidente Jair Bolsonaro afirmou nesta quinta-feira, 25, que vai decidir a indica\u00e7\u00e3o do pr\u00f3ximo ministro do Tribunal Superior Eleitoral (TSE) assim que a lista tr\u00edplice chegar at\u00e9 ele. &#8220;Em chegando a lista tr\u00edplice a gente vai decidir, decis\u00e3o passa por mim e por quem est\u00e1 do meu lado&#8221;, disse a jornalistas, sem definir uma data para o an\u00fancio.<\/p>\n<p>A lista foi aprovada ontem pelo plen\u00e1rio do Supremo Tribunal Federal (STF) e \u00e9 encabe\u00e7ada por Grace Mendon\u00e7a, ex-advogada-geral da Uni\u00e3o no governo de Michel Temer (MDB). Al\u00e9m de Grace, completam a lista os advogados S\u00e9rgio Banhos e Carlos Horbach, que atualmente s\u00e3o ministros substitutos do TSE. Os nomes ser\u00e3o submetidos agora ao Pal\u00e1cio do Planalto &#8211; caber\u00e1 a Bolsonaro fazer a nomea\u00e7\u00e3o, tendo de escolher obrigatoriamente um dos tr\u00eas.<\/p>\n<p>Bolsonaro afirmou ainda que todos &#8220;merecem devido respeito e considera\u00e7\u00e3o&#8221;. &#8220;S\u00e3o pessoas que gozam de conceito local, pelo menos na indica\u00e7\u00e3o dessa lista. Ser\u00e1 escolhido com crit\u00e9rio bastante rigoroso e objetivo da nossa parte&#8221;, disse.<\/p>\n","protected":false},"excerpt":{"rendered":"<p>O presidente Jair Bolsonaro afirmou nesta quinta-feira, 25, que vai decidir a indica\u00e7\u00e3o do pr\u00f3ximo ministro do Tribunal Superior Eleitoral (TSE) assim que a lista tr\u00edplice chegar at\u00e9 ele. &#8220;Em chegando a lista tr\u00edplice a gente vai decidir, decis\u00e3o passa por mim e por quem est\u00e1 do meu lado&#8221;, disse a jornalistas, sem definir uma [&hellip;]<\/p>\n","protected":false},"author":1,"featured_media":316806,"comment_status":"closed","ping_status":"closed","sticky":false,"template":"","format":"standard","meta":[],"categories":[3],"tags":[],"acf":[],"yoast_head":"<!-- This site is optimized with the Yoast SEO plugin v20.8 - https:\/\/yoast.com\/wordpress\/plugins\/seo\/ -->\n<title>BOLSONARO DIZ QUE DECIDIR\u00c1 SOBRE INDICA\u00c7\u00c3O AO TSE ASSIM QUE LISTA CHEGAR AT\u00c9 ELE - Bahia Economica<\/title>\n<meta name=\"description\" content=\"O maior portal de Economia da Bahia ECONOMIA \/ POL\u00cdTICA Bahia Economica\" \/>\n<meta name=\"robots\" content=\"index, follow, max-snippet:-1, max-image-preview:large, max-video-preview:-1\" \/>\n<link rel=\"canonical\" href=\"https:\/\/bahiaeconomica.com.br\/wp\/2019\/04\/25\/bolsonaro-diz-que-decidira-sobre-indicacao-ao-tse-assim-que-lista-chegar-ate-ele\/\" \/>\n<meta property=\"og:locale\" content=\"pt_BR\" \/>\n<meta property=\"og:type\" content=\"article\" \/>\n<meta property=\"og:title\" content=\"BOLSONARO DIZ QUE DECIDIR\u00c1 SOBRE INDICA\u00c7\u00c3O AO TSE ASSIM QUE LISTA CHEGAR AT\u00c9 ELE - Bahia Economica\" \/>\n<meta property=\"og:description\" content=\"O maior portal de Economia da Bahia ECONOMIA \/ POL\u00cdTICA Bahia Economica\" \/>\n<meta property=\"og:url\" content=\"https:\/\/bahiaeconomica.com.br\/wp\/2019\/04\/25\/bolsonaro-diz-que-decidira-sobre-indicacao-ao-tse-assim-que-lista-chegar-ate-ele\/\" \/>\n<meta property=\"og:site_name\" content=\"Bahia Economica\" \/>\n<meta property=\"article:publisher\" content=\"https:\/\/www.facebook.com\/bahiaeconomica\" \/>\n<meta property=\"article:published_time\" content=\"2019-04-25T21:00:54+00:00\" \/>\n<meta property=\"article:modified_time\" content=\"2019-04-25T20:49:28+00:00\" \/>\n<meta property=\"og:image\" content=\"https:\/\/bahiaeconomica.com.br\/wp\/wp-content\/uploads\/2019\/04\/b-4-e1556225348190.jpg\" \/>\n\t<meta property=\"og:image:width\" content=\"500\" \/>\n\t<meta property=\"og:image:height\" content=\"281\" \/>\n\t<meta property=\"og:image:type\" content=\"image\/jpeg\" \/>\n<meta name=\"author\" content=\"admin\" \/>\n<meta name=\"twitter:card\" content=\"summary_large_image\" \/>\n<meta name=\"twitter:label1\" content=\"Escrito por\" \/>\n\t<meta name=\"twitter:data1\" content=\"admin\" \/>\n\t<meta name=\"twitter:label2\" content=\"Est. tempo de leitura\" \/>\n\t<meta name=\"twitter:data2\" content=\"1 minuto\" \/>\n<script type=\"application\/ld+json\" class=\"yoast-schema-graph\">{\"@context\":\"https:\/\/schema.org\",\"@graph\":[{\"@type\":\"Article\",\"@id\":\"https:\/\/bahiaeconomica.com.br\/wp\/2019\/04\/25\/bolsonaro-diz-que-decidira-sobre-indicacao-ao-tse-assim-que-lista-chegar-ate-ele\/#article\",\"isPartOf\":{\"@id\":\"https:\/\/bahiaeconomica.com.br\/wp\/2019\/04\/25\/bolsonaro-diz-que-decidira-sobre-indicacao-ao-tse-assim-que-lista-chegar-ate-ele\/\"},\"author\":{\"name\":\"admin\",\"@id\":\"https:\/\/bahiaeconomica.com.br\/wp\/#\/schema\/person\/cb1ab5ba96ad3d9390805381c76284ec\"},\"headline\":\"BOLSONARO DIZ QUE DECIDIR\u00c1 SOBRE INDICA\u00c7\u00c3O AO TSE ASSIM QUE LISTA CHEGAR AT\u00c9 ELE\",\"datePublished\":\"2019-04-25T21:00:54+00:00\",\"dateModified\":\"2019-04-25T20:49:28+00:00\",\"mainEntityOfPage\":{\"@id\":\"https:\/\/bahiaeconomica.com.br\/wp\/2019\/04\/25\/bolsonaro-diz-que-decidira-sobre-indicacao-ao-tse-assim-que-lista-chegar-ate-ele\/\"},\"wordCount\":198,\"publisher\":{\"@id\":\"https:\/\/bahiaeconomica.com.br\/wp\/#organization\"},\"articleSection\":[\"ECONOMIA \/ POL\u00cdTICA\"],\"inLanguage\":\"pt-BR\"},{\"@type\":\"WebPage\",\"@id\":\"https:\/\/bahiaeconomica.com.br\/wp\/2019\/04\/25\/bolsonaro-diz-que-decidira-sobre-indicacao-ao-tse-assim-que-lista-chegar-ate-ele\/\",\"url\":\"https:\/\/bahiaeconomica.com.br\/wp\/2019\/04\/25\/bolsonaro-diz-que-decidira-sobre-indicacao-ao-tse-assim-que-lista-chegar-ate-ele\/\",\"name\":\"BOLSONARO DIZ QUE DECIDIR\u00c1 SOBRE INDICA\u00c7\u00c3O AO TSE ASSIM QUE LISTA CHEGAR AT\u00c9 ELE - Bahia Economica\",\"isPartOf\":{\"@id\":\"https:\/\/bahiaeconomica.com.br\/wp\/#website\"},\"datePublished\":\"2019-04-25T21:00:54+00:00\",\"dateModified\":\"2019-04-25T20:49:28+00:00\",\"description\":\"O maior portal de Economia da Bahia ECONOMIA \/ POL\u00cdTICA Bahia Economica\",\"breadcrumb\":{\"@id\":\"https:\/\/bahiaeconomica.com.br\/wp\/2019\/04\/25\/bolsonaro-diz-que-decidira-sobre-indicacao-ao-tse-assim-que-lista-chegar-ate-ele\/#breadcrumb\"},\"inLanguage\":\"pt-BR\",\"potentialAction\":[{\"@type\":\"ReadAction\",\"target\":[\"https:\/\/bahiaeconomica.com.br\/wp\/2019\/04\/25\/bolsonaro-diz-que-decidira-sobre-indicacao-ao-tse-assim-que-lista-chegar-ate-ele\/\"]}]},{\"@type\":\"BreadcrumbList\",\"@id\":\"https:\/\/bahiaeconomica.com.br\/wp\/2019\/04\/25\/bolsonaro-diz-que-decidira-sobre-indicacao-ao-tse-assim-que-lista-chegar-ate-ele\/#breadcrumb\",\"itemListElement\":[{\"@type\":\"ListItem\",\"position\":1,\"name\":\"In\u00edcio\",\"item\":\"https:\/\/bahiaeconomica.com.br\/wp\/\"},{\"@type\":\"ListItem\",\"position\":2,\"name\":\"BOLSONARO DIZ QUE DECIDIR\u00c1 SOBRE INDICA\u00c7\u00c3O AO TSE ASSIM QUE LISTA CHEGAR AT\u00c9 ELE\"}]},{\"@type\":\"WebSite\",\"@id\":\"https:\/\/bahiaeconomica.com.br\/wp\/#website\",\"url\":\"https:\/\/bahiaeconomica.com.br\/wp\/\",\"name\":\"Bahia Economica\",\"description\":\"O maior portal de Economia da Bahia\",\"publisher\":{\"@id\":\"https:\/\/bahiaeconomica.com.br\/wp\/#organization\"},\"potentialAction\":[{\"@type\":\"SearchAction\",\"target\":{\"@type\":\"EntryPoint\",\"urlTemplate\":\"https:\/\/bahiaeconomica.com.br\/wp\/?s={search_term_string}\"},\"query-input\":\"required name=search_term_string\"}],\"inLanguage\":\"pt-BR\"},{\"@type\":\"Organization\",\"@id\":\"https:\/\/bahiaeconomica.com.br\/wp\/#organization\",\"name\":\"Bahia Econ\u00f4mica\",\"url\":\"https:\/\/bahiaeconomica.com.br\/wp\/\",\"logo\":{\"@type\":\"ImageObject\",\"inLanguage\":\"pt-BR\",\"@id\":\"https:\/\/bahiaeconomica.com.br\/wp\/#\/schema\/logo\/image\/\",\"url\":\"https:\/\/bahiaeconomica.com.br\/wp\/wp-content\/uploads\/2020\/12\/cropped-BE.png\",\"contentUrl\":\"https:\/\/bahiaeconomica.com.br\/wp\/wp-content\/uploads\/2020\/12\/cropped-BE.png\",\"width\":512,\"height\":512,\"caption\":\"Bahia Econ\u00f4mica\"},\"image\":{\"@id\":\"https:\/\/bahiaeconomica.com.br\/wp\/#\/schema\/logo\/image\/\"},\"sameAs\":[\"https:\/\/www.facebook.com\/bahiaeconomica\"]},{\"@type\":\"Person\",\"@id\":\"https:\/\/bahiaeconomica.com.br\/wp\/#\/schema\/person\/cb1ab5ba96ad3d9390805381c76284ec\",\"name\":\"admin\",\"url\":\"https:\/\/bahiaeconomica.com.br\/wp\/author\/admin\/\"}]}<\/script>\n<!-- \/ Yoast SEO plugin. -->","yoast_head_json":{"title":"BOLSONARO DIZ QUE DECIDIR\u00c1 SOBRE INDICA\u00c7\u00c3O AO TSE ASSIM QUE LISTA CHEGAR AT\u00c9 ELE - Bahia Economica","description":"O maior portal de Economia da Bahia ECONOMIA \/ POL\u00cdTICA Bahia Economica","robots":{"index":"index","follow":"follow","max-snippet":"max-snippet:-1","max-image-preview":"max-image-preview:large","max-video-preview":"max-video-preview:-1"},"canonical":"https:\/\/bahiaeconomica.com.br\/wp\/2019\/04\/25\/bolsonaro-diz-que-decidira-sobre-indicacao-ao-tse-assim-que-lista-chegar-ate-ele\/","og_locale":"pt_BR","og_type":"article","og_title":"BOLSONARO DIZ QUE DECIDIR\u00c1 SOBRE INDICA\u00c7\u00c3O AO TSE ASSIM QUE LISTA CHEGAR AT\u00c9 ELE - Bahia Economica","og_description":"O maior portal de Economia da Bahia ECONOMIA \/ POL\u00cdTICA Bahia Economica","og_url":"https:\/\/bahiaeconomica.com.br\/wp\/2019\/04\/25\/bolsonaro-diz-que-decidira-sobre-indicacao-ao-tse-assim-que-lista-chegar-ate-ele\/","og_site_name":"Bahia Economica","article_publisher":"https:\/\/www.facebook.com\/bahiaeconomica","article_published_time":"2019-04-25T21:00:54+00:00","article_modified_time":"2019-04-25T20:49:28+00:00","og_image":[{"width":500,"height":281,"url":"https:\/\/bahiaeconomica.com.br\/wp\/wp-content\/uploads\/2019\/04\/b-4-e1556225348190.jpg","type":"image\/jpeg"}],"author":"admin","twitter_card":"summary_large_image","twitter_misc":{"Escrito por":"admin","Est. tempo de leitura":"1 minuto"},"schema":{"@context":"https:\/\/schema.org","@graph":[{"@type":"Article","@id":"https:\/\/bahiaeconomica.com.br\/wp\/2019\/04\/25\/bolsonaro-diz-que-decidira-sobre-indicacao-ao-tse-assim-que-lista-chegar-ate-ele\/#article","isPartOf":{"@id":"https:\/\/bahiaeconomica.com.br\/wp\/2019\/04\/25\/bolsonaro-diz-que-decidira-sobre-indicacao-ao-tse-assim-que-lista-chegar-ate-ele\/"},"author":{"name":"admin","@id":"https:\/\/bahiaeconomica.com.br\/wp\/#\/schema\/person\/cb1ab5ba96ad3d9390805381c76284ec"},"headline":"BOLSONARO DIZ QUE DECIDIR\u00c1 SOBRE INDICA\u00c7\u00c3O AO TSE ASSIM QUE LISTA CHEGAR AT\u00c9 ELE","datePublished":"2019-04-25T21:00:54+00:00","dateModified":"2019-04-25T20:49:28+00:00","mainEntityOfPage":{"@id":"https:\/\/bahiaeconomica.com.br\/wp\/2019\/04\/25\/bolsonaro-diz-que-decidira-sobre-indicacao-ao-tse-assim-que-lista-chegar-ate-ele\/"},"wordCount":198,"publisher":{"@id":"https:\/\/bahiaeconomica.com.br\/wp\/#organization"},"articleSection":["ECONOMIA \/ POL\u00cdTICA"],"inLanguage":"pt-BR"},{"@type":"WebPage","@id":"https:\/\/bahiaeconomica.com.br\/wp\/2019\/04\/25\/bolsonaro-diz-que-decidira-sobre-indicacao-ao-tse-assim-que-lista-chegar-ate-ele\/","url":"https:\/\/bahiaeconomica.com.br\/wp\/2019\/04\/25\/bolsonaro-diz-que-decidira-sobre-indicacao-ao-tse-assim-que-lista-chegar-ate-ele\/","name":"BOLSONARO DIZ QUE DECIDIR\u00c1 SOBRE INDICA\u00c7\u00c3O AO TSE ASSIM QUE LISTA CHEGAR AT\u00c9 ELE - Bahia Economica","isPartOf":{"@id":"https:\/\/bahiaeconomica.com.br\/wp\/#website"},"datePublished":"2019-04-25T21:00:54+00:00","dateModified":"2019-04-25T20:49:28+00:00","description":"O maior portal de Economia da Bahia ECONOMIA \/ POL\u00cdTICA Bahia Economica","breadcrumb":{"@id":"https:\/\/bahiaeconomica.com.br\/wp\/2019\/04\/25\/bolsonaro-diz-que-decidira-sobre-indicacao-ao-tse-assim-que-lista-chegar-ate-ele\/#breadcrumb"},"inLanguage":"pt-BR","potentialAction":[{"@type":"ReadAction","target":["https:\/\/bahiaeconomica.com.br\/wp\/2019\/04\/25\/bolsonaro-diz-que-decidira-sobre-indicacao-ao-tse-assim-que-lista-chegar-ate-ele\/"]}]},{"@type":"BreadcrumbList","@id":"https:\/\/bahiaeconomica.com.br\/wp\/2019\/04\/25\/bolsonaro-diz-que-decidira-sobre-indicacao-ao-tse-assim-que-lista-chegar-ate-ele\/#breadcrumb","itemListElement":[{"@type":"ListItem","position":1,"name":"In\u00edcio","item":"https:\/\/bahiaeconomica.com.br\/wp\/"},{"@type":"ListItem","position":2,"name":"BOLSONARO DIZ QUE DECIDIR\u00c1 SOBRE INDICA\u00c7\u00c3O AO TSE ASSIM QUE LISTA CHEGAR AT\u00c9 ELE"}]},{"@type":"WebSite","@id":"https:\/\/bahiaeconomica.com.br\/wp\/#website","url":"https:\/\/bahiaeconomica.com.br\/wp\/","name":"Bahia Economica","description":"O maior portal de Economia da Bahia","publisher":{"@id":"https:\/\/bahiaeconomica.com.br\/wp\/#organization"},"potentialAction":[{"@type":"SearchAction","target":{"@type":"EntryPoint","urlTemplate":"https:\/\/bahiaeconomica.com.br\/wp\/?s={search_term_string}"},"query-input":"required name=search_term_string"}],"inLanguage":"pt-BR"},{"@type":"Organization","@id":"https:\/\/bahiaeconomica.com.br\/wp\/#organization","name":"Bahia Econ\u00f4mica","url":"https:\/\/bahiaeconomica.com.br\/wp\/","logo":{"@type":"ImageObject","inLanguage":"pt-BR","@id":"https:\/\/bahiaeconomica.com.br\/wp\/#\/schema\/logo\/image\/","url":"https:\/\/bahiaeconomica.com.br\/wp\/wp-content\/uploads\/2020\/12\/cropped-BE.png","contentUrl":"https:\/\/bahiaeconomica.com.br\/wp\/wp-content\/uploads\/2020\/12\/cropped-BE.png","width":512,"height":512,"caption":"Bahia Econ\u00f4mica"},"image":{"@id":"https:\/\/bahiaeconomica.com.br\/wp\/#\/schema\/logo\/image\/"},"sameAs":["https:\/\/www.facebook.com\/bahiaeconomica"]},{"@type":"Person","@id":"https:\/\/bahiaeconomica.com.br\/wp\/#\/schema\/person\/cb1ab5ba96ad3d9390805381c76284ec","name":"admin","url":"https:\/\/bahiaeconomica.com.br\/wp\/author\/admin\/"}]}},"views":0,"_links":{"self":[{"href":"https:\/\/bahiaeconomica.com.br\/wp\/wp-json\/wp\/v2\/posts\/316805"}],"collection":[{"href":"https:\/\/bahiaeconomica.com.br\/wp\/wp-json\/wp\/v2\/posts"}],"about":[{"href":"https:\/\/bahiaeconomica.com.br\/wp\/wp-json\/wp\/v2\/types\/post"}],"author":[{"embeddable":true,"href":"https:\/\/bahiaeconomica.com.br\/wp\/wp-json\/wp\/v2\/users\/1"}],"replies":[{"embeddable":true,"href":"https:\/\/bahiaeconomica.com.br\/wp\/wp-json\/wp\/v2\/comments?post=316805"}],"version-history":[{"count":1,"href":"https:\/\/bahiaeconomica.com.br\/wp\/wp-json\/wp\/v2\/posts\/316805\/revisions"}],"predecessor-version":[{"id":316807,"href":"https:\/\/bahiaeconomica.com.br\/wp\/wp-json\/wp\/v2\/posts\/316805\/revisions\/316807"}],"wp:featuredmedia":[{"embeddable":true,"href":"https:\/\/bahiaeconomica.com.br\/wp\/wp-json\/wp\/v2\/media\/316806"}],"wp:attachment":[{"href":"https:\/\/bahiaeconomica.com.br\/wp\/wp-json\/wp\/v2\/media?parent=316805"}],"wp:term":[{"taxonomy":"category","embeddable":true,"href":"https:\/\/bahiaeconomica.com.br\/wp\/wp-json\/wp\/v2\/categories?post=316805"},{"taxonomy":"post_tag","embeddable":true,"href":"https:\/\/bahiaeconomica.com.br\/wp\/wp-json\/wp\/v2\/tags?post=316805"}],"curies":[{"name":"wp","href":"https:\/\/api.w.org\/{rel}","templated":true}]}}