{"id":303520,"date":"2019-04-03T14:15:04","date_gmt":"2019-04-03T17:15:04","guid":{"rendered":"https:\/\/bahiaeconomica.com.br\/wp\/beta\/?p=303520"},"modified":"2019-04-03T14:50:14","modified_gmt":"2019-04-03T17:50:14","slug":"oposicao-formam-fila-para-audiencia-com-guedes-na-ccj","status":"publish","type":"post","link":"https:\/\/bahiaeconomica.com.br\/wp\/2019\/04\/03\/oposicao-formam-fila-para-audiencia-com-guedes-na-ccj\/","title":{"rendered":"OPOSI\u00c7\u00c3O FORMAM FILA PARA AUDI\u00caNCIA COM GUEDES NA CCJ"},"content":{"rendered":"<p style=\"text-align: justify;\">Mais de uma horas antes do in\u00edcio da audi\u00eancia com o ministro da Economia, Paulo Guedes, parlamentares da oposi\u00e7\u00e3o fazem fila em frente ao plen\u00e1rio da Comiss\u00e3o de Constitui\u00e7\u00e3o e Justi\u00e7a (CCJ) da C\u00e2mara para garantir prioridade no acesso ao local e nas inscri\u00e7\u00f5es para falar durante o debate. Deputados come\u00e7aram a chegar por volta das 12h50 e a audi\u00eancia est\u00e1 marcada para as 14 horas. Neste momento, mais de dez parlamentares j\u00e1 garantem posi\u00e7\u00e3o na fila para a CCJ. Na semana passada, a oposi\u00e7\u00e3o adotou a mesma estrat\u00e9gia mesmo com o adiamento da vinda de Guedes \u00e0 comiss\u00e3o, primeira parada da reforma da Previd\u00eancia na C\u00e2mara. Parlamentares avaliam que a audi\u00eancia desta quarta-feira ser\u00e1 &#8220;um momento decisivo para medir o pulso das chances de aprova\u00e7\u00e3o da reforma&#8221;.<\/p>\n","protected":false},"excerpt":{"rendered":"<p>Mais de uma horas antes do in\u00edcio da audi\u00eancia com o ministro da Economia, Paulo Guedes, parlamentares da oposi\u00e7\u00e3o fazem fila em frente ao plen\u00e1rio da Comiss\u00e3o de Constitui\u00e7\u00e3o e Justi\u00e7a (CCJ) da C\u00e2mara para garantir prioridade no acesso ao local e nas inscri\u00e7\u00f5es para falar durante o debate. Deputados come\u00e7aram a chegar por volta [&hellip;]<\/p>\n","protected":false},"author":1,"featured_media":261804,"comment_status":"closed","ping_status":"closed","sticky":false,"template":"","format":"standard","meta":[],"categories":[14,3],"tags":[],"acf":[],"yoast_head":"<!-- This site is optimized with the Yoast SEO plugin v20.8 - https:\/\/yoast.com\/wordpress\/plugins\/seo\/ -->\n<title>OPOSI\u00c7\u00c3O FORMAM FILA PARA AUDI\u00caNCIA COM GUEDES NA CCJ - Bahia Economica<\/title>\n<meta name=\"description\" content=\"O maior portal de Economia da Bahia DESTAQUE DO DIA, ECONOMIA \/ POL\u00cdTICA Bahia Economica\" \/>\n<meta name=\"robots\" content=\"index, follow, max-snippet:-1, max-image-preview:large, max-video-preview:-1\" \/>\n<link rel=\"canonical\" href=\"https:\/\/bahiaeconomica.com.br\/wp\/2019\/04\/03\/oposicao-formam-fila-para-audiencia-com-guedes-na-ccj\/\" \/>\n<meta property=\"og:locale\" content=\"pt_BR\" \/>\n<meta property=\"og:type\" content=\"article\" \/>\n<meta property=\"og:title\" content=\"OPOSI\u00c7\u00c3O FORMAM FILA PARA AUDI\u00caNCIA COM GUEDES NA CCJ - Bahia Economica\" \/>\n<meta property=\"og:description\" content=\"O maior portal de Economia da Bahia DESTAQUE DO DIA, ECONOMIA \/ POL\u00cdTICA Bahia Economica\" \/>\n<meta property=\"og:url\" content=\"https:\/\/bahiaeconomica.com.br\/wp\/2019\/04\/03\/oposicao-formam-fila-para-audiencia-com-guedes-na-ccj\/\" \/>\n<meta property=\"og:site_name\" content=\"Bahia Economica\" \/>\n<meta property=\"article:publisher\" content=\"https:\/\/www.facebook.com\/bahiaeconomica\" \/>\n<meta property=\"article:published_time\" content=\"2019-04-03T17:15:04+00:00\" \/>\n<meta property=\"article:modified_time\" content=\"2019-04-03T17:50:14+00:00\" \/>\n<meta property=\"og:image\" content=\"https:\/\/bahiaeconomica.com.br\/wp\/wp-content\/uploads\/2019\/02\/guedes-e1549399710750.jpg\" \/>\n\t<meta property=\"og:image:width\" content=\"500\" \/>\n\t<meta property=\"og:image:height\" content=\"333\" \/>\n\t<meta property=\"og:image:type\" content=\"image\/jpeg\" \/>\n<meta name=\"author\" content=\"admin\" \/>\n<meta name=\"twitter:card\" content=\"summary_large_image\" \/>\n<meta name=\"twitter:label1\" content=\"Escrito por\" \/>\n\t<meta name=\"twitter:data1\" content=\"admin\" \/>\n\t<meta name=\"twitter:label2\" content=\"Est. tempo de leitura\" \/>\n\t<meta name=\"twitter:data2\" content=\"1 minuto\" \/>\n<script type=\"application\/ld+json\" class=\"yoast-schema-graph\">{\"@context\":\"https:\/\/schema.org\",\"@graph\":[{\"@type\":\"Article\",\"@id\":\"https:\/\/bahiaeconomica.com.br\/wp\/2019\/04\/03\/oposicao-formam-fila-para-audiencia-com-guedes-na-ccj\/#article\",\"isPartOf\":{\"@id\":\"https:\/\/bahiaeconomica.com.br\/wp\/2019\/04\/03\/oposicao-formam-fila-para-audiencia-com-guedes-na-ccj\/\"},\"author\":{\"name\":\"admin\",\"@id\":\"https:\/\/bahiaeconomica.com.br\/wp\/#\/schema\/person\/cb1ab5ba96ad3d9390805381c76284ec\"},\"headline\":\"OPOSI\u00c7\u00c3O FORMAM FILA PARA AUDI\u00caNCIA COM GUEDES NA CCJ\",\"datePublished\":\"2019-04-03T17:15:04+00:00\",\"dateModified\":\"2019-04-03T17:50:14+00:00\",\"mainEntityOfPage\":{\"@id\":\"https:\/\/bahiaeconomica.com.br\/wp\/2019\/04\/03\/oposicao-formam-fila-para-audiencia-com-guedes-na-ccj\/\"},\"wordCount\":156,\"publisher\":{\"@id\":\"https:\/\/bahiaeconomica.com.br\/wp\/#organization\"},\"articleSection\":[\"DESTAQUE DO DIA\",\"ECONOMIA \/ POL\u00cdTICA\"],\"inLanguage\":\"pt-BR\"},{\"@type\":\"WebPage\",\"@id\":\"https:\/\/bahiaeconomica.com.br\/wp\/2019\/04\/03\/oposicao-formam-fila-para-audiencia-com-guedes-na-ccj\/\",\"url\":\"https:\/\/bahiaeconomica.com.br\/wp\/2019\/04\/03\/oposicao-formam-fila-para-audiencia-com-guedes-na-ccj\/\",\"name\":\"OPOSI\u00c7\u00c3O FORMAM FILA PARA AUDI\u00caNCIA COM GUEDES NA CCJ - Bahia Economica\",\"isPartOf\":{\"@id\":\"https:\/\/bahiaeconomica.com.br\/wp\/#website\"},\"datePublished\":\"2019-04-03T17:15:04+00:00\",\"dateModified\":\"2019-04-03T17:50:14+00:00\",\"description\":\"O maior portal de Economia da Bahia DESTAQUE DO DIA, ECONOMIA \/ POL\u00cdTICA Bahia Economica\",\"breadcrumb\":{\"@id\":\"https:\/\/bahiaeconomica.com.br\/wp\/2019\/04\/03\/oposicao-formam-fila-para-audiencia-com-guedes-na-ccj\/#breadcrumb\"},\"inLanguage\":\"pt-BR\",\"potentialAction\":[{\"@type\":\"ReadAction\",\"target\":[\"https:\/\/bahiaeconomica.com.br\/wp\/2019\/04\/03\/oposicao-formam-fila-para-audiencia-com-guedes-na-ccj\/\"]}]},{\"@type\":\"BreadcrumbList\",\"@id\":\"https:\/\/bahiaeconomica.com.br\/wp\/2019\/04\/03\/oposicao-formam-fila-para-audiencia-com-guedes-na-ccj\/#breadcrumb\",\"itemListElement\":[{\"@type\":\"ListItem\",\"position\":1,\"name\":\"In\u00edcio\",\"item\":\"https:\/\/bahiaeconomica.com.br\/wp\/\"},{\"@type\":\"ListItem\",\"position\":2,\"name\":\"OPOSI\u00c7\u00c3O FORMAM FILA PARA AUDI\u00caNCIA COM GUEDES NA CCJ\"}]},{\"@type\":\"WebSite\",\"@id\":\"https:\/\/bahiaeconomica.com.br\/wp\/#website\",\"url\":\"https:\/\/bahiaeconomica.com.br\/wp\/\",\"name\":\"Bahia Economica\",\"description\":\"O maior portal de Economia da Bahia\",\"publisher\":{\"@id\":\"https:\/\/bahiaeconomica.com.br\/wp\/#organization\"},\"potentialAction\":[{\"@type\":\"SearchAction\",\"target\":{\"@type\":\"EntryPoint\",\"urlTemplate\":\"https:\/\/bahiaeconomica.com.br\/wp\/?s={search_term_string}\"},\"query-input\":\"required name=search_term_string\"}],\"inLanguage\":\"pt-BR\"},{\"@type\":\"Organization\",\"@id\":\"https:\/\/bahiaeconomica.com.br\/wp\/#organization\",\"name\":\"Bahia Econ\u00f4mica\",\"url\":\"https:\/\/bahiaeconomica.com.br\/wp\/\",\"logo\":{\"@type\":\"ImageObject\",\"inLanguage\":\"pt-BR\",\"@id\":\"https:\/\/bahiaeconomica.com.br\/wp\/#\/schema\/logo\/image\/\",\"url\":\"https:\/\/bahiaeconomica.com.br\/wp\/wp-content\/uploads\/2020\/12\/cropped-BE.png\",\"contentUrl\":\"https:\/\/bahiaeconomica.com.br\/wp\/wp-content\/uploads\/2020\/12\/cropped-BE.png\",\"width\":512,\"height\":512,\"caption\":\"Bahia Econ\u00f4mica\"},\"image\":{\"@id\":\"https:\/\/bahiaeconomica.com.br\/wp\/#\/schema\/logo\/image\/\"},\"sameAs\":[\"https:\/\/www.facebook.com\/bahiaeconomica\"]},{\"@type\":\"Person\",\"@id\":\"https:\/\/bahiaeconomica.com.br\/wp\/#\/schema\/person\/cb1ab5ba96ad3d9390805381c76284ec\",\"name\":\"admin\",\"url\":\"https:\/\/bahiaeconomica.com.br\/wp\/author\/admin\/\"}]}<\/script>\n<!-- \/ Yoast SEO plugin. -->","yoast_head_json":{"title":"OPOSI\u00c7\u00c3O FORMAM FILA PARA AUDI\u00caNCIA COM GUEDES NA CCJ - Bahia Economica","description":"O maior portal de Economia da Bahia DESTAQUE DO DIA, ECONOMIA \/ POL\u00cdTICA Bahia Economica","robots":{"index":"index","follow":"follow","max-snippet":"max-snippet:-1","max-image-preview":"max-image-preview:large","max-video-preview":"max-video-preview:-1"},"canonical":"https:\/\/bahiaeconomica.com.br\/wp\/2019\/04\/03\/oposicao-formam-fila-para-audiencia-com-guedes-na-ccj\/","og_locale":"pt_BR","og_type":"article","og_title":"OPOSI\u00c7\u00c3O FORMAM FILA PARA AUDI\u00caNCIA COM GUEDES NA CCJ - Bahia Economica","og_description":"O maior portal de Economia da Bahia DESTAQUE DO DIA, ECONOMIA \/ POL\u00cdTICA Bahia Economica","og_url":"https:\/\/bahiaeconomica.com.br\/wp\/2019\/04\/03\/oposicao-formam-fila-para-audiencia-com-guedes-na-ccj\/","og_site_name":"Bahia Economica","article_publisher":"https:\/\/www.facebook.com\/bahiaeconomica","article_published_time":"2019-04-03T17:15:04+00:00","article_modified_time":"2019-04-03T17:50:14+00:00","og_image":[{"width":500,"height":333,"url":"https:\/\/bahiaeconomica.com.br\/wp\/wp-content\/uploads\/2019\/02\/guedes-e1549399710750.jpg","type":"image\/jpeg"}],"author":"admin","twitter_card":"summary_large_image","twitter_misc":{"Escrito por":"admin","Est. tempo de leitura":"1 minuto"},"schema":{"@context":"https:\/\/schema.org","@graph":[{"@type":"Article","@id":"https:\/\/bahiaeconomica.com.br\/wp\/2019\/04\/03\/oposicao-formam-fila-para-audiencia-com-guedes-na-ccj\/#article","isPartOf":{"@id":"https:\/\/bahiaeconomica.com.br\/wp\/2019\/04\/03\/oposicao-formam-fila-para-audiencia-com-guedes-na-ccj\/"},"author":{"name":"admin","@id":"https:\/\/bahiaeconomica.com.br\/wp\/#\/schema\/person\/cb1ab5ba96ad3d9390805381c76284ec"},"headline":"OPOSI\u00c7\u00c3O FORMAM FILA PARA AUDI\u00caNCIA COM GUEDES NA CCJ","datePublished":"2019-04-03T17:15:04+00:00","dateModified":"2019-04-03T17:50:14+00:00","mainEntityOfPage":{"@id":"https:\/\/bahiaeconomica.com.br\/wp\/2019\/04\/03\/oposicao-formam-fila-para-audiencia-com-guedes-na-ccj\/"},"wordCount":156,"publisher":{"@id":"https:\/\/bahiaeconomica.com.br\/wp\/#organization"},"articleSection":["DESTAQUE DO DIA","ECONOMIA \/ POL\u00cdTICA"],"inLanguage":"pt-BR"},{"@type":"WebPage","@id":"https:\/\/bahiaeconomica.com.br\/wp\/2019\/04\/03\/oposicao-formam-fila-para-audiencia-com-guedes-na-ccj\/","url":"https:\/\/bahiaeconomica.com.br\/wp\/2019\/04\/03\/oposicao-formam-fila-para-audiencia-com-guedes-na-ccj\/","name":"OPOSI\u00c7\u00c3O FORMAM FILA PARA AUDI\u00caNCIA COM GUEDES NA CCJ - Bahia Economica","isPartOf":{"@id":"https:\/\/bahiaeconomica.com.br\/wp\/#website"},"datePublished":"2019-04-03T17:15:04+00:00","dateModified":"2019-04-03T17:50:14+00:00","description":"O maior portal de Economia da Bahia DESTAQUE DO DIA, ECONOMIA \/ POL\u00cdTICA Bahia Economica","breadcrumb":{"@id":"https:\/\/bahiaeconomica.com.br\/wp\/2019\/04\/03\/oposicao-formam-fila-para-audiencia-com-guedes-na-ccj\/#breadcrumb"},"inLanguage":"pt-BR","potentialAction":[{"@type":"ReadAction","target":["https:\/\/bahiaeconomica.com.br\/wp\/2019\/04\/03\/oposicao-formam-fila-para-audiencia-com-guedes-na-ccj\/"]}]},{"@type":"BreadcrumbList","@id":"https:\/\/bahiaeconomica.com.br\/wp\/2019\/04\/03\/oposicao-formam-fila-para-audiencia-com-guedes-na-ccj\/#breadcrumb","itemListElement":[{"@type":"ListItem","position":1,"name":"In\u00edcio","item":"https:\/\/bahiaeconomica.com.br\/wp\/"},{"@type":"ListItem","position":2,"name":"OPOSI\u00c7\u00c3O FORMAM FILA PARA AUDI\u00caNCIA COM GUEDES NA CCJ"}]},{"@type":"WebSite","@id":"https:\/\/bahiaeconomica.com.br\/wp\/#website","url":"https:\/\/bahiaeconomica.com.br\/wp\/","name":"Bahia Economica","description":"O maior portal de Economia da Bahia","publisher":{"@id":"https:\/\/bahiaeconomica.com.br\/wp\/#organization"},"potentialAction":[{"@type":"SearchAction","target":{"@type":"EntryPoint","urlTemplate":"https:\/\/bahiaeconomica.com.br\/wp\/?s={search_term_string}"},"query-input":"required name=search_term_string"}],"inLanguage":"pt-BR"},{"@type":"Organization","@id":"https:\/\/bahiaeconomica.com.br\/wp\/#organization","name":"Bahia Econ\u00f4mica","url":"https:\/\/bahiaeconomica.com.br\/wp\/","logo":{"@type":"ImageObject","inLanguage":"pt-BR","@id":"https:\/\/bahiaeconomica.com.br\/wp\/#\/schema\/logo\/image\/","url":"https:\/\/bahiaeconomica.com.br\/wp\/wp-content\/uploads\/2020\/12\/cropped-BE.png","contentUrl":"https:\/\/bahiaeconomica.com.br\/wp\/wp-content\/uploads\/2020\/12\/cropped-BE.png","width":512,"height":512,"caption":"Bahia Econ\u00f4mica"},"image":{"@id":"https:\/\/bahiaeconomica.com.br\/wp\/#\/schema\/logo\/image\/"},"sameAs":["https:\/\/www.facebook.com\/bahiaeconomica"]},{"@type":"Person","@id":"https:\/\/bahiaeconomica.com.br\/wp\/#\/schema\/person\/cb1ab5ba96ad3d9390805381c76284ec","name":"admin","url":"https:\/\/bahiaeconomica.com.br\/wp\/author\/admin\/"}]}},"views":3,"_links":{"self":[{"href":"https:\/\/bahiaeconomica.com.br\/wp\/wp-json\/wp\/v2\/posts\/303520"}],"collection":[{"href":"https:\/\/bahiaeconomica.com.br\/wp\/wp-json\/wp\/v2\/posts"}],"about":[{"href":"https:\/\/bahiaeconomica.com.br\/wp\/wp-json\/wp\/v2\/types\/post"}],"author":[{"embeddable":true,"href":"https:\/\/bahiaeconomica.com.br\/wp\/wp-json\/wp\/v2\/users\/1"}],"replies":[{"embeddable":true,"href":"https:\/\/bahiaeconomica.com.br\/wp\/wp-json\/wp\/v2\/comments?post=303520"}],"version-history":[{"count":1,"href":"https:\/\/bahiaeconomica.com.br\/wp\/wp-json\/wp\/v2\/posts\/303520\/revisions"}],"predecessor-version":[{"id":303527,"href":"https:\/\/bahiaeconomica.com.br\/wp\/wp-json\/wp\/v2\/posts\/303520\/revisions\/303527"}],"wp:featuredmedia":[{"embeddable":true,"href":"https:\/\/bahiaeconomica.com.br\/wp\/wp-json\/wp\/v2\/media\/261804"}],"wp:attachment":[{"href":"https:\/\/bahiaeconomica.com.br\/wp\/wp-json\/wp\/v2\/media?parent=303520"}],"wp:term":[{"taxonomy":"category","embeddable":true,"href":"https:\/\/bahiaeconomica.com.br\/wp\/wp-json\/wp\/v2\/categories?post=303520"},{"taxonomy":"post_tag","embeddable":true,"href":"https:\/\/bahiaeconomica.com.br\/wp\/wp-json\/wp\/v2\/tags?post=303520"}],"curies":[{"name":"wp","href":"https:\/\/api.w.org\/{rel}","templated":true}]}}