{"id":303125,"date":"2019-04-03T13:00:52","date_gmt":"2019-04-03T16:00:52","guid":{"rendered":"https:\/\/bahiaeconomica.com.br\/wp\/beta\/?p=303125"},"modified":"2019-04-03T13:04:55","modified_gmt":"2019-04-03T16:04:55","slug":"valinhos-lanca-edital-para-concurso-com-149-vagas-de-emprego","status":"publish","type":"post","link":"https:\/\/bahiaeconomica.com.br\/wp\/2019\/04\/03\/valinhos-lanca-edital-para-concurso-com-149-vagas-de-emprego\/","title":{"rendered":"VALINHOS LAN\u00c7A EDITAL PARA CONCURSO COM 149 VAGAS DE EMPREGO"},"content":{"rendered":"<p style=\"text-align: justify;\">Valinhos (SP) lan\u00e7ou nesta semana o edital para concurso p\u00fablico com 149 vagas de emprego e 17 oportunidades para pessoas com defici\u00eancia (PCD), em 57 cargos e diversas \u00e1reas de atua\u00e7\u00e3o. Os sal\u00e1rios variam entre R$ 1,4 mil e R$ 8,4 mil, de acordo com a vaga escolhida. As inscri\u00e7\u00f5es podem ser realizadas atrav\u00e9s do site da Vunesp a partir das 10h da pr\u00f3xima ter\u00e7a-feira (9), e seguem at\u00e9 16 de maio, com taxa de R$ 44,50 para vagas com exig\u00eancia de ensino fundamental; R$ 56,50 para cargos de escolaridade correspondente ao ensino m\u00e9dio e t\u00e9cnico; e R$ 82,90 para cargos que exigem o ensino superior. Os interessados em solicitar a isen\u00e7\u00e3o do pagamento da taxa devem preencher o requerimento no mesmo site das 10h de 09 de abril at\u00e9 \u00e0s 23h59 de 10 de abril. Outras informa\u00e7\u00f5es podem ser conferidas no edital. O concurso p\u00fablico faz parte da segunda etapa de um processo seletivo com oportunidades nas \u00e1reas de educa\u00e7\u00e3o e medicina, realizado durante o m\u00eas de mar\u00e7o.<\/p>\n","protected":false},"excerpt":{"rendered":"<p>Valinhos (SP) lan\u00e7ou nesta semana o edital para concurso p\u00fablico com 149 vagas de emprego e 17 oportunidades para pessoas com defici\u00eancia (PCD), em 57 cargos e diversas \u00e1reas de atua\u00e7\u00e3o. Os sal\u00e1rios variam entre R$ 1,4 mil e R$ 8,4 mil, de acordo com a vaga escolhida. As inscri\u00e7\u00f5es podem ser realizadas atrav\u00e9s do [&hellip;]<\/p>\n","protected":false},"author":1,"featured_media":114132,"comment_status":"closed","ping_status":"closed","sticky":false,"template":"","format":"standard","meta":[],"categories":[8],"tags":[],"acf":[],"yoast_head":"<!-- This site is optimized with the Yoast SEO plugin v20.8 - https:\/\/yoast.com\/wordpress\/plugins\/seo\/ -->\n<title>VALINHOS LAN\u00c7A EDITAL PARA CONCURSO COM 149 VAGAS DE EMPREGO - Bahia Economica<\/title>\n<meta name=\"description\" content=\"O maior portal de Economia da Bahia EMPREGOS \/ CONCURSOS Bahia Economica\" \/>\n<meta name=\"robots\" content=\"index, follow, max-snippet:-1, max-image-preview:large, max-video-preview:-1\" \/>\n<link rel=\"canonical\" href=\"https:\/\/bahiaeconomica.com.br\/wp\/2019\/04\/03\/valinhos-lanca-edital-para-concurso-com-149-vagas-de-emprego\/\" \/>\n<meta property=\"og:locale\" content=\"pt_BR\" \/>\n<meta property=\"og:type\" content=\"article\" \/>\n<meta property=\"og:title\" content=\"VALINHOS LAN\u00c7A EDITAL PARA CONCURSO COM 149 VAGAS DE EMPREGO - Bahia Economica\" \/>\n<meta property=\"og:description\" content=\"O maior portal de Economia da Bahia EMPREGOS \/ CONCURSOS Bahia Economica\" \/>\n<meta property=\"og:url\" content=\"https:\/\/bahiaeconomica.com.br\/wp\/2019\/04\/03\/valinhos-lanca-edital-para-concurso-com-149-vagas-de-emprego\/\" \/>\n<meta property=\"og:site_name\" content=\"Bahia Economica\" \/>\n<meta property=\"article:publisher\" content=\"https:\/\/www.facebook.com\/bahiaeconomica\" \/>\n<meta property=\"article:published_time\" content=\"2019-04-03T16:00:52+00:00\" \/>\n<meta property=\"article:modified_time\" content=\"2019-04-03T16:04:55+00:00\" \/>\n<meta property=\"og:image\" content=\"https:\/\/bahiaeconomica.com.br\/wp\/wp-content\/uploads\/2018\/07\/empregos-3-e1532954096517.jpg\" \/>\n\t<meta property=\"og:image:width\" content=\"500\" \/>\n\t<meta property=\"og:image:height\" content=\"281\" \/>\n\t<meta property=\"og:image:type\" content=\"image\/jpeg\" \/>\n<meta name=\"author\" content=\"admin\" \/>\n<meta name=\"twitter:card\" content=\"summary_large_image\" \/>\n<meta name=\"twitter:label1\" content=\"Escrito por\" \/>\n\t<meta name=\"twitter:data1\" content=\"admin\" \/>\n\t<meta name=\"twitter:label2\" content=\"Est. tempo de leitura\" \/>\n\t<meta name=\"twitter:data2\" content=\"1 minuto\" \/>\n<script type=\"application\/ld+json\" class=\"yoast-schema-graph\">{\"@context\":\"https:\/\/schema.org\",\"@graph\":[{\"@type\":\"Article\",\"@id\":\"https:\/\/bahiaeconomica.com.br\/wp\/2019\/04\/03\/valinhos-lanca-edital-para-concurso-com-149-vagas-de-emprego\/#article\",\"isPartOf\":{\"@id\":\"https:\/\/bahiaeconomica.com.br\/wp\/2019\/04\/03\/valinhos-lanca-edital-para-concurso-com-149-vagas-de-emprego\/\"},\"author\":{\"name\":\"admin\",\"@id\":\"https:\/\/bahiaeconomica.com.br\/wp\/#\/schema\/person\/cb1ab5ba96ad3d9390805381c76284ec\"},\"headline\":\"VALINHOS LAN\u00c7A EDITAL PARA CONCURSO COM 149 VAGAS DE EMPREGO\",\"datePublished\":\"2019-04-03T16:00:52+00:00\",\"dateModified\":\"2019-04-03T16:04:55+00:00\",\"mainEntityOfPage\":{\"@id\":\"https:\/\/bahiaeconomica.com.br\/wp\/2019\/04\/03\/valinhos-lanca-edital-para-concurso-com-149-vagas-de-emprego\/\"},\"wordCount\":185,\"publisher\":{\"@id\":\"https:\/\/bahiaeconomica.com.br\/wp\/#organization\"},\"articleSection\":[\"EMPREGOS \/ CONCURSOS\"],\"inLanguage\":\"pt-BR\"},{\"@type\":\"WebPage\",\"@id\":\"https:\/\/bahiaeconomica.com.br\/wp\/2019\/04\/03\/valinhos-lanca-edital-para-concurso-com-149-vagas-de-emprego\/\",\"url\":\"https:\/\/bahiaeconomica.com.br\/wp\/2019\/04\/03\/valinhos-lanca-edital-para-concurso-com-149-vagas-de-emprego\/\",\"name\":\"VALINHOS LAN\u00c7A EDITAL PARA CONCURSO COM 149 VAGAS DE EMPREGO - Bahia Economica\",\"isPartOf\":{\"@id\":\"https:\/\/bahiaeconomica.com.br\/wp\/#website\"},\"datePublished\":\"2019-04-03T16:00:52+00:00\",\"dateModified\":\"2019-04-03T16:04:55+00:00\",\"description\":\"O maior portal de Economia da Bahia EMPREGOS \/ CONCURSOS Bahia Economica\",\"breadcrumb\":{\"@id\":\"https:\/\/bahiaeconomica.com.br\/wp\/2019\/04\/03\/valinhos-lanca-edital-para-concurso-com-149-vagas-de-emprego\/#breadcrumb\"},\"inLanguage\":\"pt-BR\",\"potentialAction\":[{\"@type\":\"ReadAction\",\"target\":[\"https:\/\/bahiaeconomica.com.br\/wp\/2019\/04\/03\/valinhos-lanca-edital-para-concurso-com-149-vagas-de-emprego\/\"]}]},{\"@type\":\"BreadcrumbList\",\"@id\":\"https:\/\/bahiaeconomica.com.br\/wp\/2019\/04\/03\/valinhos-lanca-edital-para-concurso-com-149-vagas-de-emprego\/#breadcrumb\",\"itemListElement\":[{\"@type\":\"ListItem\",\"position\":1,\"name\":\"In\u00edcio\",\"item\":\"https:\/\/bahiaeconomica.com.br\/wp\/\"},{\"@type\":\"ListItem\",\"position\":2,\"name\":\"VALINHOS LAN\u00c7A EDITAL PARA CONCURSO COM 149 VAGAS DE EMPREGO\"}]},{\"@type\":\"WebSite\",\"@id\":\"https:\/\/bahiaeconomica.com.br\/wp\/#website\",\"url\":\"https:\/\/bahiaeconomica.com.br\/wp\/\",\"name\":\"Bahia Economica\",\"description\":\"O maior portal de Economia da Bahia\",\"publisher\":{\"@id\":\"https:\/\/bahiaeconomica.com.br\/wp\/#organization\"},\"potentialAction\":[{\"@type\":\"SearchAction\",\"target\":{\"@type\":\"EntryPoint\",\"urlTemplate\":\"https:\/\/bahiaeconomica.com.br\/wp\/?s={search_term_string}\"},\"query-input\":\"required name=search_term_string\"}],\"inLanguage\":\"pt-BR\"},{\"@type\":\"Organization\",\"@id\":\"https:\/\/bahiaeconomica.com.br\/wp\/#organization\",\"name\":\"Bahia Econ\u00f4mica\",\"url\":\"https:\/\/bahiaeconomica.com.br\/wp\/\",\"logo\":{\"@type\":\"ImageObject\",\"inLanguage\":\"pt-BR\",\"@id\":\"https:\/\/bahiaeconomica.com.br\/wp\/#\/schema\/logo\/image\/\",\"url\":\"https:\/\/bahiaeconomica.com.br\/wp\/wp-content\/uploads\/2020\/12\/cropped-BE.png\",\"contentUrl\":\"https:\/\/bahiaeconomica.com.br\/wp\/wp-content\/uploads\/2020\/12\/cropped-BE.png\",\"width\":512,\"height\":512,\"caption\":\"Bahia Econ\u00f4mica\"},\"image\":{\"@id\":\"https:\/\/bahiaeconomica.com.br\/wp\/#\/schema\/logo\/image\/\"},\"sameAs\":[\"https:\/\/www.facebook.com\/bahiaeconomica\"]},{\"@type\":\"Person\",\"@id\":\"https:\/\/bahiaeconomica.com.br\/wp\/#\/schema\/person\/cb1ab5ba96ad3d9390805381c76284ec\",\"name\":\"admin\",\"url\":\"https:\/\/bahiaeconomica.com.br\/wp\/author\/admin\/\"}]}<\/script>\n<!-- \/ Yoast SEO plugin. -->","yoast_head_json":{"title":"VALINHOS LAN\u00c7A EDITAL PARA CONCURSO COM 149 VAGAS DE EMPREGO - Bahia Economica","description":"O maior portal de Economia da Bahia EMPREGOS \/ CONCURSOS Bahia Economica","robots":{"index":"index","follow":"follow","max-snippet":"max-snippet:-1","max-image-preview":"max-image-preview:large","max-video-preview":"max-video-preview:-1"},"canonical":"https:\/\/bahiaeconomica.com.br\/wp\/2019\/04\/03\/valinhos-lanca-edital-para-concurso-com-149-vagas-de-emprego\/","og_locale":"pt_BR","og_type":"article","og_title":"VALINHOS LAN\u00c7A EDITAL PARA CONCURSO COM 149 VAGAS DE EMPREGO - Bahia Economica","og_description":"O maior portal de Economia da Bahia EMPREGOS \/ CONCURSOS Bahia Economica","og_url":"https:\/\/bahiaeconomica.com.br\/wp\/2019\/04\/03\/valinhos-lanca-edital-para-concurso-com-149-vagas-de-emprego\/","og_site_name":"Bahia Economica","article_publisher":"https:\/\/www.facebook.com\/bahiaeconomica","article_published_time":"2019-04-03T16:00:52+00:00","article_modified_time":"2019-04-03T16:04:55+00:00","og_image":[{"width":500,"height":281,"url":"https:\/\/bahiaeconomica.com.br\/wp\/wp-content\/uploads\/2018\/07\/empregos-3-e1532954096517.jpg","type":"image\/jpeg"}],"author":"admin","twitter_card":"summary_large_image","twitter_misc":{"Escrito por":"admin","Est. tempo de leitura":"1 minuto"},"schema":{"@context":"https:\/\/schema.org","@graph":[{"@type":"Article","@id":"https:\/\/bahiaeconomica.com.br\/wp\/2019\/04\/03\/valinhos-lanca-edital-para-concurso-com-149-vagas-de-emprego\/#article","isPartOf":{"@id":"https:\/\/bahiaeconomica.com.br\/wp\/2019\/04\/03\/valinhos-lanca-edital-para-concurso-com-149-vagas-de-emprego\/"},"author":{"name":"admin","@id":"https:\/\/bahiaeconomica.com.br\/wp\/#\/schema\/person\/cb1ab5ba96ad3d9390805381c76284ec"},"headline":"VALINHOS LAN\u00c7A EDITAL PARA CONCURSO COM 149 VAGAS DE EMPREGO","datePublished":"2019-04-03T16:00:52+00:00","dateModified":"2019-04-03T16:04:55+00:00","mainEntityOfPage":{"@id":"https:\/\/bahiaeconomica.com.br\/wp\/2019\/04\/03\/valinhos-lanca-edital-para-concurso-com-149-vagas-de-emprego\/"},"wordCount":185,"publisher":{"@id":"https:\/\/bahiaeconomica.com.br\/wp\/#organization"},"articleSection":["EMPREGOS \/ CONCURSOS"],"inLanguage":"pt-BR"},{"@type":"WebPage","@id":"https:\/\/bahiaeconomica.com.br\/wp\/2019\/04\/03\/valinhos-lanca-edital-para-concurso-com-149-vagas-de-emprego\/","url":"https:\/\/bahiaeconomica.com.br\/wp\/2019\/04\/03\/valinhos-lanca-edital-para-concurso-com-149-vagas-de-emprego\/","name":"VALINHOS LAN\u00c7A EDITAL PARA CONCURSO COM 149 VAGAS DE EMPREGO - Bahia Economica","isPartOf":{"@id":"https:\/\/bahiaeconomica.com.br\/wp\/#website"},"datePublished":"2019-04-03T16:00:52+00:00","dateModified":"2019-04-03T16:04:55+00:00","description":"O maior portal de Economia da Bahia EMPREGOS \/ CONCURSOS Bahia Economica","breadcrumb":{"@id":"https:\/\/bahiaeconomica.com.br\/wp\/2019\/04\/03\/valinhos-lanca-edital-para-concurso-com-149-vagas-de-emprego\/#breadcrumb"},"inLanguage":"pt-BR","potentialAction":[{"@type":"ReadAction","target":["https:\/\/bahiaeconomica.com.br\/wp\/2019\/04\/03\/valinhos-lanca-edital-para-concurso-com-149-vagas-de-emprego\/"]}]},{"@type":"BreadcrumbList","@id":"https:\/\/bahiaeconomica.com.br\/wp\/2019\/04\/03\/valinhos-lanca-edital-para-concurso-com-149-vagas-de-emprego\/#breadcrumb","itemListElement":[{"@type":"ListItem","position":1,"name":"In\u00edcio","item":"https:\/\/bahiaeconomica.com.br\/wp\/"},{"@type":"ListItem","position":2,"name":"VALINHOS LAN\u00c7A EDITAL PARA CONCURSO COM 149 VAGAS DE EMPREGO"}]},{"@type":"WebSite","@id":"https:\/\/bahiaeconomica.com.br\/wp\/#website","url":"https:\/\/bahiaeconomica.com.br\/wp\/","name":"Bahia Economica","description":"O maior portal de Economia da Bahia","publisher":{"@id":"https:\/\/bahiaeconomica.com.br\/wp\/#organization"},"potentialAction":[{"@type":"SearchAction","target":{"@type":"EntryPoint","urlTemplate":"https:\/\/bahiaeconomica.com.br\/wp\/?s={search_term_string}"},"query-input":"required name=search_term_string"}],"inLanguage":"pt-BR"},{"@type":"Organization","@id":"https:\/\/bahiaeconomica.com.br\/wp\/#organization","name":"Bahia Econ\u00f4mica","url":"https:\/\/bahiaeconomica.com.br\/wp\/","logo":{"@type":"ImageObject","inLanguage":"pt-BR","@id":"https:\/\/bahiaeconomica.com.br\/wp\/#\/schema\/logo\/image\/","url":"https:\/\/bahiaeconomica.com.br\/wp\/wp-content\/uploads\/2020\/12\/cropped-BE.png","contentUrl":"https:\/\/bahiaeconomica.com.br\/wp\/wp-content\/uploads\/2020\/12\/cropped-BE.png","width":512,"height":512,"caption":"Bahia Econ\u00f4mica"},"image":{"@id":"https:\/\/bahiaeconomica.com.br\/wp\/#\/schema\/logo\/image\/"},"sameAs":["https:\/\/www.facebook.com\/bahiaeconomica"]},{"@type":"Person","@id":"https:\/\/bahiaeconomica.com.br\/wp\/#\/schema\/person\/cb1ab5ba96ad3d9390805381c76284ec","name":"admin","url":"https:\/\/bahiaeconomica.com.br\/wp\/author\/admin\/"}]}},"views":2,"_links":{"self":[{"href":"https:\/\/bahiaeconomica.com.br\/wp\/wp-json\/wp\/v2\/posts\/303125"}],"collection":[{"href":"https:\/\/bahiaeconomica.com.br\/wp\/wp-json\/wp\/v2\/posts"}],"about":[{"href":"https:\/\/bahiaeconomica.com.br\/wp\/wp-json\/wp\/v2\/types\/post"}],"author":[{"embeddable":true,"href":"https:\/\/bahiaeconomica.com.br\/wp\/wp-json\/wp\/v2\/users\/1"}],"replies":[{"embeddable":true,"href":"https:\/\/bahiaeconomica.com.br\/wp\/wp-json\/wp\/v2\/comments?post=303125"}],"version-history":[{"count":1,"href":"https:\/\/bahiaeconomica.com.br\/wp\/wp-json\/wp\/v2\/posts\/303125\/revisions"}],"predecessor-version":[{"id":303126,"href":"https:\/\/bahiaeconomica.com.br\/wp\/wp-json\/wp\/v2\/posts\/303125\/revisions\/303126"}],"wp:featuredmedia":[{"embeddable":true,"href":"https:\/\/bahiaeconomica.com.br\/wp\/wp-json\/wp\/v2\/media\/114132"}],"wp:attachment":[{"href":"https:\/\/bahiaeconomica.com.br\/wp\/wp-json\/wp\/v2\/media?parent=303125"}],"wp:term":[{"taxonomy":"category","embeddable":true,"href":"https:\/\/bahiaeconomica.com.br\/wp\/wp-json\/wp\/v2\/categories?post=303125"},{"taxonomy":"post_tag","embeddable":true,"href":"https:\/\/bahiaeconomica.com.br\/wp\/wp-json\/wp\/v2\/tags?post=303125"}],"curies":[{"name":"wp","href":"https:\/\/api.w.org\/{rel}","templated":true}]}}