{"id":301503,"date":"2019-04-01T07:38:47","date_gmt":"2019-04-01T10:38:47","guid":{"rendered":"https:\/\/bahiaeconomica.com.br\/wp\/beta\/?p=301503"},"modified":"2019-04-01T17:32:30","modified_gmt":"2019-04-01T20:32:30","slug":"rui-costa-governador-da-bahia-3","status":"publish","type":"post","link":"https:\/\/bahiaeconomica.com.br\/wp\/2019\/04\/01\/rui-costa-governador-da-bahia-3\/","title":{"rendered":"RUI COSTA &#8211; GOVERNADOR DA BAHIA"},"content":{"rendered":"<p style=\"text-align: justify;\">Entrevista do governador Rui Costa ao Jornal Estado de S\u00e3o Paulo. Edi\u00e7\u00e3o de 01\/04\/2019<\/p>\n<p style=\"text-align: justify;\"><strong>EST :Como o sr. v\u00ea este in\u00edcio de governo Bolsonaro?<\/strong><\/p>\n<p style=\"text-align: justify;\"><strong>RUI:<\/strong> Com certa perplexidade. Quando algu\u00e9m assume um governo e passa a ser respons\u00e1vel por um pa\u00eds, sua fun\u00e7\u00e3o \u00e9 produzir s\u00edntese, construir consenso e aglutinar for\u00e7as. A declara\u00e7\u00e3o universal da boa pol\u00edtica, e n\u00e3o da nova ou da velha pol\u00edtica, \u00e9 que, quem ganha, declara que vai governar para todos. E n\u00e3o s\u00f3 declara, passa a tomar decis\u00f5es como um governante de todos, e n\u00e3o de uma parte. Mas o governo trouxe a beliger\u00e2ncia da campanha para o ato de governar.<\/p>\n<p style=\"text-align: justify;\"><strong>EST: Falta articula\u00e7\u00e3o?<\/strong><\/p>\n<p style=\"text-align: justify;\"><strong>RUI:<\/strong> Acho que o mais grave, e o Congresso est\u00e1 se ressentindo n\u00e3o s\u00f3 da aus\u00eancia de articula\u00e7\u00e3o, \u00e9 a beliger\u00e2ncia no relacionamento. Todo mundo fica perplexo, e a rea\u00e7\u00e3o \u00e9 evidente. Quem presenciou no Brasil, nos \u00faltimos 50 anos, um governo rec\u00e9m-eleito no terceiro m\u00eas estar t\u00e3o fragilizado desse jeito, quase beirando a unanimidade contra no Congresso?<\/p>\n<p style=\"text-align: justify;\"><strong>EST: Este desgaste precoce interessa \u00e0 oposi\u00e7\u00e3o?<\/strong><\/p>\n<p style=\"text-align: justify;\"><strong>RUI:<\/strong> N\u00e3o interessa a ningu\u00e9m. N\u00e3o \u00e9 \u00e0 toa que os nove governadores do Nordeste pediram uma audi\u00eancia com o presidente e se colocaram \u00e0 disposi\u00e7\u00e3o para que f\u00f4ssemos facilitadores de reformas e medidas que o Brasil precisa. Afundar o Pa\u00eds, aprofundar a perda de credibilidade n\u00e3o ajuda a ningu\u00e9m.<\/p>\n<p style=\"text-align: justify;\"><strong>EST: O sr. \u00e9 a favor da reforma da Previd\u00eancia?<\/strong><\/p>\n<p style=\"text-align: justify;\"><strong>RUI:<\/strong> Os nove governadores do Nordeste tiraram um documento no qual falam que \u00e9 necess\u00e1ria uma reforma que n\u00e3o penalize os pobres, e aponta alguns pontos. Quando se fala de Previd\u00eancia, \u00e9 preciso ter uma regra perene. Segundo, a capitaliza\u00e7\u00e3o vai arrebentar tanto a Previd\u00eancia p\u00fablica quanto a privada, e s\u00f3 beneficia os bancos. Os outros pontos s\u00e3o a quest\u00e3o rural e a presta\u00e7\u00e3o continuada. No documento, nos comprometemos que, se esses quatro pontos fossem retirados, n\u00f3s aprovar\u00edamos a reforma.<\/p>\n<p style=\"text-align: justify;\"><strong>EST: A oposi\u00e7\u00e3o est\u00e1 conseguindo explorar, no bom sentido, essa desarticula\u00e7\u00e3o do governo?<\/strong><\/p>\n<p style=\"text-align: justify;\"><strong>RUI:<\/strong> A oposi\u00e7\u00e3o, assim como os brasileiros em geral, est\u00e1 mais perplexa do que qualquer outra coisa. Ningu\u00e9m esperava um desastre t\u00e3o grande nos tr\u00eas primeiros meses como este. O que se espera de um governo novo \u00e9 uma agenda. Agora, ao fim do terceiro m\u00eas, qual \u00e9 a agenda do governo na sa\u00fade, educa\u00e7\u00e3o, infraestrutura, ou para reformas estruturantes?<\/p>\n<p style=\"text-align: justify;\"><strong>EST: Mas a oposi\u00e7\u00e3o tamb\u00e9m n\u00e3o est\u00e1 desarticulada?<\/strong><\/p>\n<p style=\"text-align: justify;\"><strong>RUI:<\/strong> Qualquer governo vem legitimado pelas urnas e, nos primeiros meses, manda a boa pol\u00edtica que, quem perdeu a elei\u00e7\u00e3o, deixe quem ganhou governar. Mas ele n\u00e3o disse nada. Como posso dizer se sou contra a pol\u00edtica de sa\u00fade se o governo n\u00e3o apresentou nada? O m\u00e1ximo que se pode dizer \u00e9 que h\u00e1 um vazio de ideias, como diz o editorial do Estad\u00e3o.<\/p>\n<p style=\"text-align: justify;\"><strong>EST: O que achou da declara\u00e7\u00e3o do presidente de que n\u00e3o cabe a ele fazer a articula\u00e7\u00e3o para a aprova\u00e7\u00e3o da reforma da Previd\u00eancia?<\/strong><\/p>\n<p style=\"text-align: justify;\"><strong>RUI:<\/strong> N\u00e3o tem como terceirizar a responsabilidade. Ao se abdicar dessa lideran\u00e7a, voc\u00ea est\u00e1 abdicando do ato de governar.<\/p>\n<p style=\"text-align: justify;\"><strong>EST: Ele est\u00e1 fazendo isso?<\/strong><\/p>\n<p style=\"text-align: justify;\"><strong>RUI:<\/strong> Se mantiver essa posi\u00e7\u00e3o, sim.<\/p>\n<p style=\"text-align: justify;\"><strong>EST: O sr. v\u00ea um m\u00e9todo nas a\u00e7\u00f5es do governo?<\/strong><\/p>\n<p style=\"text-align: justify;\"><strong>RUI:<\/strong> Parece mais uma inaptid\u00e3o do que fazer. Ele se elegeu dizendo que havia uma prega\u00e7\u00e3o ideol\u00f3gica no Brasil, e at\u00e9 agora o que fez foi prega\u00e7\u00e3o ideol\u00f3gica. Est\u00e1 ocorrendo uma satura\u00e7\u00e3o r\u00e1pida dessa agenda e, se ele insistir, eventualmente chegar\u00e1 ao limite do desgaste e da ingovernabilidade.<\/p>\n<p style=\"text-align: justify;\"><strong>EST: O que pode acontecer?<\/strong><\/p>\n<p style=\"text-align: justify;\"><strong>RUI:<\/strong> Fico sempre triste de acontecer aquilo que \u00e9 contra o ambiente democr\u00e1tico, que \u00e9 voc\u00ea tirar qualquer possibilidade de governar, sendo que ele foi eleito para isso. Mas em um dado momento as coisas podem se agravar muito e, institucionalmente de novo, chegar-se \u00e0 conclus\u00e3o de que o Pa\u00eds n\u00e3o consegue ser governado. Estamos caminhando rapidamente para isso. N\u00e3o estamos num debate de ideias. Estamos debatendo um vazio e um aprofundamento de um desgaste do Brasil no exterior.<\/p>\n<p style=\"text-align: justify;\"><strong>EST: O que a oposi\u00e7\u00e3o tem a fazer?<\/strong><\/p>\n<p style=\"text-align: justify;\"><strong>RUI:<\/strong> Primeiro, exercitar o di\u00e1logo entre os partidos. Acho que os partidos, inclusive o meu, precisam voltar a ter capilaridade social. Um dos erros que meu partido cometeu foi deixar haver um afastamento em rela\u00e7\u00e3o ao povo, apesar de manter nas bandeiras e realiza\u00e7\u00f5es a representa\u00e7\u00e3o do povo mais pobre. Os dirigentes passaram a ser assalariados bem remunerados, muito mais do que a m\u00e9dia do povo. Se afastaram. A rede de capilaridade deixou de existir e o partido ficou menos perme\u00e1vel a cr\u00edticas e press\u00f5es. Isso contribuiu para o processo de desgaste.<\/p>\n","protected":false},"excerpt":{"rendered":"<p>Entrevista do governador Rui Costa ao Jornal Estado de S\u00e3o Paulo. Edi\u00e7\u00e3o de 01\/04\/2019 EST :Como o sr. v\u00ea este in\u00edcio de governo Bolsonaro? RUI: Com certa perplexidade. Quando algu\u00e9m assume um governo e passa a ser respons\u00e1vel por um pa\u00eds, sua fun\u00e7\u00e3o \u00e9 produzir s\u00edntese, construir consenso e aglutinar for\u00e7as. A declara\u00e7\u00e3o universal da [&hellip;]<\/p>\n","protected":false},"author":1,"featured_media":299157,"comment_status":"closed","ping_status":"closed","sticky":false,"template":"","format":"standard","meta":[],"categories":[9],"tags":[],"acf":[],"yoast_head":"<!-- This site is optimized with the Yoast SEO plugin v20.8 - https:\/\/yoast.com\/wordpress\/plugins\/seo\/ -->\n<title>RUI COSTA - GOVERNADOR DA BAHIA - Bahia Economica<\/title>\n<meta name=\"description\" content=\"O maior portal de Economia da Bahia ENTREVISTAS Bahia Economica\" \/>\n<meta name=\"robots\" content=\"index, follow, max-snippet:-1, max-image-preview:large, max-video-preview:-1\" \/>\n<link rel=\"canonical\" href=\"https:\/\/bahiaeconomica.com.br\/wp\/2019\/04\/01\/rui-costa-governador-da-bahia-3\/\" \/>\n<meta property=\"og:locale\" content=\"pt_BR\" \/>\n<meta property=\"og:type\" content=\"article\" \/>\n<meta property=\"og:title\" content=\"RUI COSTA - GOVERNADOR DA BAHIA - Bahia Economica\" \/>\n<meta property=\"og:description\" content=\"O maior portal de Economia da Bahia ENTREVISTAS Bahia Economica\" \/>\n<meta property=\"og:url\" content=\"https:\/\/bahiaeconomica.com.br\/wp\/2019\/04\/01\/rui-costa-governador-da-bahia-3\/\" \/>\n<meta property=\"og:site_name\" content=\"Bahia Economica\" \/>\n<meta property=\"article:publisher\" content=\"https:\/\/www.facebook.com\/bahiaeconomica\" \/>\n<meta property=\"article:published_time\" content=\"2019-04-01T10:38:47+00:00\" \/>\n<meta property=\"article:modified_time\" content=\"2019-04-01T20:32:30+00:00\" \/>\n<meta property=\"og:image\" content=\"https:\/\/bahiaeconomica.com.br\/wp\/wp-content\/uploads\/2019\/03\/rui-costa-2-e1553715771178.jpg\" \/>\n\t<meta property=\"og:image:width\" content=\"500\" \/>\n\t<meta property=\"og:image:height\" content=\"333\" \/>\n\t<meta property=\"og:image:type\" content=\"image\/jpeg\" \/>\n<meta name=\"author\" content=\"admin\" \/>\n<meta name=\"twitter:card\" content=\"summary_large_image\" \/>\n<meta name=\"twitter:label1\" content=\"Escrito por\" \/>\n\t<meta name=\"twitter:data1\" content=\"admin\" \/>\n\t<meta name=\"twitter:label2\" content=\"Est. tempo de leitura\" \/>\n\t<meta name=\"twitter:data2\" content=\"4 minutos\" \/>\n<script type=\"application\/ld+json\" class=\"yoast-schema-graph\">{\"@context\":\"https:\/\/schema.org\",\"@graph\":[{\"@type\":\"Article\",\"@id\":\"https:\/\/bahiaeconomica.com.br\/wp\/2019\/04\/01\/rui-costa-governador-da-bahia-3\/#article\",\"isPartOf\":{\"@id\":\"https:\/\/bahiaeconomica.com.br\/wp\/2019\/04\/01\/rui-costa-governador-da-bahia-3\/\"},\"author\":{\"name\":\"admin\",\"@id\":\"https:\/\/bahiaeconomica.com.br\/wp\/#\/schema\/person\/cb1ab5ba96ad3d9390805381c76284ec\"},\"headline\":\"RUI COSTA &#8211; GOVERNADOR DA BAHIA\",\"datePublished\":\"2019-04-01T10:38:47+00:00\",\"dateModified\":\"2019-04-01T20:32:30+00:00\",\"mainEntityOfPage\":{\"@id\":\"https:\/\/bahiaeconomica.com.br\/wp\/2019\/04\/01\/rui-costa-governador-da-bahia-3\/\"},\"wordCount\":841,\"publisher\":{\"@id\":\"https:\/\/bahiaeconomica.com.br\/wp\/#organization\"},\"articleSection\":[\"ENTREVISTAS\"],\"inLanguage\":\"pt-BR\"},{\"@type\":\"WebPage\",\"@id\":\"https:\/\/bahiaeconomica.com.br\/wp\/2019\/04\/01\/rui-costa-governador-da-bahia-3\/\",\"url\":\"https:\/\/bahiaeconomica.com.br\/wp\/2019\/04\/01\/rui-costa-governador-da-bahia-3\/\",\"name\":\"RUI COSTA - GOVERNADOR DA BAHIA - Bahia Economica\",\"isPartOf\":{\"@id\":\"https:\/\/bahiaeconomica.com.br\/wp\/#website\"},\"datePublished\":\"2019-04-01T10:38:47+00:00\",\"dateModified\":\"2019-04-01T20:32:30+00:00\",\"description\":\"O maior portal de Economia da Bahia ENTREVISTAS Bahia Economica\",\"breadcrumb\":{\"@id\":\"https:\/\/bahiaeconomica.com.br\/wp\/2019\/04\/01\/rui-costa-governador-da-bahia-3\/#breadcrumb\"},\"inLanguage\":\"pt-BR\",\"potentialAction\":[{\"@type\":\"ReadAction\",\"target\":[\"https:\/\/bahiaeconomica.com.br\/wp\/2019\/04\/01\/rui-costa-governador-da-bahia-3\/\"]}]},{\"@type\":\"BreadcrumbList\",\"@id\":\"https:\/\/bahiaeconomica.com.br\/wp\/2019\/04\/01\/rui-costa-governador-da-bahia-3\/#breadcrumb\",\"itemListElement\":[{\"@type\":\"ListItem\",\"position\":1,\"name\":\"In\u00edcio\",\"item\":\"https:\/\/bahiaeconomica.com.br\/wp\/\"},{\"@type\":\"ListItem\",\"position\":2,\"name\":\"RUI COSTA &#8211; GOVERNADOR DA BAHIA\"}]},{\"@type\":\"WebSite\",\"@id\":\"https:\/\/bahiaeconomica.com.br\/wp\/#website\",\"url\":\"https:\/\/bahiaeconomica.com.br\/wp\/\",\"name\":\"Bahia Economica\",\"description\":\"O maior portal de Economia da Bahia\",\"publisher\":{\"@id\":\"https:\/\/bahiaeconomica.com.br\/wp\/#organization\"},\"potentialAction\":[{\"@type\":\"SearchAction\",\"target\":{\"@type\":\"EntryPoint\",\"urlTemplate\":\"https:\/\/bahiaeconomica.com.br\/wp\/?s={search_term_string}\"},\"query-input\":\"required name=search_term_string\"}],\"inLanguage\":\"pt-BR\"},{\"@type\":\"Organization\",\"@id\":\"https:\/\/bahiaeconomica.com.br\/wp\/#organization\",\"name\":\"Bahia Econ\u00f4mica\",\"url\":\"https:\/\/bahiaeconomica.com.br\/wp\/\",\"logo\":{\"@type\":\"ImageObject\",\"inLanguage\":\"pt-BR\",\"@id\":\"https:\/\/bahiaeconomica.com.br\/wp\/#\/schema\/logo\/image\/\",\"url\":\"https:\/\/bahiaeconomica.com.br\/wp\/wp-content\/uploads\/2020\/12\/cropped-BE.png\",\"contentUrl\":\"https:\/\/bahiaeconomica.com.br\/wp\/wp-content\/uploads\/2020\/12\/cropped-BE.png\",\"width\":512,\"height\":512,\"caption\":\"Bahia Econ\u00f4mica\"},\"image\":{\"@id\":\"https:\/\/bahiaeconomica.com.br\/wp\/#\/schema\/logo\/image\/\"},\"sameAs\":[\"https:\/\/www.facebook.com\/bahiaeconomica\"]},{\"@type\":\"Person\",\"@id\":\"https:\/\/bahiaeconomica.com.br\/wp\/#\/schema\/person\/cb1ab5ba96ad3d9390805381c76284ec\",\"name\":\"admin\",\"url\":\"https:\/\/bahiaeconomica.com.br\/wp\/author\/admin\/\"}]}<\/script>\n<!-- \/ Yoast SEO plugin. -->","yoast_head_json":{"title":"RUI COSTA - GOVERNADOR DA BAHIA - Bahia Economica","description":"O maior portal de Economia da Bahia ENTREVISTAS Bahia Economica","robots":{"index":"index","follow":"follow","max-snippet":"max-snippet:-1","max-image-preview":"max-image-preview:large","max-video-preview":"max-video-preview:-1"},"canonical":"https:\/\/bahiaeconomica.com.br\/wp\/2019\/04\/01\/rui-costa-governador-da-bahia-3\/","og_locale":"pt_BR","og_type":"article","og_title":"RUI COSTA - GOVERNADOR DA BAHIA - Bahia Economica","og_description":"O maior portal de Economia da Bahia ENTREVISTAS Bahia Economica","og_url":"https:\/\/bahiaeconomica.com.br\/wp\/2019\/04\/01\/rui-costa-governador-da-bahia-3\/","og_site_name":"Bahia Economica","article_publisher":"https:\/\/www.facebook.com\/bahiaeconomica","article_published_time":"2019-04-01T10:38:47+00:00","article_modified_time":"2019-04-01T20:32:30+00:00","og_image":[{"width":500,"height":333,"url":"https:\/\/bahiaeconomica.com.br\/wp\/wp-content\/uploads\/2019\/03\/rui-costa-2-e1553715771178.jpg","type":"image\/jpeg"}],"author":"admin","twitter_card":"summary_large_image","twitter_misc":{"Escrito por":"admin","Est. tempo de leitura":"4 minutos"},"schema":{"@context":"https:\/\/schema.org","@graph":[{"@type":"Article","@id":"https:\/\/bahiaeconomica.com.br\/wp\/2019\/04\/01\/rui-costa-governador-da-bahia-3\/#article","isPartOf":{"@id":"https:\/\/bahiaeconomica.com.br\/wp\/2019\/04\/01\/rui-costa-governador-da-bahia-3\/"},"author":{"name":"admin","@id":"https:\/\/bahiaeconomica.com.br\/wp\/#\/schema\/person\/cb1ab5ba96ad3d9390805381c76284ec"},"headline":"RUI COSTA &#8211; GOVERNADOR DA BAHIA","datePublished":"2019-04-01T10:38:47+00:00","dateModified":"2019-04-01T20:32:30+00:00","mainEntityOfPage":{"@id":"https:\/\/bahiaeconomica.com.br\/wp\/2019\/04\/01\/rui-costa-governador-da-bahia-3\/"},"wordCount":841,"publisher":{"@id":"https:\/\/bahiaeconomica.com.br\/wp\/#organization"},"articleSection":["ENTREVISTAS"],"inLanguage":"pt-BR"},{"@type":"WebPage","@id":"https:\/\/bahiaeconomica.com.br\/wp\/2019\/04\/01\/rui-costa-governador-da-bahia-3\/","url":"https:\/\/bahiaeconomica.com.br\/wp\/2019\/04\/01\/rui-costa-governador-da-bahia-3\/","name":"RUI COSTA - GOVERNADOR DA BAHIA - Bahia Economica","isPartOf":{"@id":"https:\/\/bahiaeconomica.com.br\/wp\/#website"},"datePublished":"2019-04-01T10:38:47+00:00","dateModified":"2019-04-01T20:32:30+00:00","description":"O maior portal de Economia da Bahia ENTREVISTAS Bahia Economica","breadcrumb":{"@id":"https:\/\/bahiaeconomica.com.br\/wp\/2019\/04\/01\/rui-costa-governador-da-bahia-3\/#breadcrumb"},"inLanguage":"pt-BR","potentialAction":[{"@type":"ReadAction","target":["https:\/\/bahiaeconomica.com.br\/wp\/2019\/04\/01\/rui-costa-governador-da-bahia-3\/"]}]},{"@type":"BreadcrumbList","@id":"https:\/\/bahiaeconomica.com.br\/wp\/2019\/04\/01\/rui-costa-governador-da-bahia-3\/#breadcrumb","itemListElement":[{"@type":"ListItem","position":1,"name":"In\u00edcio","item":"https:\/\/bahiaeconomica.com.br\/wp\/"},{"@type":"ListItem","position":2,"name":"RUI COSTA &#8211; GOVERNADOR DA BAHIA"}]},{"@type":"WebSite","@id":"https:\/\/bahiaeconomica.com.br\/wp\/#website","url":"https:\/\/bahiaeconomica.com.br\/wp\/","name":"Bahia Economica","description":"O maior portal de Economia da Bahia","publisher":{"@id":"https:\/\/bahiaeconomica.com.br\/wp\/#organization"},"potentialAction":[{"@type":"SearchAction","target":{"@type":"EntryPoint","urlTemplate":"https:\/\/bahiaeconomica.com.br\/wp\/?s={search_term_string}"},"query-input":"required name=search_term_string"}],"inLanguage":"pt-BR"},{"@type":"Organization","@id":"https:\/\/bahiaeconomica.com.br\/wp\/#organization","name":"Bahia Econ\u00f4mica","url":"https:\/\/bahiaeconomica.com.br\/wp\/","logo":{"@type":"ImageObject","inLanguage":"pt-BR","@id":"https:\/\/bahiaeconomica.com.br\/wp\/#\/schema\/logo\/image\/","url":"https:\/\/bahiaeconomica.com.br\/wp\/wp-content\/uploads\/2020\/12\/cropped-BE.png","contentUrl":"https:\/\/bahiaeconomica.com.br\/wp\/wp-content\/uploads\/2020\/12\/cropped-BE.png","width":512,"height":512,"caption":"Bahia Econ\u00f4mica"},"image":{"@id":"https:\/\/bahiaeconomica.com.br\/wp\/#\/schema\/logo\/image\/"},"sameAs":["https:\/\/www.facebook.com\/bahiaeconomica"]},{"@type":"Person","@id":"https:\/\/bahiaeconomica.com.br\/wp\/#\/schema\/person\/cb1ab5ba96ad3d9390805381c76284ec","name":"admin","url":"https:\/\/bahiaeconomica.com.br\/wp\/author\/admin\/"}]}},"views":0,"_links":{"self":[{"href":"https:\/\/bahiaeconomica.com.br\/wp\/wp-json\/wp\/v2\/posts\/301503"}],"collection":[{"href":"https:\/\/bahiaeconomica.com.br\/wp\/wp-json\/wp\/v2\/posts"}],"about":[{"href":"https:\/\/bahiaeconomica.com.br\/wp\/wp-json\/wp\/v2\/types\/post"}],"author":[{"embeddable":true,"href":"https:\/\/bahiaeconomica.com.br\/wp\/wp-json\/wp\/v2\/users\/1"}],"replies":[{"embeddable":true,"href":"https:\/\/bahiaeconomica.com.br\/wp\/wp-json\/wp\/v2\/comments?post=301503"}],"version-history":[{"count":2,"href":"https:\/\/bahiaeconomica.com.br\/wp\/wp-json\/wp\/v2\/posts\/301503\/revisions"}],"predecessor-version":[{"id":302011,"href":"https:\/\/bahiaeconomica.com.br\/wp\/wp-json\/wp\/v2\/posts\/301503\/revisions\/302011"}],"wp:featuredmedia":[{"embeddable":true,"href":"https:\/\/bahiaeconomica.com.br\/wp\/wp-json\/wp\/v2\/media\/299157"}],"wp:attachment":[{"href":"https:\/\/bahiaeconomica.com.br\/wp\/wp-json\/wp\/v2\/media?parent=301503"}],"wp:term":[{"taxonomy":"category","embeddable":true,"href":"https:\/\/bahiaeconomica.com.br\/wp\/wp-json\/wp\/v2\/categories?post=301503"},{"taxonomy":"post_tag","embeddable":true,"href":"https:\/\/bahiaeconomica.com.br\/wp\/wp-json\/wp\/v2\/tags?post=301503"}],"curies":[{"name":"wp","href":"https:\/\/api.w.org\/{rel}","templated":true}]}}